{"id":88679,"date":"2024-09-02T23:53:46","date_gmt":"2024-09-03T03:53:46","guid":{"rendered":"https:\/\/lasprimeras.com.do\/?p=88679"},"modified":"2024-09-02T23:53:48","modified_gmt":"2024-09-03T03:53:48","slug":"leonel-asegura-es-necesario-que-el-congreso-apruebe-de-inmediato-la-ley-organica-de-referendo","status":"publish","type":"post","link":"https:\/\/lasprimeras.com.do\/index.php\/2024\/09\/02\/leonel-asegura-es-necesario-que-el-congreso-apruebe-de-inmediato-la-ley-organica-de-referendo\/","title":{"rendered":"Leonel asegura es necesario que el Congreso apruebe de inmediato la ley org\u00e1nica de referendo"},"content":{"rendered":"\n<p><strong>El expresidente subraya la importancia del referendo para validar reformas constitucionales que afectan derechos fundamentales<\/strong><\/p>\n\n\n\n<p>El presidente del partido Fuerza del Pueblo (FP), y l\u00edder de la oposici\u00f3n pol\u00edtica dominicana, Leonel Fern\u00e1ndez, hizo un llamado contundente al Congreso Nacional para que apruebe de inmediato la ley org\u00e1nica de referendo, como un paso crucial para asegurar la validez de cualquier reforma constitucional que toque derechos fundamentales.<\/p>\n\n\n\n<p>En su art\u00edculo de opini\u00f3n titulado &#8220;Reforma constitucional y referendo aprobatorio&#8221;, el expresidente de la Rep\u00fablica destaca que uno de los grandes logros de la Constituci\u00f3n del 2010 fue la introducci\u00f3n de mecanismos de democracia directa que complementan el sistema de democracia representativa, como el referendo.<\/p>\n\n\n\n<p>\u201cLa soberan\u00eda reside exclusivamente en el pueblo, de quien emanan todos los poderes, los cuales ejerce por medio de sus representantes o en forma directa,\u201d cita Fern\u00e1ndez, refiri\u00e9ndose al art\u00edculo 2 de la Carta Magna.<\/p>\n\n\n\n<p>El exmandatario se\u00f1ala tambi\u00e9n que, seg\u00fan el art\u00edculo 272 de la Constituci\u00f3n, cuando una reforma constitucional versa sobre derechos fundamentales, ciudadan\u00eda, nacionalidad, y otros aspectos clave, es obligatorio someterla a un referendo aprobatorio.<\/p>\n\n\n\n<p>Enfatiza que: \u201cel retraso en la aprobaci\u00f3n del proyecto de ley org\u00e1nica sobre referendo ha sido de tal magnitud, que hasta el Tribunal Constitucional ha tenido que pronunciarse, destacando la inconstitucionalidad por omisi\u00f3n.\u201d<\/p>\n\n\n\n<p>Fern\u00e1ndez tambi\u00e9n cita las sentencias 0079\/12 y 0113\/21 del Tribunal Constitucional, donde se estableci\u00f3 que la inconstitucionalidad por omisi\u00f3n ocurre cuando el \u00f3rgano legislativo no emite, durante un tiempo considerable, las normativas necesarias para desarrollar la Ley Fundamental.<\/p>\n\n\n\n<p>\u201cEl silencio del legislador puede transgredir determinadas garant\u00edas constitucionales,\u201d subraya Fern\u00e1ndez, sobre lo que alerta que la falta de acci\u00f3n podr\u00eda socavar la supremac\u00eda de la Constituci\u00f3n y dejar sin efecto los derechos fundamentales.<\/p>\n\n\n\n<p>El l\u00edder opositor recalca que la aprobaci\u00f3n de esta ley no solo es un deber constitucional, sino tambi\u00e9n un compromiso con la transparencia y la participaci\u00f3n ciudadana.<\/p>\n\n\n\n<p>\u201cMantener el silencio ahora podr\u00eda interpretarse como una omisi\u00f3n deliberada para no considerar el referendo como un factor esencial para la validaci\u00f3n de una eventual aprobaci\u00f3n de reforma constitucional por parte de la Asamblea Nacional,\u201d advierte, haciendo un llamado a la acci\u00f3n inmediata para evitar futuros conflictos legales y asegurar la estabilidad institucional.<\/p>\n\n\n\n<p>Fern\u00e1ndez advierte que sin una ley de referendo cualquier intento de reforma constitucional que afecte los derechos de ciudadan\u00eda podr\u00eda quedar en entredicho. Concluye que solo con la participaci\u00f3n directa del pueblo, a trav\u00e9s de un referendo, se puede garantizar la legitimidad de tales cambios.<\/p>\n\n\n\n<p>\u201cEs el pueblo quien debe tener la \u00faltima palabra en temas tan trascendentales para la naci\u00f3n,\u201d concluye el l\u00edder de la Fuerza del Pueblo, insistiendo en la urgencia de este asunto para preservar la democracia y el orden constitucional en la Rep\u00fablica Dominicana.<\/p>\n","protected":false},"excerpt":{"rendered":"<p>El expresidente subraya la importancia del referendo para validar reformas constitucionales que afectan derechos fundamentales El presidente del partido Fuerza del Pueblo (FP), y l\u00edder de la oposici\u00f3n pol\u00edtica dominicana,&hellip;<\/p>\n","protected":false},"author":2,"featured_media":88680,"comment_status":"open","ping_status":"open","sticky":false,"template":"","format":"standard","meta":{"content-type":"","jetpack_post_was_ever_published":false,"_jetpack_newsletter_access":"","_jetpack_dont_email_post_to_subs":false,"_jetpack_newsletter_tier_id":0,"_jetpack_memberships_contains_paywalled_content":false,"_jetpack_memberships_contains_paid_content":false,"footnotes":""},"categories":[25],"tags":[530,51,4952,15123],"class_list":["post-88679","post","type-post","status-publish","format-standard","has-post-thumbnail","hentry","category-portada","tag-congreso","tag-leonel-fernandez","tag-ley-organica","tag-referendo"],"jetpack_featured_media_url":"https:\/\/lasprimeras.com.do\/wp-content\/uploads\/2024\/09\/LEONEL.jpeg","jetpack-related-posts":[{"id":114766,"url":"https:\/\/lasprimeras.com.do\/index.php\/2025\/11\/17\/ecuador-rechaza-en-referendo-las-propuestas-de-bases-militares-extranjeras-y-una-constituyente\/","url_meta":{"origin":88679,"position":0},"title":"Ecuador rechaza en referendo las propuestas de bases militares extranjeras y una Constituyente","author":"Nelson Feliz","date":"17 de noviembre de 2025","format":false,"excerpt":"POR GONZALO SOLANOand GABRIELA MOLINA QUITO (AP) \u2014 Los ecuatorianos rechazaron el domingo en un referendo las propuestas del presidente Daniel Noboa que habr\u00edan permitido convocar a una Asamblea Constituyente que redactara una nueva carta magna y la instalaci\u00f3n de bases militares extranjeras, en el mayor traspi\u00e9 pol\u00edtico del mandatario.\u2026","rel":"","context":"En \u00abINTERNACIONALES\u00bb","block_context":{"text":"INTERNACIONALES","link":"https:\/\/lasprimeras.com.do\/index.php\/category\/sin-categoria\/internacionales\/"},"img":{"alt_text":"","src":"https:\/\/i0.wp.com\/lasprimeras.com.do\/wp-content\/uploads\/2025\/11\/Daniel-Noboa.jpg?resize=350%2C200&ssl=1","width":350,"height":200,"srcset":"https:\/\/i0.wp.com\/lasprimeras.com.do\/wp-content\/uploads\/2025\/11\/Daniel-Noboa.jpg?resize=350%2C200&ssl=1 1x, https:\/\/i0.wp.com\/lasprimeras.com.do\/wp-content\/uploads\/2025\/11\/Daniel-Noboa.jpg?resize=525%2C300&ssl=1 1.5x, https:\/\/i0.wp.com\/lasprimeras.com.do\/wp-content\/uploads\/2025\/11\/Daniel-Noboa.jpg?resize=700%2C400&ssl=1 2x"},"classes":[]},{"id":88393,"url":"https:\/\/lasprimeras.com.do\/index.php\/2024\/08\/27\/el-gobierno-de-bolivia-pide-al-constitucional-pronunciarse-pronto-para-dar-via-al-referendo\/","url_meta":{"origin":88679,"position":1},"title":"El Gobierno de Bolivia pide al Constitucional pronunciarse pronto para dar v\u00eda al referendo","author":"Nelson Feliz","date":"27 de agosto de 2024","format":false,"excerpt":"La Paz (EFE).- El Gobierno de Bolivia pidi\u00f3 este martes al Tribunal Constitucional Plurinacional (TCP) que se pronuncie antes del pr\u00f3ximo s\u00e1bado sobre la legalidad de las preguntas del referendo, a fin de que la consulta se haga el 1 de diciembre, d\u00eda en que tambi\u00e9n se realizar\u00e1n las elecciones\u2026","rel":"","context":"En \u00abSin categor\u00eda\u00bb","block_context":{"text":"Sin categor\u00eda","link":"https:\/\/lasprimeras.com.do\/index.php\/category\/sin-categoria\/"},"img":{"alt_text":"Iv\u00e1n Lima","src":"https:\/\/i0.wp.com\/lasprimeras.com.do\/wp-content\/uploads\/2024\/08\/Ivan-Lima.jpg?resize=350%2C200&ssl=1","width":350,"height":200,"srcset":"https:\/\/i0.wp.com\/lasprimeras.com.do\/wp-content\/uploads\/2024\/08\/Ivan-Lima.jpg?resize=350%2C200&ssl=1 1x, https:\/\/i0.wp.com\/lasprimeras.com.do\/wp-content\/uploads\/2024\/08\/Ivan-Lima.jpg?resize=525%2C300&ssl=1 1.5x, https:\/\/i0.wp.com\/lasprimeras.com.do\/wp-content\/uploads\/2024\/08\/Ivan-Lima.jpg?resize=700%2C400&ssl=1 2x"},"classes":[]},{"id":67091,"url":"https:\/\/lasprimeras.com.do\/index.php\/2023\/11\/13\/consultor-juridico-favorece-jueces-sin-militancia-pero-con-experiencia-politica\/","url_meta":{"origin":88679,"position":2},"title":"Consultor jur\u00eddico favorece jueces sin militancia pero con experiencia pol\u00edtica","author":"Nelson Feliz","date":"13 de noviembre de 2023","format":false,"excerpt":"El consultor jur\u00eddico del Poder Ejecutivo, Antoliano Peralta, declar\u00f3 que aunque desde el gobierno se favorece que los nuevos jueces del Tribunal Constitucional a elegirse pr\u00f3ximamente no sean militantes partidarios, consider\u00f3 que conviene que sean juristas con conocimiento de la pol\u00edtica. \u201cQue los jueces sean abogados que tengan sentido de\u2026","rel":"","context":"En \u00abNACIONALES\u00bb","block_context":{"text":"NACIONALES","link":"https:\/\/lasprimeras.com.do\/index.php\/category\/nacionales\/"},"img":{"alt_text":"Antoliano Peralta Romero","src":"https:\/\/i0.wp.com\/lasprimeras.com.do\/wp-content\/uploads\/2023\/08\/Antoliano-Peralta-Romero.jpg?resize=350%2C200&ssl=1","width":350,"height":200,"srcset":"https:\/\/i0.wp.com\/lasprimeras.com.do\/wp-content\/uploads\/2023\/08\/Antoliano-Peralta-Romero.jpg?resize=350%2C200&ssl=1 1x, https:\/\/i0.wp.com\/lasprimeras.com.do\/wp-content\/uploads\/2023\/08\/Antoliano-Peralta-Romero.jpg?resize=525%2C300&ssl=1 1.5x, https:\/\/i0.wp.com\/lasprimeras.com.do\/wp-content\/uploads\/2023\/08\/Antoliano-Peralta-Romero.jpg?resize=700%2C400&ssl=1 2x"},"classes":[]},{"id":125295,"url":"https:\/\/lasprimeras.com.do\/index.php\/2026\/03\/22\/meloni-enfrenta-una-prueba-clave-con-el-referendo-sobre-justicia-en-italia\/","url_meta":{"origin":88679,"position":3},"title":"Meloni enfrenta una prueba clave con el referendo sobre justicia en Italia","author":"Nelson Feliz","date":"22 de marzo de 2026","format":false,"excerpt":"POR GIADA ZAMPANO and PAOLO SANTALUCIA ROMA (AP) \u2014 La primera ministra conservadora de Italia, Giorgia Meloni, enfrenta una prueba pol\u00edtica crucial en un refer\u00e9ndum de dos d\u00edas sobre la reforma judicial que comienza el domingo, una votaci\u00f3n que se ha convertido en un juicio m\u00e1s amplio sobre su liderazgo\u2026","rel":"","context":"En \u00abINTERNACIONALES\u00bb","block_context":{"text":"INTERNACIONALES","link":"https:\/\/lasprimeras.com.do\/index.php\/category\/sin-categoria\/internacionales\/"},"img":{"alt_text":"Giorgia Meloni","src":"https:\/\/i0.wp.com\/lasprimeras.com.do\/wp-content\/uploads\/2026\/03\/Giorgia-Meloni.jpg?resize=350%2C200&ssl=1","width":350,"height":200,"srcset":"https:\/\/i0.wp.com\/lasprimeras.com.do\/wp-content\/uploads\/2026\/03\/Giorgia-Meloni.jpg?resize=350%2C200&ssl=1 1x, https:\/\/i0.wp.com\/lasprimeras.com.do\/wp-content\/uploads\/2026\/03\/Giorgia-Meloni.jpg?resize=525%2C300&ssl=1 1.5x, https:\/\/i0.wp.com\/lasprimeras.com.do\/wp-content\/uploads\/2026\/03\/Giorgia-Meloni.jpg?resize=700%2C400&ssl=1 2x"},"classes":[]},{"id":109655,"url":"https:\/\/lasprimeras.com.do\/index.php\/2025\/09\/21\/leonel-fernandez-recibe-en-funglode-a-faride-raful-y-a-la-comision-de-reforma-policial\/","url_meta":{"origin":88679,"position":4},"title":"Leonel Fern\u00e1ndez recibe en Funglode a Faride Raful y a la Comisi\u00f3n de Reforma Policial","author":"Nelson Feliz","date":"21 de septiembre de 2025","format":false,"excerpt":"El expresidente y l\u00edder de Fuerza del Pueblo sostuvo un encuentro en el que se present\u00f3 el anteproyecto de ley de reforma policial. El presidente de la Fuerza del Pueblo y expresidente de la Rep\u00fablica, Leonel Fern\u00e1ndez, recibi\u00f3 en la sede de la Fundaci\u00f3n Global Democracia y Desarrollo (Funglode) a\u2026","rel":"","context":"En \u00abPOLITICA\u00bb","block_context":{"text":"POLITICA","link":"https:\/\/lasprimeras.com.do\/index.php\/category\/politica\/"},"img":{"alt_text":"","src":"","width":0,"height":0},"classes":[]},{"id":98327,"url":"https:\/\/lasprimeras.com.do\/index.php\/2025\/05\/06\/abinader-y-leonel-se-abrazan-en-congreso-mundial-del-derecho\/","url_meta":{"origin":88679,"position":5},"title":"Abinader y Leonel se abrazan en Congreso Mundial del Derecho","author":"Nelson Feliz","date":"6 de mayo de 2025","format":false,"excerpt":"El presidente de la Republica Luis Abinader y el expresidente Leonel Fern\u00e1ndez se abrazaron este martes cuando asist\u00ecan al acto de clausura del Congreso Mundial de Derecho, celebrado en la Universidad Aut\u00f3noma de Santo Domingo (UASD). Ello se produjo luego de que Javier Cremades, presidente de la Fundaci\u00f3n de Derecho\u2026","rel":"","context":"En \u00abPOLITICA\u00bb","block_context":{"text":"POLITICA","link":"https:\/\/lasprimeras.com.do\/index.php\/category\/politica\/"},"img":{"alt_text":"","src":"https:\/\/i0.wp.com\/lasprimeras.com.do\/wp-content\/uploads\/2025\/05\/ABINADER-Y-LEONEL-e1746562612503.jpg?resize=350%2C200&ssl=1","width":350,"height":200,"srcset":"https:\/\/i0.wp.com\/lasprimeras.com.do\/wp-content\/uploads\/2025\/05\/ABINADER-Y-LEONEL-e1746562612503.jpg?resize=350%2C200&ssl=1 1x, https:\/\/i0.wp.com\/lasprimeras.com.do\/wp-content\/uploads\/2025\/05\/ABINADER-Y-LEONEL-e1746562612503.jpg?resize=525%2C300&ssl=1 1.5x, https:\/\/i0.wp.com\/lasprimeras.com.do\/wp-content\/uploads\/2025\/05\/ABINADER-Y-LEONEL-e1746562612503.jpg?resize=700%2C400&ssl=1 2x"},"classes":[]}],"jetpack_sharing_enabled":true,"_links":{"self":[{"href":"https:\/\/lasprimeras.com.do\/index.php\/wp-json\/wp\/v2\/posts\/88679","targetHints":{"allow":["GET"]}}],"collection":[{"href":"https:\/\/lasprimeras.com.do\/index.php\/wp-json\/wp\/v2\/posts"}],"about":[{"href":"https:\/\/lasprimeras.com.do\/index.php\/wp-json\/wp\/v2\/types\/post"}],"author":[{"embeddable":true,"href":"https:\/\/lasprimeras.com.do\/index.php\/wp-json\/wp\/v2\/users\/2"}],"replies":[{"embeddable":true,"href":"https:\/\/lasprimeras.com.do\/index.php\/wp-json\/wp\/v2\/comments?post=88679"}],"version-history":[{"count":1,"href":"https:\/\/lasprimeras.com.do\/index.php\/wp-json\/wp\/v2\/posts\/88679\/revisions"}],"predecessor-version":[{"id":88681,"href":"https:\/\/lasprimeras.com.do\/index.php\/wp-json\/wp\/v2\/posts\/88679\/revisions\/88681"}],"wp:featuredmedia":[{"embeddable":true,"href":"https:\/\/lasprimeras.com.do\/index.php\/wp-json\/wp\/v2\/media\/88680"}],"wp:attachment":[{"href":"https:\/\/lasprimeras.com.do\/index.php\/wp-json\/wp\/v2\/media?parent=88679"}],"wp:term":[{"taxonomy":"category","embeddable":true,"href":"https:\/\/lasprimeras.com.do\/index.php\/wp-json\/wp\/v2\/categories?post=88679"},{"taxonomy":"post_tag","embeddable":true,"href":"https:\/\/lasprimeras.com.do\/index.php\/wp-json\/wp\/v2\/tags?post=88679"}],"curies":[{"name":"wp","href":"https:\/\/api.w.org\/{rel}","templated":true}]}}