{"id":88685,"date":"2024-09-03T22:20:40","date_gmt":"2024-09-04T02:20:40","guid":{"rendered":"https:\/\/lasprimeras.com.do\/?p=88685"},"modified":"2024-09-03T22:20:41","modified_gmt":"2024-09-04T02:20:41","slug":"marino-collante-renuncia-del-pld","status":"publish","type":"post","link":"https:\/\/lasprimeras.com.do\/index.php\/2024\/09\/03\/marino-collante-renuncia-del-pld\/","title":{"rendered":"Marino Collante renuncia del PLD"},"content":{"rendered":"\n<p>El excandidato a senador por la provincia de Santiago del Partido de la Liberaci\u00f3n Dominicana (PLD) y miembro de su Comit\u00e9 Central Marino Collante renunci\u00f3 este martes a esa organizaci\u00f3n.<\/p>\n\n\n\n<p>Collante, que fue diputado por cuatro per\u00edodos consecutivos cuando era alto dirigente del Partido Reformista Social Cristiano (PRSC), dio a conocer su renuncia en una carta enviada al presidente del PLD, Danilo Medina.<\/p>\n\n\n\n<p>El experimentado pol\u00edtico se quej\u00f3 en la misiva de que no recibi\u00f3 el apoyo de la estructura partidaria para sustentar su candidatura en los comicios de mayo pasado.<\/p>\n\n\n\n<p>Dijo que tal comportamiento y desgano de una gran mayor\u00eda de la estructura del PLD lo ha inducido a tomar la decisi\u00f3n de abandonar ese partido.<\/p>\n\n\n\n<p>Collante particip\u00f3 en un debate televisivo, antes de los comicios, en el que se le not\u00f3 distra\u00eddo y con problemas para responder las preguntas.<\/p>\n\n\n\n<p>En esa oportunidad del debate tambi\u00e9n participaron los candidatos del oficialista Partido Revolucionario Moderno (PRM) Daniel Rivera y el de la Fuerza del Pueblo (FP) Dem\u00f3stenes Mart\u00ednez. Rivera fue el ganador del esca\u00f1o. EFE<\/p>\n","protected":false},"excerpt":{"rendered":"<p>El excandidato a senador por la provincia de Santiago del Partido de la Liberaci\u00f3n Dominicana (PLD) y miembro de su Comit\u00e9 Central Marino Collante renunci\u00f3 este martes a esa organizaci\u00f3n.&hellip;<\/p>\n","protected":false},"author":2,"featured_media":88686,"comment_status":"open","ping_status":"open","sticky":false,"template":"","format":"standard","meta":{"content-type":"","jetpack_post_was_ever_published":false,"_jetpack_newsletter_access":"","_jetpack_dont_email_post_to_subs":false,"_jetpack_newsletter_tier_id":0,"_jetpack_memberships_contains_paywalled_content":false,"_jetpack_memberships_contains_paid_content":false,"footnotes":""},"categories":[25],"tags":[3501,11059,269,2407,1101],"class_list":["post-88685","post","type-post","status-publish","format-standard","has-post-thumbnail","hentry","category-portada","tag-ex-candidato","tag-marino-collante","tag-pld","tag-renuncia","tag-senador"],"jetpack_featured_media_url":"https:\/\/lasprimeras.com.do\/wp-content\/uploads\/2024\/09\/Marino-Collante.jpg","jetpack-related-posts":[{"id":73881,"url":"https:\/\/lasprimeras.com.do\/index.php\/2024\/01\/17\/marino-collante-niega-que-predijera-su-derrota-solo-dios-me-gana\/","url_meta":{"origin":88685,"position":0},"title":"Marino Collante niega que predijera su derrota: \u201cSolo Dios me gana\u201d","author":"Nelson Feliz","date":"17 de enero de 2024","format":false,"excerpt":"Durante la entrevista el ex diputado manifiesta varias veces que ganar\u00e1 y en todas las encuestas que existen en esa demarcaci\u00f3n est\u00e1 bien posicionado. El candidato por el Partido de la Liberaci\u00f3n Dominicana (PLD) a la senadur\u00eda por la provincia de Santiago, Marino Collante, afirm\u00f3 que \u201csolo Dios le gana\u201d,\u2026","rel":"","context":"En \u00abPORTADA\u00bb","block_context":{"text":"PORTADA","link":"https:\/\/lasprimeras.com.do\/index.php\/category\/portada\/"},"img":{"alt_text":"Marino Collante","src":"https:\/\/i0.wp.com\/lasprimeras.com.do\/wp-content\/uploads\/2024\/01\/Marino-Collante.jpeg?resize=350%2C200&ssl=1","width":350,"height":200,"srcset":"https:\/\/i0.wp.com\/lasprimeras.com.do\/wp-content\/uploads\/2024\/01\/Marino-Collante.jpeg?resize=350%2C200&ssl=1 1x, https:\/\/i0.wp.com\/lasprimeras.com.do\/wp-content\/uploads\/2024\/01\/Marino-Collante.jpeg?resize=525%2C300&ssl=1 1.5x, https:\/\/i0.wp.com\/lasprimeras.com.do\/wp-content\/uploads\/2024\/01\/Marino-Collante.jpeg?resize=700%2C400&ssl=1 2x"},"classes":[]},{"id":74729,"url":"https:\/\/lasprimeras.com.do\/index.php\/2024\/01\/26\/abel-al-prm-que-deje-de-venir-a-hacer-bulto-que-santiago-no-quiere-retroceso\/","url_meta":{"origin":88685,"position":1},"title":"Abel: \u00abAl PRM que deje de venir a hacer bulto, que Santiago no quiere retroceso\u00bb","author":"Nelson Feliz","date":"26 de enero de 2024","format":false,"excerpt":"El candidato presidencial del Partido de la Liberaci\u00f3n Dominicana (PLD), Abel Mart\u00ednez, llam\u00f3 al Gobierno del PRM a dejar de ir a Santiago a \u00abhacer bultos\u00bb, porque esa ciudad no quiere retroceso. Desde la circunscripci\u00f3n 1 de Santiago, donde encabez\u00f3 una caravana, el l\u00edder de la oposici\u00f3n se\u00f1al\u00f3 que lo\u2026","rel":"","context":"En \u00abPORTADA\u00bb","block_context":{"text":"PORTADA","link":"https:\/\/lasprimeras.com.do\/index.php\/category\/portada\/"},"img":{"alt_text":"Abel Mart\u00ednez","src":"https:\/\/i0.wp.com\/lasprimeras.com.do\/wp-content\/uploads\/2024\/01\/Abel-Martinez-2.jpeg?resize=350%2C200&ssl=1","width":350,"height":200,"srcset":"https:\/\/i0.wp.com\/lasprimeras.com.do\/wp-content\/uploads\/2024\/01\/Abel-Martinez-2.jpeg?resize=350%2C200&ssl=1 1x, https:\/\/i0.wp.com\/lasprimeras.com.do\/wp-content\/uploads\/2024\/01\/Abel-Martinez-2.jpeg?resize=525%2C300&ssl=1 1.5x, https:\/\/i0.wp.com\/lasprimeras.com.do\/wp-content\/uploads\/2024\/01\/Abel-Martinez-2.jpeg?resize=700%2C400&ssl=1 2x, https:\/\/i0.wp.com\/lasprimeras.com.do\/wp-content\/uploads\/2024\/01\/Abel-Martinez-2.jpeg?resize=1050%2C600&ssl=1 3x, https:\/\/i0.wp.com\/lasprimeras.com.do\/wp-content\/uploads\/2024\/01\/Abel-Martinez-2.jpeg?resize=1400%2C800&ssl=1 4x"},"classes":[]},{"id":72358,"url":"https:\/\/lasprimeras.com.do\/index.php\/2023\/12\/28\/abel-pronostica-un-nuevo-amanecer-en-punal-con-el-pld-en-2024\/","url_meta":{"origin":88685,"position":2},"title":"Abel pronostica un nuevo amanecer en Pu\u00f1al con el PLD en 2024","author":"Nelson Feliz","date":"28 de diciembre de 2023","format":false,"excerpt":"El candidato presidencial del PLD, Abel Mart\u00ednez contin\u00faa su jornada de visitas a candidatos a alcaldes en la provincia Santiago, junto a dirigentes de la Campa\u00f1a y el Comit\u00e9 Pol\u00edtico del Partido de la Liberaci\u00f3n Dominicana (PLD). El l\u00edder de la oposici\u00f3n lleg\u00f3 a casa de Epifanio Alm\u00e1nzar \u00abFano\u00bb, candidato\u2026","rel":"","context":"En \u00abPORTADA\u00bb","block_context":{"text":"PORTADA","link":"https:\/\/lasprimeras.com.do\/index.php\/category\/portada\/"},"img":{"alt_text":"Abel Martinez","src":"https:\/\/i0.wp.com\/lasprimeras.com.do\/wp-content\/uploads\/2023\/12\/Abel-Martinez-1-1.jpeg?resize=350%2C200&ssl=1","width":350,"height":200,"srcset":"https:\/\/i0.wp.com\/lasprimeras.com.do\/wp-content\/uploads\/2023\/12\/Abel-Martinez-1-1.jpeg?resize=350%2C200&ssl=1 1x, https:\/\/i0.wp.com\/lasprimeras.com.do\/wp-content\/uploads\/2023\/12\/Abel-Martinez-1-1.jpeg?resize=525%2C300&ssl=1 1.5x, https:\/\/i0.wp.com\/lasprimeras.com.do\/wp-content\/uploads\/2023\/12\/Abel-Martinez-1-1.jpeg?resize=700%2C400&ssl=1 2x, https:\/\/i0.wp.com\/lasprimeras.com.do\/wp-content\/uploads\/2023\/12\/Abel-Martinez-1-1.jpeg?resize=1050%2C600&ssl=1 3x, https:\/\/i0.wp.com\/lasprimeras.com.do\/wp-content\/uploads\/2023\/12\/Abel-Martinez-1-1.jpeg?resize=1400%2C800&ssl=1 4x"},"classes":[]},{"id":76308,"url":"https:\/\/lasprimeras.com.do\/index.php\/2024\/02\/08\/actividades-del-pld-promoviendo-sus-candidaturas-municipales\/","url_meta":{"origin":88685,"position":3},"title":"Actividades del PLD promoviendo sus candidaturas municipales","author":"Nelson Feliz","date":"8 de febrero de 2024","format":false,"excerpt":"Abel Mart\u00ednez encabeza este jueves una marcha-caravana en la circunscripci\u00f3n Tres de Santiago junto a V\u00edctor Fadul y Marino Collante. Restando apenas d\u00edas para las elecciones municipales, programadas para el domingo 18 de febrero, el Partido de la Liberaci\u00f3n Dominicana (PLD), se moviliza en todo el territorio nacional, promoviendo sus\u2026","rel":"","context":"En \u00abPORTADA\u00bb","block_context":{"text":"PORTADA","link":"https:\/\/lasprimeras.com.do\/index.php\/category\/portada\/"},"img":{"alt_text":"","src":"https:\/\/i0.wp.com\/lasprimeras.com.do\/wp-content\/uploads\/2024\/02\/aBEL.jpeg?resize=350%2C200&ssl=1","width":350,"height":200,"srcset":"https:\/\/i0.wp.com\/lasprimeras.com.do\/wp-content\/uploads\/2024\/02\/aBEL.jpeg?resize=350%2C200&ssl=1 1x, https:\/\/i0.wp.com\/lasprimeras.com.do\/wp-content\/uploads\/2024\/02\/aBEL.jpeg?resize=525%2C300&ssl=1 1.5x, https:\/\/i0.wp.com\/lasprimeras.com.do\/wp-content\/uploads\/2024\/02\/aBEL.jpeg?resize=700%2C400&ssl=1 2x"},"classes":[]},{"id":81644,"url":"https:\/\/lasprimeras.com.do\/index.php\/2024\/04\/23\/esta-noche-es-el-debate-de-las-candidatas-a-vicepresidencia-rd\/","url_meta":{"origin":88685,"position":4},"title":"Esta noche es el debate de las candidatas a vicepresidencia RD","author":"BIMARY DE JES\u00daS Matos","date":"23 de abril de 2024","format":false,"excerpt":"SANTO DOMINGO.- Para esta noche est\u00e1 programado el debate entre las candidatas a la vicepresidencia de la Rep\u00fablica, organizado por la Asociaci\u00f3n Nacional de J\u00f3venes Emprendedores (ANJE). Participar\u00e1n Raquel Pe\u00f1a (PRM), Zoraima Cuello (PLD) e Ingrid Mendoza (FP). La noche de este lunes toc\u00f3 el turno de los aspirantes a\u2026","rel":"","context":"En \u00abPORTADA\u00bb","block_context":{"text":"PORTADA","link":"https:\/\/lasprimeras.com.do\/index.php\/category\/portada\/"},"img":{"alt_text":"","src":"https:\/\/i0.wp.com\/lasprimeras.com.do\/wp-content\/uploads\/2024\/04\/WhatsApp-Image-2024-04-23-at-10.32.54-AM.jpeg?resize=350%2C200&ssl=1","width":350,"height":200,"srcset":"https:\/\/i0.wp.com\/lasprimeras.com.do\/wp-content\/uploads\/2024\/04\/WhatsApp-Image-2024-04-23-at-10.32.54-AM.jpeg?resize=350%2C200&ssl=1 1x, https:\/\/i0.wp.com\/lasprimeras.com.do\/wp-content\/uploads\/2024\/04\/WhatsApp-Image-2024-04-23-at-10.32.54-AM.jpeg?resize=525%2C300&ssl=1 1.5x, https:\/\/i0.wp.com\/lasprimeras.com.do\/wp-content\/uploads\/2024\/04\/WhatsApp-Image-2024-04-23-at-10.32.54-AM.jpeg?resize=700%2C400&ssl=1 2x"},"classes":[]},{"id":83096,"url":"https:\/\/lasprimeras.com.do\/index.php\/2024\/05\/11\/abel-anuncia-facilitara-seguro-medico-a-motoconchistas\/","url_meta":{"origin":88685,"position":5},"title":"Abel anuncia facilitar\u00e1 seguro m\u00e9dico a motoconchistas","author":"Nelson Feliz","date":"11 de mayo de 2024","format":false,"excerpt":"El candidato presidencial Abel Mart\u00ednez encabez\u00f3 una movilizaci\u00f3n del Partido de la Liberaci\u00f3n Dominicana (PLD) por las principales calles de Santiago Oeste, junto al candidato a senador, Marino Collante. En una concentraci\u00f3n, previo a iniciar la caravana, Abel Mart\u00ednez habl\u00f3 con amas de casa, motoconchistas, j\u00f3venes y personas de diferentes\u2026","rel":"","context":"En \u00abPORTADA\u00bb","block_context":{"text":"PORTADA","link":"https:\/\/lasprimeras.com.do\/index.php\/category\/portada\/"},"img":{"alt_text":"Abel Mart\u00ednez","src":"https:\/\/i0.wp.com\/lasprimeras.com.do\/wp-content\/uploads\/2024\/05\/Abel-Martinez-5.jpg?resize=350%2C200&ssl=1","width":350,"height":200,"srcset":"https:\/\/i0.wp.com\/lasprimeras.com.do\/wp-content\/uploads\/2024\/05\/Abel-Martinez-5.jpg?resize=350%2C200&ssl=1 1x, https:\/\/i0.wp.com\/lasprimeras.com.do\/wp-content\/uploads\/2024\/05\/Abel-Martinez-5.jpg?resize=525%2C300&ssl=1 1.5x, https:\/\/i0.wp.com\/lasprimeras.com.do\/wp-content\/uploads\/2024\/05\/Abel-Martinez-5.jpg?resize=700%2C400&ssl=1 2x"},"classes":[]}],"jetpack_sharing_enabled":true,"_links":{"self":[{"href":"https:\/\/lasprimeras.com.do\/index.php\/wp-json\/wp\/v2\/posts\/88685","targetHints":{"allow":["GET"]}}],"collection":[{"href":"https:\/\/lasprimeras.com.do\/index.php\/wp-json\/wp\/v2\/posts"}],"about":[{"href":"https:\/\/lasprimeras.com.do\/index.php\/wp-json\/wp\/v2\/types\/post"}],"author":[{"embeddable":true,"href":"https:\/\/lasprimeras.com.do\/index.php\/wp-json\/wp\/v2\/users\/2"}],"replies":[{"embeddable":true,"href":"https:\/\/lasprimeras.com.do\/index.php\/wp-json\/wp\/v2\/comments?post=88685"}],"version-history":[{"count":1,"href":"https:\/\/lasprimeras.com.do\/index.php\/wp-json\/wp\/v2\/posts\/88685\/revisions"}],"predecessor-version":[{"id":88687,"href":"https:\/\/lasprimeras.com.do\/index.php\/wp-json\/wp\/v2\/posts\/88685\/revisions\/88687"}],"wp:featuredmedia":[{"embeddable":true,"href":"https:\/\/lasprimeras.com.do\/index.php\/wp-json\/wp\/v2\/media\/88686"}],"wp:attachment":[{"href":"https:\/\/lasprimeras.com.do\/index.php\/wp-json\/wp\/v2\/media?parent=88685"}],"wp:term":[{"taxonomy":"category","embeddable":true,"href":"https:\/\/lasprimeras.com.do\/index.php\/wp-json\/wp\/v2\/categories?post=88685"},{"taxonomy":"post_tag","embeddable":true,"href":"https:\/\/lasprimeras.com.do\/index.php\/wp-json\/wp\/v2\/tags?post=88685"}],"curies":[{"name":"wp","href":"https:\/\/api.w.org\/{rel}","templated":true}]}}