{"id":88688,"date":"2024-09-03T22:29:06","date_gmt":"2024-09-04T02:29:06","guid":{"rendered":"https:\/\/lasprimeras.com.do\/?p=88688"},"modified":"2024-09-03T22:29:07","modified_gmt":"2024-09-04T02:29:07","slug":"dncd-apresa-regidor-del-bis-fue-apresado-en-spm","status":"publish","type":"post","link":"https:\/\/lasprimeras.com.do\/index.php\/2024\/09\/03\/dncd-apresa-regidor-del-bis-fue-apresado-en-spm\/","title":{"rendered":"DNCD apresa regidor del BIS fue apresado en SPM"},"content":{"rendered":"\n<p>Agentes de la Direcci\u00f3n Nacional de Control de Drogas (DNCD) y miembros de la Procuradur\u00eda Especializada de Antilavado de Activos y Financiamiento del Terrorismo, bajo la coordinaci\u00f3n del Ministerio Publico, apresaron este martes a un regidor del municipio de San Pedro de Macor\u00eds, durante allanamientos. Lo vinculan a una poderosa red de narcotr\u00e1fico y lavado.<\/p>\n\n\n\n<p>Se trata de Walky Cuevas Charles, quien es regidor electo por el Partido Bloque Institucional Socialdem\u00f3crata (BIS). Tambi\u00e9n fue apresada Pamela Violeta Astacio.<\/p>\n\n\n\n<p>Seg\u00fan la investigaci\u00f3n, ambos formar\u00edan parte de la estructura de narcotr\u00e1fico que lideraba Junior Santos Restrepo, que, junto a otros, guarda prisi\u00f3n por el il\u00edcito.<\/p>\n\n\n\n<p>Las autoridades desplegaron m\u00faltiples allanamientos este martes en contra de varias personas ligadas a la &#8220;poderosa&#8221; red de narcotr\u00e1fico y lavado, e intervinieron una casa, dos apartamentos, as\u00ed como tres locales comerciales, donde ocuparon seis veh\u00edculos, un arma de fuego, dinero efectivo, entre otras evidencias.<\/p>\n\n\n\n<p>La DNCD indic\u00f3 que se ha establecido, mediante labores de inteligencia, que el grupo es parte de una &#8220;estructura de narcotr\u00e1fico internacional que enviaba drogas a la vecina isla de Puerto Rico, Estados Unidos y Europa, a trav\u00e9s de lanchas r\u00e1pidas, aeropuertos y puertos del pa\u00eds&#8221;.<\/p>\n\n\n\n<p>Seis allanamientos<\/p>\n\n\n\n<p>M\u00e1s de 50 agentes y militares, acompa\u00f1ados de cinco fiscales, realizaron un total de seis allanamientos en el Distrito Nacional y San Pedro de Macor\u00eds, intervinieron una casa, dos apartamentos, as\u00ed como tres locales comerciales, donde ocuparon seis veh\u00edculos, un arma de fuego, dinero efectivo, entre otras evidencias.<\/p>\n\n\n\n<p>Propiedades, armas y veh\u00edculos decomisados<\/p>\n\n\n\n<p>De acuerdo a las autoridades, en septiembre de 2023, ocuparon un drink, una casa de cambio, una villa y dos apartamentos, dos fusiles, (Un AK-47 y un calibre 5.56), una escopeta, cuatro pistolas, entre ellas, una Five Seven, dos Glocks y una Beretta, dos chalecos antibalas y municiones de distintos calibres.<\/p>\n\n\n\n<p>Adem\u00e1s, confiscaron cuatro veh\u00edculos, 512,850 pesos, 14,896 d\u00f3lares, relojes, prendas, celulares, equipos electr\u00f3nicos, documentos personales y otras evidencias.<\/p>\n\n\n\n<p>&#8220;A esta estructura se le han incautado propiedades por valores millonarios, que incluyen, villas, casas, apartamentos, prendas, relojes, armas de alto calibre, veh\u00edculos de alta gama, entre otros bienes&#8221;, establece la nota de prensa de la DNCD.<\/p>\n\n\n\n<p>La Procuradur\u00eda Especializada de Antilavado de Activos y Financiamiento del Terrorismo y la DNCD indicaron que &#8220;siguen profundizando la investigaci\u00f3n para ubicar posibles bienes e inmuebles, as\u00ed como apresar a otros implicados en esta red de narcotr\u00e1fico y lavado de activos&#8221;.<\/p>\n","protected":false},"excerpt":{"rendered":"<p>Agentes de la Direcci\u00f3n Nacional de Control de Drogas (DNCD) y miembros de la Procuradur\u00eda Especializada de Antilavado de Activos y Financiamiento del Terrorismo, bajo la coordinaci\u00f3n del Ministerio Publico,&hellip;<\/p>\n","protected":false},"author":2,"featured_media":88689,"comment_status":"open","ping_status":"open","sticky":false,"template":"","format":"standard","meta":{"content-type":"","jetpack_post_was_ever_published":false,"_jetpack_newsletter_access":"","_jetpack_dont_email_post_to_subs":false,"_jetpack_newsletter_tier_id":0,"_jetpack_memberships_contains_paywalled_content":false,"_jetpack_memberships_contains_paid_content":false,"footnotes":""},"categories":[3057],"tags":[7565,3707,1281,32,15245],"class_list":["post-88688","post","type-post","status-publish","format-standard","has-post-thumbnail","hentry","category-militares","tag-bis","tag-dncd","tag-preso","tag-regidor","tag-walky-cuevas-charles"],"jetpack_featured_media_url":"https:\/\/lasprimeras.com.do\/wp-content\/uploads\/2024\/09\/Walky-Cuevas-Charles.jpg","jetpack-related-posts":[{"id":52728,"url":"https:\/\/lasprimeras.com.do\/index.php\/2023\/06\/13\/operativos-de-santiago-buscan-apresar-a-miembros-de-red-del-narcotraficante-que-amenazo-a-miriam-german\/","url_meta":{"origin":88688,"position":0},"title":"Operativos de Santiago buscan apresar a miembros de red del narcotraficante que amenaz\u00f3 a Miriam Germ\u00e1n","author":"prenxa100","date":"13 de junio de 2023","format":false,"excerpt":"La procuradora Yeni Berenice Reynoso y el jefe DNCD se encuentran en Santiago. Los\u00a0operativos\u00a0que se realizan este martes en\u00a0Santiago\u00a0buscan apresar a los integrantes de la red de un\u00a0narcotraficante\u00a0dominicano residente en Espa\u00f1a, que hace unos d\u00edas amenaz\u00f3 con matar al hijo de la procuradora general de la Rep\u00fablica,\u00a0Miriam Germ\u00e1n\u00a0Brito. As\u00ed lo\u2026","rel":"","context":"En \u00abNACIONALES\u00bb","block_context":{"text":"NACIONALES","link":"https:\/\/lasprimeras.com.do\/index.php\/category\/nacionales\/"},"img":{"alt_text":"","src":"https:\/\/i0.wp.com\/lasprimeras.com.do\/wp-content\/uploads\/2023\/06\/operativos-de-santiago-buscan-apresar-a-miembros-de-red-del-narcotraficante-que-amenazo-a-miriam-german.jpg?resize=350%2C200&ssl=1","width":350,"height":200},"classes":[]},{"id":115298,"url":"https:\/\/lasprimeras.com.do\/index.php\/2025\/11\/20\/exregidor-del-prm-en-boca-chica-ha-sido-detenido-tres-veces-por-drogas-y-armas-contrabandeadas\/","url_meta":{"origin":88688,"position":1},"title":"Exregidor del PRM en Boca Chica ha sido detenido tres veces por drogas y armas contrabandeadas","author":"Nelson Feliz","date":"20 de noviembre de 2025","format":false,"excerpt":"El Ministerio P\u00fablico anunci\u00f3 hoy que arrest\u00f3 a Francisco Alberto Paulino Castro (Francis o el compadre) junto a empleados del puerto multimodal. El exregidor de Boca Chica, Francisco Alberto Paulino Castro (Francis o el compadre), detenido recientemente por las autoridades junto a otras 15 personas, entre los que figuran empleados\u2026","rel":"","context":"En \u00abNACIONALES\u00bb","block_context":{"text":"NACIONALES","link":"https:\/\/lasprimeras.com.do\/index.php\/category\/nacionales\/"},"img":{"alt_text":"Francisco Alberto Paulino Castro","src":"https:\/\/i0.wp.com\/lasprimeras.com.do\/wp-content\/uploads\/2025\/11\/Francisco-Alberto-Paulino-Castro.jpg?resize=350%2C200&ssl=1","width":350,"height":200,"srcset":"https:\/\/i0.wp.com\/lasprimeras.com.do\/wp-content\/uploads\/2025\/11\/Francisco-Alberto-Paulino-Castro.jpg?resize=350%2C200&ssl=1 1x, https:\/\/i0.wp.com\/lasprimeras.com.do\/wp-content\/uploads\/2025\/11\/Francisco-Alberto-Paulino-Castro.jpg?resize=525%2C300&ssl=1 1.5x, https:\/\/i0.wp.com\/lasprimeras.com.do\/wp-content\/uploads\/2025\/11\/Francisco-Alberto-Paulino-Castro.jpg?resize=700%2C400&ssl=1 2x"},"classes":[]},{"id":61698,"url":"https:\/\/lasprimeras.com.do\/index.php\/2023\/09\/29\/apresan-varios-ligados-a-decomiso-de-897-paquetes-de-drogas\/","url_meta":{"origin":88688,"position":2},"title":"Apresan varios ligados a decomiso de 897 paquetes de drogas","author":"Nelson Feliz","date":"29 de septiembre de 2023","format":false,"excerpt":"ADEM\u00c1S OCUPARON BARCOS, LANCHAS, ARMAS, DROGAS, VEH\u00cdCULOS Y DINERO. Por Mart\u00edn Restituyo Miembros del Ministerio P\u00fablico y agentes de la Direcci\u00f3n Nacional de Control de Drogas (DNCD), apresaron a varios hombres y ocuparon drogas, barcos, lanchas, un jet ski, veh\u00edculos, armas y dinero en efectivo, en m\u00faltiples intervenciones realizadas en\u2026","rel":"","context":"En \u00abMILITARES\u00bb","block_context":{"text":"MILITARES","link":"https:\/\/lasprimeras.com.do\/index.php\/category\/militares\/"},"img":{"alt_text":"DNCD","src":"https:\/\/i0.wp.com\/lasprimeras.com.do\/wp-content\/uploads\/2023\/09\/DNCD.jpg?resize=350%2C200&ssl=1","width":350,"height":200,"srcset":"https:\/\/i0.wp.com\/lasprimeras.com.do\/wp-content\/uploads\/2023\/09\/DNCD.jpg?resize=350%2C200&ssl=1 1x, https:\/\/i0.wp.com\/lasprimeras.com.do\/wp-content\/uploads\/2023\/09\/DNCD.jpg?resize=525%2C300&ssl=1 1.5x, https:\/\/i0.wp.com\/lasprimeras.com.do\/wp-content\/uploads\/2023\/09\/DNCD.jpg?resize=700%2C400&ssl=1 2x"},"classes":[]},{"id":100219,"url":"https:\/\/lasprimeras.com.do\/index.php\/2025\/06\/03\/ocupan-60-paquetes-de-marihuana-y-apresan-cinco-personas-en-santiago\/","url_meta":{"origin":88688,"position":3},"title":"Ocupan 60 paquetes de marihuana y apresan cinco personas en Santiago","author":"Nelson Feliz","date":"3 de junio de 2025","format":false,"excerpt":"Agentes de la Direcci\u00f3n Nacional de Control de Drogas (DNCD) y miembros del Ministerio P\u00fablico, desmantelaron una estructura de tr\u00e1fico y venta de sustancias narc\u00f3ticas, arrestaron a cinco personas y confiscaron 60 paquetes presumiblemente marihuana, un arma de fuego, as\u00ed como dinero en efectivo, durante un allanamiento en un apartamento\u2026","rel":"","context":"En \u00abMILITARES\u00bb","block_context":{"text":"MILITARES","link":"https:\/\/lasprimeras.com.do\/index.php\/category\/militares\/"},"img":{"alt_text":"","src":"https:\/\/i0.wp.com\/lasprimeras.com.do\/wp-content\/uploads\/2025\/06\/dncd-1.jpg?resize=350%2C200&ssl=1","width":350,"height":200},"classes":[]},{"id":56945,"url":"https:\/\/lasprimeras.com.do\/index.php\/2023\/08\/07\/desmantelan-red-ocupan-190-paquetes-presumiblemente-cacaina-en-dos-operativos\/","url_meta":{"origin":88688,"position":4},"title":"Desmantelan Red: Ocupan 190 paquetes presumiblemente caca\u00edna en dos operativos","author":"Nelson Feliz","date":"7 de agosto de 2023","format":false,"excerpt":"Por Mart\u00edn Restituyo Agentes de la Direcci\u00f3n Nacional de Control de Drogas (DNCD) y miembros del Ministerio P\u00fablico, apresaron a cuatro hombres y ocuparon 190 paquetes presumiblemente coca\u00edna, en dos operaciones simult\u00e1neas, realizadas en el municipio Santo Domingo Este y la provincia la Altagracia. En una primera operaci\u00f3n, las autoridades\u2026","rel":"","context":"En \u00abMILITARES\u00bb","block_context":{"text":"MILITARES","link":"https:\/\/lasprimeras.com.do\/index.php\/category\/militares\/"},"img":{"alt_text":"","src":"https:\/\/i0.wp.com\/lasprimeras.com.do\/wp-content\/uploads\/2023\/08\/DNCD-1.jpg?resize=350%2C200&ssl=1","width":350,"height":200,"srcset":"https:\/\/i0.wp.com\/lasprimeras.com.do\/wp-content\/uploads\/2023\/08\/DNCD-1.jpg?resize=350%2C200&ssl=1 1x, https:\/\/i0.wp.com\/lasprimeras.com.do\/wp-content\/uploads\/2023\/08\/DNCD-1.jpg?resize=525%2C300&ssl=1 1.5x, https:\/\/i0.wp.com\/lasprimeras.com.do\/wp-content\/uploads\/2023\/08\/DNCD-1.jpg?resize=700%2C400&ssl=1 2x"},"classes":[]},{"id":118527,"url":"https:\/\/lasprimeras.com.do\/index.php\/2025\/12\/30\/apresan-cuatro-personas-vinculadas-al-decomiso-de-ocho-paquetes-de-cocina-en-el-aila\/","url_meta":{"origin":88688,"position":5},"title":"Apresan cuatro personas vinculadas al decomiso de ocho paquetes de cocina en el AILA","author":"Nelson Feliz","date":"30 de diciembre de 2025","format":false,"excerpt":"Entre los detenidos figuran tres hombres y una mujer, todos empleados de l\u00edneas a\u00e9reas y compa\u00f1\u00edas que prestan servicio en la terminal. Agentes de la Direccion Nacional de Control de Drogas (DNCD) y miembros del Ministerio P\u00fablico, apoyados por efectivos del Cuerpo Especializado de Seguridad Aeroportuaria, (CESAC), arrestaron a cuatro\u2026","rel":"","context":"En \u00abMILITARES\u00bb","block_context":{"text":"MILITARES","link":"https:\/\/lasprimeras.com.do\/index.php\/category\/militares\/"},"img":{"alt_text":"presos","src":"https:\/\/i0.wp.com\/lasprimeras.com.do\/wp-content\/uploads\/2025\/12\/presos.jpg?resize=350%2C200&ssl=1","width":350,"height":200,"srcset":"https:\/\/i0.wp.com\/lasprimeras.com.do\/wp-content\/uploads\/2025\/12\/presos.jpg?resize=350%2C200&ssl=1 1x, https:\/\/i0.wp.com\/lasprimeras.com.do\/wp-content\/uploads\/2025\/12\/presos.jpg?resize=525%2C300&ssl=1 1.5x, https:\/\/i0.wp.com\/lasprimeras.com.do\/wp-content\/uploads\/2025\/12\/presos.jpg?resize=700%2C400&ssl=1 2x"},"classes":[]}],"jetpack_sharing_enabled":true,"_links":{"self":[{"href":"https:\/\/lasprimeras.com.do\/index.php\/wp-json\/wp\/v2\/posts\/88688","targetHints":{"allow":["GET"]}}],"collection":[{"href":"https:\/\/lasprimeras.com.do\/index.php\/wp-json\/wp\/v2\/posts"}],"about":[{"href":"https:\/\/lasprimeras.com.do\/index.php\/wp-json\/wp\/v2\/types\/post"}],"author":[{"embeddable":true,"href":"https:\/\/lasprimeras.com.do\/index.php\/wp-json\/wp\/v2\/users\/2"}],"replies":[{"embeddable":true,"href":"https:\/\/lasprimeras.com.do\/index.php\/wp-json\/wp\/v2\/comments?post=88688"}],"version-history":[{"count":2,"href":"https:\/\/lasprimeras.com.do\/index.php\/wp-json\/wp\/v2\/posts\/88688\/revisions"}],"predecessor-version":[{"id":88691,"href":"https:\/\/lasprimeras.com.do\/index.php\/wp-json\/wp\/v2\/posts\/88688\/revisions\/88691"}],"wp:featuredmedia":[{"embeddable":true,"href":"https:\/\/lasprimeras.com.do\/index.php\/wp-json\/wp\/v2\/media\/88689"}],"wp:attachment":[{"href":"https:\/\/lasprimeras.com.do\/index.php\/wp-json\/wp\/v2\/media?parent=88688"}],"wp:term":[{"taxonomy":"category","embeddable":true,"href":"https:\/\/lasprimeras.com.do\/index.php\/wp-json\/wp\/v2\/categories?post=88688"},{"taxonomy":"post_tag","embeddable":true,"href":"https:\/\/lasprimeras.com.do\/index.php\/wp-json\/wp\/v2\/tags?post=88688"}],"curies":[{"name":"wp","href":"https:\/\/api.w.org\/{rel}","templated":true}]}}