{"id":88779,"date":"2024-09-06T22:56:05","date_gmt":"2024-09-07T02:56:05","guid":{"rendered":"https:\/\/lasprimeras.com.do\/?p=88779"},"modified":"2024-09-06T22:56:06","modified_gmt":"2024-09-07T02:56:06","slug":"abeprosado-anuncia-la-celebracion-del-torneo-municipal-u10-copa-seaboard","status":"publish","type":"post","link":"https:\/\/lasprimeras.com.do\/index.php\/2024\/09\/06\/abeprosado-anuncia-la-celebracion-del-torneo-municipal-u10-copa-seaboard\/","title":{"rendered":"ABEPROSADO anuncia la celebraci\u00f3n del Torneo Municipal U10 Copa Seaboard"},"content":{"rendered":"\n<p>La Asociaci\u00f3n de B\u00e9isbol de la Provincia de Santo Domingo anuncio la celebraci\u00f3n del torneo municipal U10 Copa Seaboard, donde participar\u00e1n m\u00e1s 100 ligas, las cuales se estar\u00e1n disputando la copa.<\/p>\n\n\n\n<p>El anuncio fue realizado por Cristian Pimentel, presidente de Abeprosado, quien encabez\u00f3 la conferencia de prensa que fue celebrada en el sal\u00f3n de eventos &#8220;Don \u00d3scar P\u00e9rez&#8221; de dicha instituci\u00f3n, en la que se dieron todos los detalles del evento , que tendr\u00e1 su inicio formal este domingo 14 de julio, a partir de las 10:00 de la ma\u00f1ana en el estadio Cabo Rafael Amable Alvarado (Sonlley), de la Base A\u00e9rea de San Isidro (F.A.R.D).<\/p>\n\n\n\n<p>Pimentel, agradeci\u00f3 una vez m\u00e1s a la empresa Seaboard, en las personas de su vicepresidente Armando Rodr\u00edguez y su gerente de responsabilidad social, Fernando Geraldino, a quienes consider\u00f3 como los padrinos del deporte, mostrado un apoyo desinteresado a las actividades de la asociaci\u00f3n.<\/p>\n\n\n\n<p>Tambi\u00e9n manifest\u00f3 su agradecimiento al subdirector de deportes de la Fuerza A\u00e9rea, Teniente Coronel Carlos Segura Collado, quien estuvo en presentaci\u00f3n , del Coronel Piloto Juan Dilone Sarsuela Director de esa direcci\u00f3n, por disponer de sus instalaciones y ser colaboradores de nuestra instituci\u00f3n.<\/p>\n\n\n\n<p>El gerente de responsabilidad social de Seaboard, Fernando Geraldino, aprovecho la ocasi\u00f3n para felicitar a todo el ejecutivo de Abeprosado por su empe\u00f1o y entrega en cada evento que desarrollan.<\/p>\n\n\n\n<p>En el acto estuvieron presentes en la mesa de honor e hicieron uso de la palabra, El teniente Coronel, Carlos Segura Collado, Subdirector de deportes de la Fuerza A\u00e9rea, Fernando Geraldino, gerente de responsabilidad social de Seaboard, Coronel Richard Roa de la Rosa, director deportes, Ej\u00e9rcito Rep\u00fablica Dominicana y Rub\u00e9n Mont\u00e9s de Oca, presidente Club Villa Francisca.<\/p>\n\n\n\n<p>Adem\u00e1s participaron los miembros del comit\u00e9 ejecutivo de Abeprosado, delegados de cada municipio y presidentes de ligas deportivas de la provincia.<\/p>\n\n\n\n<p>La justa se estar\u00e1 desarrollando durante dos semanas, en los estadios de la Fuerza A\u00e9rea como tambi\u00e9n en los diferentes escenarios de cada municipio de la provincia.<\/p>\n\n\n\n<p>El torneo contar\u00e1 con el respaldo de Seaboard, Miderec Comedores Econ\u00f3micos, ministerio de deportes, Marcu&#8217;s Restaurante y Fedom.<\/p>\n","protected":false},"excerpt":{"rendered":"<p>La Asociaci\u00f3n de B\u00e9isbol de la Provincia de Santo Domingo anuncio la celebraci\u00f3n del torneo municipal U10 Copa Seaboard, donde participar\u00e1n m\u00e1s 100 ligas, las cuales se estar\u00e1n disputando la&hellip;<\/p>\n","protected":false},"author":2,"featured_media":88780,"comment_status":"open","ping_status":"open","sticky":false,"template":"","format":"standard","meta":{"content-type":"","jetpack_post_was_ever_published":false,"_jetpack_newsletter_access":"","_jetpack_dont_email_post_to_subs":false,"_jetpack_newsletter_tier_id":0,"_jetpack_memberships_contains_paywalled_content":false,"_jetpack_memberships_contains_paid_content":false,"footnotes":""},"categories":[1],"tags":[1138,1326,7138,15280],"class_list":["post-88779","post","type-post","status-publish","format-standard","has-post-thumbnail","hentry","category-sin-categoria","tag-abeprosado","tag-celebracion","tag-copa-seaboard","tag-torneo-municipal-u10"],"jetpack_featured_media_url":"https:\/\/lasprimeras.com.do\/wp-content\/uploads\/2024\/09\/copa.jpg","jetpack-related-posts":[{"id":59594,"url":"https:\/\/lasprimeras.com.do\/index.php\/2023\/09\/05\/abeprosado-premia-a-equipos-y-jugadores-copa-seaboard\/","url_meta":{"origin":88779,"position":0},"title":"Abeprosado premia a equipos y jugadores Copa Seaboard","author":"Nelson Feliz","date":"5 de septiembre de 2023","format":false,"excerpt":"La Asociaci\u00f3n de B\u00e9isbol de la Provincia Santo Domingo (Abeprosado) premi\u00f3 a los equipos y atletas m\u00e1s destacados del torneo U10 y U12 que se disputaron la Copa Seaboard. El concurrido acto de premiaci\u00f3n, que tambi\u00e9n distingui\u00f3 a los infantiles beisbolistas m\u00e1s sobresalientes, se llev\u00f3 a cabo en el Club\u2026","rel":"","context":"En \u00abSin categor\u00eda\u00bb","block_context":{"text":"Sin categor\u00eda","link":"https:\/\/lasprimeras.com.do\/index.php\/category\/sin-categoria\/"},"img":{"alt_text":"Copa Seaboard","src":"https:\/\/i0.wp.com\/lasprimeras.com.do\/wp-content\/uploads\/2023\/09\/Copa-Seaboard.jpg?resize=350%2C200&ssl=1","width":350,"height":200,"srcset":"https:\/\/i0.wp.com\/lasprimeras.com.do\/wp-content\/uploads\/2023\/09\/Copa-Seaboard.jpg?resize=350%2C200&ssl=1 1x, https:\/\/i0.wp.com\/lasprimeras.com.do\/wp-content\/uploads\/2023\/09\/Copa-Seaboard.jpg?resize=525%2C300&ssl=1 1.5x, https:\/\/i0.wp.com\/lasprimeras.com.do\/wp-content\/uploads\/2023\/09\/Copa-Seaboard.jpg?resize=700%2C400&ssl=1 2x"},"classes":[]},{"id":104115,"url":"https:\/\/lasprimeras.com.do\/index.php\/2025\/07\/21\/celebraran-4ta-edicion-del-pimentel-little-league-international-baseball-classic-u10-2025\/","url_meta":{"origin":88779,"position":1},"title":"Celebrar\u00e1n 4ta edici\u00f3n del Pimentel Little League International Baseball Classic U10 2025","author":"Nelson Feliz","date":"21 de julio de 2025","format":false,"excerpt":"El certamen tendr\u00e1 una especial dedicatoria a la periodista, Carmen Aybar Con la participaci\u00f3n de 6 pa\u00edses, fue anunciada la 4ta edici\u00f3n del Pimentel Little League International Baseball Classic 2025, copa Seaboard y que estar\u00e1 dedicada a la periodista, Carmen Aybar, por su apoyo a las actividades deportivas. La informaci\u00f3n\u2026","rel":"","context":"En \u00abDEPORTES\u00bb","block_context":{"text":"DEPORTES","link":"https:\/\/lasprimeras.com.do\/index.php\/category\/deportes\/"},"img":{"alt_text":"","src":"https:\/\/i0.wp.com\/lasprimeras.com.do\/wp-content\/uploads\/2025\/07\/pimentel.jpg?resize=350%2C200&ssl=1","width":350,"height":200},"classes":[]},{"id":54733,"url":"https:\/\/lasprimeras.com.do\/index.php\/2023\/07\/13\/boca-chica-inicia-torneos-u10-y-u12-de-beisbol\/","url_meta":{"origin":88779,"position":2},"title":"Boca Chica inicia torneos U10 y U12 de b\u00e9isbol","author":"Nelson Feliz","date":"13 de julio de 2023","format":false,"excerpt":"Delegaci\u00f3n Fedom reconoce trayectoria del dirigente Damaso Moreno. Los mejores talentos en \u00a0en edades de 10 y 10 a\u00f1os iniciaron hoy la lucha por la Copa Seaboard del Torneo de la Delegaci\u00f3n de B\u00e9isbol Fedom de este municipio. El campeonato fue puesto en marcha con la participaci\u00f3n de m\u00e1s de\u2026","rel":"","context":"En \u00abSin categor\u00eda\u00bb","block_context":{"text":"Sin categor\u00eda","link":"https:\/\/lasprimeras.com.do\/index.php\/category\/sin-categoria\/"},"img":{"alt_text":"","src":"https:\/\/i0.wp.com\/lasprimeras.com.do\/wp-content\/uploads\/2023\/07\/damaso.jpg?resize=350%2C200&ssl=1","width":350,"height":200,"srcset":"https:\/\/i0.wp.com\/lasprimeras.com.do\/wp-content\/uploads\/2023\/07\/damaso.jpg?resize=350%2C200&ssl=1 1x, https:\/\/i0.wp.com\/lasprimeras.com.do\/wp-content\/uploads\/2023\/07\/damaso.jpg?resize=525%2C300&ssl=1 1.5x, https:\/\/i0.wp.com\/lasprimeras.com.do\/wp-content\/uploads\/2023\/07\/damaso.jpg?resize=700%2C400&ssl=1 2x"},"classes":[]},{"id":104784,"url":"https:\/\/lasprimeras.com.do\/index.php\/2025\/07\/27\/dominicana-venezuela-y-canada-se-mediran-en-las-semifinales-del-baseball-classic-u10\/","url_meta":{"origin":88779,"position":3},"title":"Dominicana, Venezuela y Canad\u00e1 se mediran en las semifinales del Baseball Classic U10","author":"Nelson Feliz","date":"27 de julio de 2025","format":false,"excerpt":"Los representativos de Rep\u00fablica Dominicana, Venezuela y Canad\u00e1 clasificaron a las semifinales de la 4ta edici\u00f3n del Pimentel Little League Internacional Baseball Classic U10 2025 copa Seaboard, que tiene una especial dedicatoria a la periodista deportivo, Carmen Aybar. El conjunto dominicano super\u00f3 al equipo de Aruba 10 por 6, para\u2026","rel":"","context":"En \u00abDEPORTES\u00bb","block_context":{"text":"DEPORTES","link":"https:\/\/lasprimeras.com.do\/index.php\/category\/deportes\/"},"img":{"alt_text":"","src":"https:\/\/i0.wp.com\/lasprimeras.com.do\/wp-content\/uploads\/2025\/07\/DOSS-2.jpg?resize=350%2C200&ssl=1","width":350,"height":200,"srcset":"https:\/\/i0.wp.com\/lasprimeras.com.do\/wp-content\/uploads\/2025\/07\/DOSS-2.jpg?resize=350%2C200&ssl=1 1x, https:\/\/i0.wp.com\/lasprimeras.com.do\/wp-content\/uploads\/2025\/07\/DOSS-2.jpg?resize=525%2C300&ssl=1 1.5x, https:\/\/i0.wp.com\/lasprimeras.com.do\/wp-content\/uploads\/2025\/07\/DOSS-2.jpg?resize=700%2C400&ssl=1 2x"},"classes":[]},{"id":75285,"url":"https:\/\/lasprimeras.com.do\/index.php\/2024\/01\/31\/anuncian-torneo-de-beisbol-superior-en-sd\/","url_meta":{"origin":88779,"position":4},"title":"Anuncian torneo de B\u00e9isbol Superior en SD","author":"BIMARY DE JES\u00daS Matos","date":"31 de enero de 2024","format":false,"excerpt":"SANTO DOMINGO.- La Asociaci\u00f3n de B\u00e9isbol de la Provincia Santo Domingo (Abeprosado) anunci\u00f3 la celebraci\u00f3n del Torneo de B\u00e9isbol Superior de la Provincia Santo Domingo, justo a inaugurarse el pr\u00f3ximo s\u00e1bado 2 de marzo, en opci\u00f3n a la Copa Seaboard. As\u00ed lo inform\u00f3 Cristian Pimentel, presidente de Abeprosado, durante un\u2026","rel":"","context":"En \u00abSin categor\u00eda\u00bb","block_context":{"text":"Sin categor\u00eda","link":"https:\/\/lasprimeras.com.do\/index.php\/category\/sin-categoria\/"},"img":{"alt_text":"","src":"https:\/\/i0.wp.com\/lasprimeras.com.do\/wp-content\/uploads\/2024\/01\/Diseno-sin-titulo-1.webp?resize=350%2C200&ssl=1","width":350,"height":200,"srcset":"https:\/\/i0.wp.com\/lasprimeras.com.do\/wp-content\/uploads\/2024\/01\/Diseno-sin-titulo-1.webp?resize=350%2C200&ssl=1 1x, https:\/\/i0.wp.com\/lasprimeras.com.do\/wp-content\/uploads\/2024\/01\/Diseno-sin-titulo-1.webp?resize=525%2C300&ssl=1 1.5x, https:\/\/i0.wp.com\/lasprimeras.com.do\/wp-content\/uploads\/2024\/01\/Diseno-sin-titulo-1.webp?resize=700%2C400&ssl=1 2x, https:\/\/i0.wp.com\/lasprimeras.com.do\/wp-content\/uploads\/2024\/01\/Diseno-sin-titulo-1.webp?resize=1050%2C600&ssl=1 3x"},"classes":[]},{"id":101765,"url":"https:\/\/lasprimeras.com.do\/index.php\/2025\/06\/25\/liga-la-javilla-se-corona-campeon-del-torneo-municipal-u-8-dona-norma-diaz\/","url_meta":{"origin":88779,"position":5},"title":"Liga la Javilla se corona campe\u00f3n del torneo municipal U-8 \u201cDo\u00f1a Norma D\u00edaz\u201d","author":"Nelson Feliz","date":"25 de junio de 2025","format":false,"excerpt":"La Liga la Javilla se proclam\u00f3 campe\u00f3n en el torneo municipal U-8 \u201cDo\u00f1a Norma D\u00edaz\u201d copa Seaboard, organizado por Abeprosado. Los representantes de la Javilla se impusieron en la final sobre Susano Baseball Academy con pizarra 7 por 5 en un partido marcado por las emociones, donde amabas escuadras montaron\u2026","rel":"","context":"En \u00abDEPORTES\u00bb","block_context":{"text":"DEPORTES","link":"https:\/\/lasprimeras.com.do\/index.php\/category\/deportes\/"},"img":{"alt_text":"","src":"https:\/\/i0.wp.com\/lasprimeras.com.do\/wp-content\/uploads\/2025\/06\/WhatsApp-Image-2025-06-25-at-1.44.26-PM.jpeg?resize=350%2C200&ssl=1","width":350,"height":200},"classes":[]}],"jetpack_sharing_enabled":true,"_links":{"self":[{"href":"https:\/\/lasprimeras.com.do\/index.php\/wp-json\/wp\/v2\/posts\/88779","targetHints":{"allow":["GET"]}}],"collection":[{"href":"https:\/\/lasprimeras.com.do\/index.php\/wp-json\/wp\/v2\/posts"}],"about":[{"href":"https:\/\/lasprimeras.com.do\/index.php\/wp-json\/wp\/v2\/types\/post"}],"author":[{"embeddable":true,"href":"https:\/\/lasprimeras.com.do\/index.php\/wp-json\/wp\/v2\/users\/2"}],"replies":[{"embeddable":true,"href":"https:\/\/lasprimeras.com.do\/index.php\/wp-json\/wp\/v2\/comments?post=88779"}],"version-history":[{"count":1,"href":"https:\/\/lasprimeras.com.do\/index.php\/wp-json\/wp\/v2\/posts\/88779\/revisions"}],"predecessor-version":[{"id":88781,"href":"https:\/\/lasprimeras.com.do\/index.php\/wp-json\/wp\/v2\/posts\/88779\/revisions\/88781"}],"wp:featuredmedia":[{"embeddable":true,"href":"https:\/\/lasprimeras.com.do\/index.php\/wp-json\/wp\/v2\/media\/88780"}],"wp:attachment":[{"href":"https:\/\/lasprimeras.com.do\/index.php\/wp-json\/wp\/v2\/media?parent=88779"}],"wp:term":[{"taxonomy":"category","embeddable":true,"href":"https:\/\/lasprimeras.com.do\/index.php\/wp-json\/wp\/v2\/categories?post=88779"},{"taxonomy":"post_tag","embeddable":true,"href":"https:\/\/lasprimeras.com.do\/index.php\/wp-json\/wp\/v2\/tags?post=88779"}],"curies":[{"name":"wp","href":"https:\/\/api.w.org\/{rel}","templated":true}]}}