{"id":88811,"date":"2024-09-07T20:42:00","date_gmt":"2024-09-08T00:42:00","guid":{"rendered":"https:\/\/lasprimeras.com.do\/?p=88811"},"modified":"2024-09-07T20:42:06","modified_gmt":"2024-09-08T00:42:06","slug":"vii-premio-de-periodismo-turistico-pasaporte-abierto-2024-galardona-dos-periodistas-rd","status":"publish","type":"post","link":"https:\/\/lasprimeras.com.do\/index.php\/2024\/09\/07\/vii-premio-de-periodismo-turistico-pasaporte-abierto-2024-galardona-dos-periodistas-rd\/","title":{"rendered":"VII Premio de periodismo tur\u00edstico Pasaporte Abierto 2024 galardona dos periodistas RD"},"content":{"rendered":"\n<p>Karla Natasha Alc\u00e1ntara Cruz y Sergio Esteban Cid Solano ganaron en categor\u00edas Relevancia social y Originalidad., adem\u00e1s de las menciones obtenidas por Juan de Dios Valent\u00edn, Albida Segura y Mabel Andreiny Elena, miembros de Adompretur.<\/p>\n\n\n\n<p><strong>BUGA, COLOMBIA.<\/strong> Rep\u00fablica Dominicana obtuvo dos trofeos y dos menciones en la VIII entrega del Premio Internacional de Periodismo Tur\u00edstico Pasaporte Abierto 2024, de la Organizaci\u00f3n Mundial de Periodismo Tur\u00edstico (OMPT), realizada en el Hotel Guadalajara de Buga, Colombia y en la cual el pa\u00eds obtuvo dos primeros lugares:&nbsp; uno en la categor\u00eda Relevancia social, con el reportaje &#8220;Entre desaf\u00edos y potenciales destinos ecol\u00f3gicos, Espaillat explora el turismo comunitario&#8221;, de Karla Natasha Alc\u00e1ntara, del Acento, y en Originalidad, con a Sergio Esteban Cid Solano, e &#8220;El futuro del turismo\u201d, de la revista Forbes (Edici\u00f3n RD).<\/p>\n\n\n\n<p>Ganaron menciones especiales a Juan de Dios Valent\u00edn, por su reportaje &#8220;Luminarias: manos prodigiosas que siguen transformando y hacen brillar al mundo&#8221;; P\u00e1rate ah\u00ed tours, como medio especializado en turismo; y la revista Plus Magazine, que dirige la periodista Mabel Andreiny Elena, una emprendedora del turismo inmobiliario y ambiental, radicada en Sos\u00faa, localidad-destino de Puerto Plata.<\/p>\n\n\n\n<p>Esta premiaci\u00f3n, que, constituy\u00f3 una jornada de honores y valoraci\u00f3n del avance alcanzado profesionalmente por los hombres y mujeres que en el continente latinoamericano hacen pr\u00e1ctica de un periodismo tur\u00edstico profundo, cr\u00edtico, consciente y propositivo para promover e impulsar la industria, sostuvo Yenny Polanco Lovera, presidenta de la Asociaci\u00f3n Dominicana de Periodismo Tur\u00edstico (Adompretur).<\/p>\n\n\n\n<p>Destac\u00f3 el esfuerzo y la dedicaci\u00f3n de Miguel Ledesma, presidente fundador de la OMPT y Kevin Casanova, director general, por hacer de esta edici\u00f3n de Pasaporte Abierto &#8220;una gran celebraci\u00f3n del periodismo turismo que se ejerce con pasi\u00f3n, compromiso y \u00e9tica&#8221;.<\/p>\n\n\n\n<p>Ledesma, presidente fundador de la OMPT; y Kevin Casanova, director general, compartieron dos importantes primicias.<\/p>\n\n\n\n<p>La primera fue la incorporaci\u00f3n de una nueva categor\u00eda, &#8220;Destino Tur\u00edstico Emergente&#8221;, en consonancia con la reci\u00e9n fundada Red Mundial de Destinos Tur\u00edsticos Emergentes.<\/p>\n\n\n\n<p>Inform\u00f3 que para 2025, el Premio Pasaporte Abierto se celebrar\u00e1 entre dos pa\u00edses: San Juan de Pasto, Nari\u00f1o, Colombia; y Ecuador.<\/p>\n\n\n\n<p><strong>Los ganadores<\/strong><\/p>\n\n\n\n<p>Argentina Investigaci\u00f3n period\u00edstica: Diez casas museos. Lares cordobeses. Mariana Otero y Patricia Molaioli; Medio especializado en turismo destacado: Travel; A la trayectoria: Javier Pedernera y el Gran Premio Pasaporte Abierto elegido por el jurado: programa de televisi\u00f3n Viva Misiones.<\/p>\n\n\n\n<p>Brasil: Gran Premio Pasaporte Abierto elegido por el p\u00fablico presente: Campos do Jord\u00e3o y Gran Premio Pasaporte Abierto elegido por el p\u00fablico en redes sociales: Gon\u00e7alves Turismo.<\/p>\n\n\n\n<p>Colombia: Mejor propuesta tur\u00edstica: Programa destinos 90. Universidad Aut\u00f3noma de Occidente y Destino tur\u00edstico responsable: Cartagena de Indias.<\/p>\n\n\n\n<p>Cuba: Reconocimiento de los otros: dominicanos de talla baja: \u00bfC\u00f3mo vacacionar en un entorno poco inclusivo? Adri\u00e1n R. Morales Gonz\u00e1lez y Evento del a\u00f1o: Festival del Caribe.<\/p>\n\n\n\n<p>M\u00e9xico: Emprendedores tur\u00edsticos comprometidos: Luis Fernando Esquerra, Primer Gu\u00eda de turistas con discapacidad en M\u00e9xico, Ciudad capital San Luis Potos\u00ed y Organismo colaborador: Universidad Aut\u00f3noma de Nuevo Le\u00f3n.<\/p>\n\n\n\n<p>Panam\u00e1: Trabajo en equipo: C\u00e1mara de Comercio del Valle de Ant\u00f3n.<\/p>\n\n\n\n<p>Rep\u00fablica Dominicana: Relevancia social: Entre desaf\u00edos y potenciales destinos ecol\u00f3gicos, Espaillat explora el turismo comunitario. Karla Natasha Alc\u00e1ntara Cruz y Originalidad: El futuro del turismo. Sergio Esteban Cid Solano.<\/p>\n\n\n\n<p><strong>Reconocimientos especiales<\/strong><\/p>\n\n\n\n<p>Argentina: La guitarra criolla, su historia, sus personajes y su magia. Cachap\u00e9 viajero y El placer de viajar. Argentina<\/p>\n\n\n\n<p>Colombia: Linking worlds \u2013 vinculando mundos. Luz Stella Pemberthy Gallo. Mar\u00eda Fernanda Moreno Prado. Yenni Ang\u00e9lica Conde Cardona. Carlos Augusto Andrade Erazo. Juan David Camayo Guzm\u00e1n y Mauricio Andr\u00e9s Manrique. Colombia<\/p>\n\n\n\n<p><strong>Ecuador: David Lozano. Ecuador<\/strong><\/p>\n\n\n\n<p>Panam\u00e1: Panam\u00e1 posee el \u00fanico caf\u00e9 en el mundo con el nombre Coca Cola. Izela Yleana Noriega Gonz\u00e1lez. Panam\u00e1 y Visi\u00f3n cooperativa TV. Panam\u00e1<\/p>\n\n\n\n<p>Per\u00fa: Leticia, el barrio tur\u00edstico del Cerro San Crist\u00f3bal. Eric Barrantes. Per\u00fa<\/p>\n\n\n\n<p>Rep\u00fablica Dominicana: Luminarias: manos prodigiosas que siguen transformando y hacen brillar al mundo. Juan de Dios Valent\u00edn. Rep\u00fablica Dominicana; P\u00e1rate ah\u00ed. Tours. Rep\u00fablica Dominicana y Revista Plus Magazine. Rep\u00fablica Dominicana.<\/p>\n","protected":false},"excerpt":{"rendered":"<p>Karla Natasha Alc\u00e1ntara Cruz y Sergio Esteban Cid Solano ganaron en categor\u00edas Relevancia social y Originalidad., adem\u00e1s de las menciones obtenidas por Juan de Dios Valent\u00edn, Albida Segura y Mabel&hellip;<\/p>\n","protected":false},"author":2,"featured_media":88812,"comment_status":"open","ping_status":"open","sticky":false,"template":"","format":"standard","meta":{"content-type":"","jetpack_post_was_ever_published":false,"_jetpack_newsletter_access":"","_jetpack_dont_email_post_to_subs":false,"_jetpack_newsletter_tier_id":0,"_jetpack_memberships_contains_paywalled_content":false,"_jetpack_memberships_contains_paid_content":false,"footnotes":""},"categories":[84],"tags":[15293,15292,8229,89,4268,15291],"class_list":["post-88811","post","type-post","status-publish","format-standard","has-post-thumbnail","hentry","category-entretenimiento","tag-galardona","tag-pasaporte-abierto-2024","tag-periodismo","tag-periodistas","tag-turistico","tag-vii-premio"],"jetpack_featured_media_url":"https:\/\/lasprimeras.com.do\/wp-content\/uploads\/2024\/09\/Todos-los-ganadores-de-Pasaporte-Abierto-2024-copia.jpg","jetpack-related-posts":[{"id":90555,"url":"https:\/\/lasprimeras.com.do\/index.php\/2024\/10\/23\/periodista-ivonne-ferreras-de-panorama-gana-gran-premio-epifanio-lantigua-2024\/","url_meta":{"origin":88811,"position":0},"title":"Periodista Ivonne Ferreras de Panorama gana Gran Premio Epifanio Lantigua 2024","author":"Nelson Feliz","date":"23 de octubre de 2024","format":false,"excerpt":"La Asociaci\u00f3n Dominicana de Prensa Tur\u00edstica (Adompretur) celebr\u00f3 este martes con rotundo \u00e9xito la XX edici\u00f3n del Premio Nacional de Periodismo Tur\u00edstico Epifanio Lantigua 2024 (PEL), en la cual result\u00f3 ganadora en la categor\u00eda Impresa y se alz\u00f3 con el Gran Premio, la periodista Ivonne Ferreras de Grupo de Medios\u2026","rel":"","context":"En \u00abENTRETENIMIENTO\u00bb","block_context":{"text":"ENTRETENIMIENTO","link":"https:\/\/lasprimeras.com.do\/index.php\/category\/entretenimiento\/"},"img":{"alt_text":"","src":"https:\/\/i0.wp.com\/lasprimeras.com.do\/wp-content\/uploads\/2024\/10\/Ivonne-Ferreras.jpg?resize=350%2C200&ssl=1","width":350,"height":200,"srcset":"https:\/\/i0.wp.com\/lasprimeras.com.do\/wp-content\/uploads\/2024\/10\/Ivonne-Ferreras.jpg?resize=350%2C200&ssl=1 1x, https:\/\/i0.wp.com\/lasprimeras.com.do\/wp-content\/uploads\/2024\/10\/Ivonne-Ferreras.jpg?resize=525%2C300&ssl=1 1.5x, https:\/\/i0.wp.com\/lasprimeras.com.do\/wp-content\/uploads\/2024\/10\/Ivonne-Ferreras.jpg?resize=700%2C400&ssl=1 2x"},"classes":[]},{"id":95839,"url":"https:\/\/lasprimeras.com.do\/index.php\/2025\/03\/20\/periodista-cristal-acevedo-gana-premio-nacional-de-periodismo-de-datos\/","url_meta":{"origin":88811,"position":1},"title":"Periodista Cristal Acevedo gana Premio Nacional de Periodismo de Datos","author":"Nelson Feliz","date":"20 de marzo de 2025","format":false,"excerpt":"La periodista Cristal Acevedo gan\u00f3 este jueves el primer lugar del Premio Nacional de Periodismo de Datos, que entrega la Direcci\u00f3n General de \u00c9tica e Integridad Gubernamental (Digeig). Acevedo obtuvo el galard\u00f3n por el reportaje \"Avances en niveles de transparencia gubernamental, a partir del compromiso con datos abiertos y libre\u2026","rel":"","context":"En \u00abNACIONALES\u00bb","block_context":{"text":"NACIONALES","link":"https:\/\/lasprimeras.com.do\/index.php\/category\/nacionales\/"},"img":{"alt_text":"Cristal Acevedo","src":"https:\/\/i0.wp.com\/lasprimeras.com.do\/wp-content\/uploads\/2025\/03\/Cristal-Acevedo.jpg?resize=350%2C200&ssl=1","width":350,"height":200,"srcset":"https:\/\/i0.wp.com\/lasprimeras.com.do\/wp-content\/uploads\/2025\/03\/Cristal-Acevedo.jpg?resize=350%2C200&ssl=1 1x, https:\/\/i0.wp.com\/lasprimeras.com.do\/wp-content\/uploads\/2025\/03\/Cristal-Acevedo.jpg?resize=525%2C300&ssl=1 1.5x, https:\/\/i0.wp.com\/lasprimeras.com.do\/wp-content\/uploads\/2025\/03\/Cristal-Acevedo.jpg?resize=700%2C400&ssl=1 2x"},"classes":[]},{"id":113237,"url":"https:\/\/lasprimeras.com.do\/index.php\/2025\/10\/30\/karina-jimenez-gana-premio-periodismo-turistico-epifanio-lantigua\/","url_meta":{"origin":88811,"position":2},"title":"Karina Jim\u00e9nez gana premio Periodismo Tur\u00edstico Epifanio Lantigua","author":"Nelson Feliz","date":"30 de octubre de 2025","format":false,"excerpt":"Gan\u00f3 en la categor\u00eda Periodismo Impreso La periodista Karina Jim\u00e9nez fue reconocida la noche de este martes en la XXI edici\u00f3n del Premio Nacional de Periodismo Tur\u00edstico Epifanio Lantigua (PEL 2025), que organiza anualmente la Asociaci\u00f3n Dominicana de Prensa Tur\u00edstica (Adompretur), por su trabajo titulado \u201cUn baile con sabor a\u2026","rel":"","context":"En \u00abTURISMO\u00bb","block_context":{"text":"TURISMO","link":"https:\/\/lasprimeras.com.do\/index.php\/category\/turismo\/"},"img":{"alt_text":"","src":"https:\/\/i0.wp.com\/lasprimeras.com.do\/wp-content\/uploads\/2025\/10\/Karina-Jimenez.jpg?resize=350%2C200&ssl=1","width":350,"height":200,"srcset":"https:\/\/i0.wp.com\/lasprimeras.com.do\/wp-content\/uploads\/2025\/10\/Karina-Jimenez.jpg?resize=350%2C200&ssl=1 1x, https:\/\/i0.wp.com\/lasprimeras.com.do\/wp-content\/uploads\/2025\/10\/Karina-Jimenez.jpg?resize=525%2C300&ssl=1 1.5x, https:\/\/i0.wp.com\/lasprimeras.com.do\/wp-content\/uploads\/2025\/10\/Karina-Jimenez.jpg?resize=700%2C400&ssl=1 2x"},"classes":[]},{"id":80114,"url":"https:\/\/lasprimeras.com.do\/index.php\/2024\/04\/04\/premio-nacional-de-periodismo-es-otorgado-a-manuel-quiroz\/","url_meta":{"origin":88811,"position":3},"title":"Premio Nacional de Periodismo es otorgado a Manuel Quiroz","author":"BIMARY DE JES\u00daS Matos","date":"4 de abril de 2024","format":false,"excerpt":"Santo Domingo.-El Ministerio de Educaci\u00f3n de Rep\u00fablica Dominicana (Minerd) y el Colegio Dominicano de Periodistas (CDP) escogieron al periodista Manuel Antonio Quiroz Cepeda como Premio Nacional de Periodismo 2024. Quiroz, que tiene m\u00e1s de 50 de a\u00f1os de ejercicio profesional, es director de SIN y exdirector de elCaribe, manifest\u00f3 su\u2026","rel":"","context":"En \u00abPORTADA\u00bb","block_context":{"text":"PORTADA","link":"https:\/\/lasprimeras.com.do\/index.php\/category\/portada\/"},"img":{"alt_text":"","src":"https:\/\/i0.wp.com\/lasprimeras.com.do\/wp-content\/uploads\/2024\/04\/manuel-antonio-quiroz.jpg?resize=350%2C200&ssl=1","width":350,"height":200},"classes":[]},{"id":88347,"url":"https:\/\/lasprimeras.com.do\/index.php\/2024\/08\/26\/ogtic-gana-5-estatuillas-en-premios-latam-digital-2024-en-la-categoria-gobierno-digital\/","url_meta":{"origin":88811,"position":4},"title":"OGTIC gana 5 estatuillas en &#8220;Premios LATAM Digital 2024&#8221; en la categor\u00eda Gobierno Digital","author":"Nelson Feliz","date":"26 de agosto de 2024","format":false,"excerpt":"Rep\u00fablica Dominicana es el pa\u00eds invitado de honor a los 11 Premios #LatamDigital 2023-2024 by Interlat, un reconocimiento a su compromiso con la innovaci\u00f3n, transformaci\u00f3n e inclusi\u00f3n digital. La Oficina Gubernamental de Tecnolog\u00edas de la Informaci\u00f3n y Comunicaci\u00f3n (OGTIC), result\u00f3 ser ganadora de 5 estatuillas en la categor\u00eda Gobierno Digital,\u2026","rel":"","context":"En \u00abPORTADA\u00bb","block_context":{"text":"PORTADA","link":"https:\/\/lasprimeras.com.do\/index.php\/category\/portada\/"},"img":{"alt_text":"OGTIC","src":"https:\/\/i0.wp.com\/lasprimeras.com.do\/wp-content\/uploads\/2024\/08\/ogtic-1.jpg?resize=350%2C200&ssl=1","width":350,"height":200,"srcset":"https:\/\/i0.wp.com\/lasprimeras.com.do\/wp-content\/uploads\/2024\/08\/ogtic-1.jpg?resize=350%2C200&ssl=1 1x, https:\/\/i0.wp.com\/lasprimeras.com.do\/wp-content\/uploads\/2024\/08\/ogtic-1.jpg?resize=525%2C300&ssl=1 1.5x, https:\/\/i0.wp.com\/lasprimeras.com.do\/wp-content\/uploads\/2024\/08\/ogtic-1.jpg?resize=700%2C400&ssl=1 2x"},"classes":[]},{"id":112734,"url":"https:\/\/lasprimeras.com.do\/index.php\/2025\/10\/27\/premio-pel-2025-celebrara-el-martes-el-periodismo-turistico-dominicano\/","url_meta":{"origin":88811,"position":5},"title":"Premio PEL 2025 celebrar\u00e1 el martes el periodismo tur\u00edstico dominicano","author":"Nelson Feliz","date":"27 de octubre de 2025","format":false,"excerpt":"M\u00e1s de 50 periodistas y comunicadores compiten en las diferentes categor\u00edas de este galard\u00f3n de Adompretur, que ser\u00e1 entregado el martes 28 de octubre. Todo est\u00e1 preparado para la entrega del Premio Nacional de Periodismo Tur\u00edstico Epifanio Lantigua (PEL) 2025, el reconocimiento m\u00e1s importante del periodismo tur\u00edstico dominicano. La gala\u2026","rel":"","context":"En \u00abTURISMO\u00bb","block_context":{"text":"TURISMO","link":"https:\/\/lasprimeras.com.do\/index.php\/category\/turismo\/"},"img":{"alt_text":"","src":"https:\/\/i0.wp.com\/lasprimeras.com.do\/wp-content\/uploads\/2025\/08\/Sarah-Hernandez.jpg?resize=350%2C200&ssl=1","width":350,"height":200,"srcset":"https:\/\/i0.wp.com\/lasprimeras.com.do\/wp-content\/uploads\/2025\/08\/Sarah-Hernandez.jpg?resize=350%2C200&ssl=1 1x, https:\/\/i0.wp.com\/lasprimeras.com.do\/wp-content\/uploads\/2025\/08\/Sarah-Hernandez.jpg?resize=525%2C300&ssl=1 1.5x, https:\/\/i0.wp.com\/lasprimeras.com.do\/wp-content\/uploads\/2025\/08\/Sarah-Hernandez.jpg?resize=700%2C400&ssl=1 2x"},"classes":[]}],"jetpack_sharing_enabled":true,"_links":{"self":[{"href":"https:\/\/lasprimeras.com.do\/index.php\/wp-json\/wp\/v2\/posts\/88811","targetHints":{"allow":["GET"]}}],"collection":[{"href":"https:\/\/lasprimeras.com.do\/index.php\/wp-json\/wp\/v2\/posts"}],"about":[{"href":"https:\/\/lasprimeras.com.do\/index.php\/wp-json\/wp\/v2\/types\/post"}],"author":[{"embeddable":true,"href":"https:\/\/lasprimeras.com.do\/index.php\/wp-json\/wp\/v2\/users\/2"}],"replies":[{"embeddable":true,"href":"https:\/\/lasprimeras.com.do\/index.php\/wp-json\/wp\/v2\/comments?post=88811"}],"version-history":[{"count":2,"href":"https:\/\/lasprimeras.com.do\/index.php\/wp-json\/wp\/v2\/posts\/88811\/revisions"}],"predecessor-version":[{"id":88814,"href":"https:\/\/lasprimeras.com.do\/index.php\/wp-json\/wp\/v2\/posts\/88811\/revisions\/88814"}],"wp:featuredmedia":[{"embeddable":true,"href":"https:\/\/lasprimeras.com.do\/index.php\/wp-json\/wp\/v2\/media\/88812"}],"wp:attachment":[{"href":"https:\/\/lasprimeras.com.do\/index.php\/wp-json\/wp\/v2\/media?parent=88811"}],"wp:term":[{"taxonomy":"category","embeddable":true,"href":"https:\/\/lasprimeras.com.do\/index.php\/wp-json\/wp\/v2\/categories?post=88811"},{"taxonomy":"post_tag","embeddable":true,"href":"https:\/\/lasprimeras.com.do\/index.php\/wp-json\/wp\/v2\/tags?post=88811"}],"curies":[{"name":"wp","href":"https:\/\/api.w.org\/{rel}","templated":true}]}}