{"id":88834,"date":"2024-09-08T14:06:20","date_gmt":"2024-09-08T18:06:20","guid":{"rendered":"https:\/\/lasprimeras.com.do\/?p=88834"},"modified":"2024-09-08T14:06:21","modified_gmt":"2024-09-08T18:06:21","slug":"oea-acusa-a-maduro-de-forzar-el-exilio-del-opositor-venezolano-edmundo-gonzalez-urrutia","status":"publish","type":"post","link":"https:\/\/lasprimeras.com.do\/index.php\/2024\/09\/08\/oea-acusa-a-maduro-de-forzar-el-exilio-del-opositor-venezolano-edmundo-gonzalez-urrutia\/","title":{"rendered":"OEA acusa a Maduro de forzar el exilio del opositor venezolano Edmundo Gonz\u00e1lez Urrutia"},"content":{"rendered":"\n<p>Washington, (EFE).- La Organizaci\u00f3n de los Estados Americanos (OEA) acus\u00f3 este domingo al &#8220;r\u00e9gimen autoritario&#8221; venezolano de haber &#8220;forzado el exilio&#8221; del opositor Edmundo Gonz\u00e1lez Urrutia, al que el organismo considera el ganador de las elecciones presidenciales que se celebraron en el pa\u00eds suramericano el pasado 28 de julio.<\/p>\n\n\n\n<p>&#8220;El r\u00e9gimen no solo ha fallado en producir la menor evidencia del resultado electoral (\u2026), sino que ha forzado el exilio del candidato Edmundo Gonz\u00e1lez&#8221;, quien &#8220;indudablemente&#8221; gan\u00f3 las pasadas elecciones, se\u00f1al\u00f3 la Secretar\u00eda General de la OEA en un comunicado.<\/p>\n\n\n\n<p>La OEA tacha en su declaraci\u00f3n de &#8220;no fundamentadas&#8221; las citaciones emitidas por la Fiscal\u00eda venezolana contra Gonz\u00e1lez Urrutia y de &#8220;condenable y repudiable&#8221; la acci\u00f3n del &#8220;r\u00e9gimen&#8221; de Nicol\u00e1s Maduro.<\/p>\n\n\n\n<p>Gonz\u00e1lez Urrutia lleg\u00f3 este domingo a Espa\u00f1a, donde el Gobierno le conceder\u00e1 asilo, despu\u00e9s de refugiarse un tiempo en la residencia de la embajada espa\u00f1ola en Caracas y tambi\u00e9n en otra legaci\u00f3n europea, la neerlandesa, y evitar ser detenido en su pa\u00eds.<\/p>\n\n\n\n<p>La justicia de Venezuela hab\u00eda ordenado la detenci\u00f3n del opositor despu\u00e9s de que desatendiera tres citaciones de la Fiscal\u00eda, que lo acusa de varios delitos por la publicaci\u00f3n de actas de votaci\u00f3n en internet que le dar\u00edan el triunfo a \u00e9l en las elecciones presidenciales del pasado 28 de julio.<\/p>\n\n\n\n<p>El Consejo Nacional Electoral, primero, y el Tribunal Supremo, despu\u00e9s, avalaron el triunfo del presidente venezolano, Nicol\u00e1s Maduro, en los comicios de julio, mientras que la oposici\u00f3n denunci\u00f3 un &#8220;gran fraude electoral&#8221; y defiende una clara victoria de Gonz\u00e1lez Urrutia.<\/p>\n\n\n\n<p>La OEA record\u00f3 en el comunicado que &#8220;todo ha sido conforme se esperaba de ellos&#8221; , despu\u00e9s de que hace unos d\u00edas esta organizaci\u00f3n internacional panamericanista dijera que &#8220;era rid\u00edculo que se hubiera esperado elecciones libres, justas y transparentes de ese Consejo Nacional Electoral (CNE)&#8221;.<\/p>\n\n\n\n<p>De igual manera, contin\u00faa la OEA, resulta &#8220;rid\u00edculo&#8221; esperar justicia del sistema judicial venezolano.<\/p>\n\n\n\n<p>En esta situaci\u00f3n, prosigue la OEA, Gonz\u00e1lez Urrutia &#8220;hizo solamente lo que correspond\u00eda&#8221;, ya que Venezuela &#8220;no necesita ni una v\u00edctima m\u00e1s de violaciones sistem\u00e1ticas de derechos humanos&#8221;.<\/p>\n\n\n\n<p>Asegur\u00f3 la OEA que este &#8220;proceso electoral no ha terminado&#8221; y que &#8220;debemos seguir trabajando para que el verdadero ganador de las elecciones del pasado 28 de julio asuma la Presidencia de la Rep\u00fablica Bolivariana de Venezuela&#8221; en enero de 2025.<\/p>\n\n\n\n<p>La l\u00edder opositora de Venezuela Mar\u00eda Corina Machado afirm\u00f3 este domingo que seguir\u00e1 luchando desde Venezuela mientras que el candidato del antichavismo, Gonz\u00e1lez Urrutia, lo har\u00e1 &#8220;desde afuera&#8221;.<\/p>\n\n\n\n<p>&#8220;Que esto quede muy claro a todos: Edmundo luchar\u00e1 desde afuera junto a nuestra di\u00e1spora y yo lo seguir\u00e9 haciendo aqu\u00ed, junto a ustedes&#8221;, dijo Machado a trav\u00e9s de X.<\/p>\n\n\n\n<p>El opositor venezolano y expresidente interino Juan Guaid\u00f3, exiliado en EE.UU., celebr\u00f3 tambi\u00e9n este domingo que &#8220;el presidente electo por los venezolanos&#8221; Edmundo Gonz\u00e1lez Urrutia, reci\u00e9n llegado a Espa\u00f1a, est\u00e9 &#8220;seguro&#8221;.<\/p>\n\n\n\n<p>El excandidato presidencial venezolano de la Plataforma Unitaria Democr\u00e1tica (PUD) viaj\u00f3 este domingo a Madrid acompa\u00f1ado de su esposa, Mercedes de Gonz\u00e1lez, tras volar en un avi\u00f3n de las Fuerzas A\u00e9reas espa\u00f1olas, seg\u00fan confirm\u00f3 el ministerio espa\u00f1ol de Asuntos Exteriores.<\/p>\n\n\n\n<p>El alto representante de la Uni\u00f3n Europea para Asuntos Exteriores, Josep Borrell, dijo que el l\u00edder de la PUD &#8220;ha tenido que pedir asilo pol\u00edtico&#8221; ante &#8220;la represi\u00f3n, persecuci\u00f3n pol\u00edtica y amenazas directas contra su seguridad y libertad&#8221;.<\/p>\n\n\n\n<p>Agencia EFE<\/p>\n","protected":false},"excerpt":{"rendered":"<p>Washington, (EFE).- La Organizaci\u00f3n de los Estados Americanos (OEA) acus\u00f3 este domingo al &#8220;r\u00e9gimen autoritario&#8221; venezolano de haber &#8220;forzado el exilio&#8221; del opositor Edmundo Gonz\u00e1lez Urrutia, al que el organismo&hellip;<\/p>\n","protected":false},"author":2,"featured_media":88835,"comment_status":"open","ping_status":"open","sticky":false,"template":"","format":"standard","meta":{"content-type":"","jetpack_post_was_ever_published":false,"_jetpack_newsletter_access":"","_jetpack_dont_email_post_to_subs":false,"_jetpack_newsletter_tier_id":0,"_jetpack_memberships_contains_paywalled_content":false,"_jetpack_memberships_contains_paid_content":false,"footnotes":""},"categories":[1],"tags":[15299,1604,3583,3548,3251],"class_list":["post-88834","post","type-post","status-publish","format-standard","has-post-thumbnail","hentry","category-sin-categoria","tag-exilio","tag-nicolas-maduro","tag-oea","tag-opositor","tag-venezolano"],"jetpack_featured_media_url":"https:\/\/lasprimeras.com.do\/wp-content\/uploads\/2024\/09\/ANTONIO-GUTERRES.jpg","jetpack-related-posts":[{"id":92335,"url":"https:\/\/lasprimeras.com.do\/index.php\/2025\/01\/02\/el-opositor-venezolano-edmundo-gonzalez-urrutia-viaja-a-argentina\/","url_meta":{"origin":88834,"position":0},"title":"El opositor venezolano Edmundo Gonz\u00e1lez Urrutia viaja a Argentina","author":"Nelson Feliz","date":"2 de enero de 2025","format":false,"excerpt":"Gonz\u00e1lez se exili\u00f3 en Espa\u00f1a en septiembre y ha prometido volver a su pa\u00eds para \"tomar posesi\u00f3n\" el 10 de enero en lugar de Maduro. Buenos Aires, AFP, Europa Press, EFE - El opositor venezolano Edmundo Gonz\u00e1lez Urrutia, quien reclama el triunfo sobre el presidente Nicol\u00e1s Maduro en las elecciones\u2026","rel":"","context":"En \u00abINTERNACIONALES\u00bb","block_context":{"text":"INTERNACIONALES","link":"https:\/\/lasprimeras.com.do\/index.php\/category\/sin-categoria\/internacionales\/"},"img":{"alt_text":"Edmundo Gonz\u00e1lez Urrutia","src":"https:\/\/i0.wp.com\/lasprimeras.com.do\/wp-content\/uploads\/2025\/01\/Edmundo-Gonzalez-Urrutia.jpg?resize=350%2C200&ssl=1","width":350,"height":200,"srcset":"https:\/\/i0.wp.com\/lasprimeras.com.do\/wp-content\/uploads\/2025\/01\/Edmundo-Gonzalez-Urrutia.jpg?resize=350%2C200&ssl=1 1x, https:\/\/i0.wp.com\/lasprimeras.com.do\/wp-content\/uploads\/2025\/01\/Edmundo-Gonzalez-Urrutia.jpg?resize=525%2C300&ssl=1 1.5x, https:\/\/i0.wp.com\/lasprimeras.com.do\/wp-content\/uploads\/2025\/01\/Edmundo-Gonzalez-Urrutia.jpg?resize=700%2C400&ssl=1 2x"},"classes":[]},{"id":92597,"url":"https:\/\/lasprimeras.com.do\/index.php\/2025\/01\/08\/edmundo-gonzalez-urrutia-arriba-suelo-dominicano-por-el-aila\/","url_meta":{"origin":88834,"position":1},"title":"Edmundo Gonz\u00e1lez Urrutia arriba suelo dominicano por el AILA","author":"Nelson Feliz","date":"8 de enero de 2025","format":false,"excerpt":"Urrutia sostendr\u00e1 una audiencia privada con el presidente Luis Abinader. El opositor venezolano Edmundo Gonz\u00e1lez Urrutia, quien asegura haber ganado las elecciones presidenciales celebradas en su pa\u00eds el 28 de julio pasado, lleg\u00f3 a Rep\u00fablica Dominicana la noche de este mi\u00e9rcoles para sostener ma\u00f1ana jueves un encuentro con el presidente\u2026","rel":"","context":"En \u00abNACIONALES\u00bb","block_context":{"text":"NACIONALES","link":"https:\/\/lasprimeras.com.do\/index.php\/category\/nacionales\/"},"img":{"alt_text":"","src":"https:\/\/i0.wp.com\/lasprimeras.com.do\/wp-content\/uploads\/2025\/01\/Edmundo-Gonzalez-Urrutia-1.jpg?resize=350%2C200&ssl=1","width":350,"height":200,"srcset":"https:\/\/i0.wp.com\/lasprimeras.com.do\/wp-content\/uploads\/2025\/01\/Edmundo-Gonzalez-Urrutia-1.jpg?resize=350%2C200&ssl=1 1x, https:\/\/i0.wp.com\/lasprimeras.com.do\/wp-content\/uploads\/2025\/01\/Edmundo-Gonzalez-Urrutia-1.jpg?resize=525%2C300&ssl=1 1.5x, https:\/\/i0.wp.com\/lasprimeras.com.do\/wp-content\/uploads\/2025\/01\/Edmundo-Gonzalez-Urrutia-1.jpg?resize=700%2C400&ssl=1 2x"},"classes":[]},{"id":92459,"url":"https:\/\/lasprimeras.com.do\/index.php\/2025\/01\/04\/edmundo-gonzalez-es-reconocido-por-eeuu-como-vencedor-electoral-emprende-gira-internacional\/","url_meta":{"origin":88834,"position":2},"title":"Edmundo Gonz\u00e1lez es reconocido por EEUU como vencedor electoral emprende gira internacional","author":"Nelson Feliz","date":"4 de enero de 2025","format":false,"excerpt":"BUENOS AIRES (AP) \u2014 El excandidato opositor venezolano Edmundo Gonz\u00e1lez, quien reclama ser ganador de las elecciones ante Nicol\u00e1s Maduro y es reconocido por algunos pa\u00edses como leg\u00edtimo presidente electo de Venezuela, inici\u00f3 una gira internacional que lo llevar\u00e1 a Estados Unidos antes de la toma de posesi\u00f3n del nuevo\u2026","rel":"","context":"En \u00abINTERNACIONALES\u00bb","block_context":{"text":"INTERNACIONALES","link":"https:\/\/lasprimeras.com.do\/index.php\/category\/sin-categoria\/internacionales\/"},"img":{"alt_text":"","src":"https:\/\/i0.wp.com\/lasprimeras.com.do\/wp-content\/uploads\/2025\/01\/edmundo-gonzalez-es-reconocido-por-eeuu-como-vencedor-electoral-emprende-gira-internacional.jpg?resize=350%2C200&ssl=1","width":350,"height":200,"srcset":"https:\/\/i0.wp.com\/lasprimeras.com.do\/wp-content\/uploads\/2025\/01\/edmundo-gonzalez-es-reconocido-por-eeuu-como-vencedor-electoral-emprende-gira-internacional.jpg?resize=350%2C200&ssl=1 1x, https:\/\/i0.wp.com\/lasprimeras.com.do\/wp-content\/uploads\/2025\/01\/edmundo-gonzalez-es-reconocido-por-eeuu-como-vencedor-electoral-emprende-gira-internacional.jpg?resize=525%2C300&ssl=1 1.5x, https:\/\/i0.wp.com\/lasprimeras.com.do\/wp-content\/uploads\/2025\/01\/edmundo-gonzalez-es-reconocido-por-eeuu-como-vencedor-electoral-emprende-gira-internacional.jpg?resize=700%2C400&ssl=1 2x"},"classes":[]},{"id":86572,"url":"https:\/\/lasprimeras.com.do\/index.php\/2024\/07\/28\/edmundo-gonzalez-inesperado-candidato-opositor-que-pretende-sacar-a-maduro-del-poder-en-venezuela\/","url_meta":{"origin":88834,"position":3},"title":"Edmundo Gonz\u00e1lez, inesperado candidato opositor que pretende sacar a Maduro del poder en Venezuela","author":"Nelson Feliz","date":"28 de julio de 2024","format":false,"excerpt":"BY JORGE RUEDA CARACAS (AP) \u2014 Apenas tres meses antes de la fecha prevista para las elecciones de Venezuela, Edmundo Gonz\u00e1lez Urrutia recibi\u00f3 una encomienda que jam\u00e1s busc\u00f3: ser el candidato de la principal coalici\u00f3n opositora que pretender sacar a Nicol\u00e1s Maduro del poder, tras 25 a\u00f1os de gobiernos socialistas.\u2026","rel":"","context":"En \u00abPORTADA\u00bb","block_context":{"text":"PORTADA","link":"https:\/\/lasprimeras.com.do\/index.php\/category\/portada\/"},"img":{"alt_text":"","src":"https:\/\/i0.wp.com\/lasprimeras.com.do\/wp-content\/uploads\/2024\/07\/Edmundo-Gonzalez-Urrutia-1.png?resize=350%2C200&ssl=1","width":350,"height":200,"srcset":"https:\/\/i0.wp.com\/lasprimeras.com.do\/wp-content\/uploads\/2024\/07\/Edmundo-Gonzalez-Urrutia-1.png?resize=350%2C200&ssl=1 1x, https:\/\/i0.wp.com\/lasprimeras.com.do\/wp-content\/uploads\/2024\/07\/Edmundo-Gonzalez-Urrutia-1.png?resize=525%2C300&ssl=1 1.5x, https:\/\/i0.wp.com\/lasprimeras.com.do\/wp-content\/uploads\/2024\/07\/Edmundo-Gonzalez-Urrutia-1.png?resize=700%2C400&ssl=1 2x"},"classes":[]},{"id":95692,"url":"https:\/\/lasprimeras.com.do\/index.php\/2025\/03\/18\/machado-y-gonzalez-urrutia-piden-que-no-se-criminalice-a-los-migrantes-venezolanos\/","url_meta":{"origin":88834,"position":4},"title":"Machado y Gonz\u00e1lez Urrutia piden que no se criminalice a los migrantes venezolanos","author":"Nelson Feliz","date":"18 de marzo de 2025","format":false,"excerpt":"Mar\u00eda Corina Machado y Edmundo Gonz\u00e1lez Urrutia respaldaron los esfuerzos de Estados Unidos y otros pa\u00edses para combatir al Tren de Aragua. Los opositores venezolanos Mar\u00eda Corina Machado y Edmundo Gonz\u00e1lez Urrutia instaron este lunes a evitar la \u201cinjusta criminalizaci\u00f3n\u201d de los migrantes de su pa\u00eds, tras la decisi\u00f3n del\u2026","rel":"","context":"En \u00abINTERNACIONALES\u00bb","block_context":{"text":"INTERNACIONALES","link":"https:\/\/lasprimeras.com.do\/index.php\/category\/sin-categoria\/internacionales\/"},"img":{"alt_text":"Mar\u00eda Corina Machado y Edmundo Gonz\u00e1lez Urrutia","src":"https:\/\/i0.wp.com\/lasprimeras.com.do\/wp-content\/uploads\/2025\/03\/Maria-Corina-Machado-y-Edmundo-Gonzalez-Urrutia.png?resize=350%2C200&ssl=1","width":350,"height":200,"srcset":"https:\/\/i0.wp.com\/lasprimeras.com.do\/wp-content\/uploads\/2025\/03\/Maria-Corina-Machado-y-Edmundo-Gonzalez-Urrutia.png?resize=350%2C200&ssl=1 1x, https:\/\/i0.wp.com\/lasprimeras.com.do\/wp-content\/uploads\/2025\/03\/Maria-Corina-Machado-y-Edmundo-Gonzalez-Urrutia.png?resize=525%2C300&ssl=1 1.5x, https:\/\/i0.wp.com\/lasprimeras.com.do\/wp-content\/uploads\/2025\/03\/Maria-Corina-Machado-y-Edmundo-Gonzalez-Urrutia.png?resize=700%2C400&ssl=1 2x"},"classes":[]},{"id":118745,"url":"https:\/\/lasprimeras.com.do\/index.php\/2026\/01\/03\/situacion-en-venezuela-albares-se-reune-con-opositor-edmundo-gonzalez\/","url_meta":{"origin":88834,"position":5},"title":"Situaci\u00f3n en Venezuela: Albares se re\u00fane con opositor Edmundo Gonz\u00e1lez","author":"Nelson Feliz","date":"3 de enero de 2026","format":false,"excerpt":"Albares y Edmundo Gonzal\u00e9z tambi\u00e9n abordaron la situaci\u00f3n de los venezolanos en Espa\u00f1a y de la colonia espa\u00f1ola en Venezuela. Madrid,(EFE).- El ministro espa\u00f1ol de Asuntos Exteriores, Jos\u00e9 Manuel Albares, habl\u00f3 este s\u00e1bado con el l\u00edder opositor venezolano, Edmundo Gonz\u00e1lez, exiliado en Madrid desde 2024, y abordaron la situaci\u00f3n en\u2026","rel":"","context":"En \u00abINTERNACIONALES\u00bb","block_context":{"text":"INTERNACIONALES","link":"https:\/\/lasprimeras.com.do\/index.php\/category\/sin-categoria\/internacionales\/"},"img":{"alt_text":"Jos\u00e9 Manuel Albares","src":"https:\/\/i0.wp.com\/lasprimeras.com.do\/wp-content\/uploads\/2026\/01\/Jose-Manuel-Albares.jpg?resize=350%2C200&ssl=1","width":350,"height":200,"srcset":"https:\/\/i0.wp.com\/lasprimeras.com.do\/wp-content\/uploads\/2026\/01\/Jose-Manuel-Albares.jpg?resize=350%2C200&ssl=1 1x, https:\/\/i0.wp.com\/lasprimeras.com.do\/wp-content\/uploads\/2026\/01\/Jose-Manuel-Albares.jpg?resize=525%2C300&ssl=1 1.5x, https:\/\/i0.wp.com\/lasprimeras.com.do\/wp-content\/uploads\/2026\/01\/Jose-Manuel-Albares.jpg?resize=700%2C400&ssl=1 2x"},"classes":[]}],"jetpack_sharing_enabled":true,"_links":{"self":[{"href":"https:\/\/lasprimeras.com.do\/index.php\/wp-json\/wp\/v2\/posts\/88834","targetHints":{"allow":["GET"]}}],"collection":[{"href":"https:\/\/lasprimeras.com.do\/index.php\/wp-json\/wp\/v2\/posts"}],"about":[{"href":"https:\/\/lasprimeras.com.do\/index.php\/wp-json\/wp\/v2\/types\/post"}],"author":[{"embeddable":true,"href":"https:\/\/lasprimeras.com.do\/index.php\/wp-json\/wp\/v2\/users\/2"}],"replies":[{"embeddable":true,"href":"https:\/\/lasprimeras.com.do\/index.php\/wp-json\/wp\/v2\/comments?post=88834"}],"version-history":[{"count":1,"href":"https:\/\/lasprimeras.com.do\/index.php\/wp-json\/wp\/v2\/posts\/88834\/revisions"}],"predecessor-version":[{"id":88836,"href":"https:\/\/lasprimeras.com.do\/index.php\/wp-json\/wp\/v2\/posts\/88834\/revisions\/88836"}],"wp:featuredmedia":[{"embeddable":true,"href":"https:\/\/lasprimeras.com.do\/index.php\/wp-json\/wp\/v2\/media\/88835"}],"wp:attachment":[{"href":"https:\/\/lasprimeras.com.do\/index.php\/wp-json\/wp\/v2\/media?parent=88834"}],"wp:term":[{"taxonomy":"category","embeddable":true,"href":"https:\/\/lasprimeras.com.do\/index.php\/wp-json\/wp\/v2\/categories?post=88834"},{"taxonomy":"post_tag","embeddable":true,"href":"https:\/\/lasprimeras.com.do\/index.php\/wp-json\/wp\/v2\/tags?post=88834"}],"curies":[{"name":"wp","href":"https:\/\/api.w.org\/{rel}","templated":true}]}}