{"id":88843,"date":"2024-09-07T14:29:10","date_gmt":"2024-09-07T18:29:10","guid":{"rendered":"https:\/\/lasprimeras.com.do\/?p=88843"},"modified":"2024-09-08T14:32:31","modified_gmt":"2024-09-08T18:32:31","slug":"temporal-deja-dos-muertos-en-oriente-de-mexico-y-lluvias-en-17-de-los-32-estados-del-pais","status":"publish","type":"post","link":"https:\/\/lasprimeras.com.do\/index.php\/2024\/09\/07\/temporal-deja-dos-muertos-en-oriente-de-mexico-y-lluvias-en-17-de-los-32-estados-del-pais\/","title":{"rendered":"Temporal deja dos muertos en oriente de M\u00e9xico y lluvias en 17 de los 32 estados del pa\u00eds"},"content":{"rendered":"\n<p>Veracruz (M\u00e9xico), (EFE).- La combinaci\u00f3n del frente fr\u00edo n\u00famero uno, ubicado en el Golfo de M\u00e9xico, y la masa de aire que lo impulsa, la onda tropical n\u00famero 21, entre otros fen\u00f3menos, ha dejado en las \u00faltimas horas desbordamientos de r\u00edos y dos muertos en el oriental estado de Veracruz.<\/p>\n\n\n\n<p>Las intensas lluvias y el viento del norte que alcanza rachas de m\u00e1s de 100 kil\u00f3metros por hora golpean no s\u00f3lo la zona costera del Golfo de M\u00e9xico, sino amplias regiones monta\u00f1osas que se resienten de los efectos.<\/p>\n\n\n\n<p>El gobierno local ha reportado una docena de municipios con alg\u00fan tipo de afectaci\u00f3n, desde ca\u00edda de \u00e1rboles, casas sin techo y grandes soportes publicitarios derribados por las r\u00e1fagas de viento, as\u00ed como inundaciones en viviendas.<\/p>\n\n\n\n<p>En la regi\u00f3n sur de Veracruz, en el municipio de Moloac\u00e1n, tres ocupantes de un veh\u00edculo intentaron cruzar el arroyo Los Caimanes, pero fueron arrastrados por la corriente de agua: dos de ellos murieron y un tercero logr\u00f3 salvarse.<\/p>\n\n\n\n<p>En esa zona del sureste mexicano, el r\u00edo Aguadulcita se desbord\u00f3, inundando cerca de 200 viviendas y generando cortes de energ\u00eda el\u00e9ctrica en el municipio de Agua Dulce, donde el Ej\u00e9rcito mexicano activ\u00f3 el Plan DN-III de ayuda a la poblaci\u00f3n civil.<\/p>\n\n\n\n<p>En el puerto de carga de Coatzacoalcos, el viento provoc\u00f3 que encallara la barcaza de fondo plano \u201cTog Mor\u201d, una embarcaci\u00f3n dedicada al tendido de tuber\u00edas en aguas poco profundas.<\/p>\n\n\n\n<p>En este escenario, la Secretar\u00eda de Protecci\u00f3n Civil del Gobierno de Veracruz emiti\u00f3 una alerta por la alta probabilidad de que siga la crecida de r\u00edos y arroyos e inundaciones y encharcamientos, as\u00ed como deslaves, deslizamientos de tierra y derrumbes, destechamiento de casas o ca\u00edda de \u00e1rboles.<\/p>\n\n\n\n<p>El Servicio Meteorol\u00f3gico Nacional (SMN) pronostic\u00f3 que este domingo continuar\u00e1n las lluvias de \u201cpuntuales extraordinarias\u201d a fuertes en 17 de los 32 estados del pa\u00eds.<\/p>\n\n\n\n<p>En su m\u00e1s reciente reporte, el organismo afirm\u00f3 que se esperan lluvias puntuales extraordinarias, superiores a 250 mil\u00edmetros, en Chiapas, Oaxaca, Tabasco y Veracruz.<\/p>\n\n\n\n<p>Adem\u00e1s, tambi\u00e9n se esperan lluvias intensas, de 75 a 150 mil\u00edmetros, en Campeche, Guerrero, Puebla, Tamaulipas y Yucat\u00e1n; muy fuertes, de 50 a 75 mil\u00edmetros, en Hidalgo, Quintana Roo y San Luis Potos\u00ed, y fuertes, de 25 a 50 mil\u00edmetros, en Colima, Estado de M\u00e9xico, Jalisco, Michoac\u00e1n y Nayarit.<\/p>\n\n\n\n<p>Asimismo, habr\u00e1 intervalos de chubascos, de 5 a 25 mil\u00edmetros en Baja California Sur, Chihuahua, Ciudad de M\u00e9xico, Durango, Morelos, Nuevo Le\u00f3n, Quer\u00e9taro, Sinaloa y Tlaxcala, as\u00ed como lluvias aisladas, de 0,1 a 5 mil\u00edmetros, en Aguascalientes, Baja California, Coahuila, Guanajuato, Sonora y Zacatecas.<\/p>\n\n\n\n<p>Tambi\u00e9n se prev\u00e9 evento de Norte, rachas de viento de 80 a 100 kil\u00f3metros por hora, oleaje de 3 a 5 metros de altura y posibles trombas marinas en Veracruz; rachas de 60 a 80 kil\u00f3metros por hora, oleaje de 2 a 3 metros de altura y posibles trombas marinas en Tabasco y Tamaulipas y rachas de 50 a 70 kil\u00f3metros en Oaxaca, en el istmo de Tehuantepec.<\/p>\n\n\n\n<p>Del mismo modo, se espera viento con rachas de 40 a 60 kil\u00f3metros por hora en Aguascalientes, Campeche, Durango, Estado de M\u00e9xico, Hidalgo, Jalisco, Puebla, Quer\u00e9taro, Quintana Roo, Tlaxcala, Yucat\u00e1n y Zacatecas, con posibles tolvaneras en Chihuahua, Coahuila, Nuevo Le\u00f3n, San Luis Potos\u00ed y Sonora.<\/p>\n\n\n\n<p>Agencia EFE<\/p>\n","protected":false},"excerpt":{"rendered":"<p>Veracruz (M\u00e9xico), (EFE).- La combinaci\u00f3n del frente fr\u00edo n\u00famero uno, ubicado en el Golfo de M\u00e9xico, y la masa de aire que lo impulsa, la onda tropical n\u00famero 21, entre&hellip;<\/p>\n","protected":false},"author":2,"featured_media":88844,"comment_status":"open","ping_status":"open","sticky":false,"template":"","format":"standard","meta":{"content-type":"","jetpack_post_was_ever_published":false,"_jetpack_newsletter_access":"","_jetpack_dont_email_post_to_subs":false,"_jetpack_newsletter_tier_id":0,"_jetpack_memberships_contains_paywalled_content":false,"_jetpack_memberships_contains_paid_content":false,"footnotes":""},"categories":[1],"tags":[3128,1238,6841,2130,906,4892,15304,2190],"class_list":["post-88843","post","type-post","status-publish","format-standard","has-post-thumbnail","hentry","category-sin-categoria","tag-dos-muertos","tag-estados","tag-golfo-de-mexico","tag-lluvias","tag-mexico","tag-onda-tropical","tag-oriente","tag-temporal"],"jetpack_featured_media_url":"https:\/\/lasprimeras.com.do\/wp-content\/uploads\/2024\/09\/temporal-mexico.jpg","jetpack-related-posts":[{"id":89108,"url":"https:\/\/lasprimeras.com.do\/index.php\/2024\/09\/17\/19-estados-mexicanos-enfrentaran-lluvias-fuertes-por-al-menos-6-fenomenos-meteorologicos\/","url_meta":{"origin":88843,"position":0},"title":"19 estados mexicanos enfrentar\u00e1n lluvias fuertes por al menos 6 fen\u00f3menos meteorol\u00f3gicos","author":"Nelson Feliz","date":"17 de septiembre de 2024","format":false,"excerpt":"Ciudad de M\u00e9xico (EFE).- Al menos 19 estados enfrentar\u00e1n lluvias de fuertes a intensas este mi\u00e9rcoles, mientras el frente fr\u00edo n\u00famero 2 se convierte en estacionario y la onda tropical 23 se desplaza sobre el sur-sureste de M\u00e9xico y su interacci\u00f3n con otros 4 fen\u00f3menos, inform\u00f3 el Servicio Meteorol\u00f3gico Nacional\u2026","rel":"","context":"En \u00abSin categor\u00eda\u00bb","block_context":{"text":"Sin categor\u00eda","link":"https:\/\/lasprimeras.com.do\/index.php\/category\/sin-categoria\/"},"img":{"alt_text":"","src":"https:\/\/i0.wp.com\/lasprimeras.com.do\/wp-content\/uploads\/2024\/09\/lluvias.jpg?resize=350%2C200&ssl=1","width":350,"height":200,"srcset":"https:\/\/i0.wp.com\/lasprimeras.com.do\/wp-content\/uploads\/2024\/09\/lluvias.jpg?resize=350%2C200&ssl=1 1x, https:\/\/i0.wp.com\/lasprimeras.com.do\/wp-content\/uploads\/2024\/09\/lluvias.jpg?resize=525%2C300&ssl=1 1.5x, https:\/\/i0.wp.com\/lasprimeras.com.do\/wp-content\/uploads\/2024\/09\/lluvias.jpg?resize=700%2C400&ssl=1 2x"},"classes":[]},{"id":89800,"url":"https:\/\/lasprimeras.com.do\/index.php\/2024\/10\/05\/milton-se-convierte-en-tormenta-tropical-en-el-golfo-de-mexico-podria-tomar-fuerza-de-huracan\/","url_meta":{"origin":88843,"position":1},"title":"Milton se convierte en tormenta tropical en el Golfo de M\u00e9xico; podr\u00eda tomar fuerza de hurac\u00e1n","author":"Nelson Feliz","date":"5 de octubre de 2024","format":false,"excerpt":"MIAMI (AP) \u2014 Un sistema de tormenta que se formaba en el Golfo de M\u00e9xico el s\u00e1bado por la ma\u00f1ana se convirti\u00f3 en la tormenta tropical Milton horas m\u00e1s tarde, y los meteor\u00f3logos advirtieron que podr\u00eda intensificarse hasta alcanzar la fuerza de un hurac\u00e1n que se dirige a Florida la\u2026","rel":"","context":"En \u00abSin categor\u00eda\u00bb","block_context":{"text":"Sin categor\u00eda","link":"https:\/\/lasprimeras.com.do\/index.php\/category\/sin-categoria\/"},"img":{"alt_text":"","src":"https:\/\/i0.wp.com\/lasprimeras.com.do\/wp-content\/uploads\/2024\/10\/huracan.jpg?resize=350%2C200&ssl=1","width":350,"height":200,"srcset":"https:\/\/i0.wp.com\/lasprimeras.com.do\/wp-content\/uploads\/2024\/10\/huracan.jpg?resize=350%2C200&ssl=1 1x, https:\/\/i0.wp.com\/lasprimeras.com.do\/wp-content\/uploads\/2024\/10\/huracan.jpg?resize=525%2C300&ssl=1 1.5x, https:\/\/i0.wp.com\/lasprimeras.com.do\/wp-content\/uploads\/2024\/10\/huracan.jpg?resize=700%2C400&ssl=1 2x"},"classes":[]},{"id":85010,"url":"https:\/\/lasprimeras.com.do\/index.php\/2024\/06\/21\/la-tormenta-alberto-se-disipa-sobre-el-centro-de-mexico-deja-4-muertos\/","url_meta":{"origin":88843,"position":2},"title":"La tormenta Alberto se disipa sobre el centro de M\u00e9xico; deja 4 muertos","author":"Nelson Feliz","date":"21 de junio de 2024","format":false,"excerpt":"BY ALFREDO PE\u00d1A TAMPICO, M\u00e9xico (AP) \u2014 La tormenta tropical Alberto se debilit\u00f3 el jueves al avanzar tierra adentro en el noreste de M\u00e9xico tras provocar fuertes lluvias en varias partes de la \u00e1rida regi\u00f3n, y dejar al menos cuatro personas muertas. Los remanentes de Alberto, la primera con nombre\u2026","rel":"","context":"En \u00abSin categor\u00eda\u00bb","block_context":{"text":"Sin categor\u00eda","link":"https:\/\/lasprimeras.com.do\/index.php\/category\/sin-categoria\/"},"img":{"alt_text":"","src":"https:\/\/i0.wp.com\/lasprimeras.com.do\/wp-content\/uploads\/2024\/06\/Tormenta.jpg?resize=350%2C200&ssl=1","width":350,"height":200,"srcset":"https:\/\/i0.wp.com\/lasprimeras.com.do\/wp-content\/uploads\/2024\/06\/Tormenta.jpg?resize=350%2C200&ssl=1 1x, https:\/\/i0.wp.com\/lasprimeras.com.do\/wp-content\/uploads\/2024\/06\/Tormenta.jpg?resize=525%2C300&ssl=1 1.5x, https:\/\/i0.wp.com\/lasprimeras.com.do\/wp-content\/uploads\/2024\/06\/Tormenta.jpg?resize=700%2C400&ssl=1 2x"},"classes":[]},{"id":86975,"url":"https:\/\/lasprimeras.com.do\/index.php\/2024\/08\/04\/alerta-por-tormenta-tropical-debby-impactara-mexico\/","url_meta":{"origin":88843,"position":3},"title":"Alerta por Tormenta Tropical \u2018Debby\u2019; \u00bfImpactar\u00e1 M\u00e9xico?","author":"Nelson Feliz","date":"4 de agosto de 2024","format":false,"excerpt":"El Centro Nacional de Huracanes inform\u00f3 que la depresi\u00f3n tropical se convirti\u00f3 en tormenta tropical 'Debby' el s\u00e1bado a las 17:00 horas. Por Karla Palacio El s\u00e1bado, la tormenta tropical \u2018Debby\u2019 se form\u00f3 en el sureste del Golfo de M\u00e9xico, lo que ha generado una serie de alertas debido a\u2026","rel":"","context":"En \u00abSin categor\u00eda\u00bb","block_context":{"text":"Sin categor\u00eda","link":"https:\/\/lasprimeras.com.do\/index.php\/category\/sin-categoria\/"},"img":{"alt_text":"","src":"https:\/\/i0.wp.com\/lasprimeras.com.do\/wp-content\/uploads\/2024\/08\/huracan.png?resize=350%2C200&ssl=1","width":350,"height":200,"srcset":"https:\/\/i0.wp.com\/lasprimeras.com.do\/wp-content\/uploads\/2024\/08\/huracan.png?resize=350%2C200&ssl=1 1x, https:\/\/i0.wp.com\/lasprimeras.com.do\/wp-content\/uploads\/2024\/08\/huracan.png?resize=525%2C300&ssl=1 1.5x, https:\/\/i0.wp.com\/lasprimeras.com.do\/wp-content\/uploads\/2024\/08\/huracan.png?resize=700%2C400&ssl=1 2x"},"classes":[]},{"id":63119,"url":"https:\/\/lasprimeras.com.do\/index.php\/2023\/10\/10\/meteorologia-vigila-onda-tropical-que-podria-ser-ciclon-tropical-en-las-proximas-48-horas\/","url_meta":{"origin":88843,"position":4},"title":"Meteorolog\u00eda vigila onda tropical que podr\u00eda ser cicl\u00f3n tropical en las pr\u00f3ximas 48 horas","author":"BIMARY DE JES\u00daS Matos","date":"10 de octubre de 2023","format":false,"excerpt":"Santo Domingo.- La Oficina Nacional de Meteorolog\u00eda (Onamet) inform\u00f3 hoy que vigila a una onda tropical localizada a varios cientos de kil\u00f3metros al sur de las islas de Cabo Verde, produciendo aguaceros y tormentas el\u00e9ctricas, con un potencial de 60 por ciento para convertirse en un cicl\u00f3n tropical en las\u2026","rel":"","context":"En \u00abNACIONALES\u00bb","block_context":{"text":"NACIONALES","link":"https:\/\/lasprimeras.com.do\/index.php\/category\/nacionales\/"},"img":{"alt_text":"","src":"https:\/\/i0.wp.com\/lasprimeras.com.do\/wp-content\/uploads\/2023\/10\/WhatsApp-Image-2023-10-09-at-6.14.13-PM-2-1.webp?resize=350%2C200&ssl=1","width":350,"height":200,"srcset":"https:\/\/i0.wp.com\/lasprimeras.com.do\/wp-content\/uploads\/2023\/10\/WhatsApp-Image-2023-10-09-at-6.14.13-PM-2-1.webp?resize=350%2C200&ssl=1 1x, https:\/\/i0.wp.com\/lasprimeras.com.do\/wp-content\/uploads\/2023\/10\/WhatsApp-Image-2023-10-09-at-6.14.13-PM-2-1.webp?resize=525%2C300&ssl=1 1.5x, https:\/\/i0.wp.com\/lasprimeras.com.do\/wp-content\/uploads\/2023\/10\/WhatsApp-Image-2023-10-09-at-6.14.13-PM-2-1.webp?resize=700%2C400&ssl=1 2x"},"classes":[]},{"id":85576,"url":"https:\/\/lasprimeras.com.do\/index.php\/2024\/07\/03\/huracan-beryl-pasa-por-jamaica-tras-dejar-al-menos-7-muertos-en-el-sureste-del-caribe\/","url_meta":{"origin":88843,"position":5},"title":"Hurac\u00e1n Beryl pasa por Jamaica tras dejar al menos 7 muertos en el sureste del Caribe","author":"Nelson Feliz","date":"3 de julio de 2024","format":false,"excerpt":"BY JOHN MYERS JR. AND RENLOY TRAIL KINGSTON, Jamaica (AP) \u2014 El hurac\u00e1n Beryl estaba pasando el mi\u00e9rcoles por Jamaica, trayendo fuertes vientos y lluvias luego de que la poderosa tormenta de categor\u00eda 4 dej\u00f3 al menos siete muertos e importantes da\u00f1os en el sureste del Caribe. El Centro Nacional\u2026","rel":"","context":"En \u00abSin categor\u00eda\u00bb","block_context":{"text":"Sin categor\u00eda","link":"https:\/\/lasprimeras.com.do\/index.php\/category\/sin-categoria\/"},"img":{"alt_text":"","src":"https:\/\/i0.wp.com\/lasprimeras.com.do\/wp-content\/uploads\/2024\/07\/pescadores.jpg?resize=350%2C200&ssl=1","width":350,"height":200,"srcset":"https:\/\/i0.wp.com\/lasprimeras.com.do\/wp-content\/uploads\/2024\/07\/pescadores.jpg?resize=350%2C200&ssl=1 1x, https:\/\/i0.wp.com\/lasprimeras.com.do\/wp-content\/uploads\/2024\/07\/pescadores.jpg?resize=525%2C300&ssl=1 1.5x, https:\/\/i0.wp.com\/lasprimeras.com.do\/wp-content\/uploads\/2024\/07\/pescadores.jpg?resize=700%2C400&ssl=1 2x"},"classes":[]}],"jetpack_sharing_enabled":true,"_links":{"self":[{"href":"https:\/\/lasprimeras.com.do\/index.php\/wp-json\/wp\/v2\/posts\/88843","targetHints":{"allow":["GET"]}}],"collection":[{"href":"https:\/\/lasprimeras.com.do\/index.php\/wp-json\/wp\/v2\/posts"}],"about":[{"href":"https:\/\/lasprimeras.com.do\/index.php\/wp-json\/wp\/v2\/types\/post"}],"author":[{"embeddable":true,"href":"https:\/\/lasprimeras.com.do\/index.php\/wp-json\/wp\/v2\/users\/2"}],"replies":[{"embeddable":true,"href":"https:\/\/lasprimeras.com.do\/index.php\/wp-json\/wp\/v2\/comments?post=88843"}],"version-history":[{"count":1,"href":"https:\/\/lasprimeras.com.do\/index.php\/wp-json\/wp\/v2\/posts\/88843\/revisions"}],"predecessor-version":[{"id":88845,"href":"https:\/\/lasprimeras.com.do\/index.php\/wp-json\/wp\/v2\/posts\/88843\/revisions\/88845"}],"wp:featuredmedia":[{"embeddable":true,"href":"https:\/\/lasprimeras.com.do\/index.php\/wp-json\/wp\/v2\/media\/88844"}],"wp:attachment":[{"href":"https:\/\/lasprimeras.com.do\/index.php\/wp-json\/wp\/v2\/media?parent=88843"}],"wp:term":[{"taxonomy":"category","embeddable":true,"href":"https:\/\/lasprimeras.com.do\/index.php\/wp-json\/wp\/v2\/categories?post=88843"},{"taxonomy":"post_tag","embeddable":true,"href":"https:\/\/lasprimeras.com.do\/index.php\/wp-json\/wp\/v2\/tags?post=88843"}],"curies":[{"name":"wp","href":"https:\/\/api.w.org\/{rel}","templated":true}]}}