{"id":88871,"date":"2024-09-08T20:40:16","date_gmt":"2024-09-09T00:40:16","guid":{"rendered":"https:\/\/lasprimeras.com.do\/?p=88871"},"modified":"2024-09-08T20:40:17","modified_gmt":"2024-09-09T00:40:17","slug":"boda-de-oro-de-rafaela-croussett-y-ramon-antonio-hernandez-un-legado-de-amor-y-familia","status":"publish","type":"post","link":"https:\/\/lasprimeras.com.do\/index.php\/2024\/09\/08\/boda-de-oro-de-rafaela-croussett-y-ramon-antonio-hernandez-un-legado-de-amor-y-familia\/","title":{"rendered":"Boda de Oro de Rafaela Croussett y Ram\u00f3n Antonio Hern\u00e1ndez: Un legado de amor y familia"},"content":{"rendered":"\n<p>El 7 de septiembre, Rafaela Croussett y Ram\u00f3n Antonio Hern\u00e1ndez celebraron su Boda de Oro, conmemorando 50 a\u00f1os de matrimonio en una ceremonia llena de emociones, recuerdos entra\u00f1ables y sorpresas que destacaron el amor y la unidad familiar que han marcado su medio siglo juntos.<\/p>\n\n\n\n<p>La pareja, casada desde 1974, ha construido una s\u00f3lida familia con cuatro hijos: Sarah Wendy, Juan Ram\u00f3n, Ruth Esther y Juan Rafael, todos casados y con hijos propios.<\/p>\n\n\n\n<p>Aunque Juan Ram\u00f3n, el segundo hijo d\u00e9 la pareja, quien residente en Nueva York, y el primer nieto de la pareja residente en Nebraska, Ewris Clase no pudieron asistir en persona su participaci\u00f3n virtual emocion\u00f3 profundamente a los presentes.<\/p>\n\n\n\n<figure class=\"wp-block-image size-full is-resized\"><img decoding=\"async\" width=\"600\" height=\"450\" src=\"https:\/\/lasprimeras.com.do\/wp-content\/uploads\/2024\/09\/Rafaela-Croussett-y-Ramon-Antonio-Hernandez-1.jpg\" alt=\"\" class=\"wp-image-88873\" style=\"width:840px;height:auto\" srcset=\"https:\/\/lasprimeras.com.do\/wp-content\/uploads\/2024\/09\/Rafaela-Croussett-y-Ramon-Antonio-Hernandez-1.jpg 600w, https:\/\/lasprimeras.com.do\/wp-content\/uploads\/2024\/09\/Rafaela-Croussett-y-Ramon-Antonio-Hernandez-1-300x225.jpg 300w\" sizes=\"(max-width: 600px) 100vw, 600px\" \/><\/figure>\n\n\n\n<p><strong>Una Celebraci\u00f3n de Fe y Agradecimiento<\/strong><\/p>\n\n\n\n<p>La ceremonia comenz\u00f3 con una oraci\u00f3n de agradecimiento a Dios por la salud y la uni\u00f3n de Rafaela y Ram\u00f3n, dirigida por la se\u00f1ora Rosina Guzm\u00e1n de Jes\u00fas, de la Parroquia San Maximiliano Corbe. Este acto marc\u00f3 un inicio espiritual y conmovedor, celebrando el privilegio de alcanzar este importante aniversario rodeados de sus seres queridos.<\/p>\n\n\n\n<p>Sarah Hern\u00e1ndez, la hija mayor, pronunci\u00f3 las palabras centrales del acto. En su discurso, destac\u00f3 el amor incondicional de sus padres y c\u00f3mo han sido un ejemplo de entrega, compromiso y fe a lo largo de los a\u00f1os.<\/p>\n\n\n\n<p>&#8220;Nos ense\u00f1aron a valorar la familia, la disciplina, el trabajo, la responsabilidad, a mantenernos unidos en todo momento y a caminar siempre en amor&#8221;, expres\u00f3 Sarah, suscitando aplausos de los presentes, conmovidos por su mensaje.<\/p>\n\n\n\n<figure class=\"wp-block-image size-full is-resized\"><img decoding=\"async\" width=\"700\" height=\"630\" src=\"https:\/\/lasprimeras.com.do\/wp-content\/uploads\/2024\/09\/Rafaela-Croussett-y-Ramon-Antonio-Hernandez-3.jpg\" alt=\"\" class=\"wp-image-88874\" style=\"width:840px;height:auto\" srcset=\"https:\/\/lasprimeras.com.do\/wp-content\/uploads\/2024\/09\/Rafaela-Croussett-y-Ramon-Antonio-Hernandez-3.jpg 700w, https:\/\/lasprimeras.com.do\/wp-content\/uploads\/2024\/09\/Rafaela-Croussett-y-Ramon-Antonio-Hernandez-3-300x270.jpg 300w\" sizes=\"(max-width: 700px) 100vw, 700px\" \/><\/figure>\n\n\n\n<p><strong>Momentos inolvidables y sorpresas especiales<\/strong><\/p>\n\n\n\n<p>Uno de los momentos m\u00e1s emotivos de la celebraci\u00f3n fue la proyecci\u00f3n de un video homenaje en el que Juan Ram\u00f3n y Ewris enviaron mensajes desde el extranjero. &#8220;Gracias por ense\u00f1arnos el valor de la familia. Los adoro y deseo mucha salud para ustedes&#8221;, dijo Juan Ram\u00f3n.<\/p>\n\n\n\n<p>Por su parte, Ewris, el primer nieto de la pareja, comparti\u00f3: &#8220;Abuelos, los amo. Gracias por ense\u00f1arnos que la familia es como las ramas de un mismo \u00e1rbol: cada una crece en diferentes direcciones, pero las ra\u00edces son las mismas&#8221;. Estas palabras tocaron profundamente el coraz\u00f3n de todos los asistentes.<\/p>\n\n\n\n<p>La sorpresa de la noche fue la llegada de Mary y Magalys Hern\u00e1ndez, quienes fueron pajes en la boda original de Rafaela y Ram\u00f3n hace 50 a\u00f1os.<\/p>\n\n\n\n<p>Su aparici\u00f3n inesperada llen\u00f3 el ambiente de nostalgia y alegr\u00eda, recordando aquel d\u00eda en que, siendo ni\u00f1as, acompa\u00f1aron a la pareja al altar. Su presencia fue un hermoso tributo al pasado y una celebraci\u00f3n del presente.<\/p>\n\n\n\n<figure class=\"wp-block-image size-full is-resized\"><img decoding=\"async\" width=\"700\" height=\"584\" src=\"https:\/\/lasprimeras.com.do\/wp-content\/uploads\/2024\/09\/Rafaela-Croussett-y-Ramon-Antonio-Hernandez-4.jpg\" alt=\"\" class=\"wp-image-88875\" style=\"width:840px;height:auto\" srcset=\"https:\/\/lasprimeras.com.do\/wp-content\/uploads\/2024\/09\/Rafaela-Croussett-y-Ramon-Antonio-Hernandez-4.jpg 700w, https:\/\/lasprimeras.com.do\/wp-content\/uploads\/2024\/09\/Rafaela-Croussett-y-Ramon-Antonio-Hernandez-4-300x250.jpg 300w\" sizes=\"(max-width: 700px) 100vw, 700px\" \/><\/figure>\n\n\n\n<p><strong>Una convivencia familiar y amistosa<\/strong><\/p>\n\n\n\n<p>La celebraci\u00f3n de esta Boda de Oro cont\u00f3 con la participaci\u00f3n de familiares procedentes de diversas localidades, como Santiago y San Francisco de Macor\u00eds, adem\u00e1s de vecinos, amigos y allegados que han sido parte fundamental de la vida de la pareja.<\/p>\n\n\n\n<p>Todos ellos fueron testigos del cari\u00f1o y la gratitud expresados por Rafaela y Ram\u00f3n hacia aquellos que los han acompa\u00f1ado durante cinco d\u00e9cadas, en momentos de alegr\u00eda y en tiempos de desaf\u00edo.<\/p>\n\n\n\n<p>Isabel Sosa Rodr\u00edguez dirigi\u00f3 la bendici\u00f3n de los alimentos, agradeciendo la oportunidad de compartir un momento tan especial en un ambiente de amor y unidad.<\/p>\n\n\n\n<p><strong>Un banquete y una decoraci\u00f3n que reflejaron la alegr\u00eda del momento<\/strong><\/p>\n\n\n\n<p>El evento ofreci\u00f3 un exquisito buffet preparado por Irene Moreno, propietaria de &#8220;Yantal al Pil\u00f3n,&#8221; una experta en gastronom\u00eda para eventos.<\/p>\n\n\n\n<p>La selecci\u00f3n de platos encant\u00f3 a los invitados, quienes disfrutaron de una cena que complement\u00f3 a la perfecci\u00f3n la calidez de la celebraci\u00f3n. Para contratar sus servicios, se puede contactar al 829-990-2576.<\/p>\n\n\n\n<p>La ambientaci\u00f3n musical, a cargo de Uzias DJ Music, incluy\u00f3 varias piezas interpretadas magistralmente en saxof\u00f3n, creando un ambiente de elegancia y sofisticaci\u00f3n que acompa\u00f1\u00f3 los momentos clave de la velada. Para m\u00e1s informaci\u00f3n sobre sus servicios, se puede contactar al (849) 272-7858.<\/p>\n\n\n\n<p>La decoraci\u00f3n del evento, con rosas naturales y helechos, estuvo a cargo de Awilda Miller y su empresa &#8220;Valen Fiesta.&#8221;<\/p>\n\n\n\n<p>Los detalles florales y la est\u00e9tica armoniosa capturaron la esencia de esta Boda de Oro, simbolizando el amor floreciente y la fortaleza de una relaci\u00f3n que ha perdurado a trav\u00e9s del tiempo. Para m\u00e1s informaci\u00f3n, se puede contactar al 809-413-5588.<\/p>\n\n\n\n<p><strong>Un tributo al amor verdadero<\/strong><\/p>\n\n\n\n<p>La Boda de Oro de Rafaela Croussett y Ram\u00f3n Antonio Hern\u00e1ndez no solo celebr\u00f3 sus 50 a\u00f1os de matrimonio, sino que rindi\u00f3 homenaje a un legado de amor, dedicaci\u00f3n y unidad familiar.<\/p>\n\n\n\n<p>Rodeados de amigos y seres queridos, la pareja demostr\u00f3 que su compromiso y fe en el amor siguen tan fuertes como el primer d\u00eda. Esta celebraci\u00f3n fue m\u00e1s que una fiesta; fue un tributo al poder del amor verdadero y a los lazos que mantienen unida a una familia, generaci\u00f3n tras generaci\u00f3n.<\/p>\n","protected":false},"excerpt":{"rendered":"<p>El 7 de septiembre, Rafaela Croussett y Ram\u00f3n Antonio Hern\u00e1ndez celebraron su Boda de Oro, conmemorando 50 a\u00f1os de matrimonio en una ceremonia llena de emociones, recuerdos entra\u00f1ables y sorpresas&hellip;<\/p>\n","protected":false},"author":2,"featured_media":88872,"comment_status":"open","ping_status":"open","sticky":false,"template":"","format":"standard","meta":{"content-type":"","jetpack_post_was_ever_published":false,"_jetpack_newsletter_access":"","_jetpack_dont_email_post_to_subs":false,"_jetpack_newsletter_tier_id":0,"_jetpack_memberships_contains_paywalled_content":false,"_jetpack_memberships_contains_paid_content":false,"footnotes":""},"categories":[84],"tags":[9430,15316,2649,1039,15317,15318],"class_list":["post-88871","post","type-post","status-publish","format-standard","has-post-thumbnail","hentry","category-entretenimiento","tag-amor","tag-boda-de-oro","tag-familia","tag-legado","tag-rafaela-croussett","tag-ramon-antonio-hernandez"],"jetpack_featured_media_url":"https:\/\/lasprimeras.com.do\/wp-content\/uploads\/2024\/09\/Rafaela-Croussett-y-Ramon-Antonio-Hernandez.jpg","jetpack-related-posts":[{"id":120674,"url":"https:\/\/lasprimeras.com.do\/index.php\/2026\/01\/26\/abinader-encabeza-desfile-conmemorativo-del-213-aniversario-del-natalicio-de-juan-pablo-duarte\/","url_meta":{"origin":88871,"position":0},"title":"Abinader encabeza desfile conmemorativo del 213 aniversario del natalicio de Juan Pablo Duarte","author":"Nelson Feliz","date":"26 de enero de 2026","format":false,"excerpt":"Juan Pablo Uribe resalta la vigencia del pensamiento duartiano y el compromiso con la \u00e9tica y la transparencia en la vida p\u00fablica. El presidente Luis Abinader encabez\u00f3 este lunes el desfile conmemorativo del 213 aniversario del natalicio de Juan Pablo Duarte, acto que marca el inicio del Mes de la\u2026","rel":"","context":"En \u00abNACIONALES\u00bb","block_context":{"text":"NACIONALES","link":"https:\/\/lasprimeras.com.do\/index.php\/category\/nacionales\/"},"img":{"alt_text":"","src":"https:\/\/i0.wp.com\/lasprimeras.com.do\/wp-content\/uploads\/2026\/01\/desfile-conmemorativo-del-213.jpg?resize=350%2C200&ssl=1","width":350,"height":200,"srcset":"https:\/\/i0.wp.com\/lasprimeras.com.do\/wp-content\/uploads\/2026\/01\/desfile-conmemorativo-del-213.jpg?resize=350%2C200&ssl=1 1x, https:\/\/i0.wp.com\/lasprimeras.com.do\/wp-content\/uploads\/2026\/01\/desfile-conmemorativo-del-213.jpg?resize=525%2C300&ssl=1 1.5x, https:\/\/i0.wp.com\/lasprimeras.com.do\/wp-content\/uploads\/2026\/01\/desfile-conmemorativo-del-213.jpg?resize=700%2C400&ssl=1 2x"},"classes":[]},{"id":104372,"url":"https:\/\/lasprimeras.com.do\/index.php\/2025\/07\/23\/senado-reconoce-a-personalidades-del-arte-deporte-educacion-justica-y-otras-areas\/","url_meta":{"origin":88871,"position":1},"title":"Senado reconoce a personalidades del arte, deporte, educaci\u00f3n, justica y otras \u00e1reas","author":"Nelson Feliz","date":"23 de julio de 2025","format":false,"excerpt":"El Senado de la Rep\u00fablica reconoci\u00f3 este mi\u00e9rcoles a distintas personalidades destacadas en arte, cultura, deporte, educaci\u00f3n, justica, comunicaci\u00f3n, y actividades sin fines de lucro, durante un acto solemne celebrado en el Sal\u00f3n de la Asamblea Nacional, del Congreso Nacional. Entre las figuras que recibieron lauros se destaca el historiador\u2026","rel":"","context":"En \u00abNACIONALES\u00bb","block_context":{"text":"NACIONALES","link":"https:\/\/lasprimeras.com.do\/index.php\/category\/nacionales\/"},"img":{"alt_text":"","src":"https:\/\/i0.wp.com\/lasprimeras.com.do\/wp-content\/uploads\/2025\/07\/sena-1.jpg?resize=350%2C200&ssl=1","width":350,"height":200,"srcset":"https:\/\/i0.wp.com\/lasprimeras.com.do\/wp-content\/uploads\/2025\/07\/sena-1.jpg?resize=350%2C200&ssl=1 1x, https:\/\/i0.wp.com\/lasprimeras.com.do\/wp-content\/uploads\/2025\/07\/sena-1.jpg?resize=525%2C300&ssl=1 1.5x, https:\/\/i0.wp.com\/lasprimeras.com.do\/wp-content\/uploads\/2025\/07\/sena-1.jpg?resize=700%2C400&ssl=1 2x"},"classes":[]},{"id":117951,"url":"https:\/\/lasprimeras.com.do\/index.php\/2025\/12\/18\/abinader-encabeza-graduacion-de-26-damas-y-caballeros-guardamarinas\/","url_meta":{"origin":88871,"position":2},"title":"Abinader encabeza graduaci\u00f3n de 26 Damas y Caballeros Guardamarinas","author":"Nelson Feliz","date":"18 de diciembre de 2025","format":false,"excerpt":"El presidente Luis Abinader encabez\u00f3 la septuag\u00e9sima cuarta (LXXIV) graduaci\u00f3n de Damas y Caballeros Guardiamarinas, que se suman a la defensa de las costas dominicanas, la soberan\u00eda e independencia nacional, como licenciados en Ciencias Navales y Oficiales del Cuerpo de Comando. Estos 26 j\u00f3venes conforman la Clase 2022-2025 de la\u2026","rel":"","context":"En \u00abNACIONALES\u00bb","block_context":{"text":"NACIONALES","link":"https:\/\/lasprimeras.com.do\/index.php\/category\/nacionales\/"},"img":{"alt_text":"","src":"https:\/\/i0.wp.com\/lasprimeras.com.do\/wp-content\/uploads\/2025\/12\/luis-princ-a.jpg?resize=350%2C200&ssl=1","width":350,"height":200,"srcset":"https:\/\/i0.wp.com\/lasprimeras.com.do\/wp-content\/uploads\/2025\/12\/luis-princ-a.jpg?resize=350%2C200&ssl=1 1x, https:\/\/i0.wp.com\/lasprimeras.com.do\/wp-content\/uploads\/2025\/12\/luis-princ-a.jpg?resize=525%2C300&ssl=1 1.5x, https:\/\/i0.wp.com\/lasprimeras.com.do\/wp-content\/uploads\/2025\/12\/luis-princ-a.jpg?resize=700%2C400&ssl=1 2x"},"classes":[]},{"id":64922,"url":"https:\/\/lasprimeras.com.do\/index.php\/2023\/10\/24\/presentador-de-telemundo-se-casa-con-su-novio-en-casa-de-maria-celeste-arraras\/","url_meta":{"origin":88871,"position":3},"title":"Presentador de Telemundo se casa con su novio en casa de Mar\u00eda Celeste Arrar\u00e1s","author":"BIMARY DE JES\u00daS Matos","date":"24 de octubre de 2023","format":false,"excerpt":"Santo Domingo.-El presentador de Telemundo, Carlos Adyan y su novio el mexicano Carlos Quintanilla se casaron por lo civil en una boda celebrada en la casa de la periodista Mar\u00eda Celeste Arrar\u00e1s. La pareja, que se comprometi\u00f3 en junio Par\u00eds, eligieron como padrinos al cantante Marc Anthony, su esposa Nadia\u2026","rel":"","context":"En \u00abENTRETENIMIENTO\u00bb","block_context":{"text":"ENTRETENIMIENTO","link":"https:\/\/lasprimeras.com.do\/index.php\/category\/entretenimiento\/"},"img":{"alt_text":"","src":"https:\/\/i0.wp.com\/lasprimeras.com.do\/wp-content\/uploads\/2023\/10\/WhatsApp-Image-2023-10-24-at-12.31.50-PM-3.jpeg?resize=350%2C200&ssl=1","width":350,"height":200,"srcset":"https:\/\/i0.wp.com\/lasprimeras.com.do\/wp-content\/uploads\/2023\/10\/WhatsApp-Image-2023-10-24-at-12.31.50-PM-3.jpeg?resize=350%2C200&ssl=1 1x, https:\/\/i0.wp.com\/lasprimeras.com.do\/wp-content\/uploads\/2023\/10\/WhatsApp-Image-2023-10-24-at-12.31.50-PM-3.jpeg?resize=525%2C300&ssl=1 1.5x, https:\/\/i0.wp.com\/lasprimeras.com.do\/wp-content\/uploads\/2023\/10\/WhatsApp-Image-2023-10-24-at-12.31.50-PM-3.jpeg?resize=700%2C400&ssl=1 2x"},"classes":[]},{"id":121047,"url":"https:\/\/lasprimeras.com.do\/index.php\/2026\/01\/30\/entren-to-fallecio-el-dirigente-politico-ramon-albuquerque\/","url_meta":{"origin":88871,"position":4},"title":"Entren to: falleci\u00f3 el dirigente pol\u00edtico Ram\u00f3n Albuquerque","author":"Nelson Feliz","date":"30 de enero de 2026","format":false,"excerpt":"Falleci\u00f3 el ingeniero Ram\u00f3n Alburquerque Ram\u00edrez, figura de la vida p\u00fablica dominicana, inform\u00f3 este jueves su hija, M\u00f3nica Alburquerque, a trav\u00e9s de una publicaci\u00f3n en redes sociales. \u201cHoy, con el coraz\u00f3n en las manos, despedimos a nuestro amado padre, el Ing. Ram\u00f3n Alburquerque Ram\u00edrez, honrados de ser sus hijos\u201d, expres\u00f3.\u2026","rel":"","context":"En \u00abNACIONALES\u00bb","block_context":{"text":"NACIONALES","link":"https:\/\/lasprimeras.com.do\/index.php\/category\/nacionales\/"},"img":{"alt_text":"Ram\u00f3n Alburquerque","src":"https:\/\/i0.wp.com\/lasprimeras.com.do\/wp-content\/uploads\/2023\/10\/Ramon-Alburquerque.jpg?resize=350%2C200&ssl=1","width":350,"height":200,"srcset":"https:\/\/i0.wp.com\/lasprimeras.com.do\/wp-content\/uploads\/2023\/10\/Ramon-Alburquerque.jpg?resize=350%2C200&ssl=1 1x, https:\/\/i0.wp.com\/lasprimeras.com.do\/wp-content\/uploads\/2023\/10\/Ramon-Alburquerque.jpg?resize=525%2C300&ssl=1 1.5x, https:\/\/i0.wp.com\/lasprimeras.com.do\/wp-content\/uploads\/2023\/10\/Ramon-Alburquerque.jpg?resize=700%2C400&ssl=1 2x"},"classes":[]},{"id":113967,"url":"https:\/\/lasprimeras.com.do\/index.php\/2025\/11\/07\/cnm-llama-a-vistas-publicas-a-los-postulantes-preseleccionados-para-ocupar-vacantes-en-la-scj-y-el-tse\/","url_meta":{"origin":88871,"position":5},"title":"CNM llama a vistas p\u00fablicas a los postulantes preseleccionados para ocupar vacantes en la SCJ y el TSE","author":"Nelson Feliz","date":"7 de noviembre de 2025","format":false,"excerpt":"En una reuni\u00f3n virtual celebrada la noche de ayer, encabezada por la vicepresidenta de la Rep\u00fablica, Raquel Pe\u00f1a, el Consejo Nacional de la Magistratura (CNM), con la presencia de todos sus miembros, conoci\u00f3 y decidi\u00f3 sobre las objeciones presentadas por la ciudadan\u00eda contra varios de los postulantes a la Suprema\u2026","rel":"","context":"En \u00abNACIONALES\u00bb","block_context":{"text":"NACIONALES","link":"https:\/\/lasprimeras.com.do\/index.php\/category\/nacionales\/"},"img":{"alt_text":"","src":"https:\/\/i0.wp.com\/lasprimeras.com.do\/wp-content\/uploads\/2025\/11\/CNM.jpg?resize=350%2C200&ssl=1","width":350,"height":200,"srcset":"https:\/\/i0.wp.com\/lasprimeras.com.do\/wp-content\/uploads\/2025\/11\/CNM.jpg?resize=350%2C200&ssl=1 1x, https:\/\/i0.wp.com\/lasprimeras.com.do\/wp-content\/uploads\/2025\/11\/CNM.jpg?resize=525%2C300&ssl=1 1.5x, https:\/\/i0.wp.com\/lasprimeras.com.do\/wp-content\/uploads\/2025\/11\/CNM.jpg?resize=700%2C400&ssl=1 2x"},"classes":[]}],"jetpack_sharing_enabled":true,"_links":{"self":[{"href":"https:\/\/lasprimeras.com.do\/index.php\/wp-json\/wp\/v2\/posts\/88871","targetHints":{"allow":["GET"]}}],"collection":[{"href":"https:\/\/lasprimeras.com.do\/index.php\/wp-json\/wp\/v2\/posts"}],"about":[{"href":"https:\/\/lasprimeras.com.do\/index.php\/wp-json\/wp\/v2\/types\/post"}],"author":[{"embeddable":true,"href":"https:\/\/lasprimeras.com.do\/index.php\/wp-json\/wp\/v2\/users\/2"}],"replies":[{"embeddable":true,"href":"https:\/\/lasprimeras.com.do\/index.php\/wp-json\/wp\/v2\/comments?post=88871"}],"version-history":[{"count":1,"href":"https:\/\/lasprimeras.com.do\/index.php\/wp-json\/wp\/v2\/posts\/88871\/revisions"}],"predecessor-version":[{"id":88876,"href":"https:\/\/lasprimeras.com.do\/index.php\/wp-json\/wp\/v2\/posts\/88871\/revisions\/88876"}],"wp:featuredmedia":[{"embeddable":true,"href":"https:\/\/lasprimeras.com.do\/index.php\/wp-json\/wp\/v2\/media\/88872"}],"wp:attachment":[{"href":"https:\/\/lasprimeras.com.do\/index.php\/wp-json\/wp\/v2\/media?parent=88871"}],"wp:term":[{"taxonomy":"category","embeddable":true,"href":"https:\/\/lasprimeras.com.do\/index.php\/wp-json\/wp\/v2\/categories?post=88871"},{"taxonomy":"post_tag","embeddable":true,"href":"https:\/\/lasprimeras.com.do\/index.php\/wp-json\/wp\/v2\/tags?post=88871"}],"curies":[{"name":"wp","href":"https:\/\/api.w.org\/{rel}","templated":true}]}}