{"id":88877,"date":"2024-09-08T21:29:24","date_gmt":"2024-09-09T01:29:24","guid":{"rendered":"https:\/\/lasprimeras.com.do\/?p=88877"},"modified":"2024-09-08T21:31:47","modified_gmt":"2024-09-09T01:31:47","slug":"periodistas-de-la-salud-debaten-sobre-ventajas-etiquetado-frontal-en-alimentos","status":"publish","type":"post","link":"https:\/\/lasprimeras.com.do\/index.php\/2024\/09\/08\/periodistas-de-la-salud-debaten-sobre-ventajas-etiquetado-frontal-en-alimentos\/","title":{"rendered":"Periodistas de la salud debaten sobre ventajas Etiquetado Frontal en alimentos"},"content":{"rendered":"\n<p>La Coalici\u00f3n Etiquetado Frontal RD realiz\u00f3 un conversatorio con los miembros del C\u00edrculo de Periodistas de la Salud (CIPESA) sobre Etiquetado Frontal de Advertencia Nutricional (EFAN) y manifiesta respaldo al proyecto de ley que obliga industrias de productos procesados a mostrar en octagonales negros las cantidades excesivas de az\u00facares, grasas totales, grasas saturadas, grasas trans, sodio y calor\u00edas.<\/p>\n\n\n\n<p>Las palabras de apertura estuvieron a cargo del presidente de CIPESA, V\u00edctor N\u00fa\u00f1ez, quien se refiri\u00f3 a la importancia del conocimiento de fondo del Etiquetado Frontal y sus objetivos para proteger la salud de los dominicanos.<\/p>\n\n\n\n<p>Consider\u00f3 que los periodistas de la salud deben ser protagonistas en este proceso y no simplemente espectadores.<\/p>\n\n\n\n<figure class=\"wp-block-image size-full is-resized\"><img decoding=\"async\" width=\"600\" height=\"384\" src=\"https:\/\/lasprimeras.com.do\/wp-content\/uploads\/2024\/09\/CIPESA-1.jpg\" alt=\"\" class=\"wp-image-88881\" style=\"width:840px;height:auto\" srcset=\"https:\/\/lasprimeras.com.do\/wp-content\/uploads\/2024\/09\/CIPESA-1.jpg 600w, https:\/\/lasprimeras.com.do\/wp-content\/uploads\/2024\/09\/CIPESA-1-300x192.jpg 300w\" sizes=\"(max-width: 600px) 100vw, 600px\" \/><\/figure>\n\n\n\n<p><br>\u201cTenemos a nuestro alcance los medios para apoyar esta iniciativa y los utilizaremos de la mejor manera para que el proyecto de ley de etiquetado frontal sea aprobado por el Congreso de la Rep\u00fablica\u201d, puntualiz\u00f3 N\u00fa\u00f1ez, al presentar el conversatorio en el Colegio M\u00e9dico Dominicano.<\/p>\n\n\n\n<p>El tema central: \u201cImportancia de la participaci\u00f3n de los periodistas de la salud en el proceso de aprobaci\u00f3n de la Ley de Etiquetado Frontal de Alimentos\u201d, fue presentado por el doctor Samuel Ramos, cardi\u00f3logo y coordinador de la Coalici\u00f3n, quien hizo alusi\u00f3n al impacto que tiene la alimentaci\u00f3n no saludable en las Enfermedades no Transmisibles (ENT), como las cardiovasculares, diabetes, c\u00e1nceres y los trastornos mentales.<\/p>\n\n\n\n<p>Expres\u00f3 que el 70% de la mortalidad global corresponde a las enfermedades ENT, de las que, las cardiovasculares ocupan la mitad.<\/p>\n\n\n\n<p>\u201cLa alimentaci\u00f3n no saludable, o sea, la rica en grasa, sal y az\u00facares son las responsables de m\u00e1s de 11 millones de muertes en el mundo anualmente. La Ley de EFAN es una de las herramientas que puede utilizar el Estado para reducirlas, as\u00ed como las muertes secundarias a la mala alimentaci\u00f3n\u201d, indic\u00f3 el doctor Ramos.<\/p>\n\n\n\n<p>\u201cEstamos en un buen momento para la aprobaci\u00f3n de esta ley, ya que varios pa\u00edses de Latinoam\u00e9rica la han aprobado y otros est\u00e1n en el proceso, y varias agencias internacionales est\u00e1n apoyado la iniciativa dominicana\u201d, apunt\u00f3 el m\u00e9dico.<\/p>\n\n\n\n<p>Dijo que las autoridades del Ministerio de Salud est\u00e1n de acuerdo con esta regulaci\u00f3n y congresistas de ambas c\u00e1maras est\u00e1n esperando el momento m\u00e1s oportuno para dar continuidad al proceso legislativo de este proyecto que se introdujo por primera vez en el 2019\u201d, detall\u00f3 Ramos.<\/p>\n\n\n\n<p>El Etiquetado Frontal de Advertencia Nutricional a trav\u00e9s de la colocaci\u00f3n de oct\u00e1gonos negros en el frente de los envases de productos procesados o ultraprocesados es un instrumento clave para indicarles a los consumidores que el producto contiene cantidades excesivas de az\u00facares, grasas totales, grasas saturadas, grasas trans, sodio y calor\u00edas, con el objeto de prevenir el desequilibrio en la alimentaci\u00f3n y prevenir las enfermedades relacionadas.<\/p>\n\n\n\n<p>El evento se realiz\u00f3 en el Sal\u00f3n de Pasados Presidentes del Colegio M\u00e9dico Dominicano y cont\u00f3 con el patrocinio de Laboratorios Cardiotech.<\/p>\n","protected":false},"excerpt":{"rendered":"<p>La Coalici\u00f3n Etiquetado Frontal RD realiz\u00f3 un conversatorio con los miembros del C\u00edrculo de Periodistas de la Salud (CIPESA) sobre Etiquetado Frontal de Advertencia Nutricional (EFAN) y manifiesta respaldo al&hellip;<\/p>\n","protected":false},"author":2,"featured_media":88878,"comment_status":"open","ping_status":"open","sticky":false,"template":"","format":"standard","meta":{"content-type":"","jetpack_post_was_ever_published":false,"_jetpack_newsletter_access":"","_jetpack_dont_email_post_to_subs":false,"_jetpack_newsletter_tier_id":0,"_jetpack_memberships_contains_paywalled_content":false,"_jetpack_memberships_contains_paid_content":false,"footnotes":""},"categories":[1],"tags":[1598,9486,15320,15319,89,813,9974],"class_list":["post-88877","post","type-post","status-publish","format-standard","has-post-thumbnail","hentry","category-sin-categoria","tag-alimentos","tag-debaten","tag-etiquetado","tag-frontal","tag-periodistas","tag-salud","tag-ventajas"],"jetpack_featured_media_url":"https:\/\/lasprimeras.com.do\/wp-content\/uploads\/2024\/09\/CIPESA.jpg","jetpack-related-posts":[{"id":48632,"url":"https:\/\/lasprimeras.com.do\/index.php\/2023\/05\/02\/cipesa-realizara-tercera-caminata-de-periodistas-por-la-salud\/","url_meta":{"origin":88877,"position":0},"title":"Cipesa realizar\u00e1 tercera caminata de periodistas por la salud","author":"prenxa100","date":"2 de mayo de 2023","format":false,"excerpt":"Santo Domingo, RD. - El C\u00edrculo de Periodistas de la Salud (Cipesa) realizar\u00e1 el s\u00e1bado 6 de mayo la tercera Caminata de Periodistas por la Salud con el objetivo de motivar a esos profesionales a realizar actividades f\u00edsicas. La caminata, que este a\u00f1o est\u00e1 enfocada al 75 aniversario de la\u2026","rel":"","context":"En \u00abNACIONALES\u00bb","block_context":{"text":"NACIONALES","link":"https:\/\/lasprimeras.com.do\/index.php\/category\/nacionales\/"},"img":{"alt_text":"","src":"","width":0,"height":0},"classes":[]},{"id":104769,"url":"https:\/\/lasprimeras.com.do\/index.php\/2025\/07\/27\/sociedades-medicas-preocupadas-por-resistencia-industriales-al-etiquetado-alimentos\/","url_meta":{"origin":88877,"position":1},"title":"Sociedades m\u00e9dicas preocupadas por resistencia industriales al etiquetado alimentos","author":"Nelson Feliz","date":"27 de julio de 2025","format":false,"excerpt":"Varias sociedades m\u00e9dicas agrupadas en la organizaci\u00f3n sin fines de lucro Coalici\u00f3n de Dominicana Saludable, que preside la neum\u00f3loga Evangelina Soler, mostraron su preocupaci\u00f3n por la resistencia de sectores industriales a colocar el etiquetado frontal a los productos alimenticios que fabrican. Soler explic\u00f3 que la coalici\u00f3n que agrupa varias especialidades\u2026","rel":"","context":"En \u00abSALUD\u00bb","block_context":{"text":"SALUD","link":"https:\/\/lasprimeras.com.do\/index.php\/category\/salud\/"},"img":{"alt_text":"","src":"https:\/\/i0.wp.com\/lasprimeras.com.do\/wp-content\/uploads\/2025\/07\/soler.jpg?resize=350%2C200&ssl=1","width":350,"height":200,"srcset":"https:\/\/i0.wp.com\/lasprimeras.com.do\/wp-content\/uploads\/2025\/07\/soler.jpg?resize=350%2C200&ssl=1 1x, https:\/\/i0.wp.com\/lasprimeras.com.do\/wp-content\/uploads\/2025\/07\/soler.jpg?resize=525%2C300&ssl=1 1.5x, https:\/\/i0.wp.com\/lasprimeras.com.do\/wp-content\/uploads\/2025\/07\/soler.jpg?resize=700%2C400&ssl=1 2x"},"classes":[]},{"id":68645,"url":"https:\/\/lasprimeras.com.do\/index.php\/2023\/11\/26\/cipesa-culmina-con-exito-tercer-diplomado-comunicacion-estrategica-en-salud\/","url_meta":{"origin":88877,"position":2},"title":"Cipesa culmina con \u00e9xito tercer diplomado comunicaci\u00f3n estrat\u00e9gica en salud","author":"Nelson Feliz","date":"26 de noviembre de 2023","format":false,"excerpt":"Reconoce a la exministra de Salud, Altagracia Guzm\u00e1n Marcelino, y juramenta nuevos miembros El C\u00edrculo de Periodistas de la Salud (Cipesa) concluy\u00f3 su tercer programa acad\u00e9mico de diplomado en \"Comunicaci\u00f3n Estrat\u00e9gica en Salud\", con el respaldo del Instituto Nacional de Formaci\u00f3n T\u00e9cnico Profesional (Infotep) y el apoyo del Servicio Regional\u2026","rel":"","context":"En \u00abSin categor\u00eda\u00bb","block_context":{"text":"Sin categor\u00eda","link":"https:\/\/lasprimeras.com.do\/index.php\/category\/sin-categoria\/"},"img":{"alt_text":"C\u00edrculo de Periodistas de la Salud","src":"https:\/\/i0.wp.com\/lasprimeras.com.do\/wp-content\/uploads\/2023\/11\/cipesa.jpg?resize=350%2C200&ssl=1","width":350,"height":200,"srcset":"https:\/\/i0.wp.com\/lasprimeras.com.do\/wp-content\/uploads\/2023\/11\/cipesa.jpg?resize=350%2C200&ssl=1 1x, https:\/\/i0.wp.com\/lasprimeras.com.do\/wp-content\/uploads\/2023\/11\/cipesa.jpg?resize=525%2C300&ssl=1 1.5x, https:\/\/i0.wp.com\/lasprimeras.com.do\/wp-content\/uploads\/2023\/11\/cipesa.jpg?resize=700%2C400&ssl=1 2x"},"classes":[]},{"id":59839,"url":"https:\/\/lasprimeras.com.do\/index.php\/2023\/09\/07\/cipesa-reafirma-compromiso-con-salud-en-lucha-contra-el-dengue\/","url_meta":{"origin":88877,"position":3},"title":"Cipesa reafirma compromiso con Salud en lucha contra el dengue","author":"Nelson Feliz","date":"7 de septiembre de 2023","format":false,"excerpt":"El C\u00edrculo de Periodistas de la Salud (Cipesa) reafirm\u00f3 su firme compromiso y respaldo al Ministerio de Salud P\u00fablica (MSP) en su batalla contra el dengue y otras enfermedades transmitidas por vectores. La organizaci\u00f3n, que re\u00fane a profesionales especializados en periodismo de salud, resalt\u00f3 la importancia de la colaboraci\u00f3n de\u2026","rel":"","context":"En \u00abSin categor\u00eda\u00bb","block_context":{"text":"Sin categor\u00eda","link":"https:\/\/lasprimeras.com.do\/index.php\/category\/sin-categoria\/"},"img":{"alt_text":"fumigacion","src":"https:\/\/i0.wp.com\/lasprimeras.com.do\/wp-content\/uploads\/2023\/09\/fumigacion.jpg?resize=350%2C200&ssl=1","width":350,"height":200,"srcset":"https:\/\/i0.wp.com\/lasprimeras.com.do\/wp-content\/uploads\/2023\/09\/fumigacion.jpg?resize=350%2C200&ssl=1 1x, https:\/\/i0.wp.com\/lasprimeras.com.do\/wp-content\/uploads\/2023\/09\/fumigacion.jpg?resize=525%2C300&ssl=1 1.5x, https:\/\/i0.wp.com\/lasprimeras.com.do\/wp-content\/uploads\/2023\/09\/fumigacion.jpg?resize=700%2C400&ssl=1 2x"},"classes":[]},{"id":85424,"url":"https:\/\/lasprimeras.com.do\/index.php\/2024\/06\/29\/cipesa-celebra-la-iv-caminata-por-la-salud\/","url_meta":{"origin":88877,"position":4},"title":"CIPESA celebra la IV Caminata por la Salud","author":"Nelson Feliz","date":"29 de junio de 2024","format":false,"excerpt":"Un llamado a la conciencia y la responsabilidad individual y colectiva en la promoci\u00f3n de h\u00e1bitos saludables El C\u00edrculo de Periodistas de la Salud (CIPESA) celebr\u00f3 con gran \u00e9xito la IV Caminata por la Salud, evento que reuni\u00f3 a m\u00e1s de 200 personas comprometidas con la promoci\u00f3n de h\u00e1bitos de\u2026","rel":"","context":"En \u00abSin categor\u00eda\u00bb","block_context":{"text":"Sin categor\u00eda","link":"https:\/\/lasprimeras.com.do\/index.php\/category\/sin-categoria\/"},"img":{"alt_text":"","src":"https:\/\/i0.wp.com\/lasprimeras.com.do\/wp-content\/uploads\/2024\/06\/CIPESA-1.jpg?resize=350%2C200&ssl=1","width":350,"height":200,"srcset":"https:\/\/i0.wp.com\/lasprimeras.com.do\/wp-content\/uploads\/2024\/06\/CIPESA-1.jpg?resize=350%2C200&ssl=1 1x, https:\/\/i0.wp.com\/lasprimeras.com.do\/wp-content\/uploads\/2024\/06\/CIPESA-1.jpg?resize=525%2C300&ssl=1 1.5x"},"classes":[]},{"id":91653,"url":"https:\/\/lasprimeras.com.do\/index.php\/2024\/11\/30\/carol-martinez-asume-presidencia-cipesa\/","url_meta":{"origin":88877,"position":5},"title":"Carol Mart\u00ednez asume presidencia CIPESA","author":"Nelson Feliz","date":"30 de noviembre de 2024","format":false,"excerpt":"Aboga por acciones beneficien afiliados y la poblaci\u00f3n m\u00e1s pobre. Con el compromiso de transformar vidas, educar a las comunidades y promover pol\u00edticas p\u00fablicas que beneficien a toda la poblaci\u00f3n, fue juramentada la periodista Carol G. Mart\u00ednez Medina como presidenta del C\u00edrculo de Periodistas de la Salud (CIPESA) por el\u2026","rel":"","context":"En \u00abNACIONALES\u00bb","block_context":{"text":"NACIONALES","link":"https:\/\/lasprimeras.com.do\/index.php\/category\/nacionales\/"},"img":{"alt_text":"Carol Mart\u00ednez","src":"https:\/\/i0.wp.com\/lasprimeras.com.do\/wp-content\/uploads\/2024\/11\/Carol-Martinez-2.jpg?resize=350%2C200&ssl=1","width":350,"height":200,"srcset":"https:\/\/i0.wp.com\/lasprimeras.com.do\/wp-content\/uploads\/2024\/11\/Carol-Martinez-2.jpg?resize=350%2C200&ssl=1 1x, https:\/\/i0.wp.com\/lasprimeras.com.do\/wp-content\/uploads\/2024\/11\/Carol-Martinez-2.jpg?resize=525%2C300&ssl=1 1.5x, https:\/\/i0.wp.com\/lasprimeras.com.do\/wp-content\/uploads\/2024\/11\/Carol-Martinez-2.jpg?resize=700%2C400&ssl=1 2x"},"classes":[]}],"jetpack_sharing_enabled":true,"_links":{"self":[{"href":"https:\/\/lasprimeras.com.do\/index.php\/wp-json\/wp\/v2\/posts\/88877","targetHints":{"allow":["GET"]}}],"collection":[{"href":"https:\/\/lasprimeras.com.do\/index.php\/wp-json\/wp\/v2\/posts"}],"about":[{"href":"https:\/\/lasprimeras.com.do\/index.php\/wp-json\/wp\/v2\/types\/post"}],"author":[{"embeddable":true,"href":"https:\/\/lasprimeras.com.do\/index.php\/wp-json\/wp\/v2\/users\/2"}],"replies":[{"embeddable":true,"href":"https:\/\/lasprimeras.com.do\/index.php\/wp-json\/wp\/v2\/comments?post=88877"}],"version-history":[{"count":2,"href":"https:\/\/lasprimeras.com.do\/index.php\/wp-json\/wp\/v2\/posts\/88877\/revisions"}],"predecessor-version":[{"id":88882,"href":"https:\/\/lasprimeras.com.do\/index.php\/wp-json\/wp\/v2\/posts\/88877\/revisions\/88882"}],"wp:featuredmedia":[{"embeddable":true,"href":"https:\/\/lasprimeras.com.do\/index.php\/wp-json\/wp\/v2\/media\/88878"}],"wp:attachment":[{"href":"https:\/\/lasprimeras.com.do\/index.php\/wp-json\/wp\/v2\/media?parent=88877"}],"wp:term":[{"taxonomy":"category","embeddable":true,"href":"https:\/\/lasprimeras.com.do\/index.php\/wp-json\/wp\/v2\/categories?post=88877"},{"taxonomy":"post_tag","embeddable":true,"href":"https:\/\/lasprimeras.com.do\/index.php\/wp-json\/wp\/v2\/tags?post=88877"}],"curies":[{"name":"wp","href":"https:\/\/api.w.org\/{rel}","templated":true}]}}