{"id":88892,"date":"2024-09-08T22:27:50","date_gmt":"2024-09-09T02:27:50","guid":{"rendered":"https:\/\/lasprimeras.com.do\/?p=88892"},"modified":"2024-09-08T22:27:51","modified_gmt":"2024-09-09T02:27:51","slug":"director-de-la-pn-demuestra-compromiso-con-la-seguridad-ciudadana","status":"publish","type":"post","link":"https:\/\/lasprimeras.com.do\/index.php\/2024\/09\/08\/director-de-la-pn-demuestra-compromiso-con-la-seguridad-ciudadana\/","title":{"rendered":"Director de la PN demuestra compromiso con la seguridad ciudadana"},"content":{"rendered":"\n<p>El director de la Polic\u00eda Nacional, mayor general Ram\u00f3n Antonio Guzm\u00e1n Peralta, reafirmo su compromiso con la seguridad ciudadana y el fortalecimiento de las relaciones institucionales.<\/p>\n\n\n\n<p>Uno de los eventos m\u00e1s destacados fue su participaci\u00f3n en la solemne entronizaci\u00f3n de la Virgen del Amparo, patrona de la Armada Dominicana, realizada el 4 de septiembre en la iglesia Nuestra Se\u00f1ora de la Altagracia.<\/p>\n\n\n\n<p>Esta ceremonia, presidida por el ministro de Defensa, teniente general Carlos Antonio Fern\u00e1ndez Onofre, permiti\u00f3 estrechar lazos entre las distintas ramas de las Fuerzas Armadas y fortalecer los valores comunes.<\/p>\n\n\n\n<p>Ese mismo d\u00eda, el mayor general Guzm\u00e1n Peralta recibi\u00f3 en sus oficinas al ex embajador de Estados Unidos en Rep\u00fablica Dominicana, James Brewster, con quien discuti\u00f3 temas de inter\u00e9s mutuo para fortalecer la cooperaci\u00f3n bilateral en materia de seguridad ciudadana.<\/p>\n\n\n\n<p>El 5 de septiembre, el director general sostuvo un almuerzo de trabajo con la alcaldesa del Distrito Nacional, Carolina Mej\u00eda G\u00f3mez, donde se evaluaron los avances del Programa de Recuperaci\u00f3n de Espacios P\u00fablicos (ADN-PN). Esta iniciativa conjunta busca mejorar la seguridad y el orden p\u00fablico en la demarcaci\u00f3n, reiterando ambos su compromiso de seguir colaborando para garantizar una mejor calidad de vida a los ciudadanos.<\/p>\n\n\n\n<p>Finalmente, el 6 de septiembre, el mayor general Guzm\u00e1n Peralta particip\u00f3 en el lanzamiento de un operativo de intervenci\u00f3n conjunta, liderado por el Ministerio de Interior y Polic\u00eda, con la participaci\u00f3n del Ministerio P\u00fablico, la Polic\u00eda Nacional, las Fuerzas Armadas, la Direcci\u00f3n Nacional de Control de Drogas (DNCD), la Direcci\u00f3n Central de Investigaci\u00f3n (DICRIM) y la Direcci\u00f3n Central de Inteligencia (DINTEL). Este operativo se llev\u00f3 a cabo de manera simult\u00e1nea en todo el pa\u00eds, con el objetivo de mantener la seguridad y la tranquilidad social.<\/p>\n\n\n\n<p>A trav\u00e9s de su participaci\u00f3n en estos eventos, el mayor general Guzm\u00e1n Peralta demuestra su liderazgo y visi\u00f3n de futuro para una gesti\u00f3n policial integral, que abarca desde el fortalecimiento de relaciones interinstitucionales hasta la implementaci\u00f3n de pol\u00edticas p\u00fablicas para mejorar la seguridad ciudadana.<\/p>\n","protected":false},"excerpt":{"rendered":"<p>El director de la Polic\u00eda Nacional, mayor general Ram\u00f3n Antonio Guzm\u00e1n Peralta, reafirmo su compromiso con la seguridad ciudadana y el fortalecimiento de las relaciones institucionales. Uno de los eventos&hellip;<\/p>\n","protected":false},"author":2,"featured_media":88893,"comment_status":"open","ping_status":"open","sticky":false,"template":"","format":"standard","meta":{"content-type":"","jetpack_post_was_ever_published":false,"_jetpack_newsletter_access":"","_jetpack_dont_email_post_to_subs":false,"_jetpack_newsletter_tier_id":0,"_jetpack_memberships_contains_paywalled_content":false,"_jetpack_memberships_contains_paid_content":false,"footnotes":""},"categories":[3057],"tags":[562,15323,247,477,4774],"class_list":["post-88892","post","type-post","status-publish","format-standard","has-post-thumbnail","hentry","category-militares","tag-compromiso","tag-demuestra","tag-director","tag-pn","tag-seguridad-ciudadana"],"jetpack_featured_media_url":"https:\/\/lasprimeras.com.do\/wp-content\/uploads\/2024\/09\/Ramon-Antonio-Guzman-Peralta.jpg","jetpack-related-posts":[{"id":81443,"url":"https:\/\/lasprimeras.com.do\/index.php\/2024\/04\/21\/director-de-la-pn-expresa-gratitud-a-participantes-en-carrera-5k-y-10k-en-santiago\/","url_meta":{"origin":88892,"position":0},"title":"Director de la PN expresa gratitud a participantes en carrera 5k y 10k en Santiago","author":"Nelson Feliz","date":"21 de abril de 2024","format":false,"excerpt":"El director general\u00a0 de la Polic\u00eda Nacional, mayor general Ram\u00f3n Antonio Guzm\u00e1n Peralta, expres\u00f3 su gratitud a todos los ciudadanos que participaron en la Carrera Regional de 5k y 10k en Santiago de los Caballeros. Guzm\u00e1n Peralta resalt\u00f3 de manera especial el apoyo de la sociedad civil, el cu\u00e1l es\u2026","rel":"","context":"En \u00abSin categor\u00eda\u00bb","block_context":{"text":"Sin categor\u00eda","link":"https:\/\/lasprimeras.com.do\/index.php\/category\/sin-categoria\/"},"img":{"alt_text":"Ram\u00f3n Antonio Guzm\u00e1n Peralta","src":"https:\/\/i0.wp.com\/lasprimeras.com.do\/wp-content\/uploads\/2023\/11\/Ramon-Antonio-Guzman-Peralta-1.jpg?resize=350%2C200&ssl=1","width":350,"height":200,"srcset":"https:\/\/i0.wp.com\/lasprimeras.com.do\/wp-content\/uploads\/2023\/11\/Ramon-Antonio-Guzman-Peralta-1.jpg?resize=350%2C200&ssl=1 1x, https:\/\/i0.wp.com\/lasprimeras.com.do\/wp-content\/uploads\/2023\/11\/Ramon-Antonio-Guzman-Peralta-1.jpg?resize=525%2C300&ssl=1 1.5x, https:\/\/i0.wp.com\/lasprimeras.com.do\/wp-content\/uploads\/2023\/11\/Ramon-Antonio-Guzman-Peralta-1.jpg?resize=700%2C400&ssl=1 2x"},"classes":[]},{"id":122265,"url":"https:\/\/lasprimeras.com.do\/index.php\/2026\/02\/15\/director-de-la-pn-es-condecorado-en-el-78-o-aniversario-de-la-fuerza-aerea-dominicana\/","url_meta":{"origin":88892,"position":1},"title":"Director de la PN es condecorado en el 78.\u00ba aniversario de la Fuerza A\u00e9rea Dominicana","author":"Nelson Feliz","date":"15 de febrero de 2026","format":false,"excerpt":"El director general de la Polic\u00eda Nacional, mayor general Ram\u00f3n Antonio Guzm\u00e1n Peralta, particip\u00f3 en los actos conmemorativos del 78.\u00ba aniversario de la Fuerza A\u00e9rea de Rep\u00fablica Dominicana (FARD), donde fue condecorado junto a varios oficiales policiales por su aporte al fortalecimiento de la cooperaci\u00f3n interinstitucional. La agenda inici\u00f3 con\u2026","rel":"","context":"En \u00abMILITARES\u00bb","block_context":{"text":"MILITARES","link":"https:\/\/lasprimeras.com.do\/index.php\/category\/militares\/"},"img":{"alt_text":"","src":"https:\/\/i0.wp.com\/lasprimeras.com.do\/wp-content\/uploads\/2026\/02\/conde.jpg?resize=350%2C200&ssl=1","width":350,"height":200,"srcset":"https:\/\/i0.wp.com\/lasprimeras.com.do\/wp-content\/uploads\/2026\/02\/conde.jpg?resize=350%2C200&ssl=1 1x, https:\/\/i0.wp.com\/lasprimeras.com.do\/wp-content\/uploads\/2026\/02\/conde.jpg?resize=525%2C300&ssl=1 1.5x, https:\/\/i0.wp.com\/lasprimeras.com.do\/wp-content\/uploads\/2026\/02\/conde.jpg?resize=700%2C400&ssl=1 2x"},"classes":[]},{"id":113229,"url":"https:\/\/lasprimeras.com.do\/index.php\/2025\/10\/30\/pn-reconoce-aportes-del-director-del-coe-juan-manuel-mendez-garcia\/","url_meta":{"origin":88892,"position":2},"title":"PN reconoce aportes del director del COE Juan Manuel M\u00e9ndez Garc\u00eda","author":"Nelson Feliz","date":"30 de octubre de 2025","format":false,"excerpt":"El director del Centro de Operaciones de Emergencias (COE) y de la Direcci\u00f3n de Servicios de Atenci\u00f3n a Emergencias Extrahospitalarias (DAEH), Mayor General (R) Dr. Juan Manuel M\u00e9ndez Garc\u00eda, fue reconocido por la Polic\u00eda Nacional mediante el Decreto 619-25, en honor al m\u00e9rito por sus invaluables aportes y servicio a\u2026","rel":"","context":"En \u00abMILITARES\u00bb","block_context":{"text":"MILITARES","link":"https:\/\/lasprimeras.com.do\/index.php\/category\/militares\/"},"img":{"alt_text":"Juan Manuel M\u00e9ndez Garc\u00eda","src":"https:\/\/i0.wp.com\/lasprimeras.com.do\/wp-content\/uploads\/2024\/12\/Juan-Manuel-Mendez-Garcia.jpg?resize=350%2C200&ssl=1","width":350,"height":200,"srcset":"https:\/\/i0.wp.com\/lasprimeras.com.do\/wp-content\/uploads\/2024\/12\/Juan-Manuel-Mendez-Garcia.jpg?resize=350%2C200&ssl=1 1x, https:\/\/i0.wp.com\/lasprimeras.com.do\/wp-content\/uploads\/2024\/12\/Juan-Manuel-Mendez-Garcia.jpg?resize=525%2C300&ssl=1 1.5x, https:\/\/i0.wp.com\/lasprimeras.com.do\/wp-content\/uploads\/2024\/12\/Juan-Manuel-Mendez-Garcia.jpg?resize=700%2C400&ssl=1 2x"},"classes":[]},{"id":116770,"url":"https:\/\/lasprimeras.com.do\/index.php\/2025\/12\/03\/director-de-la-pn-garantiza-unas-festividades-navidenas-seguras-y-en-plena-convivencia-ciudadana\/","url_meta":{"origin":88892,"position":3},"title":"Director de la PN garantiza unas festividades navide\u00f1as seguras y en plena convivencia ciudadana","author":"Nelson Feliz","date":"3 de diciembre de 2025","format":false,"excerpt":"El director general de la Polic\u00eda Nacional, mayor general Ram\u00f3n Antonio Guzm\u00e1n Peralta, inform\u00f3 que para el operativo \"Garant\u00eda de Paz 2.0\" se har\u00e1 un esfuerzo conjunto que reforzar\u00e1 la presencia en zonas comerciales, avenidas, espacios p\u00fablicos, \u00e1reas residenciales, terminales de transporte y destinos tur\u00edsticos, con el prop\u00f3sito de garantizar\u2026","rel":"","context":"En \u00abMILITARES\u00bb","block_context":{"text":"MILITARES","link":"https:\/\/lasprimeras.com.do\/index.php\/category\/militares\/"},"img":{"alt_text":"Ram\u00f3n Antonio Guzm\u00e1n Peralta","src":"https:\/\/i0.wp.com\/lasprimeras.com.do\/wp-content\/uploads\/2025\/12\/Ramon-Antonio-Guzman-Peralta.jpg?resize=350%2C200&ssl=1","width":350,"height":200,"srcset":"https:\/\/i0.wp.com\/lasprimeras.com.do\/wp-content\/uploads\/2025\/12\/Ramon-Antonio-Guzman-Peralta.jpg?resize=350%2C200&ssl=1 1x, https:\/\/i0.wp.com\/lasprimeras.com.do\/wp-content\/uploads\/2025\/12\/Ramon-Antonio-Guzman-Peralta.jpg?resize=525%2C300&ssl=1 1.5x, https:\/\/i0.wp.com\/lasprimeras.com.do\/wp-content\/uploads\/2025\/12\/Ramon-Antonio-Guzman-Peralta.jpg?resize=700%2C400&ssl=1 2x, https:\/\/i0.wp.com\/lasprimeras.com.do\/wp-content\/uploads\/2025\/12\/Ramon-Antonio-Guzman-Peralta.jpg?resize=1050%2C600&ssl=1 3x, https:\/\/i0.wp.com\/lasprimeras.com.do\/wp-content\/uploads\/2025\/12\/Ramon-Antonio-Guzman-Peralta.jpg?resize=1400%2C800&ssl=1 4x"},"classes":[]},{"id":119250,"url":"https:\/\/lasprimeras.com.do\/index.php\/2026\/01\/09\/pn-inaugura-el-poligono-virtual-en-escuela-de-formacion-policial-campus-gaspar-hernandez\/","url_meta":{"origin":88892,"position":4},"title":"PN inaugura el Pol\u00edgono Virtual en Escuela de Formaci\u00f3n Policial &#8220;Campus Gaspar Hern\u00e1ndez&#8221;","author":"Nelson Feliz","date":"9 de enero de 2026","format":false,"excerpt":"*-Con respaldo de la INL de la Embajada de los Estados Unidos.* El director de la Polic\u00eda Nacional, mayor general Ram\u00f3n Antonio Guzm\u00e1n Peralta, inaugur\u00f3 hoy un moderno Pol\u00edgono de Tiro Virtual en la Escuela de Formaci\u00f3n Policial, Campus Gaspar Hern\u00e1ndez, lo cual representa un avance significativo en el proceso\u2026","rel":"","context":"En \u00abMILITARES\u00bb","block_context":{"text":"MILITARES","link":"https:\/\/lasprimeras.com.do\/index.php\/category\/militares\/"},"img":{"alt_text":"","src":"https:\/\/i0.wp.com\/lasprimeras.com.do\/wp-content\/uploads\/2026\/01\/IMG-20260109-WA0096.jpg?resize=350%2C200&ssl=1","width":350,"height":200,"srcset":"https:\/\/i0.wp.com\/lasprimeras.com.do\/wp-content\/uploads\/2026\/01\/IMG-20260109-WA0096.jpg?resize=350%2C200&ssl=1 1x, https:\/\/i0.wp.com\/lasprimeras.com.do\/wp-content\/uploads\/2026\/01\/IMG-20260109-WA0096.jpg?resize=525%2C300&ssl=1 1.5x, https:\/\/i0.wp.com\/lasprimeras.com.do\/wp-content\/uploads\/2026\/01\/IMG-20260109-WA0096.jpg?resize=700%2C400&ssl=1 2x, https:\/\/i0.wp.com\/lasprimeras.com.do\/wp-content\/uploads\/2026\/01\/IMG-20260109-WA0096.jpg?resize=1050%2C600&ssl=1 3x"},"classes":[]},{"id":79864,"url":"https:\/\/lasprimeras.com.do\/index.php\/2024\/03\/31\/director-pn-insta-a-la-ciudadania-a-un-retorno-seguro-tras-vacaciones-de-semana-santa\/","url_meta":{"origin":88892,"position":5},"title":"Director PN insta a la ciudadan\u00eda a un retorno seguro tras vacaciones de Semana Santa","author":"Nelson Feliz","date":"31 de marzo de 2024","format":false,"excerpt":"Por Martin Restituyo El director general de la Polic\u00eda Nacional, Mayor General Ram\u00f3n Antonio Guzm\u00e1n Peralta, emiti\u00f3 hoy un llamado a toda la ciudadan\u00eda, inst\u00e1ndola a mantener el ejemplar comportamiento que ha caracterizado este per\u00edodo de asueto, especialmente durante el retorno a sus hogares tras disfrutar de diversos destinos durante\u2026","rel":"","context":"En \u00abMILITARES\u00bb","block_context":{"text":"MILITARES","link":"https:\/\/lasprimeras.com.do\/index.php\/category\/militares\/"},"img":{"alt_text":"Ram\u00f3n Antonio Guzm\u00e1n Peralta","src":"https:\/\/i0.wp.com\/lasprimeras.com.do\/wp-content\/uploads\/2024\/03\/Ramon-Antonio-Guzman-Peralta-3.jpg?resize=350%2C200&ssl=1","width":350,"height":200,"srcset":"https:\/\/i0.wp.com\/lasprimeras.com.do\/wp-content\/uploads\/2024\/03\/Ramon-Antonio-Guzman-Peralta-3.jpg?resize=350%2C200&ssl=1 1x, https:\/\/i0.wp.com\/lasprimeras.com.do\/wp-content\/uploads\/2024\/03\/Ramon-Antonio-Guzman-Peralta-3.jpg?resize=525%2C300&ssl=1 1.5x"},"classes":[]}],"jetpack_sharing_enabled":true,"_links":{"self":[{"href":"https:\/\/lasprimeras.com.do\/index.php\/wp-json\/wp\/v2\/posts\/88892","targetHints":{"allow":["GET"]}}],"collection":[{"href":"https:\/\/lasprimeras.com.do\/index.php\/wp-json\/wp\/v2\/posts"}],"about":[{"href":"https:\/\/lasprimeras.com.do\/index.php\/wp-json\/wp\/v2\/types\/post"}],"author":[{"embeddable":true,"href":"https:\/\/lasprimeras.com.do\/index.php\/wp-json\/wp\/v2\/users\/2"}],"replies":[{"embeddable":true,"href":"https:\/\/lasprimeras.com.do\/index.php\/wp-json\/wp\/v2\/comments?post=88892"}],"version-history":[{"count":1,"href":"https:\/\/lasprimeras.com.do\/index.php\/wp-json\/wp\/v2\/posts\/88892\/revisions"}],"predecessor-version":[{"id":88894,"href":"https:\/\/lasprimeras.com.do\/index.php\/wp-json\/wp\/v2\/posts\/88892\/revisions\/88894"}],"wp:featuredmedia":[{"embeddable":true,"href":"https:\/\/lasprimeras.com.do\/index.php\/wp-json\/wp\/v2\/media\/88893"}],"wp:attachment":[{"href":"https:\/\/lasprimeras.com.do\/index.php\/wp-json\/wp\/v2\/media?parent=88892"}],"wp:term":[{"taxonomy":"category","embeddable":true,"href":"https:\/\/lasprimeras.com.do\/index.php\/wp-json\/wp\/v2\/categories?post=88892"},{"taxonomy":"post_tag","embeddable":true,"href":"https:\/\/lasprimeras.com.do\/index.php\/wp-json\/wp\/v2\/tags?post=88892"}],"curies":[{"name":"wp","href":"https:\/\/api.w.org\/{rel}","templated":true}]}}