{"id":88895,"date":"2024-09-08T22:35:24","date_gmt":"2024-09-09T02:35:24","guid":{"rendered":"https:\/\/lasprimeras.com.do\/?p=88895"},"modified":"2024-09-08T22:35:25","modified_gmt":"2024-09-09T02:35:25","slug":"aniquilan-a-geyson-tras-enfrentar-a-agentes-policiales-en-sfm","status":"publish","type":"post","link":"https:\/\/lasprimeras.com.do\/index.php\/2024\/09\/08\/aniquilan-a-geyson-tras-enfrentar-a-agentes-policiales-en-sfm\/","title":{"rendered":"Aniquilan a \u201cGeyson\u201d tras enfrentar a agentes policiales en SFM"},"content":{"rendered":"\n<p>La Direcci\u00f3n Regional Noreste de la Polic\u00eda Nacional inform\u00f3 sobre la muerte de un reconocido delincuente, quien era activamente buscado por el homicidio de un ciudadano en el municipio de San Francisco de Macor\u00eds.<\/p>\n\n\n\n<p>El individuo cay\u00f3 abatido tras enfrentar a miembros de la Polic\u00eda Nacional a la salida de una caba\u00f1a ubicada en la carretera San Francisco- Villa Tapia, tras oponerse a salir con las manos en alto.<\/p>\n\n\n\n<p>Se trata de Geyson Reynaldo Paulino Yrrisari, de 26 a\u00f1os, identificado como el responsable de la muerte de Jos\u00e9 Antonio Pe\u00f1a Burgos (alias Papito), un hecho ocurrido el pasado jueves 5 de este mes.<\/p>\n\n\n\n<p>Seg\u00fan el informe preliminar, al percatarse de la presencia policial, Paulino Yrrisari atac\u00f3 a los agentes a tiros, quienes, en leg\u00edtima defensa, repelieron la agresi\u00f3n, caus\u00e1ndole las heridas que posteriormente le provocaron la muerte.<\/p>\n\n\n\n<p>Tras el enfrentamiento, se le ocup\u00f3 una pistola calibre 9mm con su cargador, utilizada para atacar a los agentes.<\/p>\n\n\n\n<p>Asimismo, fue detenida para fines de investigaci\u00f3n una joven que le acompa\u00f1aba en el citado motel, cuya identidad se hace reserva hasta determinar su responsabilidad legal.<\/p>\n\n\n\n<p><strong>Prontuario delictivo<\/strong><\/p>\n\n\n\n<p>El hoy occiso contaba con un extenso prontuario criminal, con 16 \u00f3rdenes de arresto por homicidio, robo agravado, intento de homicidio, y asociaci\u00f3n de malhechores, entre otros delitos. En mayo de 2024, hab\u00eda sido objeto de b\u00fasqueda por realizar disparos al aire frente a la Fortaleza Duarte, luego de cumplir condena y obtener su libertad.<\/p>\n\n\n\n<p>El cuerpo sin vida fue trasladado al Instituto Nacional de Ciencias Forenses (INACIF), mientras que la detenida ser\u00e1 puesta a disposici\u00f3n del Ministerio P\u00fablico para los fines legales correspondientes.<\/p>\n","protected":false},"excerpt":{"rendered":"<p>La Direcci\u00f3n Regional Noreste de la Polic\u00eda Nacional inform\u00f3 sobre la muerte de un reconocido delincuente, quien era activamente buscado por el homicidio de un ciudadano en el municipio de&hellip;<\/p>\n","protected":false},"author":2,"featured_media":88896,"comment_status":"open","ping_status":"open","sticky":false,"template":"","format":"standard","meta":{"content-type":"","jetpack_post_was_ever_published":false,"_jetpack_newsletter_access":"","_jetpack_dont_email_post_to_subs":false,"_jetpack_newsletter_tier_id":0,"_jetpack_memberships_contains_paywalled_content":false,"_jetpack_memberships_contains_paid_content":false,"footnotes":""},"categories":[3057],"tags":[3660,6687,1185,15324,1158,59],"class_list":["post-88895","post","type-post","status-publish","format-standard","has-post-thumbnail","hentry","category-militares","tag-agentes","tag-aniquilan","tag-enfrentar","tag-geyson-reynaldo-paulino-yrrisari","tag-policiales","tag-sfm"],"jetpack_featured_media_url":"https:\/\/lasprimeras.com.do\/wp-content\/uploads\/2024\/09\/Geyson-Reynaldo-Paulino-Yrrisari.jpg","jetpack-related-posts":[{"id":58635,"url":"https:\/\/lasprimeras.com.do\/index.php\/2023\/08\/26\/miembros-de-la-pn-aniquilan-al-reconocido-delincuente-carlito\/","url_meta":{"origin":88895,"position":0},"title":"Miembros de la PN aniquilan al reconocido delincuente \u201cCarlito\u201d","author":"Nelson Feliz","date":"26 de agosto de 2023","format":false,"excerpt":"-Esta banda criminal se dedica a la venta de sustancias controladas, sicariato, trasiego de armas ilegales, as\u00ed como al secuestro y tortura de ciudadanos. Un reconocido delincuente que era activamente buscado por la comisi\u00f3n de distintos hechos delictivos y criminales, cay\u00f3 abatido hoy al enfrentar a miembros de la Polic\u00eda\u2026","rel":"","context":"En \u00abMILITARES\u00bb","block_context":{"text":"MILITARES","link":"https:\/\/lasprimeras.com.do\/index.php\/category\/militares\/"},"img":{"alt_text":"Carlos Enrique Taveras Santana","src":"https:\/\/i0.wp.com\/lasprimeras.com.do\/wp-content\/uploads\/2023\/08\/Carlos-Enrique-Taveras-Santana.jpg?resize=350%2C200&ssl=1","width":350,"height":200,"srcset":"https:\/\/i0.wp.com\/lasprimeras.com.do\/wp-content\/uploads\/2023\/08\/Carlos-Enrique-Taveras-Santana.jpg?resize=350%2C200&ssl=1 1x, https:\/\/i0.wp.com\/lasprimeras.com.do\/wp-content\/uploads\/2023\/08\/Carlos-Enrique-Taveras-Santana.jpg?resize=525%2C300&ssl=1 1.5x, https:\/\/i0.wp.com\/lasprimeras.com.do\/wp-content\/uploads\/2023\/08\/Carlos-Enrique-Taveras-Santana.jpg?resize=700%2C400&ssl=1 2x"},"classes":[]},{"id":85386,"url":"https:\/\/lasprimeras.com.do\/index.php\/2024\/06\/28\/policia-aniquila-jon-baqueta-en-san-cristobal\/","url_meta":{"origin":88895,"position":1},"title":"Polic\u00eda aniquila &#8220;Jon Baqueta&#8221; en San Crist\u00f3bal","author":"Nelson Feliz","date":"28 de junio de 2024","format":false,"excerpt":"Le ocupan arma de fuego con la que atac\u00f3 a los agentes y caus\u00f3 herida a cabo de la instituci\u00f3n. Un cabo de la Direcci\u00f3n Central de Investigaci\u00f3n (DICRIM), result\u00f3 herido de bala hoy durante un enfrentamiento a tiros contra \"Jon Baqueta\", quien cay\u00f3 abatido en esa acci\u00f3n legal registrada\u2026","rel":"","context":"En \u00abMILITARES\u00bb","block_context":{"text":"MILITARES","link":"https:\/\/lasprimeras.com.do\/index.php\/category\/militares\/"},"img":{"alt_text":"","src":"https:\/\/i0.wp.com\/lasprimeras.com.do\/wp-content\/uploads\/2024\/06\/Pistola.jpg?resize=350%2C200&ssl=1","width":350,"height":200,"srcset":"https:\/\/i0.wp.com\/lasprimeras.com.do\/wp-content\/uploads\/2024\/06\/Pistola.jpg?resize=350%2C200&ssl=1 1x, https:\/\/i0.wp.com\/lasprimeras.com.do\/wp-content\/uploads\/2024\/06\/Pistola.jpg?resize=525%2C300&ssl=1 1.5x, https:\/\/i0.wp.com\/lasprimeras.com.do\/wp-content\/uploads\/2024\/06\/Pistola.jpg?resize=700%2C400&ssl=1 2x"},"classes":[]},{"id":58770,"url":"https:\/\/lasprimeras.com.do\/index.php\/2023\/08\/28\/director-de-la-pn-deja-en-funcionamiento-patrullaje-por-cuadrantes-en-sfm\/","url_meta":{"origin":88895,"position":2},"title":"Director de la PN deja en funcionamiento patrullaje por cuadrantes en SFM","author":"Nelson Feliz","date":"28 de agosto de 2023","format":false,"excerpt":"-Integra 66 nuevos agentes, unidades patrulleras y equipos tecnol\u00f3gicos Por Mart\u00edn Restituyo El Gobierno, a trav\u00e9s de la Polic\u00eda Nacional, puso en funcionamiento hoy en 50 sectores de San Francisco de Macor\u00eds la Estrategia de Patrullaje Policial por Cuadrantes, iniciativa que aportar\u00e1 mayor control, supervisi\u00f3n de los servicios, mejorar la\u2026","rel":"","context":"En \u00abMILITARES\u00bb","block_context":{"text":"MILITARES","link":"https:\/\/lasprimeras.com.do\/index.php\/category\/militares\/"},"img":{"alt_text":"Eduardo Alberto Then","src":"https:\/\/i0.wp.com\/lasprimeras.com.do\/wp-content\/uploads\/2023\/08\/Eduardo-Alberto-Then-1-2.jpg?resize=350%2C200&ssl=1","width":350,"height":200,"srcset":"https:\/\/i0.wp.com\/lasprimeras.com.do\/wp-content\/uploads\/2023\/08\/Eduardo-Alberto-Then-1-2.jpg?resize=350%2C200&ssl=1 1x, https:\/\/i0.wp.com\/lasprimeras.com.do\/wp-content\/uploads\/2023\/08\/Eduardo-Alberto-Then-1-2.jpg?resize=525%2C300&ssl=1 1.5x, https:\/\/i0.wp.com\/lasprimeras.com.do\/wp-content\/uploads\/2023\/08\/Eduardo-Alberto-Then-1-2.jpg?resize=700%2C400&ssl=1 2x"},"classes":[]},{"id":85365,"url":"https:\/\/lasprimeras.com.do\/index.php\/2024\/06\/28\/pn-neutraliza-presunto-malhechor-en-san-jose-de-las-matas\/","url_meta":{"origin":88895,"position":3},"title":"PN neutraliza presunto malhechor en San Jos\u00e9 de Las Matas","author":"Nelson Feliz","date":"28 de junio de 2024","format":false,"excerpt":"\u201cCay\u00f3 abatido tras enfrentar a tiros agentes policiales en San Jos\u00e9 de Las Matas\u201d Agentes de la Polic\u00eda Nacional asesinaron un presunto malhechor tras enfrentar a tiros a miembros policiales mientras se encontraban realizando labores de patrullaje en su \u00e1rea de responsabilidad en el municipio de San Jos\u00e9 de Las\u2026","rel":"","context":"En \u00abMILITARES\u00bb","block_context":{"text":"MILITARES","link":"https:\/\/lasprimeras.com.do\/index.php\/category\/militares\/"},"img":{"alt_text":"","src":"https:\/\/i0.wp.com\/lasprimeras.com.do\/wp-content\/uploads\/2024\/06\/Popa.jpg?resize=350%2C200&ssl=1","width":350,"height":200},"classes":[]},{"id":81682,"url":"https:\/\/lasprimeras.com.do\/index.php\/2024\/04\/23\/policia-tranquiliza-al-delincuente-hipolito-tras-enfrentamiento-en-hato-mayor\/","url_meta":{"origin":88895,"position":4},"title":"Polic\u00eda tranquiliza al delincuente \u201cHip\u00f3lito\u201d tras enfrentamiento en Hato Mayor","author":"Nelson Feliz","date":"23 de abril de 2024","format":false,"excerpt":"-Le ocupan pistola que portaba de manera ilegal. Por Martin Restituyo Un reconocido delincuente cay\u00f3 abatido hoy al enfrentar a los agentes policiales que les daban seguimiento a los fines de apresarlo, mediante m\u00faltiples \u00f3rdenes de arresto. El hecho ocurri\u00f3 en el sector Villa Canto, del municipio Hato Mayor del\u2026","rel":"","context":"En \u00abMILITARES\u00bb","block_context":{"text":"MILITARES","link":"https:\/\/lasprimeras.com.do\/index.php\/category\/militares\/"},"img":{"alt_text":"Patrulla PN","src":"https:\/\/i0.wp.com\/lasprimeras.com.do\/wp-content\/uploads\/2024\/04\/Patrulla-PN.jpg?resize=350%2C200&ssl=1","width":350,"height":200,"srcset":"https:\/\/i0.wp.com\/lasprimeras.com.do\/wp-content\/uploads\/2024\/04\/Patrulla-PN.jpg?resize=350%2C200&ssl=1 1x, https:\/\/i0.wp.com\/lasprimeras.com.do\/wp-content\/uploads\/2024\/04\/Patrulla-PN.jpg?resize=525%2C300&ssl=1 1.5x, https:\/\/i0.wp.com\/lasprimeras.com.do\/wp-content\/uploads\/2024\/04\/Patrulla-PN.jpg?resize=700%2C400&ssl=1 2x"},"classes":[]},{"id":48980,"url":"https:\/\/lasprimeras.com.do\/index.php\/2023\/05\/05\/apresan-mayor-erd-por-homicidio-de-otro-de-la-pn\/","url_meta":{"origin":88895,"position":5},"title":"Apresan mayor ERD por homicidio de otro de la PN","author":"prenxa100","date":"5 de mayo de 2023","format":false,"excerpt":"Por Wilson P\u00e9rez Santo Domingo.-. Agentes policiales, adscritos a la Direcci\u00f3n Central de Investigaci\u00f3n (DICRIM), investigan las circunstancias en que se produjo un confuso incidente en el que un mayor del Ej\u00e9rcito de Rep\u00fablica Dominicana le quit\u00f3 la vida a otro, de la Polic\u00eda Nacional, al tiempo de causa herida\u2026","rel":"","context":"En \u00abNACIONALES\u00bb","block_context":{"text":"NACIONALES","link":"https:\/\/lasprimeras.com.do\/index.php\/category\/nacionales\/"},"img":{"alt_text":"","src":"","width":0,"height":0},"classes":[]}],"jetpack_sharing_enabled":true,"_links":{"self":[{"href":"https:\/\/lasprimeras.com.do\/index.php\/wp-json\/wp\/v2\/posts\/88895","targetHints":{"allow":["GET"]}}],"collection":[{"href":"https:\/\/lasprimeras.com.do\/index.php\/wp-json\/wp\/v2\/posts"}],"about":[{"href":"https:\/\/lasprimeras.com.do\/index.php\/wp-json\/wp\/v2\/types\/post"}],"author":[{"embeddable":true,"href":"https:\/\/lasprimeras.com.do\/index.php\/wp-json\/wp\/v2\/users\/2"}],"replies":[{"embeddable":true,"href":"https:\/\/lasprimeras.com.do\/index.php\/wp-json\/wp\/v2\/comments?post=88895"}],"version-history":[{"count":1,"href":"https:\/\/lasprimeras.com.do\/index.php\/wp-json\/wp\/v2\/posts\/88895\/revisions"}],"predecessor-version":[{"id":88897,"href":"https:\/\/lasprimeras.com.do\/index.php\/wp-json\/wp\/v2\/posts\/88895\/revisions\/88897"}],"wp:featuredmedia":[{"embeddable":true,"href":"https:\/\/lasprimeras.com.do\/index.php\/wp-json\/wp\/v2\/media\/88896"}],"wp:attachment":[{"href":"https:\/\/lasprimeras.com.do\/index.php\/wp-json\/wp\/v2\/media?parent=88895"}],"wp:term":[{"taxonomy":"category","embeddable":true,"href":"https:\/\/lasprimeras.com.do\/index.php\/wp-json\/wp\/v2\/categories?post=88895"},{"taxonomy":"post_tag","embeddable":true,"href":"https:\/\/lasprimeras.com.do\/index.php\/wp-json\/wp\/v2\/tags?post=88895"}],"curies":[{"name":"wp","href":"https:\/\/api.w.org\/{rel}","templated":true}]}}