{"id":88941,"date":"2024-09-10T23:55:22","date_gmt":"2024-09-11T03:55:22","guid":{"rendered":"https:\/\/lasprimeras.com.do\/?p=88941"},"modified":"2024-09-10T23:55:23","modified_gmt":"2024-09-11T03:55:23","slug":"digev-fortalece-su-gestion-educativa","status":"publish","type":"post","link":"https:\/\/lasprimeras.com.do\/index.php\/2024\/09\/10\/digev-fortalece-su-gestion-educativa\/","title":{"rendered":"DIGEV fortalece su gesti\u00f3n educativa"},"content":{"rendered":"\n<p><strong>Realizan reuni\u00f3n de trabajo entre su director general e inspectores provinciales.<\/strong><\/p>\n\n\n\n<p>El Director General de las Escuelas Vocacionales de las Fuerzas Armadas y la Polic\u00eda Nacional (DIGEV), Coronel Jos\u00e9 Ram\u00f3n Reyes Su\u00e1rez,sostuvo su primera reuni\u00f3n de trabajo con los inspectores de las 31 escuelas vocacionales diseminadas a nivel nacional, incluyendo las de las provincias.<\/p>\n\n\n\n<p>Este encuentro, realizado en la sede principal de la DIGEV, tuvo como objetivo primordial revisar y fortalecer la gesti\u00f3n educativa, estableciendo las metas institucionales para el 2024.<\/p>\n\n\n\n<p>Durante la reuni\u00f3n, el Coronel Reyes Su\u00e1rez destac\u00f3 la importancia de optimizar la calidad de la ense\u00f1anza y mejorar los recursos disponibles en cada demarcaci\u00f3n.<\/p>\n\n\n\n<p>Subray\u00f3 que cada inspector tiene la responsabilidad de velar por el cumplimiento de los objetivos asignados, como el mejoramiento de las infraestructuras, la actualizaci\u00f3n de los espacios acad\u00e9micos y la mejora de las condiciones del personal.<\/p>\n\n\n\n<p>El director general tambi\u00e9n reafirm\u00f3 el compromiso de la DIGEV con la excelencia educativa, alineado con las directrices del Ministro de Defensa, Teniente General Carlos Antonio Fern\u00e1ndez Onofre. Adem\u00e1s, resalt\u00f3 que la educaci\u00f3n t\u00e9cnica vocacional es una herramienta fundamental para combatir la pobreza en los sectores m\u00e1s vulnerables de la sociedad dominicana.<\/p>\n\n\n\n<p>En el encuentro, que cont\u00f3 con la presencia de la plana mayor de la DIGEV, se trataron temas cruciales para garantizar un sistema educativo eficiente y de calidad. &#8220;Formaci\u00f3n para el futuro, compromiso con la patria&#8221;, expres\u00f3 el coronel Reyes Su\u00e1rez, enfatizando la visi\u00f3n de la DIGEV para seguir ofreciendo una educaci\u00f3n competitiva y en constante mejora.<\/p>\n","protected":false},"excerpt":{"rendered":"<p>Realizan reuni\u00f3n de trabajo entre su director general e inspectores provinciales. El Director General de las Escuelas Vocacionales de las Fuerzas Armadas y la Polic\u00eda Nacional (DIGEV), Coronel Jos\u00e9 Ram\u00f3n&hellip;<\/p>\n","protected":false},"author":2,"featured_media":88942,"comment_status":"open","ping_status":"open","sticky":false,"template":"","format":"standard","meta":{"content-type":"","jetpack_post_was_ever_published":false,"_jetpack_newsletter_access":"","_jetpack_dont_email_post_to_subs":false,"_jetpack_newsletter_tier_id":0,"_jetpack_memberships_contains_paywalled_content":false,"_jetpack_memberships_contains_paid_content":false,"footnotes":""},"categories":[3057],"tags":[656,5913,3648,212],"class_list":["post-88941","post","type-post","status-publish","format-standard","has-post-thumbnail","hentry","category-militares","tag-digev","tag-educativa","tag-fortalece","tag-gestion"],"jetpack_featured_media_url":"https:\/\/lasprimeras.com.do\/wp-content\/uploads\/2024\/09\/digev-1.jpg","jetpack-related-posts":[{"id":128503,"url":"https:\/\/lasprimeras.com.do\/index.php\/2026\/04\/23\/escuelas-vocacionales-participan-en-exposostenible-2026\/","url_meta":{"origin":88941,"position":0},"title":"Escuelas Vocacionales participan en ExpoSostenible 2026","author":"Nelson Feliz","date":"23 de abril de 2026","format":false,"excerpt":"DIGEV fortalece su visi\u00f3n educativa orientada al desarrollo sostenible La Direcci\u00f3n General de las Escuelas Vocacionales de las Fuerzas Armadas y de la Polic\u00eda Nacional (DIGEV) del Ministerio de Defensa (MIDE) encabezada por su director general, el coronel Jos\u00e9 Ram\u00f3n Reyes Su\u00e1rez, FARD (DGP), particip\u00f3 activamente en ExpoSostenible 2026, celebrada\u2026","rel":"","context":"En \u00abNACIONALES\u00bb","block_context":{"text":"NACIONALES","link":"https:\/\/lasprimeras.com.do\/index.php\/category\/nacionales\/"},"img":{"alt_text":"","src":"https:\/\/i0.wp.com\/lasprimeras.com.do\/wp-content\/uploads\/2026\/04\/ExpoSostenible-2026-1.jpg?resize=350%2C200&ssl=1","width":350,"height":200,"srcset":"https:\/\/i0.wp.com\/lasprimeras.com.do\/wp-content\/uploads\/2026\/04\/ExpoSostenible-2026-1.jpg?resize=350%2C200&ssl=1 1x, https:\/\/i0.wp.com\/lasprimeras.com.do\/wp-content\/uploads\/2026\/04\/ExpoSostenible-2026-1.jpg?resize=525%2C300&ssl=1 1.5x, https:\/\/i0.wp.com\/lasprimeras.com.do\/wp-content\/uploads\/2026\/04\/ExpoSostenible-2026-1.jpg?resize=700%2C400&ssl=1 2x"},"classes":[]},{"id":111996,"url":"https:\/\/lasprimeras.com.do\/index.php\/2025\/10\/16\/digev-conmemora-59-anos-de-su-fundacion-en-bani\/","url_meta":{"origin":88941,"position":1},"title":"DIGEV conmemora 59 a\u00f1os de su fundaci\u00f3n en Ban\u00ed","author":"Nelson Feliz","date":"16 de octubre de 2025","format":false,"excerpt":"Con una emotiva ceremonia religiosa y una exposici\u00f3n educativa, las Escuelas Vocacionales de las Fuerzas Armadas y de la Polic\u00eda Nacional (DIGEV), del Ministerio de Defensa (MIDE), celebraron el 59.\u00ba aniversario de la fundaci\u00f3n de su primera sede, establecida en la ciudad de Ban\u00ed en el a\u00f1o 1966. El acto\u2026","rel":"","context":"En \u00abMILITARES\u00bb","block_context":{"text":"MILITARES","link":"https:\/\/lasprimeras.com.do\/index.php\/category\/militares\/"},"img":{"alt_text":"","src":"https:\/\/i0.wp.com\/lasprimeras.com.do\/wp-content\/uploads\/2025\/10\/misa.jpg?resize=350%2C200&ssl=1","width":350,"height":200,"srcset":"https:\/\/i0.wp.com\/lasprimeras.com.do\/wp-content\/uploads\/2025\/10\/misa.jpg?resize=350%2C200&ssl=1 1x, https:\/\/i0.wp.com\/lasprimeras.com.do\/wp-content\/uploads\/2025\/10\/misa.jpg?resize=525%2C300&ssl=1 1.5x, https:\/\/i0.wp.com\/lasprimeras.com.do\/wp-content\/uploads\/2025\/10\/misa.jpg?resize=700%2C400&ssl=1 2x"},"classes":[]},{"id":74481,"url":"https:\/\/lasprimeras.com.do\/index.php\/2024\/01\/23\/escuelas-vocacionales-inicia-diplomado-a-inspectores-de-santo-domingo\/","url_meta":{"origin":88941,"position":2},"title":"Escuelas Vocacionales inicia diplomado a inspectores de Santo Domingo","author":"Nelson Feliz","date":"23 de enero de 2024","format":false,"excerpt":"Por Martin Restituyo La Direcci\u00f3n General de las Escuelas Vocacionales de las Fuerzas Armadas y de la Polic\u00eda Nacional (DIGEV) inici\u00f3 el diplomado \u201cGesti\u00f3n de Centros Educativos\u201d, el cual est\u00e1 dirigido a los inspectores que laboran en las distintas escuelas vocacionales diseminadas en toda la geograf\u00eda nacional. El acto de\u2026","rel":"","context":"En \u00abMILITARES\u00bb","block_context":{"text":"MILITARES","link":"https:\/\/lasprimeras.com.do\/index.php\/category\/militares\/"},"img":{"alt_text":"DIGEV","src":"https:\/\/i0.wp.com\/lasprimeras.com.do\/wp-content\/uploads\/2024\/01\/DIGEV.jpg?resize=350%2C200&ssl=1","width":350,"height":200,"srcset":"https:\/\/i0.wp.com\/lasprimeras.com.do\/wp-content\/uploads\/2024\/01\/DIGEV.jpg?resize=350%2C200&ssl=1 1x, https:\/\/i0.wp.com\/lasprimeras.com.do\/wp-content\/uploads\/2024\/01\/DIGEV.jpg?resize=525%2C300&ssl=1 1.5x, https:\/\/i0.wp.com\/lasprimeras.com.do\/wp-content\/uploads\/2024\/01\/DIGEV.jpg?resize=700%2C400&ssl=1 2x"},"classes":[]},{"id":119231,"url":"https:\/\/lasprimeras.com.do\/index.php\/2026\/01\/08\/ministerio-de-defensa-fortalece-la-formacion-tecnica-de-digev-con-entrega-de-nuevos-vehiculos\/","url_meta":{"origin":88941,"position":3},"title":"Ministerio de Defensa fortalece la formaci\u00f3n t\u00e9cnica de DIGEV con entrega de nuevos veh\u00edculos","author":"Nelson Feliz","date":"8 de enero de 2026","format":false,"excerpt":"El ministro de Defensa, teniente general Carlos Antonio Fern\u00e1ndez Onofre, ERD, realiz\u00f3 la entrega oficial de siete (7) veh\u00edculos marca Toyota AGYA, a\u00f1o 2025, al director general de las Escuelas Vocacionales de las Fuerzas Armadas y de la Polic\u00eda Nacional (DIGEV), coronel Jos\u00e9 Ram\u00f3n Reyes Su\u00e1rez, FARD (DGP). Los veh\u00edculos\u2026","rel":"","context":"En \u00abMILITARES\u00bb","block_context":{"text":"MILITARES","link":"https:\/\/lasprimeras.com.do\/index.php\/category\/militares\/"},"img":{"alt_text":"DIGEV","src":"https:\/\/i0.wp.com\/lasprimeras.com.do\/wp-content\/uploads\/2026\/01\/digev-1.jpg?resize=350%2C200&ssl=1","width":350,"height":200,"srcset":"https:\/\/i0.wp.com\/lasprimeras.com.do\/wp-content\/uploads\/2026\/01\/digev-1.jpg?resize=350%2C200&ssl=1 1x, https:\/\/i0.wp.com\/lasprimeras.com.do\/wp-content\/uploads\/2026\/01\/digev-1.jpg?resize=525%2C300&ssl=1 1.5x, https:\/\/i0.wp.com\/lasprimeras.com.do\/wp-content\/uploads\/2026\/01\/digev-1.jpg?resize=700%2C400&ssl=1 2x"},"classes":[]},{"id":119538,"url":"https:\/\/lasprimeras.com.do\/index.php\/2026\/01\/14\/mide-abre-el-ano-escolar-2026-de-las-escuelas-vocacionales-a-nivel-nacional\/","url_meta":{"origin":88941,"position":4},"title":"MIDE abre el a\u00f1o escolar 2026 de las Escuelas Vocacionales a nivel nacional","author":"Nelson Feliz","date":"14 de enero de 2026","format":false,"excerpt":"El Ministerio de Defensa (MIDE), a trav\u00e9s de la Direcci\u00f3n General de las Escuelas Vocacionales de las Fuerzas Armadas y de la Polic\u00eda Nacional (DIGEV), dej\u00f3 formalmente iniciado el a\u00f1o escolar 2026, de manera simult\u00e1nea en todas las sedes de DIGEV a nivel nacional, con una matr\u00edcula inicial que supera\u2026","rel":"","context":"En \u00abMILITARES\u00bb","block_context":{"text":"MILITARES","link":"https:\/\/lasprimeras.com.do\/index.php\/category\/militares\/"},"img":{"alt_text":"","src":"https:\/\/i0.wp.com\/lasprimeras.com.do\/wp-content\/uploads\/2026\/01\/IMG-20260113-WA0772.jpg?resize=350%2C200&ssl=1","width":350,"height":200,"srcset":"https:\/\/i0.wp.com\/lasprimeras.com.do\/wp-content\/uploads\/2026\/01\/IMG-20260113-WA0772.jpg?resize=350%2C200&ssl=1 1x, https:\/\/i0.wp.com\/lasprimeras.com.do\/wp-content\/uploads\/2026\/01\/IMG-20260113-WA0772.jpg?resize=525%2C300&ssl=1 1.5x, https:\/\/i0.wp.com\/lasprimeras.com.do\/wp-content\/uploads\/2026\/01\/IMG-20260113-WA0772.jpg?resize=700%2C400&ssl=1 2x, https:\/\/i0.wp.com\/lasprimeras.com.do\/wp-content\/uploads\/2026\/01\/IMG-20260113-WA0772.jpg?resize=1050%2C600&ssl=1 3x"},"classes":[]},{"id":102271,"url":"https:\/\/lasprimeras.com.do\/index.php\/2025\/07\/02\/escuelas-vocacionales-inician-segundo-semestre-del-ano-2025-a-nivel-nacional\/","url_meta":{"origin":88941,"position":5},"title":"Escuelas Vocacionales inician segundo semestre del a\u00f1o 2025 a nivel nacional","author":"Nelson Feliz","date":"2 de julio de 2025","format":false,"excerpt":"La Direcci\u00f3n General de las Escuelas Vocacionales de las Fuerzas Armadas y de la Polic\u00eda Nacional (DIGEV), del Ministerio de Defensa (MIDE), dieron formal inicio al segundo semestre acad\u00e9mico del a\u00f1o 2025, iniciando con una matr\u00edcula de inscritos de m\u00e1s de 25,000 estudiantes distribuidos en sus 31 escuelas y 4\u2026","rel":"","context":"En \u00abMILITARES\u00bb","block_context":{"text":"MILITARES","link":"https:\/\/lasprimeras.com.do\/index.php\/category\/militares\/"},"img":{"alt_text":"","src":"https:\/\/i0.wp.com\/lasprimeras.com.do\/wp-content\/uploads\/2025\/07\/escuelas-1.jpg?resize=350%2C200&ssl=1","width":350,"height":200,"srcset":"https:\/\/i0.wp.com\/lasprimeras.com.do\/wp-content\/uploads\/2025\/07\/escuelas-1.jpg?resize=350%2C200&ssl=1 1x, https:\/\/i0.wp.com\/lasprimeras.com.do\/wp-content\/uploads\/2025\/07\/escuelas-1.jpg?resize=525%2C300&ssl=1 1.5x, https:\/\/i0.wp.com\/lasprimeras.com.do\/wp-content\/uploads\/2025\/07\/escuelas-1.jpg?resize=700%2C400&ssl=1 2x"},"classes":[]}],"jetpack_sharing_enabled":true,"_links":{"self":[{"href":"https:\/\/lasprimeras.com.do\/index.php\/wp-json\/wp\/v2\/posts\/88941","targetHints":{"allow":["GET"]}}],"collection":[{"href":"https:\/\/lasprimeras.com.do\/index.php\/wp-json\/wp\/v2\/posts"}],"about":[{"href":"https:\/\/lasprimeras.com.do\/index.php\/wp-json\/wp\/v2\/types\/post"}],"author":[{"embeddable":true,"href":"https:\/\/lasprimeras.com.do\/index.php\/wp-json\/wp\/v2\/users\/2"}],"replies":[{"embeddable":true,"href":"https:\/\/lasprimeras.com.do\/index.php\/wp-json\/wp\/v2\/comments?post=88941"}],"version-history":[{"count":1,"href":"https:\/\/lasprimeras.com.do\/index.php\/wp-json\/wp\/v2\/posts\/88941\/revisions"}],"predecessor-version":[{"id":88943,"href":"https:\/\/lasprimeras.com.do\/index.php\/wp-json\/wp\/v2\/posts\/88941\/revisions\/88943"}],"wp:featuredmedia":[{"embeddable":true,"href":"https:\/\/lasprimeras.com.do\/index.php\/wp-json\/wp\/v2\/media\/88942"}],"wp:attachment":[{"href":"https:\/\/lasprimeras.com.do\/index.php\/wp-json\/wp\/v2\/media?parent=88941"}],"wp:term":[{"taxonomy":"category","embeddable":true,"href":"https:\/\/lasprimeras.com.do\/index.php\/wp-json\/wp\/v2\/categories?post=88941"},{"taxonomy":"post_tag","embeddable":true,"href":"https:\/\/lasprimeras.com.do\/index.php\/wp-json\/wp\/v2\/tags?post=88941"}],"curies":[{"name":"wp","href":"https:\/\/api.w.org\/{rel}","templated":true}]}}