{"id":89080,"date":"2024-09-15T20:57:50","date_gmt":"2024-09-16T00:57:50","guid":{"rendered":"https:\/\/lasprimeras.com.do\/?p=89080"},"modified":"2024-09-15T20:57:51","modified_gmt":"2024-09-16T00:57:51","slug":"armada-de-rd-obtiene-primer-lugar-en-ciberseguridad-unitas-2024-en-chile","status":"publish","type":"post","link":"https:\/\/lasprimeras.com.do\/index.php\/2024\/09\/15\/armada-de-rd-obtiene-primer-lugar-en-ciberseguridad-unitas-2024-en-chile\/","title":{"rendered":"Armada de RD obtiene primer lugar en ciberseguridad &#8220;UNITAS 2024&#8221; en Chile"},"content":{"rendered":"\n<p>Por Martin Restituyo<\/p>\n\n\n\n<p>La Armada de Rep\u00fablica Dominicana ha logrado un importante reconocimiento internacional al obtener el primer lugar en los prestigiosos ejercicios de ciberseguridad realizados en el marco de UNITAS 2024, llevados a cabo en Vi\u00f1a del Mar, Chile, del 1 al 13 de septiembre.<\/p>\n\n\n\n<p>Este ejercicio multinacional, ampliamente reconocido a nivel global, reuni\u00f3 a expertos en ciberseguridad y personal militar de Chile, Ecuador, Per\u00fa, Argentina, Uruguay y Rep\u00fablica Dominicana.<\/p>\n\n\n\n<p>El objetivo central fue fortalecer la cooperaci\u00f3n y la capacidad de respuesta ante amenazas cibern\u00e9ticas en el \u00e1mbito mar\u00edtimo.<\/p>\n\n\n\n<p>UNITAS, organizado anualmente por la Armada de los Estados Unidos, es el ejercicio naval m\u00e1s antiguo y relevante del hemisferio occidental.<\/p>\n\n\n\n<p>En su 65.\u00aa edici\u00f3n, los participantes ejecutaron una serie de maniobras destinadas a mejorar la interoperabilidad entre las fuerzas navales, la preparaci\u00f3n conjunta ante desastres naturales y la defensa contra amenazas mar\u00edtimas.<\/p>\n\n\n\n<p>Entre los roles desempe\u00f1ados por los participantes se incluyeron funciones en STAFF (CTG 138.20), Plana Mayor de Ejercicio, BWC (MOC), Asistente de Oficiales de Guardia en el Centro de Operaciones Mar\u00edtimas, SHIPRIDERS, CYBER y Datos personales de la Infanter\u00eda de Marina.<\/p>\n\n\n\n<p>Los oficiales de la Armada de Rep\u00fablica Dominicana, capit\u00e1n de nav\u00edo Osvaldo Valdez y capit\u00e1n de fragata Fausto Richardson, representaron a la Armada en la categor\u00eda CYBER, participando en desafiantes simulaciones y ejercicios pr\u00e1cticos.<\/p>\n\n\n\n<p>Ambos se destacaron por su excelencia en la aplicaci\u00f3n de estrategias de ciberseguridad y defensa cibern\u00e9tica, lo que les permiti\u00f3 alcanzar el primer lugar en la competencia. Este logro es un reflejo del alto nivel de preparaci\u00f3n y capacidad t\u00e9cnica que la Armada dominicana ha desarrollado en el campo de la seguridad cibern\u00e9tica.<\/p>\n\n\n\n<p>Este reconocimiento internacional subraya el compromiso de la Armada de Rep\u00fablica Dominicana con la defensa de los intereses nacionales en el ciberespacio, as\u00ed como su constante evoluci\u00f3n para enfrentar los desaf\u00edos del mundo digital en el \u00e1mbito de la seguridad mar\u00edtima.<\/p>\n","protected":false},"excerpt":{"rendered":"<p>Por Martin Restituyo La Armada de Rep\u00fablica Dominicana ha logrado un importante reconocimiento internacional al obtener el primer lugar en los prestigiosos ejercicios de ciberseguridad realizados en el marco de&hellip;<\/p>\n","protected":false},"author":2,"featured_media":89081,"comment_status":"open","ping_status":"open","sticky":false,"template":"","format":"standard","meta":{"content-type":"","jetpack_post_was_ever_published":false,"_jetpack_newsletter_access":"","_jetpack_dont_email_post_to_subs":false,"_jetpack_newsletter_tier_id":0,"_jetpack_memberships_contains_paywalled_content":false,"_jetpack_memberships_contains_paid_content":false,"footnotes":""},"categories":[3057],"tags":[15411,763,4434,15412],"class_list":["post-89080","post","type-post","status-publish","format-standard","has-post-thumbnail","hentry","category-militares","tag-armada-de-rd","tag-chile","tag-ciberseguridad","tag-unitas-2024"],"jetpack_featured_media_url":"https:\/\/lasprimeras.com.do\/wp-content\/uploads\/2024\/09\/ciber.jpg","jetpack-related-posts":[{"id":74435,"url":"https:\/\/lasprimeras.com.do\/index.php\/2024\/01\/23\/consejera-de-ee-uu-vista-centro-nacional-de-ciberseguridad-en-rd\/","url_meta":{"origin":89080,"position":0},"title":"Consejera de EE.UU. vista Centro Nacional de Ciberseguridad en RD","author":"Nelson Feliz","date":"23 de enero de 2024","format":false,"excerpt":"Jennifer Kane-Zabolotskaya, consejera para Asuntos Comerciales de la Regi\u00f3n del Caribe en el Departamento de Comercio de la Embajada de Estados Unidos en Santo Domingo, fue recibida por el viceministro de Agenda Digital, Jos\u00e9 David Montilla La consejera para Asuntos Comerciales de la Regi\u00f3n del Caribe en el Departamento de\u2026","rel":"","context":"En \u00abNACIONALES\u00bb","block_context":{"text":"NACIONALES","link":"https:\/\/lasprimeras.com.do\/index.php\/category\/nacionales\/"},"img":{"alt_text":"consejera ee.uu.","src":"https:\/\/i0.wp.com\/lasprimeras.com.do\/wp-content\/uploads\/2024\/01\/consejera-ee.uu_.jpg?resize=350%2C200&ssl=1","width":350,"height":200,"srcset":"https:\/\/i0.wp.com\/lasprimeras.com.do\/wp-content\/uploads\/2024\/01\/consejera-ee.uu_.jpg?resize=350%2C200&ssl=1 1x, https:\/\/i0.wp.com\/lasprimeras.com.do\/wp-content\/uploads\/2024\/01\/consejera-ee.uu_.jpg?resize=525%2C300&ssl=1 1.5x, https:\/\/i0.wp.com\/lasprimeras.com.do\/wp-content\/uploads\/2024\/01\/consejera-ee.uu_.jpg?resize=700%2C400&ssl=1 2x"},"classes":[]},{"id":77200,"url":"https:\/\/lasprimeras.com.do\/index.php\/2024\/02\/19\/ue-y-rd-encaminan-acciones-conjuntas-para-enfrentar-delitos-de-ciberseguridad\/","url_meta":{"origin":89080,"position":1},"title":"UE y RD encaminan acciones conjuntas para enfrentar delitos de ciberseguridad","author":"BIMARY DE JES\u00daS Matos","date":"19 de febrero de 2024","format":false,"excerpt":"SANTO DOMINGO. El ministro de la Presidencia, Joel Santos Echavarr\u00eda, asegur\u00f3 que la cooperaci\u00f3n internacional y la ciberdiplomacia son vitales para enfrentar la ciberdelincuencia, al resaltar que \u00e9sta ocupa el cuarto lugar entre los negocios il\u00edcitos m\u00e1s rentables, despu\u00e9s del narcotr\u00e1fico, armas y trata de personas. Indic\u00f3 que las amenazas\u2026","rel":"","context":"En \u00abPORTADA\u00bb","block_context":{"text":"PORTADA","link":"https:\/\/lasprimeras.com.do\/index.php\/category\/portada\/"},"img":{"alt_text":"","src":"https:\/\/i0.wp.com\/lasprimeras.com.do\/wp-content\/uploads\/2024\/02\/IMG-20240219-WA0048-scaled.jpg?resize=350%2C200&ssl=1","width":350,"height":200,"srcset":"https:\/\/i0.wp.com\/lasprimeras.com.do\/wp-content\/uploads\/2024\/02\/IMG-20240219-WA0048-scaled.jpg?resize=350%2C200&ssl=1 1x, https:\/\/i0.wp.com\/lasprimeras.com.do\/wp-content\/uploads\/2024\/02\/IMG-20240219-WA0048-scaled.jpg?resize=525%2C300&ssl=1 1.5x, https:\/\/i0.wp.com\/lasprimeras.com.do\/wp-content\/uploads\/2024\/02\/IMG-20240219-WA0048-scaled.jpg?resize=700%2C400&ssl=1 2x, https:\/\/i0.wp.com\/lasprimeras.com.do\/wp-content\/uploads\/2024\/02\/IMG-20240219-WA0048-scaled.jpg?resize=1050%2C600&ssl=1 3x, https:\/\/i0.wp.com\/lasprimeras.com.do\/wp-content\/uploads\/2024\/02\/IMG-20240219-WA0048-scaled.jpg?resize=1400%2C800&ssl=1 4x"},"classes":[]},{"id":91758,"url":"https:\/\/lasprimeras.com.do\/index.php\/2024\/12\/01\/cambio-de-mando-en-el-comando-conjunto-unificado-de-las-fuerzas-armadas\/","url_meta":{"origin":89080,"position":2},"title":"Cambio de Mando en el Comando Conjunto Unificado de las Fuerzas Armadas","author":"Nelson Feliz","date":"1 de diciembre de 2024","format":false,"excerpt":"El Comandante General del Ej\u00e9rcito de Rep\u00fablica Dominicana, Mayor General Jorge Iv\u00e1n Camino P\u00e9rez, asumi\u00f3 como nuevo Comandante del Comando Conjunto Unificado de las Fuerzas Armadas, en sustituci\u00f3n del Mayor General Piloto. Floreal T. Su\u00e1rez Mart\u00ednez, Comandante General de la Fuerza A\u00e9rea. El acto fue presidido por el Ministro de\u2026","rel":"","context":"En \u00abMILITARES\u00bb","block_context":{"text":"MILITARES","link":"https:\/\/lasprimeras.com.do\/index.php\/category\/militares\/"},"img":{"alt_text":"Jorge Iv\u00e1n Camino P\u00e9rez","src":"https:\/\/i0.wp.com\/lasprimeras.com.do\/wp-content\/uploads\/2024\/12\/WhatsApp-Image-2024-12-01-at-1.04.39-PM-1.jpeg?resize=350%2C200&ssl=1","width":350,"height":200,"srcset":"https:\/\/i0.wp.com\/lasprimeras.com.do\/wp-content\/uploads\/2024\/12\/WhatsApp-Image-2024-12-01-at-1.04.39-PM-1.jpeg?resize=350%2C200&ssl=1 1x, https:\/\/i0.wp.com\/lasprimeras.com.do\/wp-content\/uploads\/2024\/12\/WhatsApp-Image-2024-12-01-at-1.04.39-PM-1.jpeg?resize=525%2C300&ssl=1 1.5x, https:\/\/i0.wp.com\/lasprimeras.com.do\/wp-content\/uploads\/2024\/12\/WhatsApp-Image-2024-12-01-at-1.04.39-PM-1.jpeg?resize=700%2C400&ssl=1 2x, https:\/\/i0.wp.com\/lasprimeras.com.do\/wp-content\/uploads\/2024\/12\/WhatsApp-Image-2024-12-01-at-1.04.39-PM-1.jpeg?resize=1050%2C600&ssl=1 3x"},"classes":[]},{"id":80027,"url":"https:\/\/lasprimeras.com.do\/index.php\/2024\/04\/02\/infotep-anuncia-republica-dominicana-participara-en-worldskills-lyon-francia\/","url_meta":{"origin":89080,"position":3},"title":"INFOTEP anuncia Rep\u00fablica Dominicana participar\u00e1 en WorldSkills Lyon, Francia","author":"BIMARY DE JES\u00daS Matos","date":"2 de abril de 2024","format":false,"excerpt":"SANTO DOMINGO. -El director general del Instituto Nacional de Formaci\u00f3n T\u00e9cnico Profesional (INFOTEP), Rafael Santos Bad\u00eda, inform\u00f3 la participaci\u00f3n de la Rep\u00fablica Dominicana en la competici\u00f3n internacional WorldSkills, Lyon, en Francia, del 10 al 15 de septiembre del 2024. El pa\u00eds estar\u00e1 representado por los participantes del INFOTEP, Euris Astacio\u2026","rel":"","context":"En \u00abNACIONALES\u00bb","block_context":{"text":"NACIONALES","link":"https:\/\/lasprimeras.com.do\/index.php\/category\/nacionales\/"},"img":{"alt_text":"","src":"https:\/\/i0.wp.com\/lasprimeras.com.do\/wp-content\/uploads\/2024\/04\/IMG-20240402-WA0026.jpg?resize=350%2C200&ssl=1","width":350,"height":200,"srcset":"https:\/\/i0.wp.com\/lasprimeras.com.do\/wp-content\/uploads\/2024\/04\/IMG-20240402-WA0026.jpg?resize=350%2C200&ssl=1 1x, https:\/\/i0.wp.com\/lasprimeras.com.do\/wp-content\/uploads\/2024\/04\/IMG-20240402-WA0026.jpg?resize=525%2C300&ssl=1 1.5x, https:\/\/i0.wp.com\/lasprimeras.com.do\/wp-content\/uploads\/2024\/04\/IMG-20240402-WA0026.jpg?resize=700%2C400&ssl=1 2x, https:\/\/i0.wp.com\/lasprimeras.com.do\/wp-content\/uploads\/2024\/04\/IMG-20240402-WA0026.jpg?resize=1050%2C600&ssl=1 3x"},"classes":[]},{"id":81320,"url":"https:\/\/lasprimeras.com.do\/index.php\/2024\/04\/19\/lisandro-macarrulla-llama-a-abordar-los-desafios-y-oportunidades-en-la-ciberseguridad-de-rd\/","url_meta":{"origin":89080,"position":4},"title":"Lisandro Macarrulla llama a abordar los desaf\u00edos y oportunidades en la ciberseguridad de RD","author":"BIMARY DE JES\u00daS Matos","date":"19 de abril de 2024","format":false,"excerpt":"Santo Domingo.- En medio del creciente panorama digital, el destacado empresario dominicano y expresidente del Consejo Nacional de la Empresa Privada (CONEP) y de la Asociaci\u00f3n de Industrias de la Rep\u00fablica Dominicana (AIRD), Lisandro Macarrulla, emiti\u00f3 un llamado urgente a la acci\u00f3n para abordar los desaf\u00edos y capitalizar las oportunidades\u2026","rel":"","context":"En \u00abNACIONALES\u00bb","block_context":{"text":"NACIONALES","link":"https:\/\/lasprimeras.com.do\/index.php\/category\/nacionales\/"},"img":{"alt_text":"","src":"https:\/\/i0.wp.com\/lasprimeras.com.do\/wp-content\/uploads\/2024\/04\/WhatsApp-Image-2024-04-19-at-11.49.44-AM.jpeg?resize=350%2C200&ssl=1","width":350,"height":200,"srcset":"https:\/\/i0.wp.com\/lasprimeras.com.do\/wp-content\/uploads\/2024\/04\/WhatsApp-Image-2024-04-19-at-11.49.44-AM.jpeg?resize=350%2C200&ssl=1 1x, https:\/\/i0.wp.com\/lasprimeras.com.do\/wp-content\/uploads\/2024\/04\/WhatsApp-Image-2024-04-19-at-11.49.44-AM.jpeg?resize=525%2C300&ssl=1 1.5x, https:\/\/i0.wp.com\/lasprimeras.com.do\/wp-content\/uploads\/2024\/04\/WhatsApp-Image-2024-04-19-at-11.49.44-AM.jpeg?resize=700%2C400&ssl=1 2x, https:\/\/i0.wp.com\/lasprimeras.com.do\/wp-content\/uploads\/2024\/04\/WhatsApp-Image-2024-04-19-at-11.49.44-AM.jpeg?resize=1050%2C600&ssl=1 3x"},"classes":[]},{"id":98501,"url":"https:\/\/lasprimeras.com.do\/index.php\/2025\/05\/08\/republica-dominicana-y-emiratos-arabes-unidos-firman-acuerdo-de-cooperacion-para-fortalecer-la-ciberseguridad\/","url_meta":{"origin":89080,"position":5},"title":"Rep\u00fablica Dominicana y Emiratos \u00c1rabes Unidos firman Acuerdo de Cooperaci\u00f3n para fortalecer la Ciberseguridad","author":"Nelson Feliz","date":"8 de mayo de 2025","format":false,"excerpt":"La Rep\u00fablica Dominicana y el Gobierno de los Emiratos \u00c1rabes Unidos firmaron en Dub\u00e1i, un Acuerdo de Cooperaci\u00f3n para fortalecer la ciberseguridad en el pa\u00eds, en el marco del evento GISEC Global 2025. El acto de firma fue llevado a cabo por las m\u00e1ximas autoridades de las entidades rectoras de\u2026","rel":"","context":"En \u00abNACIONALES\u00bb","block_context":{"text":"NACIONALES","link":"https:\/\/lasprimeras.com.do\/index.php\/category\/nacionales\/"},"img":{"alt_text":"","src":"https:\/\/i0.wp.com\/lasprimeras.com.do\/wp-content\/uploads\/2025\/05\/Republica-Dominicana-y-Emiratos-Arabes-Unidos.jpg?resize=350%2C200&ssl=1","width":350,"height":200,"srcset":"https:\/\/i0.wp.com\/lasprimeras.com.do\/wp-content\/uploads\/2025\/05\/Republica-Dominicana-y-Emiratos-Arabes-Unidos.jpg?resize=350%2C200&ssl=1 1x, https:\/\/i0.wp.com\/lasprimeras.com.do\/wp-content\/uploads\/2025\/05\/Republica-Dominicana-y-Emiratos-Arabes-Unidos.jpg?resize=525%2C300&ssl=1 1.5x"},"classes":[]}],"jetpack_sharing_enabled":true,"_links":{"self":[{"href":"https:\/\/lasprimeras.com.do\/index.php\/wp-json\/wp\/v2\/posts\/89080","targetHints":{"allow":["GET"]}}],"collection":[{"href":"https:\/\/lasprimeras.com.do\/index.php\/wp-json\/wp\/v2\/posts"}],"about":[{"href":"https:\/\/lasprimeras.com.do\/index.php\/wp-json\/wp\/v2\/types\/post"}],"author":[{"embeddable":true,"href":"https:\/\/lasprimeras.com.do\/index.php\/wp-json\/wp\/v2\/users\/2"}],"replies":[{"embeddable":true,"href":"https:\/\/lasprimeras.com.do\/index.php\/wp-json\/wp\/v2\/comments?post=89080"}],"version-history":[{"count":1,"href":"https:\/\/lasprimeras.com.do\/index.php\/wp-json\/wp\/v2\/posts\/89080\/revisions"}],"predecessor-version":[{"id":89082,"href":"https:\/\/lasprimeras.com.do\/index.php\/wp-json\/wp\/v2\/posts\/89080\/revisions\/89082"}],"wp:featuredmedia":[{"embeddable":true,"href":"https:\/\/lasprimeras.com.do\/index.php\/wp-json\/wp\/v2\/media\/89081"}],"wp:attachment":[{"href":"https:\/\/lasprimeras.com.do\/index.php\/wp-json\/wp\/v2\/media?parent=89080"}],"wp:term":[{"taxonomy":"category","embeddable":true,"href":"https:\/\/lasprimeras.com.do\/index.php\/wp-json\/wp\/v2\/categories?post=89080"},{"taxonomy":"post_tag","embeddable":true,"href":"https:\/\/lasprimeras.com.do\/index.php\/wp-json\/wp\/v2\/tags?post=89080"}],"curies":[{"name":"wp","href":"https:\/\/api.w.org\/{rel}","templated":true}]}}