{"id":89156,"date":"2024-09-18T23:42:11","date_gmt":"2024-09-19T03:42:11","guid":{"rendered":"https:\/\/lasprimeras.com.do\/?p=89156"},"modified":"2024-09-18T23:42:13","modified_gmt":"2024-09-19T03:42:13","slug":"proponen-agilizar-el-transito-el-vaporetto-autobus-maritimo-del-concho","status":"publish","type":"post","link":"https:\/\/lasprimeras.com.do\/index.php\/2024\/09\/18\/proponen-agilizar-el-transito-el-vaporetto-autobus-maritimo-del-concho\/","title":{"rendered":"Proponen agilizar el tr\u00e1nsito, el vaporetto, autob\u00fas mar\u00edtimo del concho"},"content":{"rendered":"\n<p>El presidente de la Uni\u00f3n Dem\u00f3crata Cristiana \u2013UDC-, Luis Acosta Moreta, Luis \u201cEl Gallo\u201d, propuso hoy para agilizar el transporte p\u00fablico de pasajeros, la creaci\u00f3n del vaporetto, el autob\u00fas mar\u00edtimo del concho.-<\/p>\n\n\n\n<p>Dijo que el vaporetto se utiliza en las principales ciudades de Europa que tienen costas, Desde el litoral en el Gran Santo Domingo, en el pa\u00eds ser\u00eda todo un \u00e9xito.<\/p>\n\n\n\n<p>Se conoce en Europa al vaporetto como el autob\u00fas del tranporte mar\u00edtimo. En el pa\u00eds se desplazar\u00eda por las aguas de los r\u00edos Isabela y Ozama, as\u00ed como el mar Caribe, y al tocar tierra el servicio es completado con los buses de transferencia.<\/p>\n\n\n\n<p>Dijo que desde la confluencia de los r\u00edos hasta Haina, bordeando todo el litoral, se podr\u00eda establecer un servicio eficiente, que ayude a descongestionar el tr\u00e1nsito.<\/p>\n\n\n\n<p>El vaporetto puede unir barcazas, yolas y otros tipos de transporte mar\u00edtimo, para ofrecer un concho a muy bajo precio, y evitar la contaminaci\u00f3n ambienal y los extresantes tapones.<\/p>\n\n\n\n<p>Apunt\u00f3 que esta es una ejecutoria donde podr\u00edan participar el sector p\u00fablico y el privado, y de seguro ser\u00e1 apoyada por todo el pueblo.<\/p>\n\n\n\n<p>Aparte del traslado de pasajeros que van a sus diligencias, el vaporetto ser\u00eda de una grn utilidad, sobre todo para transportar turistas por el litoral de Santo Domingo hasta Haina.<\/p>\n\n\n\n<p>A\u00f1adi\u00f3 que la infraestructura es f\u00e1cil ponerla en marcha,y ya hay experiencias locales sobre el transporte de pasajeros por rutas interurbanas, utilizando el r\u00edo y el mar Caribe.<\/p>\n\n\n\n<p>Dijo que por siempre los moradores de Villa Duarte se auxilian de las yolas, como un transporte econ\u00f3mico, seguro y eficiente.<\/p>\n\n\n\n<p>Si el vaporetto da un buen servicio en Europa, es seguro que en el pa\u00eds ser\u00eda el complemento ideal del metro, el servicio colectivo de guaguas y el telef\u00e9rico.<\/p>\n","protected":false},"excerpt":{"rendered":"<p>El presidente de la Uni\u00f3n Dem\u00f3crata Cristiana \u2013UDC-, Luis Acosta Moreta, Luis \u201cEl Gallo\u201d, propuso hoy para agilizar el transporte p\u00fablico de pasajeros, la creaci\u00f3n del vaporetto, el autob\u00fas mar\u00edtimo&hellip;<\/p>\n","protected":false},"author":2,"featured_media":89157,"comment_status":"open","ping_status":"open","sticky":false,"template":"","format":"standard","meta":{"content-type":"","jetpack_post_was_ever_published":false,"_jetpack_newsletter_access":"","_jetpack_dont_email_post_to_subs":false,"_jetpack_newsletter_tier_id":0,"_jetpack_memberships_contains_paywalled_content":false,"_jetpack_memberships_contains_paid_content":false,"footnotes":""},"categories":[376],"tags":[910,2709,7381,15439,2049,15438],"class_list":["post-89156","post","type-post","status-publish","format-standard","has-post-thumbnail","hentry","category-turismo","tag-agilizar","tag-autobus","tag-maritimo","tag-proponen","tag-transito","tag-vaporetto"],"jetpack_featured_media_url":"https:\/\/lasprimeras.com.do\/wp-content\/uploads\/2024\/09\/el-vaporetto.jpg","jetpack-related-posts":[{"id":101858,"url":"https:\/\/lasprimeras.com.do\/index.php\/2025\/06\/27\/proponen-implementar-el-vaporetto-autobus-maritimo-del-concho-en-el-gran-santo-domingo\/","url_meta":{"origin":89156,"position":0},"title":"Proponen implementar el vaporetto, autob\u00fas mar\u00edtimo del concho en el Gran Santo Domingo","author":"Nelson Feliz","date":"27 de junio de 2025","format":false,"excerpt":"El presidente de la Uni\u00f3n Dem\u00f3crata Cristiana (UDC), Luis Acosta Moreta, Luis \u201cEl Gallo\u201d, propuso este jueves una soluci\u00f3n moderna, ecol\u00f3gica y efectiva al caos del transporte en el Gran Santo Domingo: la implementaci\u00f3n del vaporetto, un sistema de autob\u00fas mar\u00edtimo que aprovechar\u00eda los r\u00edos Isabela y Ozama, as\u00ed como\u2026","rel":"","context":"En \u00abPOLITICA\u00bb","block_context":{"text":"POLITICA","link":"https:\/\/lasprimeras.com.do\/index.php\/category\/politica\/"},"img":{"alt_text":"","src":"https:\/\/i0.wp.com\/lasprimeras.com.do\/wp-content\/uploads\/2025\/06\/vaporetto-1.jpg?resize=350%2C200&ssl=1","width":350,"height":200,"srcset":"https:\/\/i0.wp.com\/lasprimeras.com.do\/wp-content\/uploads\/2025\/06\/vaporetto-1.jpg?resize=350%2C200&ssl=1 1x, https:\/\/i0.wp.com\/lasprimeras.com.do\/wp-content\/uploads\/2025\/06\/vaporetto-1.jpg?resize=525%2C300&ssl=1 1.5x"},"classes":[]},{"id":50496,"url":"https:\/\/lasprimeras.com.do\/index.php\/2023\/05\/21\/gobierno-construira-4-puentes-para-agilizar-transito-en-el-gsd\/","url_meta":{"origin":89156,"position":1},"title":"Gobierno construir\u00e1 4 puentes para agilizar tr\u00e1nsito en el GSD","author":"prenxa100","date":"21 de mayo de 2023","format":false,"excerpt":"SANTO DOMINGO.- El Gobierno construir\u00e1 cuatro puentes en el Gran Santo Domingo para agilizar el tr\u00e1nsito vehicular de la capital, inform\u00f3 el ministro de Obras P\u00fablicas, Deligne Ascensi\u00f3n. Explic\u00f3 que el m\u00e1s avanzado de ellos sustituir\u00e1 al puente flotante sobre el r\u00edo Ozama, cuyos dise\u00f1os ya han sido concluidos y\u2026","rel":"","context":"En \u00abNACIONALES\u00bb","block_context":{"text":"NACIONALES","link":"https:\/\/lasprimeras.com.do\/index.php\/category\/nacionales\/"},"img":{"alt_text":"","src":"","width":0,"height":0},"classes":[]},{"id":63806,"url":"https:\/\/lasprimeras.com.do\/index.php\/2023\/10\/15\/autobus-de-pasajeros-sufre-accidente-en-el-cruce-sabana-del-puerto-en-bonao\/","url_meta":{"origin":89156,"position":2},"title":"Autob\u00fas de pasajeros sufre accidente en el cruce Sabana del Puerto en Bonao","author":"Nelson Feliz","date":"15 de octubre de 2023","format":false,"excerpt":"Un autob\u00fas de pasajeros sufri\u00f3 un accidente de tr\u00e1nsito en el cruce Sabana del Puerto, municipio Bonao, provincia Monse\u00f1or Nouel. El hecho dej\u00f3 al mejor 20 personas heridas, informaron fuentes oficiales. El Sistema Nacional de Emergencias 9-1-1 aclar\u00f3 que, hasta el momento, no hab\u00eda personas fallecidas. Dijo que los lesionados\u2026","rel":"","context":"En \u00abNACIONALES\u00bb","block_context":{"text":"NACIONALES","link":"https:\/\/lasprimeras.com.do\/index.php\/category\/nacionales\/"},"img":{"alt_text":"Accidente en Cruce de Bonao","src":"https:\/\/i0.wp.com\/lasprimeras.com.do\/wp-content\/uploads\/2023\/10\/Accidente-en-Cruce-de-Bonao-15-de-octubre.jpg?resize=350%2C200&ssl=1","width":350,"height":200,"srcset":"https:\/\/i0.wp.com\/lasprimeras.com.do\/wp-content\/uploads\/2023\/10\/Accidente-en-Cruce-de-Bonao-15-de-octubre.jpg?resize=350%2C200&ssl=1 1x, https:\/\/i0.wp.com\/lasprimeras.com.do\/wp-content\/uploads\/2023\/10\/Accidente-en-Cruce-de-Bonao-15-de-octubre.jpg?resize=525%2C300&ssl=1 1.5x, https:\/\/i0.wp.com\/lasprimeras.com.do\/wp-content\/uploads\/2023\/10\/Accidente-en-Cruce-de-Bonao-15-de-octubre.jpg?resize=700%2C400&ssl=1 2x"},"classes":[]},{"id":76817,"url":"https:\/\/lasprimeras.com.do\/index.php\/2024\/02\/14\/trae-incorporara-717-nuevos-autobuses-durante-el-mes-de-patria-para-expandirse-a-otras-provincias-del-pais\/","url_meta":{"origin":89156,"position":3},"title":"TRAE incorporar\u00e1 717 nuevos autobuses durante el Mes de Patria para expandirse a otras provincias del pa\u00eds","author":"BIMARY DE JES\u00daS Matos","date":"14 de febrero de 2024","format":false,"excerpt":"Martin Restituyo Santo Domingo.-TRAE incorporar\u00e1 717 nuevos autobuses durante el Mes de Patria para expandirse a otras provincias del pa\u00eds El Sistema Nacional de Transporte Estudiantil (TRAE) inform\u00f3 este mi\u00e9rcoles que incorporar\u00e1 717 autobuses nuevos para seguir expandiendo el servicio de transporte que ofrece a los estudiantes de escuelas p\u00fablicas\u2026","rel":"","context":"En \u00abPORTADA\u00bb","block_context":{"text":"PORTADA","link":"https:\/\/lasprimeras.com.do\/index.php\/category\/portada\/"},"img":{"alt_text":"","src":"https:\/\/i0.wp.com\/lasprimeras.com.do\/wp-content\/uploads\/2024\/02\/IMG-20240214-WA0044.jpg?resize=350%2C200&ssl=1","width":350,"height":200,"srcset":"https:\/\/i0.wp.com\/lasprimeras.com.do\/wp-content\/uploads\/2024\/02\/IMG-20240214-WA0044.jpg?resize=350%2C200&ssl=1 1x, https:\/\/i0.wp.com\/lasprimeras.com.do\/wp-content\/uploads\/2024\/02\/IMG-20240214-WA0044.jpg?resize=525%2C300&ssl=1 1.5x, https:\/\/i0.wp.com\/lasprimeras.com.do\/wp-content\/uploads\/2024\/02\/IMG-20240214-WA0044.jpg?resize=700%2C400&ssl=1 2x, https:\/\/i0.wp.com\/lasprimeras.com.do\/wp-content\/uploads\/2024\/02\/IMG-20240214-WA0044.jpg?resize=1050%2C600&ssl=1 3x"},"classes":[]},{"id":83985,"url":"https:\/\/lasprimeras.com.do\/index.php\/2024\/05\/28\/mochotran-aclara-que-no-hubo-heridos-en-accidentes-de-dos-unidades-en-la-av-charles-de-gaulle\/","url_meta":{"origin":89156,"position":4},"title":"MOCHOTRAN aclara que no hubo heridos en accidentes de dos unidades en la\u00a0Av. Charles de Gaulle","author":"Nelson Feliz","date":"28 de mayo de 2024","format":false,"excerpt":"El Grupo de Empresas de Transporte MOCHOTRAN inform\u00f3 hoy que dos unidades de la flotilla de autobuses fueron parte de un lamentable accidente de tr\u00e1nsito ocurrido en la Avenida Charles de Gaulle, sin da\u00f1os f\u00edsicos a los pasajeros que utilizaban dicho transporte. Mediante un comunicado de prensa, el presidente de\u2026","rel":"","context":"En \u00abNACIONALES\u00bb","block_context":{"text":"NACIONALES","link":"https:\/\/lasprimeras.com.do\/index.php\/category\/nacionales\/"},"img":{"alt_text":"","src":"https:\/\/i0.wp.com\/lasprimeras.com.do\/wp-content\/uploads\/2024\/05\/corredor-charles.jpg?resize=350%2C200&ssl=1","width":350,"height":200,"srcset":"https:\/\/i0.wp.com\/lasprimeras.com.do\/wp-content\/uploads\/2024\/05\/corredor-charles.jpg?resize=350%2C200&ssl=1 1x, https:\/\/i0.wp.com\/lasprimeras.com.do\/wp-content\/uploads\/2024\/05\/corredor-charles.jpg?resize=525%2C300&ssl=1 1.5x"},"classes":[]},{"id":109075,"url":"https:\/\/lasprimeras.com.do\/index.php\/2025\/09\/14\/el-caribe-como-frontera-maritima-espacio-estrategico-y-desafios-compartidos\/","url_meta":{"origin":89156,"position":5},"title":"El Caribe como frontera mar\u00edtima: espacio estrat\u00e9gico y desaf\u00edos compartidos","author":"Nelson Feliz","date":"14 de septiembre de 2025","format":false,"excerpt":"M\u00e1s all\u00e1 de su ubicaci\u00f3n privilegiada, el Caribe debe ser entendido como una frontera mar\u00edtima donde confluyen oportunidades, vulnerabilidades y tensiones geopol\u00edticas de alcance global. Por Justo Del Orbe El Caribe constituye una de las regiones mar\u00edtimas m\u00e1s estrat\u00e9gicas del planeta. Su condici\u00f3n de corredor natural que conecta el Atl\u00e1ntico\u2026","rel":"","context":"En \u00abOPINI\u00d3N\u00bb","block_context":{"text":"OPINI\u00d3N","link":"https:\/\/lasprimeras.com.do\/index.php\/category\/opinion\/"},"img":{"alt_text":"","src":"https:\/\/i0.wp.com\/lasprimeras.com.do\/wp-content\/uploads\/2025\/09\/Justo-Del-Orbe.jpg?resize=350%2C200&ssl=1","width":350,"height":200,"srcset":"https:\/\/i0.wp.com\/lasprimeras.com.do\/wp-content\/uploads\/2025\/09\/Justo-Del-Orbe.jpg?resize=350%2C200&ssl=1 1x, https:\/\/i0.wp.com\/lasprimeras.com.do\/wp-content\/uploads\/2025\/09\/Justo-Del-Orbe.jpg?resize=525%2C300&ssl=1 1.5x, https:\/\/i0.wp.com\/lasprimeras.com.do\/wp-content\/uploads\/2025\/09\/Justo-Del-Orbe.jpg?resize=700%2C400&ssl=1 2x"},"classes":[]}],"jetpack_sharing_enabled":true,"_links":{"self":[{"href":"https:\/\/lasprimeras.com.do\/index.php\/wp-json\/wp\/v2\/posts\/89156","targetHints":{"allow":["GET"]}}],"collection":[{"href":"https:\/\/lasprimeras.com.do\/index.php\/wp-json\/wp\/v2\/posts"}],"about":[{"href":"https:\/\/lasprimeras.com.do\/index.php\/wp-json\/wp\/v2\/types\/post"}],"author":[{"embeddable":true,"href":"https:\/\/lasprimeras.com.do\/index.php\/wp-json\/wp\/v2\/users\/2"}],"replies":[{"embeddable":true,"href":"https:\/\/lasprimeras.com.do\/index.php\/wp-json\/wp\/v2\/comments?post=89156"}],"version-history":[{"count":1,"href":"https:\/\/lasprimeras.com.do\/index.php\/wp-json\/wp\/v2\/posts\/89156\/revisions"}],"predecessor-version":[{"id":89158,"href":"https:\/\/lasprimeras.com.do\/index.php\/wp-json\/wp\/v2\/posts\/89156\/revisions\/89158"}],"wp:featuredmedia":[{"embeddable":true,"href":"https:\/\/lasprimeras.com.do\/index.php\/wp-json\/wp\/v2\/media\/89157"}],"wp:attachment":[{"href":"https:\/\/lasprimeras.com.do\/index.php\/wp-json\/wp\/v2\/media?parent=89156"}],"wp:term":[{"taxonomy":"category","embeddable":true,"href":"https:\/\/lasprimeras.com.do\/index.php\/wp-json\/wp\/v2\/categories?post=89156"},{"taxonomy":"post_tag","embeddable":true,"href":"https:\/\/lasprimeras.com.do\/index.php\/wp-json\/wp\/v2\/tags?post=89156"}],"curies":[{"name":"wp","href":"https:\/\/api.w.org\/{rel}","templated":true}]}}