{"id":89207,"date":"2024-09-19T14:05:17","date_gmt":"2024-09-19T18:05:17","guid":{"rendered":"https:\/\/lasprimeras.com.do\/?p=89207"},"modified":"2024-09-19T14:06:31","modified_gmt":"2024-09-19T18:06:31","slug":"fusion-de-minerd-y-mescyt-es-inoportuna-no-implicaria-ahorro-economico-ni-elevaria-calidad-de-la-educacion-asegura-la-fp","status":"publish","type":"post","link":"https:\/\/lasprimeras.com.do\/index.php\/2024\/09\/19\/fusion-de-minerd-y-mescyt-es-inoportuna-no-implicaria-ahorro-economico-ni-elevaria-calidad-de-la-educacion-asegura-la-fp\/","title":{"rendered":"Fusi\u00f3n de MINERD y MESCyT es inoportuna: no implicar\u00eda ahorro econ\u00f3mico, ni elevar\u00eda calidad de la educaci\u00f3n, asegura la FP"},"content":{"rendered":"\n<p>Santo Domingo.- La Secretar\u00eda de Educaci\u00f3n Superior del partido Fuerza del Pueblo, dirigida por Ligia Amada Melo, critic\u00f3 de manera en\u00e9rgica los argumentos del gobierno para unificar los Ministerios de Educaci\u00f3n (MINERD) y de Educaci\u00f3n Superior, Ciencia y Tecnolog\u00eda (MESCyT). De acuerdo a Melo, la fusi\u00f3n no lograr\u00e1 la \u201cracionalizaci\u00f3n de recursos\u201d ni mejorar\u00e1 la calidad educativa, como afirma el gobierno.<\/p>\n\n\n\n<p>Durante una conferencia de prensa en la Casa del Pueblo Johnny Ventura, Melo se\u00f1al\u00f3 que no existe duplicidad de funciones entre ambos ministerios, desestimando as\u00ed la justificaci\u00f3n econ\u00f3mica de la propuesta gubernamental. \u201cEl MINERD y el MESCyT tienen roles claramente definidos y establecidos en leyes espec\u00edficas. Su fusi\u00f3n no solo no generar\u00e1 ahorro, sino que podr\u00eda complicar a\u00fan m\u00e1s la administraci\u00f3n de los sistemas educativos, afectando la eficiencia en la ejecuci\u00f3n de pol\u00edticas p\u00fablicas\u201d, expres\u00f3 la integrante de la Direcci\u00f3n Pol\u00edtica del partido liderado por Leonel Fern\u00e1ndez.<\/p>\n\n\n\n<p>La exministra de Educaci\u00f3n Superior destac\u00f3 que mejorar la calidad de la educaci\u00f3n no se conseguir\u00e1 con una reestructuraci\u00f3n administrativa, sino fortaleciendo cada ministerio en sus \u00e1reas de competencia. \u201cSe requieren estrategias efectivas y apoyo directo a las instituciones educativas, no la centralizaci\u00f3n de funciones dispares. La fusi\u00f3n no es la respuesta a los desaf\u00edos del sistema educativo dominicano\u201d, agreg\u00f3 Melo.<\/p>\n\n\n\n<p>Melo, quien estuvo al frente del MESCyT y tambi\u00e9n fue titular de la Secretar\u00eda de Estado de Educaci\u00f3n (hoy Ministerio de Educaci\u00f3n), subray\u00f3 que conoce a profundidad las estructuras y funciones de ambos ministerios, lo que le permite afirmar que sus competencias no se solapan. Cada entidad tiene una misi\u00f3n espec\u00edfica: el MINERD se ocupa de los niveles preuniversitarios, mientras que el MESCyT se enfoca en la educaci\u00f3n superior y la promoci\u00f3n de la investigaci\u00f3n cient\u00edfica. \u201cSus funciones son complementarias, no redundantes\u201d, precis\u00f3 ante los medios de comunicaci\u00f3n presentes.<\/p>\n\n\n\n<p>Durante su intervenci\u00f3n, Ligia Amada Melo inst\u00f3 al gobierno a reconsiderar la propuesta de fusi\u00f3n y a enfocar sus esfuerzos en fortalecer individualmente los ministerios, asegurando as\u00ed una educaci\u00f3n de calidad y alineada con los desaf\u00edos actuales del pa\u00eds.<\/p>\n\n\n\n<p>La dirigente concluy\u00f3 la conferencia, en la que le acompa\u00f1aron los vicesecretarios de Educaci\u00f3n Superior, Mery Rosa Garc\u00eda, Julio Pe\u00f1a, Ra\u00fal Hern\u00e1ndez y, Dione Rufino, haciendo un llamado al gobierno y a la sociedad a fortalecer el respaldo a ambos ministerios para asegurar la correcta implementaci\u00f3n de pol\u00edticas p\u00fablicas que promuevan el desarrollo educativo de la Rep\u00fablica Dominicana. \u201cEs necesario reforzar el apoyo a estas instituciones para que nuestro pa\u00eds pueda avanzar y posicionarse en el lugar que merece dentro de Am\u00e9rica Latina, con ciudadanos educados y preparados para enfrentar los retos del siglo XXI\u201d, enfatiz\u00f3 Melo.<\/p>\n","protected":false},"excerpt":{"rendered":"<p>Santo Domingo.- La Secretar\u00eda de Educaci\u00f3n Superior del partido Fuerza del Pueblo, dirigida por Ligia Amada Melo, critic\u00f3 de manera en\u00e9rgica los argumentos del gobierno para unificar los Ministerios de&hellip;<\/p>\n","protected":false},"author":9,"featured_media":89208,"comment_status":"open","ping_status":"open","sticky":false,"template":"","format":"standard","meta":{"content-type":"","jetpack_post_was_ever_published":false,"_jetpack_newsletter_access":"","_jetpack_dont_email_post_to_subs":false,"_jetpack_newsletter_tier_id":0,"_jetpack_memberships_contains_paywalled_content":false,"_jetpack_memberships_contains_paid_content":false,"footnotes":""},"categories":[25],"tags":[15499,55,79,15497,15491,2080,1379,896],"class_list":["post-89207","post","type-post","status-publish","format-standard","has-post-thumbnail","hentry","category-portada","tag-asegura","tag-casa","tag-fp","tag-melo","tag-politica","tag-prensa","tag-pueblo","tag-recursos"],"jetpack_featured_media_url":"https:\/\/lasprimeras.com.do\/wp-content\/uploads\/2024\/09\/WhatsApp-Image-2024-09-19-at-1.26.21-PM.jpeg","jetpack-related-posts":[{"id":122797,"url":"https:\/\/lasprimeras.com.do\/index.php\/2026\/02\/22\/fuerza-del-pueblo-rechaza-y-califica-como-retroceso-la-fusion-del-minerd-y-el-mescyt\/","url_meta":{"origin":89207,"position":0},"title":"Fuerza del Pueblo rechaza y califica como retroceso la fusi\u00f3n del MINERD y el MESCyT","author":"Nelson Feliz","date":"22 de febrero de 2026","format":false,"excerpt":"El gobierno del PRM evidencia una falta de visi\u00f3n frente a las demandas actuales y futuras de la sociedad. El partido Fuerza del Pueblo (FP) reiter\u00f3 su posici\u00f3n de rechazo al proyecto de ley que plantea la fusi\u00f3n del Ministerio de Educaci\u00f3n Superior, Ciencia y Tecnolog\u00eda con el Ministerio de\u2026","rel":"","context":"En \u00abPOLITICA\u00bb","block_context":{"text":"POLITICA","link":"https:\/\/lasprimeras.com.do\/index.php\/category\/politica\/"},"img":{"alt_text":"","src":"https:\/\/i0.wp.com\/lasprimeras.com.do\/wp-content\/uploads\/2026\/02\/Ligia-Amado-Melo-1.jpg?resize=350%2C200&ssl=1","width":350,"height":200,"srcset":"https:\/\/i0.wp.com\/lasprimeras.com.do\/wp-content\/uploads\/2026\/02\/Ligia-Amado-Melo-1.jpg?resize=350%2C200&ssl=1 1x, https:\/\/i0.wp.com\/lasprimeras.com.do\/wp-content\/uploads\/2026\/02\/Ligia-Amado-Melo-1.jpg?resize=525%2C300&ssl=1 1.5x, https:\/\/i0.wp.com\/lasprimeras.com.do\/wp-content\/uploads\/2026\/02\/Ligia-Amado-Melo-1.jpg?resize=700%2C400&ssl=1 2x"},"classes":[]},{"id":104959,"url":"https:\/\/lasprimeras.com.do\/index.php\/2025\/07\/29\/adp-rechaza-fusion-minerd-mescyt\/","url_meta":{"origin":89207,"position":1},"title":"ADP rechaza fusi\u00f3n Minerd-Mescyt","author":"Nelson Feliz","date":"29 de julio de 2025","format":false,"excerpt":"El sindicato de los maestros solicita al presidente Luis Abinader no introducir el proyecto de ley que fusiona a ambos ministerios. La Asociaci\u00f3n Dominicana de Profesores (ADP) pidi\u00f3 al presidente Luis Abinader no introducir al Congreso Nacional el proyecto de ley que fusionar\u00e1 el Ministerio de educaci\u00f3n y el Ministerio\u2026","rel":"","context":"En \u00abNACIONALES\u00bb","block_context":{"text":"NACIONALES","link":"https:\/\/lasprimeras.com.do\/index.php\/category\/nacionales\/"},"img":{"alt_text":"Eduardo Hidalgo","src":"https:\/\/i0.wp.com\/lasprimeras.com.do\/wp-content\/uploads\/2025\/07\/Eduardo-Hidalgo.jpg?resize=350%2C200&ssl=1","width":350,"height":200,"srcset":"https:\/\/i0.wp.com\/lasprimeras.com.do\/wp-content\/uploads\/2025\/07\/Eduardo-Hidalgo.jpg?resize=350%2C200&ssl=1 1x, https:\/\/i0.wp.com\/lasprimeras.com.do\/wp-content\/uploads\/2025\/07\/Eduardo-Hidalgo.jpg?resize=525%2C300&ssl=1 1.5x, https:\/\/i0.wp.com\/lasprimeras.com.do\/wp-content\/uploads\/2025\/07\/Eduardo-Hidalgo.jpg?resize=700%2C400&ssl=1 2x"},"classes":[]},{"id":117900,"url":"https:\/\/lasprimeras.com.do\/index.php\/2025\/12\/17\/fuerza-del-pueblo-rechaza-fusion-del-minerd-y-mescyt-por-falta-de-sustento-tecnico\/","url_meta":{"origin":89207,"position":2},"title":"Fuerza del Pueblo rechaza fusi\u00f3n del Minerd y Mescyt por falta de sustento t\u00e9cnico","author":"Nelson Feliz","date":"17 de diciembre de 2025","format":false,"excerpt":"La Secretar\u00eda de Educaci\u00f3n de la Fuerza del Pueblo manifest\u00f3 su oposici\u00f3n al proyecto de ley que busca unificar el Ministerio de Educaci\u00f3n con el de Educaci\u00f3n Superior, Ciencia y Tecnolog\u00eda, al considerar que la propuesta fue presentada sin estudios t\u00e9cnicos ni consenso previo. La entidad pol\u00edtica sostiene que la\u2026","rel":"","context":"En \u00abPOLITICA\u00bb","block_context":{"text":"POLITICA","link":"https:\/\/lasprimeras.com.do\/index.php\/category\/politica\/"},"img":{"alt_text":"Fuerza del Pueblo","src":"https:\/\/i0.wp.com\/lasprimeras.com.do\/wp-content\/uploads\/2025\/12\/Fuerza-del-Pueblo.webp?resize=350%2C200&ssl=1","width":350,"height":200,"srcset":"https:\/\/i0.wp.com\/lasprimeras.com.do\/wp-content\/uploads\/2025\/12\/Fuerza-del-Pueblo.webp?resize=350%2C200&ssl=1 1x, https:\/\/i0.wp.com\/lasprimeras.com.do\/wp-content\/uploads\/2025\/12\/Fuerza-del-Pueblo.webp?resize=525%2C300&ssl=1 1.5x, https:\/\/i0.wp.com\/lasprimeras.com.do\/wp-content\/uploads\/2025\/12\/Fuerza-del-Pueblo.webp?resize=700%2C400&ssl=1 2x, https:\/\/i0.wp.com\/lasprimeras.com.do\/wp-content\/uploads\/2025\/12\/Fuerza-del-Pueblo.webp?resize=1050%2C600&ssl=1 3x"},"classes":[]},{"id":119207,"url":"https:\/\/lasprimeras.com.do\/index.php\/2026\/01\/08\/profesores-protestan-contra-fusion-del-minerd-mescyt-advierten-afectara-la-calidad-educativa\/","url_meta":{"origin":89207,"position":3},"title":"Profesores protestan contra fusi\u00f3n del Minerd-Mescyt; advierten afectar\u00e1 la calidad educativa","author":"Nelson Feliz","date":"8 de enero de 2026","format":false,"excerpt":"El presidente de la ADP, Eduardo Hidalgo, exhort\u00f3 a los sectores que se oponen a articular un gran movimiento nacional. Profesores realizaron la tarde de este jueves una parada c\u00edvica en el Parque Independencia, en el Distrito Nacional, en rechazo a la propuesta de fusi\u00f3n entre el Ministerio de Educaci\u00f3n\u2026","rel":"","context":"En \u00abNACIONALES\u00bb","block_context":{"text":"NACIONALES","link":"https:\/\/lasprimeras.com.do\/index.php\/category\/nacionales\/"},"img":{"alt_text":"protesta","src":"https:\/\/i0.wp.com\/lasprimeras.com.do\/wp-content\/uploads\/2026\/01\/protesta.jpeg?resize=350%2C200&ssl=1","width":350,"height":200,"srcset":"https:\/\/i0.wp.com\/lasprimeras.com.do\/wp-content\/uploads\/2026\/01\/protesta.jpeg?resize=350%2C200&ssl=1 1x, https:\/\/i0.wp.com\/lasprimeras.com.do\/wp-content\/uploads\/2026\/01\/protesta.jpeg?resize=525%2C300&ssl=1 1.5x, https:\/\/i0.wp.com\/lasprimeras.com.do\/wp-content\/uploads\/2026\/01\/protesta.jpeg?resize=700%2C400&ssl=1 2x, https:\/\/i0.wp.com\/lasprimeras.com.do\/wp-content\/uploads\/2026\/01\/protesta.jpeg?resize=1050%2C600&ssl=1 3x"},"classes":[]},{"id":117583,"url":"https:\/\/lasprimeras.com.do\/index.php\/2025\/12\/11\/poder-ejecutivo-deposita-proyecto-para-fusionar-mescyt-y-ministerio-de-educacion\/","url_meta":{"origin":89207,"position":4},"title":"Poder Ejecutivo deposita proyecto para fusionar MESCYT y Ministerio de Educaci\u00f3n","author":"Nelson Feliz","date":"11 de diciembre de 2025","format":false,"excerpt":"El consultor jur\u00eddico del Poder Ejecutivo, doctor Antoliano Peralta Romero, inform\u00f3 hoy que fue depositado en el Senado de la Rep\u00fablica el proyecto de ley org\u00e1nica que dispone la fusi\u00f3n del Ministerio de Educaci\u00f3n Superior, Ciencia y Tecnolog\u00eda (Mescyt) con el Ministerio de Educaci\u00f3n (Minerd), una iniciativa que impulsa la\u2026","rel":"","context":"En \u00abNACIONALES\u00bb","block_context":{"text":"NACIONALES","link":"https:\/\/lasprimeras.com.do\/index.php\/category\/nacionales\/"},"img":{"alt_text":"Antoliano Peralta Romero","src":"https:\/\/i0.wp.com\/lasprimeras.com.do\/wp-content\/uploads\/2024\/08\/Antoliano-Peralta-Romero-1.jpg?resize=350%2C200&ssl=1","width":350,"height":200,"srcset":"https:\/\/i0.wp.com\/lasprimeras.com.do\/wp-content\/uploads\/2024\/08\/Antoliano-Peralta-Romero-1.jpg?resize=350%2C200&ssl=1 1x, https:\/\/i0.wp.com\/lasprimeras.com.do\/wp-content\/uploads\/2024\/08\/Antoliano-Peralta-Romero-1.jpg?resize=525%2C300&ssl=1 1.5x, https:\/\/i0.wp.com\/lasprimeras.com.do\/wp-content\/uploads\/2024\/08\/Antoliano-Peralta-Romero-1.jpg?resize=700%2C400&ssl=1 2x"},"classes":[]},{"id":121555,"url":"https:\/\/lasprimeras.com.do\/index.php\/2026\/02\/06\/presidente-del-senado-apoya-fusion-minerd-mescyt-para-eficientizar-recursos\/","url_meta":{"origin":89207,"position":5},"title":"Presidente del Senado apoya fusi\u00f3n MINERD\u2013MESCYT para eficientizar recursos","author":"Nelson Feliz","date":"6 de febrero de 2026","format":false,"excerpt":"_-De los Santos tambi\u00e9n destac\u00f3 la aprobaci\u00f3n del nuevo C\u00f3digo Penal tras casi 30 a\u00f1os de debates y adelanta futuras modificaciones a art\u00edculos sensibles_ El presidente del Senado de la Rep\u00fablica, Ricardo de los Santos, afirm\u00f3 que la fusi\u00f3n del Ministerio de Educaci\u00f3n Superior, Ciencia y Tecnolog\u00eda (MESCYT) con el\u2026","rel":"","context":"En \u00abNACIONALES\u00bb","block_context":{"text":"NACIONALES","link":"https:\/\/lasprimeras.com.do\/index.php\/category\/nacionales\/"},"img":{"alt_text":"","src":"https:\/\/i0.wp.com\/lasprimeras.com.do\/wp-content\/uploads\/2025\/04\/ricardo-de-los-santos-1.jpg?resize=350%2C200&ssl=1","width":350,"height":200,"srcset":"https:\/\/i0.wp.com\/lasprimeras.com.do\/wp-content\/uploads\/2025\/04\/ricardo-de-los-santos-1.jpg?resize=350%2C200&ssl=1 1x, https:\/\/i0.wp.com\/lasprimeras.com.do\/wp-content\/uploads\/2025\/04\/ricardo-de-los-santos-1.jpg?resize=525%2C300&ssl=1 1.5x, https:\/\/i0.wp.com\/lasprimeras.com.do\/wp-content\/uploads\/2025\/04\/ricardo-de-los-santos-1.jpg?resize=700%2C400&ssl=1 2x"},"classes":[]}],"jetpack_sharing_enabled":true,"_links":{"self":[{"href":"https:\/\/lasprimeras.com.do\/index.php\/wp-json\/wp\/v2\/posts\/89207","targetHints":{"allow":["GET"]}}],"collection":[{"href":"https:\/\/lasprimeras.com.do\/index.php\/wp-json\/wp\/v2\/posts"}],"about":[{"href":"https:\/\/lasprimeras.com.do\/index.php\/wp-json\/wp\/v2\/types\/post"}],"author":[{"embeddable":true,"href":"https:\/\/lasprimeras.com.do\/index.php\/wp-json\/wp\/v2\/users\/9"}],"replies":[{"embeddable":true,"href":"https:\/\/lasprimeras.com.do\/index.php\/wp-json\/wp\/v2\/comments?post=89207"}],"version-history":[{"count":1,"href":"https:\/\/lasprimeras.com.do\/index.php\/wp-json\/wp\/v2\/posts\/89207\/revisions"}],"predecessor-version":[{"id":89209,"href":"https:\/\/lasprimeras.com.do\/index.php\/wp-json\/wp\/v2\/posts\/89207\/revisions\/89209"}],"wp:featuredmedia":[{"embeddable":true,"href":"https:\/\/lasprimeras.com.do\/index.php\/wp-json\/wp\/v2\/media\/89208"}],"wp:attachment":[{"href":"https:\/\/lasprimeras.com.do\/index.php\/wp-json\/wp\/v2\/media?parent=89207"}],"wp:term":[{"taxonomy":"category","embeddable":true,"href":"https:\/\/lasprimeras.com.do\/index.php\/wp-json\/wp\/v2\/categories?post=89207"},{"taxonomy":"post_tag","embeddable":true,"href":"https:\/\/lasprimeras.com.do\/index.php\/wp-json\/wp\/v2\/tags?post=89207"}],"curies":[{"name":"wp","href":"https:\/\/api.w.org\/{rel}","templated":true}]}}