{"id":89216,"date":"2024-09-19T16:13:57","date_gmt":"2024-09-19T20:13:57","guid":{"rendered":"https:\/\/lasprimeras.com.do\/?p=89216"},"modified":"2024-09-19T16:13:59","modified_gmt":"2024-09-19T20:13:59","slug":"organizaciones-reclaman-estado-cumpla-con-la-ley-169-14","status":"publish","type":"post","link":"https:\/\/lasprimeras.com.do\/index.php\/2024\/09\/19\/organizaciones-reclaman-estado-cumpla-con-la-ley-169-14\/","title":{"rendered":"Organizaciones reclaman Estado Cumpla con la Ley 169-14"},"content":{"rendered":"\n<p>Varias organizaciones agrupadas en la plataforma dominicanosxderechos dijeron que a m\u00e1s de una d\u00e9cada de la Sentencia TC\/0168\/13, el Estado no ha hecho nada para restablecer la nacionalidad a m\u00e1s de 130 mil personas que perdieron su derecho a la nacionalidad.<\/p>\n\n\n\n<p>Hicieron un llamado urgente al Estado dominicano para intensificar los esfuerzos en resolver la crisis de apatridia que afecta a miles de dominicanas y dominicanos de ascendencia haitiana que lejos de haberse solucionado, el problema ha adquirido un car\u00e1cter transgeneracional dejando a miles de personas sin acceso a derechos fundamentales, precisaron las organizaciones.<\/p>\n\n\n\n<p>Recordaron que ese n\u00famero de personas fue afectando gravemente su acceso a derechos b\u00e1sicos como la educaci\u00f3n, la salud y el empleo, entre otros. Aunque reconocieron que la promulgaci\u00f3n de la Ley 169-14 en 2014 represent\u00f3 un paso hacia la soluci\u00f3n, su implementaci\u00f3n ha sido inadecuada, dejando a\u00fan a esa cantidad de personas con sus documentos retenidos, a pesar de haber sido auditadas por la Junta Central Electoral en 2015.<br>Esta cifra refleja la gravedad del problema, especialmente para aquellos de ascendencia haitiana, quienes enfrentan barreras administrativas, discriminaci\u00f3n y exclusi\u00f3n. Adem\u00e1s, el ciclo de apatridia amenaza con extenderse a las generaciones futuras.<br>Ninguna de las 7,159 personas que aplicaron a la Ley 169-14 ha logrado la naturalizaci\u00f3n, independientemente de los dos decretos presidenciales promulgados, un primero del expresidente Danilo Medina y un segundo del presidente Luis Abinader, que procuraron un proceso expedito para 799 personas de este grupo tras haber completado su proceso. Estamos ante una nueva generaci\u00f3n que naci\u00f3 y crece sin acceso a derechos, aumentando as\u00ed el n\u00famero de personas ap\u00e1tridas en el pa\u00eds.<br>En ese orden, seg\u00fan Datos de la Direcci\u00f3n General de Migraci\u00f3n (DGM) de Rep\u00fablica dominicana, en el primer semestre del a\u00f1o se deport\u00f3 de pa\u00eds a 67,844 extranjeros. Adem\u00e1s, muchas personas que no pueden acreditar su nacionalidad dominicana son confundidas con migrantes haitianas con consecuentes vulneraciones de sus derechos; personas dominicanas.<\/p>\n\n\n\n<p><br>Frente a todos estos las organizaciones exigieron una implementaci\u00f3n robusta de la Ley 169-14, que sea fortalecida para cumplir su prop\u00f3sito original de restituci\u00f3n de la nacionalidad y disfrute pleno de sus derechos de las personas afectadas por la Sentencia TC\/0168\/13.<\/p>\n\n\n\n<p>En el d\u00e9cimo primer aniversario de la Sentencia TC\/0168\/13, reiteramos nuestro llamado al Estado dominicano para: Acelerar la implementaci\u00f3n efectiva de la Ley 169-14, agilizando los procesos de documentaci\u00f3n y naturalizaci\u00f3n.<\/p>\n\n\n\n<p>Cesar las detenciones arbitrarias y las deportaciones sin el debido proceso, garantizando el respeto de los derechos humanos y as\u00ed evitando posibles expulsiones de personas nacidas en el pa\u00eds de su propio pa\u00eds.<br>Implementar un proceso accesible y eficaz para que todas las personas despojadas de su nacionalidad puedan recuperarla.<\/p>\n\n\n\n<p>Garantizar el pleno goce de los derechos humanos para todas las personas afectadas, sin<br>discriminaci\u00f3n por origen.<\/p>\n\n\n\n<p>Proteger y garantizar los derechos de los ni\u00f1os, ni\u00f1as y adolescentes sin discriminaci\u00f3n.<br>Recordaron que dominicanos por Derecho sigue comprometida con una soluci\u00f3n justa y duradera para quienes han sido privados de su nacionalidad, buscando un di\u00e1logo que nos permita superar las brechas que a\u00fan persisten.<br>Es urgente que el Estado dominicano asuma su responsabilidad de proteger los derechos de todas las personas que habitan en su territorio. No podemos permitir que esta crisis siga creciendo.<\/p>\n","protected":false},"excerpt":{"rendered":"<p>Varias organizaciones agrupadas en la plataforma dominicanosxderechos dijeron que a m\u00e1s de una d\u00e9cada de la Sentencia TC\/0168\/13, el Estado no ha hecho nada para restablecer la nacionalidad a m\u00e1s&hellip;<\/p>\n","protected":false},"author":9,"featured_media":89217,"comment_status":"open","ping_status":"open","sticky":false,"template":"","format":"standard","meta":{"content-type":"","jetpack_post_was_ever_published":false,"_jetpack_newsletter_access":"","_jetpack_dont_email_post_to_subs":false,"_jetpack_newsletter_tier_id":0,"_jetpack_memberships_contains_paywalled_content":false,"_jetpack_memberships_contains_paid_content":false,"footnotes":""},"categories":[25],"tags":[1068,15505,986,15491],"class_list":["post-89216","post","type-post","status-publish","format-standard","has-post-thumbnail","hentry","category-portada","tag-estado","tag-ley-169-14-dominicano","tag-organizaciones","tag-politica"],"jetpack_featured_media_url":"https:\/\/lasprimeras.com.do\/wp-content\/uploads\/2024\/09\/WhatsApp-Image-2024-09-19-at-3.38.49-PM.jpeg","jetpack-related-posts":[{"id":61708,"url":"https:\/\/lasprimeras.com.do\/index.php\/2023\/09\/29\/gobierno-dominicano-rechaza-acusaciones-de-la-cidh-sobre-la-nacionalidad\/","url_meta":{"origin":89216,"position":0},"title":"Gobierno dominicano rechaza acusaciones de la CIDH sobre la nacionalidad","author":"Nelson Feliz","date":"29 de septiembre de 2023","format":false,"excerpt":"En respuesta al comunicado publicado hoy por la Comisi\u00f3n Interamericana de Derechos Humanos (CIDH) titulado \u201cCIDH insta al Estado a erradicar la ap\u00e1trida\u201d, en el que realiza acusaciones a Rep\u00fablica Dominicana referentes a la sentencia TC\/0168\/13 del Tribunal Constitucional, el Ministerio de Relaciones Exteriores, en representaci\u00f3n del Estado dominicano responde\u2026","rel":"","context":"En \u00abNACIONALES\u00bb","block_context":{"text":"NACIONALES","link":"https:\/\/lasprimeras.com.do\/index.php\/category\/nacionales\/"},"img":{"alt_text":"Canciller\u00eda","src":"https:\/\/i0.wp.com\/lasprimeras.com.do\/wp-content\/uploads\/2023\/09\/Cancilleria.jpg?resize=350%2C200&ssl=1","width":350,"height":200,"srcset":"https:\/\/i0.wp.com\/lasprimeras.com.do\/wp-content\/uploads\/2023\/09\/Cancilleria.jpg?resize=350%2C200&ssl=1 1x, https:\/\/i0.wp.com\/lasprimeras.com.do\/wp-content\/uploads\/2023\/09\/Cancilleria.jpg?resize=525%2C300&ssl=1 1.5x, https:\/\/i0.wp.com\/lasprimeras.com.do\/wp-content\/uploads\/2023\/09\/Cancilleria.jpg?resize=700%2C400&ssl=1 2x"},"classes":[]},{"id":89660,"url":"https:\/\/lasprimeras.com.do\/index.php\/2024\/10\/01\/leonel-acusa-de-incoherente-al-gobierno-del-prm-van-mas-de-400-mil-visas-a-haitianos-en-lo-que-va-del-2024-pese-a-cierre-de-consulados\/","url_meta":{"origin":89216,"position":1},"title":"Leonel acusa de incoherente al gobierno del PRM: van m\u00e1s de 400 mil visas a haitianos en lo que va del 2024 pese a cierre de consulados","author":"Paola Castillo","date":"1 de octubre de 2024","format":false,"excerpt":"Santo Domingo.- El expresidente de la Rep\u00fablica Dominicana y l\u00edder de la oposici\u00f3n, Leonel Fern\u00e1ndez, ha denunciado una grave inconsistencia en las pol\u00edticas migratorias del gobierno de Luis Abinader. En su m\u00e1s reciente columna Observatorio Global, Fern\u00e1ndez revel\u00f3 que en lo que va del a\u00f1o 2024 se han otorgado m\u00e1s\u2026","rel":"","context":"En \u00abNACIONALES\u00bb","block_context":{"text":"NACIONALES","link":"https:\/\/lasprimeras.com.do\/index.php\/category\/nacionales\/"},"img":{"alt_text":"","src":"https:\/\/i0.wp.com\/lasprimeras.com.do\/wp-content\/uploads\/2024\/10\/leonel1.jpeg?resize=350%2C200&ssl=1","width":350,"height":200,"srcset":"https:\/\/i0.wp.com\/lasprimeras.com.do\/wp-content\/uploads\/2024\/10\/leonel1.jpeg?resize=350%2C200&ssl=1 1x, https:\/\/i0.wp.com\/lasprimeras.com.do\/wp-content\/uploads\/2024\/10\/leonel1.jpeg?resize=525%2C300&ssl=1 1.5x, https:\/\/i0.wp.com\/lasprimeras.com.do\/wp-content\/uploads\/2024\/10\/leonel1.jpeg?resize=700%2C400&ssl=1 2x, https:\/\/i0.wp.com\/lasprimeras.com.do\/wp-content\/uploads\/2024\/10\/leonel1.jpeg?resize=1050%2C600&ssl=1 3x"},"classes":[]},{"id":113819,"url":"https:\/\/lasprimeras.com.do\/index.php\/2025\/11\/06\/el-cierre-mas-largo-en-la-historia-del-gobierno-federal-eua-afecta-cientos-millones-personas-muchos-dominicanos\/","url_meta":{"origin":89216,"position":2},"title":"El cierre m\u00e1s largo en la historia del Gobierno federal EUA afecta cientos millones personas, muchos dominicanos","author":"Nelson Feliz","date":"6 de noviembre de 2025","format":false,"excerpt":"Por Ram\u00f3n Mercedes NUEVA YORK.- El actual cierre del Gobierno federal de Estados Unidos bate el r\u00e9cord de ser el m\u00e1s largo de la historia, y viene afectando a millones de personas, entre ellas a cientos de miles de dominicanos, de los 2,8 millones que residen en territorio estadounidense. El\u2026","rel":"","context":"En \u00abLA VOZ DE LA DIASPORA\u00bb","block_context":{"text":"LA VOZ DE LA DIASPORA","link":"https:\/\/lasprimeras.com.do\/index.php\/category\/la-voz-de-la-diaspora\/"},"img":{"alt_text":"","src":"https:\/\/i0.wp.com\/lasprimeras.com.do\/wp-content\/uploads\/2025\/11\/Cierre-Gobierno-federal-EUA-el-mas-largo-en-la-historia_-cientos-millones-personas-afectadas_-entre-ellas-dominicanos.jpg?resize=350%2C200&ssl=1","width":350,"height":200,"srcset":"https:\/\/i0.wp.com\/lasprimeras.com.do\/wp-content\/uploads\/2025\/11\/Cierre-Gobierno-federal-EUA-el-mas-largo-en-la-historia_-cientos-millones-personas-afectadas_-entre-ellas-dominicanos.jpg?resize=350%2C200&ssl=1 1x, https:\/\/i0.wp.com\/lasprimeras.com.do\/wp-content\/uploads\/2025\/11\/Cierre-Gobierno-federal-EUA-el-mas-largo-en-la-historia_-cientos-millones-personas-afectadas_-entre-ellas-dominicanos.jpg?resize=525%2C300&ssl=1 1.5x"},"classes":[]},{"id":126344,"url":"https:\/\/lasprimeras.com.do\/index.php\/2026\/04\/01\/corte-suprema-evalua-ciudadania-para-hijos-de-indocumentados-miles-son-dominicanos\/","url_meta":{"origin":89216,"position":3},"title":"Corte Suprema eval\u00faa ciudadan\u00eda para hijos de indocumentados; miles son dominicanos","author":"Nelson Feliz","date":"1 de abril de 2026","format":false,"excerpt":"Por Ram\u00f3n Mercedes NUEVA YORK.- El Tribunal Supremo de los Estados Unidos, que ostenta el m\u00e1ximo poder judicial en territorio estadounidense, debatir\u00e1 este jueves el llamado del presidente Donald Trump para derogar la ciudadan\u00eda por nacimiento a los hijos de padres indocumentados, entre ellos figuran miles de dominicanos. Trump firm\u00f3\u2026","rel":"","context":"En \u00abINTERNACIONALES\u00bb","block_context":{"text":"INTERNACIONALES","link":"https:\/\/lasprimeras.com.do\/index.php\/category\/sin-categoria\/internacionales\/"},"img":{"alt_text":"","src":"https:\/\/i0.wp.com\/lasprimeras.com.do\/wp-content\/uploads\/2026\/03\/Peticion-contra-ciudadania-hijos-indocumentados-sera-conocida-este-jueves-por-Tribunal-Supremo_-figuran-miles-de-ninos-dominicanos.jpg?resize=350%2C200&ssl=1","width":350,"height":200,"srcset":"https:\/\/i0.wp.com\/lasprimeras.com.do\/wp-content\/uploads\/2026\/03\/Peticion-contra-ciudadania-hijos-indocumentados-sera-conocida-este-jueves-por-Tribunal-Supremo_-figuran-miles-de-ninos-dominicanos.jpg?resize=350%2C200&ssl=1 1x, https:\/\/i0.wp.com\/lasprimeras.com.do\/wp-content\/uploads\/2026\/03\/Peticion-contra-ciudadania-hijos-indocumentados-sera-conocida-este-jueves-por-Tribunal-Supremo_-figuran-miles-de-ninos-dominicanos.jpg?resize=525%2C300&ssl=1 1.5x"},"classes":[]},{"id":108806,"url":"https:\/\/lasprimeras.com.do\/index.php\/2025\/09\/10\/26-organizaciones-llaman-a-frenar-suspension-de-clases-y-a-proteger-el-derecho-a-la-educacion\/","url_meta":{"origin":89216,"position":4},"title":"26 organizaciones llaman a frenar suspensi\u00f3n de clases y a proteger el derecho a la educaci\u00f3n","author":"Nelson Feliz","date":"10 de septiembre de 2025","format":false,"excerpt":"El Colectivo Pacto Educativo y el Foro Socioeducativo, integrado por 26 organizaciones de la sociedad civil, expresaron este mi\u00e9rcoles su preocupaci\u00f3n ante las recientes paralizaciones de docencia en las provincias San Juan y Bahoruco, situaci\u00f3n que ha afectado a m\u00e1s de un centenar de escuelas. Los paros han sido convocados\u2026","rel":"","context":"En \u00abNACIONALES\u00bb","block_context":{"text":"NACIONALES","link":"https:\/\/lasprimeras.com.do\/index.php\/category\/nacionales\/"},"img":{"alt_text":"","src":"https:\/\/i0.wp.com\/lasprimeras.com.do\/wp-content\/uploads\/2025\/09\/entidades.jpg?resize=350%2C200&ssl=1","width":350,"height":200,"srcset":"https:\/\/i0.wp.com\/lasprimeras.com.do\/wp-content\/uploads\/2025\/09\/entidades.jpg?resize=350%2C200&ssl=1 1x, https:\/\/i0.wp.com\/lasprimeras.com.do\/wp-content\/uploads\/2025\/09\/entidades.jpg?resize=525%2C300&ssl=1 1.5x, https:\/\/i0.wp.com\/lasprimeras.com.do\/wp-content\/uploads\/2025\/09\/entidades.jpg?resize=700%2C400&ssl=1 2x"},"classes":[]},{"id":100204,"url":"https:\/\/lasprimeras.com.do\/index.php\/2025\/06\/03\/reforma-fiscal-republicana-una-daga-en-el-corazon-de-las-comunidades-mas-necesitadas-usa\/","url_meta":{"origin":89216,"position":5},"title":"Reforma fiscal republicana una daga en el coraz\u00f3n de las comunidades m\u00e1s necesitadas USA","author":"Nelson Feliz","date":"3 de junio de 2025","format":false,"excerpt":"Por Ram\u00f3n Mercedes NUEVA YORK.- El Proyecto de presupuesto aprobado por los republicanos de la C\u00e1mara de Representantes, recortar\u00eda m\u00e1s de 1 trill\u00f3n de d\u00f3lares en 10 a\u00f1os a dos programas importantes de seguridad social como son Medicaid y Cupones de Alimentos, que afectar\u00e1n las comunidades m\u00e1s necesitadas en territorio\u2026","rel":"","context":"En \u00abECONOM\u00cdA\u00bb","block_context":{"text":"ECONOM\u00cdA","link":"https:\/\/lasprimeras.com.do\/index.php\/category\/economia\/"},"img":{"alt_text":"Reforma fiscal republicana una daga en el coraz\u00f3n de las comunidades m\u00e1s necesitadas USA","src":"https:\/\/i0.wp.com\/lasprimeras.com.do\/wp-content\/uploads\/2025\/06\/WhatsApp-Image-2025-06-03-at-6.09.04-AM-2.jpeg?resize=350%2C200&ssl=1","width":350,"height":200,"srcset":"https:\/\/i0.wp.com\/lasprimeras.com.do\/wp-content\/uploads\/2025\/06\/WhatsApp-Image-2025-06-03-at-6.09.04-AM-2.jpeg?resize=350%2C200&ssl=1 1x, https:\/\/i0.wp.com\/lasprimeras.com.do\/wp-content\/uploads\/2025\/06\/WhatsApp-Image-2025-06-03-at-6.09.04-AM-2.jpeg?resize=525%2C300&ssl=1 1.5x"},"classes":[]}],"jetpack_sharing_enabled":true,"_links":{"self":[{"href":"https:\/\/lasprimeras.com.do\/index.php\/wp-json\/wp\/v2\/posts\/89216","targetHints":{"allow":["GET"]}}],"collection":[{"href":"https:\/\/lasprimeras.com.do\/index.php\/wp-json\/wp\/v2\/posts"}],"about":[{"href":"https:\/\/lasprimeras.com.do\/index.php\/wp-json\/wp\/v2\/types\/post"}],"author":[{"embeddable":true,"href":"https:\/\/lasprimeras.com.do\/index.php\/wp-json\/wp\/v2\/users\/9"}],"replies":[{"embeddable":true,"href":"https:\/\/lasprimeras.com.do\/index.php\/wp-json\/wp\/v2\/comments?post=89216"}],"version-history":[{"count":1,"href":"https:\/\/lasprimeras.com.do\/index.php\/wp-json\/wp\/v2\/posts\/89216\/revisions"}],"predecessor-version":[{"id":89218,"href":"https:\/\/lasprimeras.com.do\/index.php\/wp-json\/wp\/v2\/posts\/89216\/revisions\/89218"}],"wp:featuredmedia":[{"embeddable":true,"href":"https:\/\/lasprimeras.com.do\/index.php\/wp-json\/wp\/v2\/media\/89217"}],"wp:attachment":[{"href":"https:\/\/lasprimeras.com.do\/index.php\/wp-json\/wp\/v2\/media?parent=89216"}],"wp:term":[{"taxonomy":"category","embeddable":true,"href":"https:\/\/lasprimeras.com.do\/index.php\/wp-json\/wp\/v2\/categories?post=89216"},{"taxonomy":"post_tag","embeddable":true,"href":"https:\/\/lasprimeras.com.do\/index.php\/wp-json\/wp\/v2\/tags?post=89216"}],"curies":[{"name":"wp","href":"https:\/\/api.w.org\/{rel}","templated":true}]}}