{"id":89226,"date":"2024-09-19T21:56:02","date_gmt":"2024-09-20T01:56:02","guid":{"rendered":"https:\/\/lasprimeras.com.do\/?p=89226"},"modified":"2024-09-19T22:50:49","modified_gmt":"2024-09-20T02:50:49","slug":"proponen-que-hacer-para-acelerar-la-marcha-y-los-resultados","status":"publish","type":"post","link":"https:\/\/lasprimeras.com.do\/index.php\/2024\/09\/19\/proponen-que-hacer-para-acelerar-la-marcha-y-los-resultados\/","title":{"rendered":"Proponen qu\u00e9 hacer para acelerar la marcha y los resultados"},"content":{"rendered":"\n<p>Por: Alejandro Abreu<br><\/p>\n\n\n\n<p>Como lo quiere \u201cel presidente y lo esperan los que votaron por m\u00e1s de lo mejor\u201d afirma Alejandro Abreu, que entiende necesario \u201ccombinar las reformas, los acuerdos y el fortalecimiento gerencial de los servicios p\u00fablicos\u201d.<\/p>\n\n\n\n<p>El reconocido soci\u00f3logo propone la creaci\u00f3n de un \u201cun sistema trasversal de mantenimiento preventivo de la infraestructura p\u00fablica\u201d y desarrollar una \u201ccomunicaci\u00f3n sensible y activa, centrada en promover los resultados alcanzados\u201d.<\/p>\n\n\n\n<p>Resalta que es necesario \u201cimitar y replicar la capacidad de trabajo y el liderazgo de Luis Abinader para realizar las innovaciones esenciales y consolidar la gerencia entre otras iniciativas claves\u201d al 2025<\/p>\n\n\n\n<p>A continuaci\u00f3n, la propuesta con sus detalles<\/p>\n\n\n\n<p>La intenci\u00f3n reformadora del presidente Luis Abinader tiene un apoyo mayoritario por estar orientada a mejorar el funcionamiento general del gobierno, limitar el inter\u00e9s continuista y reforzar la soberan\u00eda de la fiscal\u00eda general.<\/p>\n\n\n\n<p>Su objetivo de promover la empresa, simult\u00e1neamente a la mejor\u00eda de los servicios p\u00fablicos supera la trampa de menos estado y m\u00e1s empresas, as\u00ed como de menos empresas y m\u00e1s estado.<br>Buscando aumentar la productividad y la creaci\u00f3n de empleos de calidad, simult\u00e1neamente con hacer m\u00e1s eficientes y eficaces los servicios p\u00fablicos.<\/p>\n\n\n\n<p>La historia y la cultura c\u00edvica de cada pa\u00eds determinan los principios \u00e9ticos constitucionales y el modelo pol\u00edtico que elige, felizmente en la Rep\u00fablica Dominicana el \u201cestado econ\u00f3mico y social de derecho\u201d no est\u00e1 en discusi\u00f3n, lo que buscamos es como lo consolidamos y mejoramos.<\/p>\n\n\n\n<p>Los acuerdos pol\u00edticos y sociales, as\u00ed como las reformas constitucionales y legales se deben valorar a partir de lo que necesitamos y los medios que lo facilitan, por eso considero conveniente vincularlo con las siguientes iniciativas:<\/p>\n\n\n\n<pre class=\"wp-block-code\"><code>\u2022   Definir el 2025 como el \u201cA\u00f1o de los Acuerdos Sectoriales y la Consolidaci\u00f3n de las Reformas\u201d.  \n\n\u2022   La creaci\u00f3n de un \u201cSistema de Mantenimiento Preventivo\u201d transversal a todas las infraestructuras p\u00fablicas, especializando los recursos financieros y t\u00e9cnicos de lugar. \n\n\u2022   La implementaci\u00f3n de un \u201cSistema de Seguimiento Especializado y Pr\u00e1ctico al Funcionamiento de los Servicios P\u00fablicos\u201d, que requerir\u00e1 investigaciones de campo y levantamiento de opini\u00f3n. \n\n\u2022   Desarrollar un \u201cPlan de Comunicaci\u00f3n e Informaci\u00f3n P\u00fablica Actualizada\u201d sobre los temas de mayor inter\u00e9s ciudadano, y locales, potenciando la interactividad de las Redes Digitales. \n\n\u2022   Combinar las fusiones y reducci\u00f3n de instituciones p\u00fablicas, con el fortalecimiento operativo de los Gabinetes Sectoriales, para multiplicar los logros alcanzados en el cuatrienio reci\u00e9n concluido.\n\n\u2022   Designar a los coordinadores de Gabinetes para que conduzcan con la colaboraci\u00f3n del liderazgo econ\u00f3mico,  pol\u00edtico y social la conclusi\u00f3n de los acuerdos sectoriales, priorizando la calidad de la educaci\u00f3n, la regulaci\u00f3n del sistema energ\u00e9tico, la salud p\u00fablica y la seguridad social, la protecci\u00f3n y el saneamiento  del agua, los residuos s\u00f3lidos y el medio ambiente, el ordenamiento del transporte y la regulaci\u00f3n migratoria y la seguridad ciudadana, con el liderazgo del presidente para garantizar legitimidad y confianza. \n\n\u2022   Realizar una reforma fiscal que integre en forma novedosa la revisi\u00f3n de los impuestos, exenciones y exoneraciones con la mejor\u00eda sustancial del gasto, asumi\u00e9ndolo como inversi\u00f3n p\u00fablica y social en alianza con los empresarios y la sociedad. <\/code><\/pre>\n\n\n\n<p>En relaci\u00f3n a este \u00faltimo punto, la presidencia de la Rep\u00fablica por medio del Ministerio de Hacienda y el Gabinete correspondiente al presupuesto p\u00fablico, se propuso asumir un plan de responsabilidad fiscal que ponga l\u00edmite al endeudamiento y logre en un plazo m\u00e1ximo de 8 a\u00f1os su reducci\u00f3n al 40% del PIB. Un compromiso que refleja madurez y marca un precedente.<\/p>\n\n\n\n<p>Por su naturaleza no sustancial la reducci\u00f3n del n\u00famero de diputados y la unificaci\u00f3n de las elecciones municipales con las presidenciales y congresuales, es normal y saludable que existan pareceres distintos al interior del partido de gobierno y la opini\u00f3n p\u00fablica en una cultura democr\u00e1tica ya experimentada.<\/p>\n\n\n\n<p>La minor\u00eda que se opone o pretend\u00eda quedarse al margen del presente proceso de reforma est\u00e1n participando por medio de sus representantes en el congreso y en los medios de comunicaci\u00f3n con propuestas sobre los temas en discusi\u00f3n, como lo podemos apreciar en los pocos d\u00edas que van del 16 de agosto a esta fecha, en hora buena.<\/p>\n","protected":false},"excerpt":{"rendered":"<p>Por: Alejandro Abreu Como lo quiere \u201cel presidente y lo esperan los que votaron por m\u00e1s de lo mejor\u201d afirma Alejandro Abreu, que entiende necesario \u201ccombinar las reformas, los acuerdos&hellip;<\/p>\n","protected":false},"author":9,"featured_media":89228,"comment_status":"open","ping_status":"open","sticky":false,"template":"","format":"standard","meta":{"content-type":"","jetpack_post_was_ever_published":false,"_jetpack_newsletter_access":"","_jetpack_dont_email_post_to_subs":false,"_jetpack_newsletter_tier_id":0,"_jetpack_memberships_contains_paywalled_content":false,"_jetpack_memberships_contains_paid_content":false,"footnotes":""},"categories":[95],"tags":[3658,15514,15513,15511,1616,14256,2968,5180,12963,967,15512],"class_list":["post-89226","post","type-post","status-publish","format-standard","has-post-thumbnail","hentry","category-opinion","tag-acuerdos","tag-afirma","tag-alcanzados","tag-alejandro","tag-capacidad","tag-centrada","tag-iniciativas","tag-preventivo","tag-sensible","tag-trabajo","tag-transversal"],"jetpack_featured_media_url":"https:\/\/lasprimeras.com.do\/wp-content\/uploads\/2024\/09\/WhatsApp-Image-2024-09-19-at-5.48.31-PM.jpeg","jetpack-related-posts":[{"id":87729,"url":"https:\/\/lasprimeras.com.do\/index.php\/2024\/08\/16\/luis-abinader-estadista-pasa-a-primer-plano-a-partir-de-hoy\/","url_meta":{"origin":89226,"position":0},"title":"Luis Abinader estadista, pasa a primer plano a partir de hoy","author":"Nelson Feliz","date":"16 de agosto de 2024","format":false,"excerpt":"El soci\u00f3logo Alejandro Abreu consider\u00f3 que ahora Luis Abinader gobernar\u00e1 pensando en el porvenir y en su legado hist\u00f3rico, no en las pr\u00f3ximas elecciones a la manera de la visi\u00f3n y la misi\u00f3n de un estadista. El coordinador general de la Plataforma \u201cMayoria Constructiva\u201d, destac\u00f3 que el jefe del estado\u2026","rel":"","context":"En \u00abNACIONALES\u00bb","block_context":{"text":"NACIONALES","link":"https:\/\/lasprimeras.com.do\/index.php\/category\/nacionales\/"},"img":{"alt_text":"Luis Abinader","src":"https:\/\/i0.wp.com\/lasprimeras.com.do\/wp-content\/uploads\/2024\/08\/Luis-Abinader.jpg?resize=350%2C200&ssl=1","width":350,"height":200,"srcset":"https:\/\/i0.wp.com\/lasprimeras.com.do\/wp-content\/uploads\/2024\/08\/Luis-Abinader.jpg?resize=350%2C200&ssl=1 1x, https:\/\/i0.wp.com\/lasprimeras.com.do\/wp-content\/uploads\/2024\/08\/Luis-Abinader.jpg?resize=525%2C300&ssl=1 1.5x, https:\/\/i0.wp.com\/lasprimeras.com.do\/wp-content\/uploads\/2024\/08\/Luis-Abinader.jpg?resize=700%2C400&ssl=1 2x"},"classes":[]},{"id":122664,"url":"https:\/\/lasprimeras.com.do\/index.php\/2026\/02\/20\/director-del-observatorio-de-dd-hh-sostiene-encuentro-con-el-presidente-del-cnd\/","url_meta":{"origin":89226,"position":1},"title":"Director del Observatorio de DD. HH. sostiene encuentro con el Presidente del CND","author":"Nelson Feliz","date":"20 de febrero de 2026","format":false,"excerpt":"El director del Observatorio de Derechos Humanos para Grupos Vulnerables, Manuel Meccariello, realiz\u00f3 una visita de cortes\u00eda al despacho del presidente del Consejo Nacional de Drogas (CND), Alejandro de Jes\u00fas Abreu, donde sostuvieron un intercambio estrat\u00e9gico sobre temas fundamentales relacionados con la prevenci\u00f3n del consumo de sustancias il\u00edcitas y el\u2026","rel":"","context":"En \u00abNACIONALES\u00bb","block_context":{"text":"NACIONALES","link":"https:\/\/lasprimeras.com.do\/index.php\/category\/nacionales\/"},"img":{"alt_text":"","src":"https:\/\/i0.wp.com\/lasprimeras.com.do\/wp-content\/uploads\/2026\/02\/IMG-20260218-WA1058.jpg?resize=350%2C200&ssl=1","width":350,"height":200,"srcset":"https:\/\/i0.wp.com\/lasprimeras.com.do\/wp-content\/uploads\/2026\/02\/IMG-20260218-WA1058.jpg?resize=350%2C200&ssl=1 1x, https:\/\/i0.wp.com\/lasprimeras.com.do\/wp-content\/uploads\/2026\/02\/IMG-20260218-WA1058.jpg?resize=525%2C300&ssl=1 1.5x, https:\/\/i0.wp.com\/lasprimeras.com.do\/wp-content\/uploads\/2026\/02\/IMG-20260218-WA1058.jpg?resize=700%2C400&ssl=1 2x, https:\/\/i0.wp.com\/lasprimeras.com.do\/wp-content\/uploads\/2026\/02\/IMG-20260218-WA1058.jpg?resize=1050%2C600&ssl=1 3x, https:\/\/i0.wp.com\/lasprimeras.com.do\/wp-content\/uploads\/2026\/02\/IMG-20260218-WA1058.jpg?resize=1400%2C800&ssl=1 4x"},"classes":[]},{"id":84222,"url":"https:\/\/lasprimeras.com.do\/index.php\/2024\/06\/03\/factores-claves-de-la-victoria-del-prm\/","url_meta":{"origin":89226,"position":2},"title":"Factores claves de la victoria del PRM","author":"Nelson Feliz","date":"3 de junio de 2024","format":false,"excerpt":"Por: Alejandro Abreu El presidente Luis Abinader con su liderazgo nacional, su madurez como estadista y el nuevo modelo de gobierno \u00e9tico ciudadano que encabeza, es el factor determinante del \u00e9xito pol\u00edtico del Partido Revolucionario Moderno. Acompa\u00f1ado efectivamente por el expresidente Hip\u00f3lito Mej\u00eda y la m\u00edstica de la exvicepresidenta Milagros\u2026","rel":"","context":"En \u00abOPINI\u00d3N\u00bb","block_context":{"text":"OPINI\u00d3N","link":"https:\/\/lasprimeras.com.do\/index.php\/category\/opinion\/"},"img":{"alt_text":"Alejandro Abreu","src":"https:\/\/i0.wp.com\/lasprimeras.com.do\/wp-content\/uploads\/2024\/06\/Alejandro-Abreu.jpg?resize=350%2C200&ssl=1","width":350,"height":200,"srcset":"https:\/\/i0.wp.com\/lasprimeras.com.do\/wp-content\/uploads\/2024\/06\/Alejandro-Abreu.jpg?resize=350%2C200&ssl=1 1x, https:\/\/i0.wp.com\/lasprimeras.com.do\/wp-content\/uploads\/2024\/06\/Alejandro-Abreu.jpg?resize=525%2C300&ssl=1 1.5x, https:\/\/i0.wp.com\/lasprimeras.com.do\/wp-content\/uploads\/2024\/06\/Alejandro-Abreu.jpg?resize=700%2C400&ssl=1 2x"},"classes":[]},{"id":124525,"url":"https:\/\/lasprimeras.com.do\/index.php\/2026\/03\/13\/asonadedi-y-cnd-firman-alianza-estrategica-para-fortalecer-la-convivencia-pacifica-en-las-escuelas\/","url_meta":{"origin":89226,"position":3},"title":"ASONADEDI y CND firman alianza estrat\u00e9gica para fortalecer la convivencia pac\u00edfica en las escuelas","author":"Nelson Feliz","date":"13 de marzo de 2026","format":false,"excerpt":"La Asociaci\u00f3n Nacional de directores de Centros Educativos de la Rep\u00fablica Dominicana (ASONADEDI-RD) y el Consejo Nacional de Drogas (CND) firmaron una alianza estrat\u00e9gica orientada a promover la convivencia pac\u00edfica, la prevenci\u00f3n y el desarrollo integral de los estudiantes en los centros educativos del pa\u00eds. El convenio fue rubricado por\u2026","rel":"","context":"En \u00abNACIONALES\u00bb","block_context":{"text":"NACIONALES","link":"https:\/\/lasprimeras.com.do\/index.php\/category\/nacionales\/"},"img":{"alt_text":"","src":"https:\/\/i0.wp.com\/lasprimeras.com.do\/wp-content\/uploads\/2026\/03\/IMG-20260312-WA0598.jpg?resize=350%2C200&ssl=1","width":350,"height":200,"srcset":"https:\/\/i0.wp.com\/lasprimeras.com.do\/wp-content\/uploads\/2026\/03\/IMG-20260312-WA0598.jpg?resize=350%2C200&ssl=1 1x, https:\/\/i0.wp.com\/lasprimeras.com.do\/wp-content\/uploads\/2026\/03\/IMG-20260312-WA0598.jpg?resize=525%2C300&ssl=1 1.5x, https:\/\/i0.wp.com\/lasprimeras.com.do\/wp-content\/uploads\/2026\/03\/IMG-20260312-WA0598.jpg?resize=700%2C400&ssl=1 2x, https:\/\/i0.wp.com\/lasprimeras.com.do\/wp-content\/uploads\/2026\/03\/IMG-20260312-WA0598.jpg?resize=1050%2C600&ssl=1 3x"},"classes":[]},{"id":101855,"url":"https:\/\/lasprimeras.com.do\/index.php\/2025\/06\/27\/consejo-nacional-de-drogas-lleva-intervencion-comunitaria-a-piedra-blanca\/","url_meta":{"origin":89226,"position":4},"title":"Consejo Nacional de Drogas lleva \u201cIntervenci\u00f3n Comunitaria\u201d a Piedra Blanca","author":"Nelson Feliz","date":"27 de junio de 2025","format":false,"excerpt":"El Consejo Nacional de Drogas (CND) dej\u00f3 iniciado el \"Proyecto Integral de Intervenci\u00f3n Comunitaria\", en un acto celebrado en la Parroquia Santos Arc\u00e1ngeles del sector Pueblo Nuevo, municipio de Piedra Blanca, provincia Monse\u00f1or Nouel. Esta iniciativa se desarrolla en coordinaci\u00f3n con el Consejo Municipal de Desarrollo de Piedra Blanca y\u2026","rel":"","context":"En \u00abNACIONALES\u00bb","block_context":{"text":"NACIONALES","link":"https:\/\/lasprimeras.com.do\/index.php\/category\/nacionales\/"},"img":{"alt_text":"","src":"https:\/\/i0.wp.com\/lasprimeras.com.do\/wp-content\/uploads\/2025\/06\/cnd-1.jpg?resize=350%2C200&ssl=1","width":350,"height":200,"srcset":"https:\/\/i0.wp.com\/lasprimeras.com.do\/wp-content\/uploads\/2025\/06\/cnd-1.jpg?resize=350%2C200&ssl=1 1x, https:\/\/i0.wp.com\/lasprimeras.com.do\/wp-content\/uploads\/2025\/06\/cnd-1.jpg?resize=525%2C300&ssl=1 1.5x, https:\/\/i0.wp.com\/lasprimeras.com.do\/wp-content\/uploads\/2025\/06\/cnd-1.jpg?resize=700%2C400&ssl=1 2x"},"classes":[]},{"id":103442,"url":"https:\/\/lasprimeras.com.do\/index.php\/2025\/07\/15\/fuerza-del-pueblo-propone-declarar-el-jardin-botanico-como-area-protegida-para-que-el-prm-no-lo-toque\/","url_meta":{"origin":89226,"position":5},"title":"Fuerza del Pueblo propone declarar el Jard\u00edn Bot\u00e1nico como \u00c1rea Protegida para que \u201cel PRM no lo toque\u201d","author":"Nelson Feliz","date":"15 de julio de 2025","format":false,"excerpt":"La organizaci\u00f3n asegura que Santo Domingo necesita m\u00e1s \u00e1reas verdes, no mutilar las que existen, y llama al Congreso a actuar. El titular de la Secretar\u00eda de Medio Ambiente de la Fuerza del Pueblo, ingeniero Paino Abreu Collado, advirti\u00f3 este martes que el Gobierno del PRM pretende intervenir el Jard\u00edn\u2026","rel":"","context":"En \u00abPOLITICA\u00bb","block_context":{"text":"POLITICA","link":"https:\/\/lasprimeras.com.do\/index.php\/category\/politica\/"},"img":{"alt_text":"","src":"https:\/\/i0.wp.com\/lasprimeras.com.do\/wp-content\/uploads\/2025\/07\/Paino-Abreu-Collado.jpg?resize=350%2C200&ssl=1","width":350,"height":200,"srcset":"https:\/\/i0.wp.com\/lasprimeras.com.do\/wp-content\/uploads\/2025\/07\/Paino-Abreu-Collado.jpg?resize=350%2C200&ssl=1 1x, https:\/\/i0.wp.com\/lasprimeras.com.do\/wp-content\/uploads\/2025\/07\/Paino-Abreu-Collado.jpg?resize=525%2C300&ssl=1 1.5x, https:\/\/i0.wp.com\/lasprimeras.com.do\/wp-content\/uploads\/2025\/07\/Paino-Abreu-Collado.jpg?resize=700%2C400&ssl=1 2x"},"classes":[]}],"jetpack_sharing_enabled":true,"_links":{"self":[{"href":"https:\/\/lasprimeras.com.do\/index.php\/wp-json\/wp\/v2\/posts\/89226","targetHints":{"allow":["GET"]}}],"collection":[{"href":"https:\/\/lasprimeras.com.do\/index.php\/wp-json\/wp\/v2\/posts"}],"about":[{"href":"https:\/\/lasprimeras.com.do\/index.php\/wp-json\/wp\/v2\/types\/post"}],"author":[{"embeddable":true,"href":"https:\/\/lasprimeras.com.do\/index.php\/wp-json\/wp\/v2\/users\/9"}],"replies":[{"embeddable":true,"href":"https:\/\/lasprimeras.com.do\/index.php\/wp-json\/wp\/v2\/comments?post=89226"}],"version-history":[{"count":1,"href":"https:\/\/lasprimeras.com.do\/index.php\/wp-json\/wp\/v2\/posts\/89226\/revisions"}],"predecessor-version":[{"id":89227,"href":"https:\/\/lasprimeras.com.do\/index.php\/wp-json\/wp\/v2\/posts\/89226\/revisions\/89227"}],"wp:featuredmedia":[{"embeddable":true,"href":"https:\/\/lasprimeras.com.do\/index.php\/wp-json\/wp\/v2\/media\/89228"}],"wp:attachment":[{"href":"https:\/\/lasprimeras.com.do\/index.php\/wp-json\/wp\/v2\/media?parent=89226"}],"wp:term":[{"taxonomy":"category","embeddable":true,"href":"https:\/\/lasprimeras.com.do\/index.php\/wp-json\/wp\/v2\/categories?post=89226"},{"taxonomy":"post_tag","embeddable":true,"href":"https:\/\/lasprimeras.com.do\/index.php\/wp-json\/wp\/v2\/tags?post=89226"}],"curies":[{"name":"wp","href":"https:\/\/api.w.org\/{rel}","templated":true}]}}