{"id":89232,"date":"2024-09-19T23:02:51","date_gmt":"2024-09-20T03:02:51","guid":{"rendered":"https:\/\/lasprimeras.com.do\/?p=89232"},"modified":"2024-09-19T23:02:52","modified_gmt":"2024-09-20T03:02:52","slug":"abinader-da-a-conocer-presupuesto-de-gastos-para-2025","status":"publish","type":"post","link":"https:\/\/lasprimeras.com.do\/index.php\/2024\/09\/19\/abinader-da-a-conocer-presupuesto-de-gastos-para-2025\/","title":{"rendered":"Abinader da a conocer presupuesto de gastos para 2025"},"content":{"rendered":"\n<p><strong>Presupuesto general de gastos para 2025 asciende a 1 bill\u00f3n 484 mil millones 235 millones de pesos<\/strong><\/p>\n\n\n\n<p>El presidente Luis Abinader, junto a la vicepresidenta Raquel Pe\u00f1a, encabez\u00f3 el tercer consejo de ministros de su segundo periodo de gobierno, en el cual conocieron el primer presupuesto realizado bajo las directrices de la ley de responsabilidad fiscal.<\/p>\n\n\n\n<p>La informaci\u00f3n la ofreci\u00f3 el ministro de la Presidencia, Jos\u00e9 Ignacio Paliza, agregando que con esto se da cumplimiento a los preceptos constitucionales y legales que obligan a que en determinadas fechas el consejo de ministros conozca y apruebe los lineamientos generales presupuesto general de cada a\u00f1o, en este caso, el correspondiente a 2025.<\/p>\n\n\n\n<p>Presupuesto general para 2025 asciende a 1 bill\u00f3n 484 mil millones 235 millones de pesos<\/p>\n\n\n\n<p>De su lado, el ministro de Hacienda, Jochi Vicente, indic\u00f3 que el presupuesto para 2025 asciende a 1 bill\u00f3n 484 mil millones 235 millones de pesos, con un d\u00e9ficit de 3.1% del Producto Interno Bruto (PIB).<\/p>\n\n\n\n<p>El mismo ser\u00e1 presentado ante el Congreso Nacional antes del primero de octubre, dentro de la fecha l\u00edmite establecida por ley.<\/p>\n\n\n\n<p>Destac\u00f3 adem\u00e1s que la ley de responsabilidad fiscal aprobada hace aproximadamente un mes por el presidente Abinader, permite establecer un tope en el crecimiento del gasto primario para el gobierno. Esto con el objetivo de dar certeza y predictibilidad al comportamiento del gasto, para reducir la deuda al 2035, sin superar el 40% PIB.<\/p>\n\n\n\n<p>Entre las partidas priorizadas en el presupuesto, Jochi Vicente cit\u00f3 las asignadas a programas sociales, que asciende a RD$ 54 mil millones, RD$ 83 mil millones para subsidio el\u00e9ctrico y RD$ 10 mil millones para subsidio de combustibles.<\/p>\n\n\n\n<p>En cuanto a obras de infraestructura se est\u00e1n priorizando la terminaci\u00f3n del monorriel de Santiago, con RD$ 24 mil millones y la l\u00ednea 2C del Metro de Santo Domingo con RD$12 mil 500 millones.<\/p>\n","protected":false},"excerpt":{"rendered":"<p>Presupuesto general de gastos para 2025 asciende a 1 bill\u00f3n 484 mil millones 235 millones de pesos El presidente Luis Abinader, junto a la vicepresidenta Raquel Pe\u00f1a, encabez\u00f3 el tercer&hellip;<\/p>\n","protected":false},"author":2,"featured_media":89233,"comment_status":"open","ping_status":"open","sticky":false,"template":"","format":"standard","meta":{"content-type":"","jetpack_post_was_ever_published":false,"_jetpack_newsletter_access":"","_jetpack_dont_email_post_to_subs":false,"_jetpack_newsletter_tier_id":0,"_jetpack_memberships_contains_paywalled_content":false,"_jetpack_memberships_contains_paid_content":false,"footnotes":""},"categories":[39,25],"tags":[67],"class_list":["post-89232","post","type-post","status-publish","format-standard","has-post-thumbnail","hentry","category-economia","category-portada","tag-luis-abinader"],"jetpack_featured_media_url":"https:\/\/lasprimeras.com.do\/wp-content\/uploads\/2024\/09\/Luis-Abinader-22.jpg","jetpack-related-posts":[{"id":60909,"url":"https:\/\/lasprimeras.com.do\/index.php\/2023\/09\/20\/vicepresidenta-encabeza-consejo-de-gobierno-para-conocer-presupuesto-general-del-estado-2024\/","url_meta":{"origin":89232,"position":0},"title":"Vicepresidenta encabeza Consejo de Gobierno para conocer Presupuesto General del Estado 2024","author":"Nelson Feliz","date":"20 de septiembre de 2023","format":false,"excerpt":"La vicepresidenta Raquel Pe\u00f1a encabez\u00f3 un Consejo de Gobierno, en el Palacio Nacional, donde se conoci\u00f3 el Presupuesto General del Estado para el a\u00f1o 2024, que ser\u00e1 de un bill\u00f3n trecientos setenta y un mil millones de pesos. Estas informaciones fueron ofrecidas por los ministros, de la Presidencia, Joel Santos,\u2026","rel":"","context":"En \u00abECONOM\u00cdA\u00bb","block_context":{"text":"ECONOM\u00cdA","link":"https:\/\/lasprimeras.com.do\/index.php\/category\/economia\/"},"img":{"alt_text":"Consejo de Gobierno","src":"https:\/\/i0.wp.com\/lasprimeras.com.do\/wp-content\/uploads\/2023\/09\/Consejo-de-Gobierno-Septiembre-2023.jpg?resize=350%2C200&ssl=1","width":350,"height":200,"srcset":"https:\/\/i0.wp.com\/lasprimeras.com.do\/wp-content\/uploads\/2023\/09\/Consejo-de-Gobierno-Septiembre-2023.jpg?resize=350%2C200&ssl=1 1x, https:\/\/i0.wp.com\/lasprimeras.com.do\/wp-content\/uploads\/2023\/09\/Consejo-de-Gobierno-Septiembre-2023.jpg?resize=525%2C300&ssl=1 1.5x, https:\/\/i0.wp.com\/lasprimeras.com.do\/wp-content\/uploads\/2023\/09\/Consejo-de-Gobierno-Septiembre-2023.jpg?resize=700%2C400&ssl=1 2x"},"classes":[]},{"id":91859,"url":"https:\/\/lasprimeras.com.do\/index.php\/2024\/12\/04\/diputados-aprueban-el-presupuesto-de-2025por-un-billon-681728-1-millones-de-pesos\/","url_meta":{"origin":89232,"position":1},"title":"Diputados aprueban el presupuesto de 2025,por un bill\u00f3n 681,728.1 millones de pesos","author":"Nelson Feliz","date":"4 de diciembre de 2024","format":false,"excerpt":"La C\u00e1mara de Diputados aprob\u00f3 este martes en dos lecturas consecutivas el proyecto del Presupuesto General del Estado para el a\u00f1o 2025, que asciende a un monto de un bill\u00f3n 681,728.1 millones de pesos y que fue sancionado bajo fuertes cr\u00edticas de la oposici\u00f3n. Aunque los opositores de la Fuerza\u2026","rel":"","context":"En \u00abECONOM\u00cdA\u00bb","block_context":{"text":"ECONOM\u00cdA","link":"https:\/\/lasprimeras.com.do\/index.php\/category\/economia\/"},"img":{"alt_text":"","src":"https:\/\/i0.wp.com\/lasprimeras.com.do\/wp-content\/uploads\/2024\/12\/diputados-2.jpeg?resize=350%2C200&ssl=1","width":350,"height":200,"srcset":"https:\/\/i0.wp.com\/lasprimeras.com.do\/wp-content\/uploads\/2024\/12\/diputados-2.jpeg?resize=350%2C200&ssl=1 1x, https:\/\/i0.wp.com\/lasprimeras.com.do\/wp-content\/uploads\/2024\/12\/diputados-2.jpeg?resize=525%2C300&ssl=1 1.5x, https:\/\/i0.wp.com\/lasprimeras.com.do\/wp-content\/uploads\/2024\/12\/diputados-2.jpeg?resize=700%2C400&ssl=1 2x, https:\/\/i0.wp.com\/lasprimeras.com.do\/wp-content\/uploads\/2024\/12\/diputados-2.jpeg?resize=1050%2C600&ssl=1 3x, https:\/\/i0.wp.com\/lasprimeras.com.do\/wp-content\/uploads\/2024\/12\/diputados-2.jpeg?resize=1400%2C800&ssl=1 4x"},"classes":[]},{"id":85666,"url":"https:\/\/lasprimeras.com.do\/index.php\/2024\/07\/06\/agendan-temas-presupuesto-2025-gobierno-priorizara-salud-educacion-y-transporte\/","url_meta":{"origin":89232,"position":2},"title":"Agendan temas presupuesto 2025, Gobierno priorizar\u00e1 salud, educaci\u00f3n y transporte","author":"Nelson Feliz","date":"6 de julio de 2024","format":false,"excerpt":"La vicepresidenta Raquel Pe\u00f1a y el ministro de Industria, Comercio y Mipymes, V\u00edctor Bison\u00f3 encabezaron el 4to. Foro Nacional de la Calidad. La salud, el sistema integrado de transporte, educaci\u00f3n, la terminaci\u00f3n de la l\u00ednea 2C de Metro de Santo Domingo y telef\u00e9rico Santo Domingo Oeste ser\u00e1n prioridad del Gobierno\u2026","rel":"","context":"En \u00abECONOM\u00cdA\u00bb","block_context":{"text":"ECONOM\u00cdA","link":"https:\/\/lasprimeras.com.do\/index.php\/category\/economia\/"},"img":{"alt_text":"","src":"https:\/\/i0.wp.com\/lasprimeras.com.do\/wp-content\/uploads\/2024\/07\/Presupuesto-2025.jpg?resize=350%2C200&ssl=1","width":350,"height":200,"srcset":"https:\/\/i0.wp.com\/lasprimeras.com.do\/wp-content\/uploads\/2024\/07\/Presupuesto-2025.jpg?resize=350%2C200&ssl=1 1x, https:\/\/i0.wp.com\/lasprimeras.com.do\/wp-content\/uploads\/2024\/07\/Presupuesto-2025.jpg?resize=525%2C300&ssl=1 1.5x, https:\/\/i0.wp.com\/lasprimeras.com.do\/wp-content\/uploads\/2024\/07\/Presupuesto-2025.jpg?resize=700%2C400&ssl=1 2x"},"classes":[]},{"id":56624,"url":"https:\/\/lasprimeras.com.do\/index.php\/2023\/08\/03\/gobierno-contempla-aumento-de-2-8-del-pib-al-gasto-de-capital-para-dinamizar-la-economia\/","url_meta":{"origin":89232,"position":3},"title":"Gobierno contempla aumento de 2.8 % del PIB al gasto de capital para dinamizar la econom\u00eda","author":"Nelson Feliz","date":"3 de agosto de 2023","format":false,"excerpt":"La deuda p\u00fablica para proyectos de inversi\u00f3n asciende a RD$363,257.8 millones, monto que incluye RD$30,193.2 millones menos que el presupuesto original, lo que reduce el endeudamiento. El anteproyecto de ley presentado por ante la C\u00e1mara de Diputados, contempla inversiones en 8 proyectos, incluyendo obras complementarias de la presa de Monte\u2026","rel":"","context":"En \u00abECONOM\u00cdA\u00bb","block_context":{"text":"ECONOM\u00cdA","link":"https:\/\/lasprimeras.com.do\/index.php\/category\/economia\/"},"img":{"alt_text":"El aumento del gasto de capital, contemplado en el anteproyecto de ley presupuestaria para este a\u00f1o 2023, equivale a un aumento de un 2.8 % del producto interno bruto (PIB).","src":"https:\/\/i0.wp.com\/lasprimeras.com.do\/wp-content\/uploads\/2023\/08\/SENADO.jpeg?resize=350%2C200&ssl=1","width":350,"height":200,"srcset":"https:\/\/i0.wp.com\/lasprimeras.com.do\/wp-content\/uploads\/2023\/08\/SENADO.jpeg?resize=350%2C200&ssl=1 1x, https:\/\/i0.wp.com\/lasprimeras.com.do\/wp-content\/uploads\/2023\/08\/SENADO.jpeg?resize=525%2C300&ssl=1 1.5x, https:\/\/i0.wp.com\/lasprimeras.com.do\/wp-content\/uploads\/2023\/08\/SENADO.jpeg?resize=700%2C400&ssl=1 2x"},"classes":[]},{"id":70623,"url":"https:\/\/lasprimeras.com.do\/index.php\/2023\/12\/12\/diputados-aprueban-de-urgencia-presupuesto-billonario-del-2024-e-incluyen-dinero-de-aerodom\/","url_meta":{"origin":89232,"position":4},"title":"Diputados aprueban de urgencia presupuesto billonario del 2024 e incluyen dinero de Aerodom","author":"Nelson Feliz","date":"12 de diciembre de 2023","format":false,"excerpt":"La C\u00e1mara de Diputados aprob\u00f3 este martes de urgencia y en dos lecturas consecutivas el proyecto de Ley de Presupuesto General del Estado para el a\u00f1o 2024 que asciende al bill\u00f3n de pesos y que incluye una adenda para proyectar los ingresos que dejar\u00e1 la renegociaci\u00f3n del contrato con Aerodom\u2026","rel":"","context":"En \u00abECONOM\u00cdA\u00bb","block_context":{"text":"ECONOM\u00cdA","link":"https:\/\/lasprimeras.com.do\/index.php\/category\/economia\/"},"img":{"alt_text":"PE agreg\u00f3 adenda de Aerodom a Presupuesto 2024 sin contrato aprobado","src":"https:\/\/i0.wp.com\/lasprimeras.com.do\/wp-content\/uploads\/2023\/12\/diputados.jpg?resize=350%2C200&ssl=1","width":350,"height":200,"srcset":"https:\/\/i0.wp.com\/lasprimeras.com.do\/wp-content\/uploads\/2023\/12\/diputados.jpg?resize=350%2C200&ssl=1 1x, https:\/\/i0.wp.com\/lasprimeras.com.do\/wp-content\/uploads\/2023\/12\/diputados.jpg?resize=525%2C300&ssl=1 1.5x, https:\/\/i0.wp.com\/lasprimeras.com.do\/wp-content\/uploads\/2023\/12\/diputados.jpg?resize=700%2C400&ssl=1 2x"},"classes":[]},{"id":117896,"url":"https:\/\/lasprimeras.com.do\/index.php\/2025\/12\/17\/el-senador-omar-fernandez-critica-presupuesto-2026-por-baja-inversion\/","url_meta":{"origin":89232,"position":5},"title":"El senador Omar Fern\u00e1ndez critica Presupuesto 2026 por baja inversi\u00f3n","author":"Nelson Feliz","date":"17 de diciembre de 2025","format":false,"excerpt":"El senador por el Distrito Nacional, Omar Fern\u00e1ndez, advirti\u00f3 que la propuesta de Presupuesto General del Estado para el a\u00f1o 2026 presentada por el Poder Ejecutivo evidencia un manejo fiscal deficiente, pese a un contexto econ\u00f3mico internacional favorable para la Rep\u00fablica Dominicana. El legislador observ\u00f3 que a pesar de que\u2026","rel":"","context":"En \u00abECONOM\u00cdA\u00bb","block_context":{"text":"ECONOM\u00cdA","link":"https:\/\/lasprimeras.com.do\/index.php\/category\/economia\/"},"img":{"alt_text":"Omar Fern\u00e1ndez","src":"https:\/\/i0.wp.com\/lasprimeras.com.do\/wp-content\/uploads\/2025\/10\/Omar-Fernandez.jpg?resize=350%2C200&ssl=1","width":350,"height":200,"srcset":"https:\/\/i0.wp.com\/lasprimeras.com.do\/wp-content\/uploads\/2025\/10\/Omar-Fernandez.jpg?resize=350%2C200&ssl=1 1x, https:\/\/i0.wp.com\/lasprimeras.com.do\/wp-content\/uploads\/2025\/10\/Omar-Fernandez.jpg?resize=525%2C300&ssl=1 1.5x, https:\/\/i0.wp.com\/lasprimeras.com.do\/wp-content\/uploads\/2025\/10\/Omar-Fernandez.jpg?resize=700%2C400&ssl=1 2x, https:\/\/i0.wp.com\/lasprimeras.com.do\/wp-content\/uploads\/2025\/10\/Omar-Fernandez.jpg?resize=1050%2C600&ssl=1 3x, https:\/\/i0.wp.com\/lasprimeras.com.do\/wp-content\/uploads\/2025\/10\/Omar-Fernandez.jpg?resize=1400%2C800&ssl=1 4x"},"classes":[]}],"jetpack_sharing_enabled":true,"_links":{"self":[{"href":"https:\/\/lasprimeras.com.do\/index.php\/wp-json\/wp\/v2\/posts\/89232","targetHints":{"allow":["GET"]}}],"collection":[{"href":"https:\/\/lasprimeras.com.do\/index.php\/wp-json\/wp\/v2\/posts"}],"about":[{"href":"https:\/\/lasprimeras.com.do\/index.php\/wp-json\/wp\/v2\/types\/post"}],"author":[{"embeddable":true,"href":"https:\/\/lasprimeras.com.do\/index.php\/wp-json\/wp\/v2\/users\/2"}],"replies":[{"embeddable":true,"href":"https:\/\/lasprimeras.com.do\/index.php\/wp-json\/wp\/v2\/comments?post=89232"}],"version-history":[{"count":1,"href":"https:\/\/lasprimeras.com.do\/index.php\/wp-json\/wp\/v2\/posts\/89232\/revisions"}],"predecessor-version":[{"id":89234,"href":"https:\/\/lasprimeras.com.do\/index.php\/wp-json\/wp\/v2\/posts\/89232\/revisions\/89234"}],"wp:featuredmedia":[{"embeddable":true,"href":"https:\/\/lasprimeras.com.do\/index.php\/wp-json\/wp\/v2\/media\/89233"}],"wp:attachment":[{"href":"https:\/\/lasprimeras.com.do\/index.php\/wp-json\/wp\/v2\/media?parent=89232"}],"wp:term":[{"taxonomy":"category","embeddable":true,"href":"https:\/\/lasprimeras.com.do\/index.php\/wp-json\/wp\/v2\/categories?post=89232"},{"taxonomy":"post_tag","embeddable":true,"href":"https:\/\/lasprimeras.com.do\/index.php\/wp-json\/wp\/v2\/tags?post=89232"}],"curies":[{"name":"wp","href":"https:\/\/api.w.org\/{rel}","templated":true}]}}