{"id":89238,"date":"2024-09-20T09:56:17","date_gmt":"2024-09-20T13:56:17","guid":{"rendered":"https:\/\/lasprimeras.com.do\/?p=89238"},"modified":"2024-09-20T09:56:18","modified_gmt":"2024-09-20T13:56:18","slug":"ministro-de-defensa-visita-instalaciones-de-la-armada-de-republica-dominicana","status":"publish","type":"post","link":"https:\/\/lasprimeras.com.do\/index.php\/2024\/09\/20\/ministro-de-defensa-visita-instalaciones-de-la-armada-de-republica-dominicana\/","title":{"rendered":"Ministro de Defensa visita instalaciones de la Armada de Rep\u00fablica Dominicana"},"content":{"rendered":"\n<p>SANS SOUCI.- El ministro de Defensa, teniente general Carlos Antonio Fern\u00e1ndez Onofre, ERD., realiz\u00f3 su primera visita oficial a la Base Naval 27 de Febrero, sede principal de la Armada de Rep\u00fablica Dominicana, donde expres\u00f3 su inter\u00e9s de continuar las iniciativas y proyectos que permitan robustecer las capacidades de las instituciones que componen las Fuerzas Armadas.<\/p>\n\n\n\n<p>El teniente general Fern\u00e1ndez Onofre resalt\u00f3 que el enfoque de su gesti\u00f3n militar es seguir contribuyendo con el fortalecimiento de la calidad de vida y las condiciones en las que trabajan los soldados, as\u00ed como la de sus familiares.<\/p>\n\n\n\n<p>\u201cContinuaremos velando por m\u00e1s conquistas en beneficio de todos los que vestimos con orgullo el uniforme militar, lo que se traduce en unas Fuerzas Armadas de listeza operacional y moral inquebrantable. Esto es un trabajo de equipo, por lo que debemos unificar esfuerzos junto al comandante general, el vicealmirante Morillo y todos los oficiales que le acompa\u00f1an en su gesti\u00f3n\u201d, agreg\u00f3 el ministro de Defensa.<\/p>\n\n\n\n<p>A su vez, el comandante general de la Armada, expres\u00f3 en nombre de todos los hombres y mujeres que componen su instituci\u00f3n, el honor de recibir a quien representa el esp\u00edritu de servicio y compromiso con la defensa de la Patria. \u201cSu distinguida presencia es un recordatorio del v\u00ednculo que une a las Fuerzas Armadas y fortalece nuestra determinaci\u00f3n como guardianes del mar y fieles defensores de la naci\u00f3n\u201d, expres\u00f3 el vicealmirante Morillo Rodr\u00edguez.<\/p>\n","protected":false},"excerpt":{"rendered":"<p>SANS SOUCI.- El ministro de Defensa, teniente general Carlos Antonio Fern\u00e1ndez Onofre, ERD., realiz\u00f3 su primera visita oficial a la Base Naval 27 de Febrero, sede principal de la Armada&hellip;<\/p>\n","protected":false},"author":9,"featured_media":89239,"comment_status":"open","ping_status":"open","sticky":false,"template":"","format":"standard","meta":{"content-type":"","jetpack_post_was_ever_published":false,"_jetpack_newsletter_access":"","_jetpack_dont_email_post_to_subs":false,"_jetpack_newsletter_tier_id":0,"_jetpack_memberships_contains_paywalled_content":false,"_jetpack_memberships_contains_paid_content":false,"footnotes":""},"categories":[3057,25],"tags":[3756,353,15517,373],"class_list":["post-89238","post","type-post","status-publish","format-standard","has-post-thumbnail","hentry","category-militares","category-portada","tag-armada","tag-defensa","tag-intro","tag-ministro"],"jetpack_featured_media_url":"https:\/\/lasprimeras.com.do\/wp-content\/uploads\/2024\/09\/3a94f733-8a7b-45eb-a04e-cbd491db3adc.jpeg","jetpack-related-posts":[{"id":87726,"url":"https:\/\/lasprimeras.com.do\/index.php\/2024\/08\/16\/carlos-fernandez-onofre-es-designado-ministro-de-defensa-diaz-morfa-es-colocado-en-retiro\/","url_meta":{"origin":89238,"position":0},"title":"Carlos Fern\u00e1ndez Onofre es designado ministro de Defensa; D\u00edaz Morfa es colocado en retiro","author":"Nelson Feliz","date":"16 de agosto de 2024","format":false,"excerpt":"El presidente Luis Abinader ascendi\u00f3 este viernes a teniente general Carlos Antonio Fern\u00e1ndez Onofre y lo design\u00f3 como ministro de Defensa. El presidente Luis Abinader ascendi\u00f3 este viernes a teniente general a Carlos Antonio Fern\u00e1ndez Onofre y lo design\u00f3 como ministro de Defensa. El nuevo jefe de las fuerzas castrenses\u2026","rel":"","context":"En \u00abMILITARES\u00bb","block_context":{"text":"MILITARES","link":"https:\/\/lasprimeras.com.do\/index.php\/category\/militares\/"},"img":{"alt_text":"Carlos Antonio Fern\u00e1ndez Onofre y Carlos Luciano D\u00edaz Morfa","src":"https:\/\/i0.wp.com\/lasprimeras.com.do\/wp-content\/uploads\/2024\/08\/Carlos-Antonio-Fernandez-Onofre-y-Carlos-Luciano-Diaz-Morfa.jpeg?resize=350%2C200&ssl=1","width":350,"height":200,"srcset":"https:\/\/i0.wp.com\/lasprimeras.com.do\/wp-content\/uploads\/2024\/08\/Carlos-Antonio-Fernandez-Onofre-y-Carlos-Luciano-Diaz-Morfa.jpeg?resize=350%2C200&ssl=1 1x, https:\/\/i0.wp.com\/lasprimeras.com.do\/wp-content\/uploads\/2024\/08\/Carlos-Antonio-Fernandez-Onofre-y-Carlos-Luciano-Diaz-Morfa.jpeg?resize=525%2C300&ssl=1 1.5x"},"classes":[]},{"id":87841,"url":"https:\/\/lasprimeras.com.do\/index.php\/2024\/08\/18\/ministro-de-defensa-posesiona-nuevos-comandantes-generales-del-ejercito-y-la-fuerza-aerea-de-rd\/","url_meta":{"origin":89238,"position":1},"title":"Ministro de Defensa posesiona nuevos comandantes generales del Ej\u00e9rcito y la Fuerza A\u00e9rea de RD","author":"Nelson Feliz","date":"18 de agosto de 2024","format":false,"excerpt":"Por Martin Restituyo El nuevo ministro de Defensa, teniente general Carlos A. Fern\u00e1ndez Onofre, posesion\u00f3 oficialmente a los nuevos comandantes generales del Ej\u00e9rcito y la Fuerza A\u00e9rea de Rep\u00fablica Dominicana, en una solemne ceremonia celebrada en el Campamento militar \u00ab16 de agosto\u00bb, con asiento de la 1ra. Brigada de Infanter\u00eda\u2026","rel":"","context":"En \u00abMILITARES\u00bb","block_context":{"text":"MILITARES","link":"https:\/\/lasprimeras.com.do\/index.php\/category\/militares\/"},"img":{"alt_text":"Carlos A. Fern\u00e1ndez Onofre","src":"https:\/\/i0.wp.com\/lasprimeras.com.do\/wp-content\/uploads\/2024\/08\/Febrillet-y-Floreal-p.jpg?resize=350%2C200&ssl=1","width":350,"height":200,"srcset":"https:\/\/i0.wp.com\/lasprimeras.com.do\/wp-content\/uploads\/2024\/08\/Febrillet-y-Floreal-p.jpg?resize=350%2C200&ssl=1 1x, https:\/\/i0.wp.com\/lasprimeras.com.do\/wp-content\/uploads\/2024\/08\/Febrillet-y-Floreal-p.jpg?resize=525%2C300&ssl=1 1.5x, https:\/\/i0.wp.com\/lasprimeras.com.do\/wp-content\/uploads\/2024\/08\/Febrillet-y-Floreal-p.jpg?resize=700%2C400&ssl=1 2x"},"classes":[]},{"id":89301,"url":"https:\/\/lasprimeras.com.do\/index.php\/2024\/09\/21\/ministro-de-defensa-recorre-frontera-sur-rd-haiti\/","url_meta":{"origin":89238,"position":2},"title":"Ministro de defensa recorre frontera Sur RD-Hait\u00ed","author":"Nelson Feliz","date":"21 de septiembre de 2024","format":false,"excerpt":"Por Martin Restituyo El ministro de Defensa, teniente general Carlos Antonio Fern\u00e1ndez Onofre, realiz\u00f3 un recorrido de supervisi\u00f3n por la parte sur de la frontera dom\u00ednico-haitiana. Fern\u00e1ndez Onofre verific\u00f3 los avances en la construcci\u00f3n de la verja perimetral inteligente y constatar la operatividad de los miembros de las Fuerzas Armadas\u2026","rel":"","context":"En \u00abMILITARES\u00bb","block_context":{"text":"MILITARES","link":"https:\/\/lasprimeras.com.do\/index.php\/category\/militares\/"},"img":{"alt_text":"Carlos Antonio Fern\u00e1ndez Onofre","src":"https:\/\/i0.wp.com\/lasprimeras.com.do\/wp-content\/uploads\/2024\/09\/Carlos-Antonio-Fernandez-Onofre-1.jpg?resize=350%2C200&ssl=1","width":350,"height":200,"srcset":"https:\/\/i0.wp.com\/lasprimeras.com.do\/wp-content\/uploads\/2024\/09\/Carlos-Antonio-Fernandez-Onofre-1.jpg?resize=350%2C200&ssl=1 1x, https:\/\/i0.wp.com\/lasprimeras.com.do\/wp-content\/uploads\/2024\/09\/Carlos-Antonio-Fernandez-Onofre-1.jpg?resize=525%2C300&ssl=1 1.5x"},"classes":[]},{"id":93858,"url":"https:\/\/lasprimeras.com.do\/index.php\/2025\/02\/21\/ministro-de-defensa-consolida-capacidad-operativa-y-listeza-operacional-de-las-ff-aa\/","url_meta":{"origin":89238,"position":3},"title":"Ministro de Defensa consolida capacidad operativa y listeza operacional de las FF AA","author":"Nelson Feliz","date":"21 de febrero de 2025","format":false,"excerpt":"El ministro de Defensa, teniente general Carlos Antonio Fern\u00e1ndez Onofre, expres\u00f3 que, desde el 16 de agosto del 2020 las Fuerzas Armadas est\u00e1n inmersas en un proceso de institucionalizaci\u00f3n, consolidaci\u00f3n de sus capacidades operativas y listeza operacional de sus soldados, incremento log\u00edstico y una permanente mejora de las condiciones de\u2026","rel":"","context":"En \u00abMILITARES\u00bb","block_context":{"text":"MILITARES","link":"https:\/\/lasprimeras.com.do\/index.php\/category\/militares\/"},"img":{"alt_text":"Carlos Antonio Fern\u00e1ndez Onofre","src":"https:\/\/i0.wp.com\/lasprimeras.com.do\/wp-content\/uploads\/2025\/02\/Carlos-Antonio-Fernandez-Onofre.jpg?resize=350%2C200&ssl=1","width":350,"height":200,"srcset":"https:\/\/i0.wp.com\/lasprimeras.com.do\/wp-content\/uploads\/2025\/02\/Carlos-Antonio-Fernandez-Onofre.jpg?resize=350%2C200&ssl=1 1x, https:\/\/i0.wp.com\/lasprimeras.com.do\/wp-content\/uploads\/2025\/02\/Carlos-Antonio-Fernandez-Onofre.jpg?resize=525%2C300&ssl=1 1.5x"},"classes":[]},{"id":94909,"url":"https:\/\/lasprimeras.com.do\/index.php\/2025\/03\/07\/mide-celebra-el-dia-internacional-de-la-mujer-con-reconocimiento-a-militares-destacadas\/","url_meta":{"origin":89238,"position":4},"title":"MIDE celebra el D\u00eda Internacional de la Mujer con reconocimiento a militares destacadas","author":"Nelson Feliz","date":"7 de marzo de 2025","format":false,"excerpt":"En conmemoraci\u00f3n del D\u00eda Internacional de la Mujer, el Ministerio de Defensa (MIDE) reconoci\u00f3 a mujeres destacadas del Ej\u00e9rcito, la Armada y la Fuerza A\u00e9rea de Rep\u00fablica Dominicana, cuerpos especializados, instituciones y dependencias de las Fuerzas Armadas, en honor a su esfuerzo, liderazgo y compromiso en el ejercicio de su\u2026","rel":"","context":"En \u00abMILITARES\u00bb","block_context":{"text":"MILITARES","link":"https:\/\/lasprimeras.com.do\/index.php\/category\/militares\/"},"img":{"alt_text":"","src":"https:\/\/i0.wp.com\/lasprimeras.com.do\/wp-content\/uploads\/2025\/03\/mili.jpg?resize=350%2C200&ssl=1","width":350,"height":200,"srcset":"https:\/\/i0.wp.com\/lasprimeras.com.do\/wp-content\/uploads\/2025\/03\/mili.jpg?resize=350%2C200&ssl=1 1x, https:\/\/i0.wp.com\/lasprimeras.com.do\/wp-content\/uploads\/2025\/03\/mili.jpg?resize=525%2C300&ssl=1 1.5x, https:\/\/i0.wp.com\/lasprimeras.com.do\/wp-content\/uploads\/2025\/03\/mili.jpg?resize=700%2C400&ssl=1 2x"},"classes":[]},{"id":96732,"url":"https:\/\/lasprimeras.com.do\/index.php\/2025\/04\/06\/ministro-de-defensa-visita-friusa-y-mata-mosquito\/","url_meta":{"origin":89238,"position":5},"title":"Ministro de Defensa visita Friusa y Mata Mosquito","author":"Nelson Feliz","date":"6 de abril de 2025","format":false,"excerpt":"Fern\u00e1ndez Onofre supervisa las operaciones de seguridad y control migratorio en esa demarcaci\u00f3n. El Ministro de Defensa, Teniente General Carlos Antonio Fern\u00e1ndez Onofre, realiz\u00f3 este domingo una visita de trabajo a las comunidades de Friusa y Mata Mosquito, en la provincia La Altagracia. Fern\u00e1ndez Onofre, sostuvo que el objetivo de\u2026","rel":"","context":"En \u00abNACIONALES\u00bb","block_context":{"text":"NACIONALES","link":"https:\/\/lasprimeras.com.do\/index.php\/category\/nacionales\/"},"img":{"alt_text":"Carlos Antonio Fern\u00e1ndez Onofre","src":"https:\/\/i0.wp.com\/lasprimeras.com.do\/wp-content\/uploads\/2025\/04\/Carlos-Antonio-Fernandez-Onofre.jpg?resize=350%2C200&ssl=1","width":350,"height":200,"srcset":"https:\/\/i0.wp.com\/lasprimeras.com.do\/wp-content\/uploads\/2025\/04\/Carlos-Antonio-Fernandez-Onofre.jpg?resize=350%2C200&ssl=1 1x, https:\/\/i0.wp.com\/lasprimeras.com.do\/wp-content\/uploads\/2025\/04\/Carlos-Antonio-Fernandez-Onofre.jpg?resize=525%2C300&ssl=1 1.5x, https:\/\/i0.wp.com\/lasprimeras.com.do\/wp-content\/uploads\/2025\/04\/Carlos-Antonio-Fernandez-Onofre.jpg?resize=700%2C400&ssl=1 2x"},"classes":[]}],"jetpack_sharing_enabled":true,"_links":{"self":[{"href":"https:\/\/lasprimeras.com.do\/index.php\/wp-json\/wp\/v2\/posts\/89238","targetHints":{"allow":["GET"]}}],"collection":[{"href":"https:\/\/lasprimeras.com.do\/index.php\/wp-json\/wp\/v2\/posts"}],"about":[{"href":"https:\/\/lasprimeras.com.do\/index.php\/wp-json\/wp\/v2\/types\/post"}],"author":[{"embeddable":true,"href":"https:\/\/lasprimeras.com.do\/index.php\/wp-json\/wp\/v2\/users\/9"}],"replies":[{"embeddable":true,"href":"https:\/\/lasprimeras.com.do\/index.php\/wp-json\/wp\/v2\/comments?post=89238"}],"version-history":[{"count":1,"href":"https:\/\/lasprimeras.com.do\/index.php\/wp-json\/wp\/v2\/posts\/89238\/revisions"}],"predecessor-version":[{"id":89240,"href":"https:\/\/lasprimeras.com.do\/index.php\/wp-json\/wp\/v2\/posts\/89238\/revisions\/89240"}],"wp:featuredmedia":[{"embeddable":true,"href":"https:\/\/lasprimeras.com.do\/index.php\/wp-json\/wp\/v2\/media\/89239"}],"wp:attachment":[{"href":"https:\/\/lasprimeras.com.do\/index.php\/wp-json\/wp\/v2\/media?parent=89238"}],"wp:term":[{"taxonomy":"category","embeddable":true,"href":"https:\/\/lasprimeras.com.do\/index.php\/wp-json\/wp\/v2\/categories?post=89238"},{"taxonomy":"post_tag","embeddable":true,"href":"https:\/\/lasprimeras.com.do\/index.php\/wp-json\/wp\/v2\/tags?post=89238"}],"curies":[{"name":"wp","href":"https:\/\/api.w.org\/{rel}","templated":true}]}}