{"id":89275,"date":"2024-09-20T23:27:11","date_gmt":"2024-09-21T03:27:11","guid":{"rendered":"https:\/\/lasprimeras.com.do\/?p=89275"},"modified":"2024-09-20T23:27:12","modified_gmt":"2024-09-21T03:27:12","slug":"abinader-designa-nuevos-consules-embajadores-y-directora-del-despacho-presidencial","status":"publish","type":"post","link":"https:\/\/lasprimeras.com.do\/index.php\/2024\/09\/20\/abinader-designa-nuevos-consules-embajadores-y-directora-del-despacho-presidencial\/","title":{"rendered":"Abinader designa nuevos c\u00f3nsules, embajadores y directora del Despacho Presidencial"},"content":{"rendered":"\n<p><strong>Tambi\u00e9n se nombran nuevos miembros del Consejo de Directores del Banco de Reservas<\/strong><\/p>\n\n\n\n<p>El presidente Luis Abinader emiti\u00f3 los decretos 515-24, 554-24 y 555-24 mediante los cuales se realizan cambios en el Despacho Presidencial, consulados generales de la Rep\u00fablica Dominicana en diversos pa\u00edses, el servicio interno del Ministerio de Relaciones Exteriores y el Consejo de Directores del Banco Reservas.<\/p>\n\n\n\n<p>Decreto 554-24<\/p>\n\n\n\n<p>El decreto 555-24 contiene las designaciones de nueve c\u00f3nsules generales en diversas ciudades y pa\u00edses. En ese sentido, Rosa Yanina Torres Tamares fue designada en Nueva Orleans, Luisiana, Estados Unidos de Am\u00e9rica; Ana Emilia B\u00e1ez Santana en Marsella, Rep\u00fablica Francesa; M\u00f3nica Albuquerque Mora en Par\u00eds, Rep\u00fablica Francesa y Adolfo Pineda Espinosa en Genova, Rep\u00fablica Italiana.<\/p>\n\n\n\n<p>Tambi\u00e9n Jos\u00e9 Daniel Polanco Mart\u00ednez en La Playa, Reino de los Pa\u00edses Bajos; R\u00f3mulo Garc\u00eda Marmolejo en Atenas, Rep\u00fablica Hel\u00e9nica; Jos\u00e9 Luis D\u00edaz Quezada en Z\u00farich, Confederaci\u00f3n Suiza; Delano Freddy Marte Ram\u00edrez en Frankfurt, Rep\u00fablica Federal de Alemania y Jos\u00e9 Manuel Mercedes Aracena en Praga, Rep\u00fablica Checa.<\/p>\n\n\n\n<p>Mientras que Alexis Antonio Henr\u00edquez N\u00fa\u00f1ez y Yoselin Garc\u00eda Rodr\u00edguez quedan designados embajadores en el servicio interno del Ministerio de Relaciones Exteriores.<\/p>\n\n\n\n<p>Asimismo, Antonio Vidaly Genao Jim\u00e9nez, Nelson Francisco Carela Luna y Ra\u00fal Jafet Raful Suriano quedan designados consejeros en el servicio interno del Ministerio de Relaciones Exteriores.<\/p>\n\n\n\n<p>Decreto 515-24<\/p>\n\n\n\n<p>El decreto 515-24 designa a Noelia Eulalia del Coraz\u00f3n de Jes\u00fas Shephard de Bencosme como directora del Despacho Presidencial.<\/p>\n\n\n\n<p>Decreto 555-24<\/p>\n\n\n\n<p>Mientras que mi\u00e9ntate el decreto 555-24, el mandatario designa a Besaida Mar\u00eda Manuela Santana Sierra de B\u00e1ez y Ar\u00edstides Victoria Yeb como miembros del Consejo de Directores del Banco de Reservas de la Rep\u00fablica Dominicana.<\/p>\n","protected":false},"excerpt":{"rendered":"<p>Tambi\u00e9n se nombran nuevos miembros del Consejo de Directores del Banco de Reservas El presidente Luis Abinader emiti\u00f3 los decretos 515-24, 554-24 y 555-24 mediante los cuales se realizan cambios&hellip;<\/p>\n","protected":false},"author":2,"featured_media":89202,"comment_status":"open","ping_status":"open","sticky":false,"template":"","format":"standard","meta":{"content-type":"","jetpack_post_was_ever_published":false,"_jetpack_newsletter_access":"","_jetpack_dont_email_post_to_subs":false,"_jetpack_newsletter_tier_id":0,"_jetpack_memberships_contains_paywalled_content":false,"_jetpack_memberships_contains_paid_content":false,"footnotes":""},"categories":[35,25],"tags":[15538,15539,811,6962,67],"class_list":["post-89275","post","type-post","status-publish","format-standard","has-post-thumbnail","hentry","category-nacionales","category-portada","tag-consules","tag-despacho-presidencial","tag-directora","tag-embajadores","tag-luis-abinader"],"jetpack_featured_media_url":"https:\/\/lasprimeras.com.do\/wp-content\/uploads\/2024\/09\/ny.jpeg","jetpack-related-posts":[{"id":87737,"url":"https:\/\/lasprimeras.com.do\/index.php\/2024\/08\/16\/presidente-abinader-nombra-a-antonio-almonte-como-consul-general-de-la-rd-en-boston\/","url_meta":{"origin":89275,"position":0},"title":"Presidente Abinader nombra a Antonio Almonte como c\u00f3nsul general de la RD en Boston","author":"Nelson Feliz","date":"16 de agosto de 2024","format":false,"excerpt":"Poder Ejecutivo emite decreto que nombra a Enrique Garc\u00eda S\u00e1nchez como embajador en el Servicio Interno del Ministerio de Relaciones Exteriores. El presidente Luis Abinader nombr\u00f3 mediante el decreto 444-24 a Antonio Almonte como c\u00f3nsul general de la Rep\u00fablica Dominicana en Boston, Massachusetts, tras culminar sus cuatro a\u00f1os como ministro\u2026","rel":"","context":"En \u00abNACIONALES\u00bb","block_context":{"text":"NACIONALES","link":"https:\/\/lasprimeras.com.do\/index.php\/category\/nacionales\/"},"img":{"alt_text":"Antonio Almonte","src":"https:\/\/i0.wp.com\/lasprimeras.com.do\/wp-content\/uploads\/2023\/07\/Antonio-Almonte.jpg?resize=350%2C200&ssl=1","width":350,"height":200,"srcset":"https:\/\/i0.wp.com\/lasprimeras.com.do\/wp-content\/uploads\/2023\/07\/Antonio-Almonte.jpg?resize=350%2C200&ssl=1 1x, https:\/\/i0.wp.com\/lasprimeras.com.do\/wp-content\/uploads\/2023\/07\/Antonio-Almonte.jpg?resize=525%2C300&ssl=1 1.5x, https:\/\/i0.wp.com\/lasprimeras.com.do\/wp-content\/uploads\/2023\/07\/Antonio-Almonte.jpg?resize=700%2C400&ssl=1 2x"},"classes":[]},{"id":88230,"url":"https:\/\/lasprimeras.com.do\/index.php\/2024\/08\/24\/presidente-abinader-realiza-nombramientos-en-el-servicio-exterior-dominicano\/","url_meta":{"origin":89275,"position":1},"title":"Presidente Abinader realiza nombramientos en el servicio exterior dominicano","author":"Nelson Feliz","date":"24 de agosto de 2024","format":false,"excerpt":"El presidente Luis Abinader, mediante el decreto 471-24, ha realizado varios nombramientos en el servicio exterior de la Rep\u00fablica Dominicana. En el referido decreto, se designa a Jos\u00e9 Francisco Santana Suriel como c\u00f3nsul general de la Rep\u00fablica Dominicana en Paterson, Nueva Jersey; a Juan Roberto Rodr\u00edguez Hern\u00e1ndez como c\u00f3nsul general\u2026","rel":"","context":"En \u00abNACIONALES\u00bb","block_context":{"text":"NACIONALES","link":"https:\/\/lasprimeras.com.do\/index.php\/category\/nacionales\/"},"img":{"alt_text":"presidencia","src":"https:\/\/i0.wp.com\/lasprimeras.com.do\/wp-content\/uploads\/2023\/10\/presidencia.jpg?resize=350%2C200&ssl=1","width":350,"height":200,"srcset":"https:\/\/i0.wp.com\/lasprimeras.com.do\/wp-content\/uploads\/2023\/10\/presidencia.jpg?resize=350%2C200&ssl=1 1x, https:\/\/i0.wp.com\/lasprimeras.com.do\/wp-content\/uploads\/2023\/10\/presidencia.jpg?resize=525%2C300&ssl=1 1.5x"},"classes":[]},{"id":86749,"url":"https:\/\/lasprimeras.com.do\/index.php\/2024\/07\/31\/jesus-vasquez-y-eligio-jaquez-reciben-nuevas-designaciones\/","url_meta":{"origin":89275,"position":2},"title":"Jes\u00fas V\u00e1squez y Eligio J\u00e1quez reciben nuevas designaciones","author":"Nelson Feliz","date":"31 de julio de 2024","format":false,"excerpt":"Designaciones Oficializadas Mediante el Decreto 420-24 El Presidente de la Rep\u00fablica, Luis Abinader, ha emitido el Decreto 420-24, mediante el cual se realizan nuevas designaciones para Jes\u00fas V\u00e1squez y Eligio J\u00e1quez, destacando sus continuos servicios al pa\u00eds en roles clave. Jes\u00fas V\u00e1squez, quien fungi\u00f3 como Ministro de Interior y Polic\u00eda\u2026","rel":"","context":"En \u00abNACIONALES\u00bb","block_context":{"text":"NACIONALES","link":"https:\/\/lasprimeras.com.do\/index.php\/category\/nacionales\/"},"img":{"alt_text":"Jes\u00fas V\u00e1squez y Eligio J\u00e1quez","src":"https:\/\/i0.wp.com\/lasprimeras.com.do\/wp-content\/uploads\/2024\/07\/Jesus-Vasquez-y-Eligio-Jaquez.jpg?resize=350%2C200&ssl=1","width":350,"height":200,"srcset":"https:\/\/i0.wp.com\/lasprimeras.com.do\/wp-content\/uploads\/2024\/07\/Jesus-Vasquez-y-Eligio-Jaquez.jpg?resize=350%2C200&ssl=1 1x, https:\/\/i0.wp.com\/lasprimeras.com.do\/wp-content\/uploads\/2024\/07\/Jesus-Vasquez-y-Eligio-Jaquez.jpg?resize=525%2C300&ssl=1 1.5x"},"classes":[]},{"id":86785,"url":"https:\/\/lasprimeras.com.do\/index.php\/2024\/07\/31\/presidente-designa-a-faride-raful-en-interior-y-policia\/","url_meta":{"origin":89275,"position":3},"title":"Presidente designa a Faride Raful en Interior y Polic\u00eda","author":"Nelson Feliz","date":"31 de julio de 2024","format":false,"excerpt":"Cuando faltan 16 d\u00edas para el inicio de la gesti\u00f3n gubernamental 2024-2028, el presidente Luis Abinader continu\u00f3 ayer con sus \u201cWhatsApp decretos\u201d y design\u00f3 a la exsenadora Faride Raful ministra de Interior y Polic\u00eda en sustituci\u00f3n de Jes\u00fas V\u00e1squez, quien fue nombrado c\u00f3nsul general en Nueva York, Estados Unidos, designaciones\u2026","rel":"","context":"En \u00abNACIONALES\u00bb","block_context":{"text":"NACIONALES","link":"https:\/\/lasprimeras.com.do\/index.php\/category\/nacionales\/"},"img":{"alt_text":"Faride Raful","src":"https:\/\/i0.wp.com\/lasprimeras.com.do\/wp-content\/uploads\/2023\/08\/Faride-Raful.jpeg?resize=350%2C200&ssl=1","width":350,"height":200,"srcset":"https:\/\/i0.wp.com\/lasprimeras.com.do\/wp-content\/uploads\/2023\/08\/Faride-Raful.jpeg?resize=350%2C200&ssl=1 1x, https:\/\/i0.wp.com\/lasprimeras.com.do\/wp-content\/uploads\/2023\/08\/Faride-Raful.jpeg?resize=525%2C300&ssl=1 1.5x"},"classes":[]},{"id":92386,"url":"https:\/\/lasprimeras.com.do\/index.php\/2025\/01\/03\/nuevo-consul-de-rd-en-genova-asume-funciones\/","url_meta":{"origin":89275,"position":4},"title":"Nuevo c\u00f3nsul de RD en G\u00e9nova asume funciones","author":"Nelson Feliz","date":"3 de enero de 2025","format":false,"excerpt":"Adolfo Pineda Espinosa sustituy\u00f3 en el cargo a Nelson Carela Luna y dice garantizar\u00e1 eficiencia en servicios consulares a dominicanos y extranjeros, as\u00ed como para empresarios e inversionistas G\u00e9nova, Italia.- El ingeniero Adolfo Pineda Espinosa, asumi\u00f3 este jueves 2 de enero de 2025, sus funciones como nuevo C\u00f3nsul de Rep\u00fablica\u2026","rel":"","context":"En \u00abNACIONALES\u00bb","block_context":{"text":"NACIONALES","link":"https:\/\/lasprimeras.com.do\/index.php\/category\/nacionales\/"},"img":{"alt_text":"Adolfo Pineda Espinosa","src":"https:\/\/i0.wp.com\/lasprimeras.com.do\/wp-content\/uploads\/2025\/01\/Adolfo-Pineda-Espinosa-1.jpg?resize=350%2C200&ssl=1","width":350,"height":200,"srcset":"https:\/\/i0.wp.com\/lasprimeras.com.do\/wp-content\/uploads\/2025\/01\/Adolfo-Pineda-Espinosa-1.jpg?resize=350%2C200&ssl=1 1x, https:\/\/i0.wp.com\/lasprimeras.com.do\/wp-content\/uploads\/2025\/01\/Adolfo-Pineda-Espinosa-1.jpg?resize=525%2C300&ssl=1 1.5x, https:\/\/i0.wp.com\/lasprimeras.com.do\/wp-content\/uploads\/2025\/01\/Adolfo-Pineda-Espinosa-1.jpg?resize=700%2C400&ssl=1 2x"},"classes":[]},{"id":128353,"url":"https:\/\/lasprimeras.com.do\/index.php\/2026\/04\/22\/presidente-abinader-acredita-seis-nuevos-embajadores-en-rd\/","url_meta":{"origin":89275,"position":5},"title":"Presidente Abinader acredita seis nuevos embajadores en RD","author":"Nelson Feliz","date":"22 de abril de 2026","format":false,"excerpt":"El presidente Luis Abinader, junto con la vicepresidenta Raquel Pe\u00f1a y el ministro de Relaciones Exteriores, Roberto \u00c1lvarez, recibieron este mi\u00e9rcoles las cartas credenciales de seis nuevos embajadores acreditados en la Rep\u00fablica Dominicana, quienes asumen sus funciones con una amplia trayectoria en el servicio exterior y en diversos \u00e1mbitos de\u2026","rel":"","context":"En \u00abNACIONALES\u00bb","block_context":{"text":"NACIONALES","link":"https:\/\/lasprimeras.com.do\/index.php\/category\/nacionales\/"},"img":{"alt_text":"","src":"https:\/\/i0.wp.com\/lasprimeras.com.do\/wp-content\/uploads\/2026\/04\/embaja-1.jpg?resize=350%2C200&ssl=1","width":350,"height":200,"srcset":"https:\/\/i0.wp.com\/lasprimeras.com.do\/wp-content\/uploads\/2026\/04\/embaja-1.jpg?resize=350%2C200&ssl=1 1x, https:\/\/i0.wp.com\/lasprimeras.com.do\/wp-content\/uploads\/2026\/04\/embaja-1.jpg?resize=525%2C300&ssl=1 1.5x, https:\/\/i0.wp.com\/lasprimeras.com.do\/wp-content\/uploads\/2026\/04\/embaja-1.jpg?resize=700%2C400&ssl=1 2x"},"classes":[]}],"jetpack_sharing_enabled":true,"_links":{"self":[{"href":"https:\/\/lasprimeras.com.do\/index.php\/wp-json\/wp\/v2\/posts\/89275","targetHints":{"allow":["GET"]}}],"collection":[{"href":"https:\/\/lasprimeras.com.do\/index.php\/wp-json\/wp\/v2\/posts"}],"about":[{"href":"https:\/\/lasprimeras.com.do\/index.php\/wp-json\/wp\/v2\/types\/post"}],"author":[{"embeddable":true,"href":"https:\/\/lasprimeras.com.do\/index.php\/wp-json\/wp\/v2\/users\/2"}],"replies":[{"embeddable":true,"href":"https:\/\/lasprimeras.com.do\/index.php\/wp-json\/wp\/v2\/comments?post=89275"}],"version-history":[{"count":1,"href":"https:\/\/lasprimeras.com.do\/index.php\/wp-json\/wp\/v2\/posts\/89275\/revisions"}],"predecessor-version":[{"id":89276,"href":"https:\/\/lasprimeras.com.do\/index.php\/wp-json\/wp\/v2\/posts\/89275\/revisions\/89276"}],"wp:featuredmedia":[{"embeddable":true,"href":"https:\/\/lasprimeras.com.do\/index.php\/wp-json\/wp\/v2\/media\/89202"}],"wp:attachment":[{"href":"https:\/\/lasprimeras.com.do\/index.php\/wp-json\/wp\/v2\/media?parent=89275"}],"wp:term":[{"taxonomy":"category","embeddable":true,"href":"https:\/\/lasprimeras.com.do\/index.php\/wp-json\/wp\/v2\/categories?post=89275"},{"taxonomy":"post_tag","embeddable":true,"href":"https:\/\/lasprimeras.com.do\/index.php\/wp-json\/wp\/v2\/tags?post=89275"}],"curies":[{"name":"wp","href":"https:\/\/api.w.org\/{rel}","templated":true}]}}