{"id":89340,"date":"2024-09-22T14:47:55","date_gmt":"2024-09-22T18:47:55","guid":{"rendered":"https:\/\/lasprimeras.com.do\/?p=89340"},"modified":"2024-09-22T14:47:57","modified_gmt":"2024-09-22T18:47:57","slug":"presidente-abinader-llega-a-new-york-para-participar-en-la-onu","status":"publish","type":"post","link":"https:\/\/lasprimeras.com.do\/index.php\/2024\/09\/22\/presidente-abinader-llega-a-new-york-para-participar-en-la-onu\/","title":{"rendered":"Presidente Abinader llega a New York para participar en la ONU"},"content":{"rendered":"\n<p>Nueva York. &#8211; El presidente Luis Abinader lleg\u00f3 hoy a esta ciudad para participar en el 79\u00ba periodo de sesiones de la Asamblea General de las Naciones Unidas (ONU) y agotar una agenda que incluye reuniones bilaterales, encuentros con mandatarios e importantes empresarios y la comunidad dominicana.<\/p>\n\n\n\n<p>El mandatario dominicano tambi\u00e9n participar\u00e1 en la Cumbre del Futuro de la ONU.<\/p>\n\n\n\n<p>El jefe de Estado, vino acompa\u00f1ado de una reducida comitiva compuesta por el general Jimmy Arias; director del CUSEP; coronel Rafael Ram\u00edrez; miembro de su escolta; Eilyn Beltr\u00e1n, jefe de Gabinete: Noelia Shephard, directora del Despacho; y Mercedes Pichardo, su asistente personal.<\/p>\n\n\n\n<p>El mandatario y su comitiva llegaron a las 12:00 del mediod\u00eda y fueron recibidos por la embajadora en Washington, Sonia Guzm\u00e1n, el representante ante las Naciones Unidas, embajador Jos\u00e9 Blanco; y<br>el c\u00f3nsul dominicano en la ciudad de Nueva York, Jes\u00fas V\u00e1squez Mart\u00ednez.<\/p>\n\n\n\n<p>Agenda<\/p>\n\n\n\n<p>Domingo 22<br>Este domingo 22, el jefe de Estado acudir\u00e1 a las 3:00 de la tarde a la presentaci\u00f3n del documental, Los Trinitarios, de Radio Televisi\u00f3n Dominicana (RTVD).<\/p>\n\n\n\n<p>Luego, asistir\u00e1 al anuncio sobre el acuerdo de Cielo Abierto, que ser\u00e1 presidido por el congresista estadounidense de origen dominicano, Adriano Espaillat. Ambos encuentros se efectuar\u00e1n en el Colegio Juan Pablo Duarte.<\/p>\n\n\n\n<p>A las 5:00 p. m., el mandatario se trasladar\u00e1 a una actividad con el Instituto Dominicanos y Dominicanas en el Exterior (Index), en el Lehman College.<\/p>\n\n\n\n<p>Lunes 23<\/p>\n\n\n\n<p>Este d\u00eda, el mandatario a las 9:00 de la ma\u00f1ana participar\u00e1 en el panel sobre Pol\u00edtica Econ\u00f3mica Global en el marco de la Cumbre Anual de Concordia, en el Sheraton New York Times Square Hotel.<\/p>\n\n\n\n<p>Para las 2:20 de la tarde, el jefe de Estado dominicano encabezar\u00e1 el<br>evento de alto nivel de USAID sobre Un Futuro Sin Plomo. Este se realizar\u00e1 en UNICEF House.<\/p>\n\n\n\n<p>Ya para las 3:00 de la tarde, ser\u00e1 la alocuci\u00f3n del presidente Abinader ante la Cumbre del Futuro en la Sala de la Asamblea General de la ONU.<\/p>\n\n\n\n<p>A las 4:00 de la tarde encabezar\u00e1 LA Semanal que tendr\u00e1 lugar en el West Club 51st New York 10018.<\/p>\n\n\n\n<p>Para las 6:00 de la tarde de este d\u00eda, tendr\u00e1 una participaci\u00f3n en la recepci\u00f3n de Jefes de Estado de la Reuni\u00f3n Anual 2024 de la Iniciativa Global Clinton (CGI) en el New York Hilton Midtown 1335 6th Av.<\/p>\n\n\n\n<p>Martes 24<\/p>\n\n\n\n<p>Continuando con su agenda, este d\u00eda a la 1:30 de la tarde, estar\u00e1 en la Cumbre de L\u00edderes de la Coalici\u00f3n Mundial para hacer frente a las Drogas Sint\u00e9ticas organizada por el presidente de Estados Unidos Joe Biden y el Secretario Antony Blinken en el Hotel Intercontinental NY Barclay, 111E48th St, New York 10017.<\/p>\n\n\n\n<p>Mas tarde, a las 4:00 de la tarde, el mandatario sostendr\u00e1 una reuni\u00f3n de alto nivel sobre El Aprendizaje no Puede Esperar: Una Estrategia de Financiamiento para una Transformaci\u00f3n Sostenible de la Educaci\u00f3n. Esta tendr\u00e1 lugar en la sala de conferencias 1 de Naciones Unidas.<\/p>\n\n\n\n<p>Luego a las 5:30 de la tarde, el jefe de Estado encabezar\u00e1 un evento organizado por el ministerio de Industria, Comercio y Mipymes y World Economic Forum en la Misi\u00f3n Permanente de la ONU.<\/p>\n\n\n\n<p>En horas de la noche, espec\u00edficamente a las 7:00, el gobernante sostendr\u00e1 un<br>encuentro con la Comunidad Dominicana. Este se realizar\u00e1 en<br>Hostos Community College, 500 Grand concourse, Bronx, NY 10451.<\/p>\n\n\n\n<p>Mi\u00e9rcoles 25<\/p>\n\n\n\n<p>Este d\u00eda, para las 11:00 de la ma\u00f1ana, el presidente Luis Abinader tendr\u00e1 su alocuci\u00f3n ante la Asamblea de las Naciones Unidas. Esto tendr\u00e1 lugar en la Sala de la Asamblea General de la ONU.<\/p>\n\n\n\n<p>Jueves 26<\/p>\n\n\n\n<p>En tanto, a las 11:00 de la ma\u00f1ana del jueves, sostendr\u00e1 una reuni\u00f3n con un grupo de ejecutivos inversionistas de alto nivel. Este evento ser\u00e1 organizado por el Consejo de las Am\u00e9ricas y se realizar\u00e1 en la sede del Consejo de Las Am\u00e9ricas.<\/p>\n\n\n\n<p>Entre los participantes en esta cumbre figuran jefes de estado, ministros, altos funcionarios de las Naciones Unidas y representantes del sector privado, la sociedad civil y otros agentes.<\/p>\n\n\n\n<p>En esta ocasi\u00f3n, l\u00edderes mundiales se reunir\u00e1n en las Naciones Unidas para adoptar el Pacto para el Futuro, que incluir\u00e1 un Pacto Digital Global y una Declaraci\u00f3n sobre las Generaciones Futuras como anexos.<\/p>\n","protected":false},"excerpt":{"rendered":"<p>Nueva York. &#8211; El presidente Luis Abinader lleg\u00f3 hoy a esta ciudad para participar en el 79\u00ba periodo de sesiones de la Asamblea General de las Naciones Unidas (ONU) y&hellip;<\/p>\n","protected":false},"author":2,"featured_media":89341,"comment_status":"open","ping_status":"open","sticky":false,"template":"","format":"standard","meta":{"content-type":"","jetpack_post_was_ever_published":false,"_jetpack_newsletter_access":"","_jetpack_dont_email_post_to_subs":false,"_jetpack_newsletter_tier_id":0,"_jetpack_memberships_contains_paywalled_content":false,"_jetpack_memberships_contains_paid_content":false,"footnotes":""},"categories":[35,25],"tags":[67,488,93],"class_list":["post-89340","post","type-post","status-publish","format-standard","has-post-thumbnail","hentry","category-nacionales","category-portada","tag-luis-abinader","tag-new-york","tag-onu"],"jetpack_featured_media_url":"https:\/\/lasprimeras.com.do\/wp-content\/uploads\/2024\/09\/Luis-Abinader-01.jpg","jetpack-related-posts":[{"id":60838,"url":"https:\/\/lasprimeras.com.do\/index.php\/2023\/09\/19\/presidente-abinader-llega-a-la-onu-participa-en-apertura-del-debate-general\/","url_meta":{"origin":89340,"position":0},"title":"Presidente Abinader llega a la ONU; participa en apertura del debate general","author":"Nelson Feliz","date":"19 de septiembre de 2023","format":false,"excerpt":"Por Wilson P\u00e9rez New York.- El presidente Luis Abinader inici\u00f3 su agenda de este martes participando en la apertura de la 78 Asamblea General de la Organizaci\u00f3n de las Naciones Unidas (ONU), cuyas\u00a0palabras de bienvenida estuvieron a cargo del secretario general de la ONU, Antonio\u00a0Guterres. Acto seguido tom\u00f3 la palabra\u2026","rel":"","context":"En \u00abNACIONALES\u00bb","block_context":{"text":"NACIONALES","link":"https:\/\/lasprimeras.com.do\/index.php\/category\/nacionales\/"},"img":{"alt_text":"Elias Wessin Chavez","src":"https:\/\/i0.wp.com\/lasprimeras.com.do\/wp-content\/uploads\/2023\/09\/Elias-Wessin-Chavez-1.jpg?resize=350%2C200&ssl=1","width":350,"height":200,"srcset":"https:\/\/i0.wp.com\/lasprimeras.com.do\/wp-content\/uploads\/2023\/09\/Elias-Wessin-Chavez-1.jpg?resize=350%2C200&ssl=1 1x, https:\/\/i0.wp.com\/lasprimeras.com.do\/wp-content\/uploads\/2023\/09\/Elias-Wessin-Chavez-1.jpg?resize=525%2C300&ssl=1 1.5x, https:\/\/i0.wp.com\/lasprimeras.com.do\/wp-content\/uploads\/2023\/09\/Elias-Wessin-Chavez-1.jpg?resize=700%2C400&ssl=1 2x"},"classes":[]},{"id":89424,"url":"https:\/\/lasprimeras.com.do\/index.php\/2024\/09\/24\/presidente-abinader-habla-este-miercoles-ante-asamblea-general-de-la-onu\/","url_meta":{"origin":89340,"position":1},"title":"Presidente Abinader habla este mi\u00e9rcoles ante Asamblea General de la ONU","author":"Nelson Feliz","date":"24 de septiembre de 2024","format":false,"excerpt":"_Mandatario dominicano asistir\u00e1 tambi\u00e9n a recepci\u00f3n que ofrece el presidente de Estados Unidos, Joe Biden a los gobernantes que participan en el evento. New York.- El presidente Luis Abinader hablar\u00e1 este mi\u00e9rcoles ante la Asamblea General de las Naciones Unidas y participar\u00e1 en una recepci\u00f3n que ofrece el presidente de\u2026","rel":"","context":"En \u00abNACIONALES\u00bb","block_context":{"text":"NACIONALES","link":"https:\/\/lasprimeras.com.do\/index.php\/category\/nacionales\/"},"img":{"alt_text":"","src":"https:\/\/i0.wp.com\/lasprimeras.com.do\/wp-content\/uploads\/2024\/09\/Luis-Abinader-44.jpg?resize=350%2C200&ssl=1","width":350,"height":200,"srcset":"https:\/\/i0.wp.com\/lasprimeras.com.do\/wp-content\/uploads\/2024\/09\/Luis-Abinader-44.jpg?resize=350%2C200&ssl=1 1x, https:\/\/i0.wp.com\/lasprimeras.com.do\/wp-content\/uploads\/2024\/09\/Luis-Abinader-44.jpg?resize=525%2C300&ssl=1 1.5x, https:\/\/i0.wp.com\/lasprimeras.com.do\/wp-content\/uploads\/2024\/09\/Luis-Abinader-44.jpg?resize=700%2C400&ssl=1 2x"},"classes":[]},{"id":89371,"url":"https:\/\/lasprimeras.com.do\/index.php\/2024\/09\/22\/abinader-habla-este-lunes-ante-cumbre-del-futuro-en-asamblea-general-de-la-onu\/","url_meta":{"origin":89340,"position":2},"title":"Abinader habla este lunes ante Cumbre del Futuro en Asamblea General de la ONU","author":"Nelson Feliz","date":"22 de septiembre de 2024","format":false,"excerpt":"New York.- Este lunes, el presidente Luis Abinader desarrollar\u00e1 diferentes actividades en esta ciudad en el marco de su participaci\u00f3n en el 79\u00ba periodo de sesiones de la Asamblea General de las Naciones Unidas (ONU) y en la Cumbre del Futuro de la ONU. Este lunes 23 su agenda inicia\u2026","rel":"","context":"En \u00abNACIONALES\u00bb","block_context":{"text":"NACIONALES","link":"https:\/\/lasprimeras.com.do\/index.php\/category\/nacionales\/"},"img":{"alt_text":"Luis Abinader","src":"https:\/\/i0.wp.com\/lasprimeras.com.do\/wp-content\/uploads\/2023\/08\/Luis-Abinader-ONU.jpg?resize=350%2C200&ssl=1","width":350,"height":200,"srcset":"https:\/\/i0.wp.com\/lasprimeras.com.do\/wp-content\/uploads\/2023\/08\/Luis-Abinader-ONU.jpg?resize=350%2C200&ssl=1 1x, https:\/\/i0.wp.com\/lasprimeras.com.do\/wp-content\/uploads\/2023\/08\/Luis-Abinader-ONU.jpg?resize=525%2C300&ssl=1 1.5x, https:\/\/i0.wp.com\/lasprimeras.com.do\/wp-content\/uploads\/2023\/08\/Luis-Abinader-ONU.jpg?resize=700%2C400&ssl=1 2x"},"classes":[]},{"id":109818,"url":"https:\/\/lasprimeras.com.do\/index.php\/2025\/09\/22\/abinader-inicia-agenda-en-nueva-york-en-el-80-o-periodo-de-sesiones-de-la-onu\/","url_meta":{"origin":89340,"position":3},"title":"Abinader inicia agenda en Nueva York en el 80.\u00ba per\u00edodo de sesiones de la ONU","author":"Nelson Feliz","date":"22 de septiembre de 2025","format":false,"excerpt":"El presidente Luis Abinader comenz\u00f3 este lunes su participaci\u00f3n en el 80.\u00ba per\u00edodo de sesiones de la Asamblea General de las Naciones Unidas (ONU), donde desarrollar\u00e1 una amplia agenda que incluye encuentros bilaterales, participaci\u00f3n en foros internacionales y reuniones con l\u00edderes empresariales. A su llegada a Nueva York, el mandatario\u2026","rel":"","context":"En \u00abNACIONALES\u00bb","block_context":{"text":"NACIONALES","link":"https:\/\/lasprimeras.com.do\/index.php\/category\/nacionales\/"},"img":{"alt_text":"","src":"https:\/\/i0.wp.com\/lasprimeras.com.do\/wp-content\/uploads\/2025\/07\/LA-viaja.jpg?resize=350%2C200&ssl=1","width":350,"height":200,"srcset":"https:\/\/i0.wp.com\/lasprimeras.com.do\/wp-content\/uploads\/2025\/07\/LA-viaja.jpg?resize=350%2C200&ssl=1 1x, https:\/\/i0.wp.com\/lasprimeras.com.do\/wp-content\/uploads\/2025\/07\/LA-viaja.jpg?resize=525%2C300&ssl=1 1.5x, https:\/\/i0.wp.com\/lasprimeras.com.do\/wp-content\/uploads\/2025\/07\/LA-viaja.jpg?resize=700%2C400&ssl=1 2x"},"classes":[]},{"id":109919,"url":"https:\/\/lasprimeras.com.do\/index.php\/2025\/09\/23\/abinader-participa-en-la-apertura-de-la-80-a-asamblea-general-de-la-onu-encabezada-por-el-secretario-general\/","url_meta":{"origin":89340,"position":4},"title":"Abinader participa en la apertura de la 80.\u00aa Asamblea General de la ONU, encabezada por el secretario general","author":"Nelson Feliz","date":"23 de septiembre de 2025","format":false,"excerpt":"El mandatario tiene previsto pronunciar su discurso ante el pleno este mi\u00e9rcoles 24 de septiembre a las 2:50 de la tarde. Nueva York. - El presidente Luis Abinader inici\u00f3 este martes su agenda de trabajo participando en la apertura de la 80.\u00aa Asamblea General de la Organizaci\u00f3n de las Naciones\u2026","rel":"","context":"En \u00abNACIONALES\u00bb","block_context":{"text":"NACIONALES","link":"https:\/\/lasprimeras.com.do\/index.php\/category\/nacionales\/"},"img":{"alt_text":"","src":"https:\/\/i0.wp.com\/lasprimeras.com.do\/wp-content\/uploads\/2025\/09\/aNTONIO-GUTERRES.jpg?resize=350%2C200&ssl=1","width":350,"height":200,"srcset":"https:\/\/i0.wp.com\/lasprimeras.com.do\/wp-content\/uploads\/2025\/09\/aNTONIO-GUTERRES.jpg?resize=350%2C200&ssl=1 1x, https:\/\/i0.wp.com\/lasprimeras.com.do\/wp-content\/uploads\/2025\/09\/aNTONIO-GUTERRES.jpg?resize=525%2C300&ssl=1 1.5x, https:\/\/i0.wp.com\/lasprimeras.com.do\/wp-content\/uploads\/2025\/09\/aNTONIO-GUTERRES.jpg?resize=700%2C400&ssl=1 2x"},"classes":[]},{"id":60493,"url":"https:\/\/lasprimeras.com.do\/index.php\/2023\/09\/15\/presidente-abinader-viaja-este-viernes-a-cuba-y-el-domingo-a-ny\/","url_meta":{"origin":89340,"position":5},"title":"Presidente Abinader viaja este viernes a Cuba y el domingo a NY","author":"Nelson Feliz","date":"15 de septiembre de 2023","format":false,"excerpt":"Tanto en su participaci\u00f3n en la reuni\u00f3n del Grupo de los 77 y China, en La Habana, como en la Asamblea General de la ONU, en NY, el mandatario se pronunciar\u00e1 sobre la situaci\u00f3n de Hait\u00ed. El presidente de la Rep\u00fablica Luis Abinader, viajar\u00e1 hoy a La Habana, Cuba, donde\u2026","rel":"","context":"En \u00abNACIONALES\u00bb","block_context":{"text":"NACIONALES","link":"https:\/\/lasprimeras.com.do\/index.php\/category\/nacionales\/"},"img":{"alt_text":"","src":"https:\/\/i0.wp.com\/lasprimeras.com.do\/wp-content\/uploads\/2023\/09\/Luis-Viaja.jpg?resize=350%2C200&ssl=1","width":350,"height":200,"srcset":"https:\/\/i0.wp.com\/lasprimeras.com.do\/wp-content\/uploads\/2023\/09\/Luis-Viaja.jpg?resize=350%2C200&ssl=1 1x, https:\/\/i0.wp.com\/lasprimeras.com.do\/wp-content\/uploads\/2023\/09\/Luis-Viaja.jpg?resize=525%2C300&ssl=1 1.5x, https:\/\/i0.wp.com\/lasprimeras.com.do\/wp-content\/uploads\/2023\/09\/Luis-Viaja.jpg?resize=700%2C400&ssl=1 2x"},"classes":[]}],"jetpack_sharing_enabled":true,"_links":{"self":[{"href":"https:\/\/lasprimeras.com.do\/index.php\/wp-json\/wp\/v2\/posts\/89340","targetHints":{"allow":["GET"]}}],"collection":[{"href":"https:\/\/lasprimeras.com.do\/index.php\/wp-json\/wp\/v2\/posts"}],"about":[{"href":"https:\/\/lasprimeras.com.do\/index.php\/wp-json\/wp\/v2\/types\/post"}],"author":[{"embeddable":true,"href":"https:\/\/lasprimeras.com.do\/index.php\/wp-json\/wp\/v2\/users\/2"}],"replies":[{"embeddable":true,"href":"https:\/\/lasprimeras.com.do\/index.php\/wp-json\/wp\/v2\/comments?post=89340"}],"version-history":[{"count":1,"href":"https:\/\/lasprimeras.com.do\/index.php\/wp-json\/wp\/v2\/posts\/89340\/revisions"}],"predecessor-version":[{"id":89342,"href":"https:\/\/lasprimeras.com.do\/index.php\/wp-json\/wp\/v2\/posts\/89340\/revisions\/89342"}],"wp:featuredmedia":[{"embeddable":true,"href":"https:\/\/lasprimeras.com.do\/index.php\/wp-json\/wp\/v2\/media\/89341"}],"wp:attachment":[{"href":"https:\/\/lasprimeras.com.do\/index.php\/wp-json\/wp\/v2\/media?parent=89340"}],"wp:term":[{"taxonomy":"category","embeddable":true,"href":"https:\/\/lasprimeras.com.do\/index.php\/wp-json\/wp\/v2\/categories?post=89340"},{"taxonomy":"post_tag","embeddable":true,"href":"https:\/\/lasprimeras.com.do\/index.php\/wp-json\/wp\/v2\/tags?post=89340"}],"curies":[{"name":"wp","href":"https:\/\/api.w.org\/{rel}","templated":true}]}}