{"id":89343,"date":"2024-09-22T15:05:43","date_gmt":"2024-09-22T19:05:43","guid":{"rendered":"https:\/\/lasprimeras.com.do\/?p=89343"},"modified":"2024-09-22T15:05:43","modified_gmt":"2024-09-22T19:05:43","slug":"infotep-certifica-mil-102-conductores-en-seguridad-vial","status":"publish","type":"post","link":"https:\/\/lasprimeras.com.do\/index.php\/2024\/09\/22\/infotep-certifica-mil-102-conductores-en-seguridad-vial\/","title":{"rendered":"INFOTEP certifica mil 102 conductores en seguridad vial"},"content":{"rendered":"\n<p><strong>\u00b7-La capacitaci\u00f3n fortalece la seguridad y el ordenamiento del tr\u00e1fico en el pa\u00eds, impactando positivamente en la movilidad de todos los ciudadanos.<\/strong><\/p>\n\n\n\n<p>En una jornada clave para la seguridad vial de nuestras carreteras y el ordenamiento del flujo vehicular, el Instituto Nacional de Formaci\u00f3n T\u00e9cnico Profesional (INFOTEP), llev\u00f3 a cabo la entrega de certificados mil 102 participantes capacitados en Servicios de Conducci\u00f3n de Veh\u00edculos de Motor, en las categor\u00edas 03 y 04.<\/p>\n\n\n\n<p>Las capacitaciones, permiten a los conductores de camiones de dos ejes o m\u00e1s mejorar su desempe\u00f1o y contribuir a una gesti\u00f3n de calidad en la movilidad vial del pa\u00eds, dijo Iris Hurtado, directora de la Regional Oriental del INFOTEP, hablando en representaci\u00f3n del director general, Rafael Santos Bad\u00eda.<\/p>\n\n\n\n<p>&#8220;En el INFOTEP, creemos firmemente que la capacitaci\u00f3n no solo se trata de adquirir habilidades t\u00e9cnicas, sino tambi\u00e9n de formar seres humanos conscientes del respeto hacia los dem\u00e1s. Cada conductor certificado hoy no solo es un profesional capacitado, sino un promotor de la seguridad vial y el civismo en nuestras carreteras\u201d, afirm\u00f3 Hurtado.<\/p>\n\n\n\n<p>Los graduandos fueron formados y capacitados en inteligencia emocional, manejo defensivo, trabajo en equipo, primeros auxilios, comunicaci\u00f3n efectiva, educaci\u00f3n vial, formaci\u00f3n familiar, servicio al cliente, manejo de conflictos, seguridad vial, relaciones humanas, y manejador de paquete de oficina.<\/p>\n\n\n\n<p>\u201cPodemos afirmar con confianza que contamos con conductores profesionales, quienes han recibido una formaci\u00f3n t\u00e9cnica rigurosa en la operaci\u00f3n de veh\u00edculos pesados y en las normativas de seguridad vial\u201d, expres\u00f3 la directora regional.<\/p>\n\n\n\n<p>Explic\u00f3 que la capacitaci\u00f3n integral no solo les permite manejar de manera eficiente y segura, sino que tambi\u00e9n promueve un comportamiento responsable y \u00e9tico en las carreteras, garantizando la seguridad vial.<\/p>\n\n\n\n<p>La capacitaci\u00f3n se llev\u00f3 a cabo con los afiliados del Sindicato de Transportistas de Furgones de Carga de Andr\u00e9s Boca Chica y Zonas Aleda\u00f1as (SITRA-FUCA-BOCHI).<\/p>\n\n\n\n<p>El acto de graduaci\u00f3n cont\u00f3 con la presencia del presidente del Sindicato de Transporte de Furgones y Cargas de Andr\u00e9s Boca Chica, Miguel Palmarito, quien agradeci\u00f3 la capacitaci\u00f3n impartida por INFOTEP, as\u00ed como la disposici\u00f3n e inter\u00e9s de progreso de los participantes.<\/p>\n\n\n\n<p>\u201cNuestros conductores est\u00e1n comprometidos con el aprendizaje continuo y han desarrollado habilidades blandas esenciales, como la comunicaci\u00f3n efectiva y el trabajo en equipo. Esto no solo mejora la calidad del servicio ofrecido, sino que tambi\u00e9n contribuye al bienestar de la comunidad, haciendo de nuestras v\u00edas un lugar m\u00e1s seguro y respetuoso para todos\u201d, manifest\u00f3 Palmarito.<\/p>\n\n\n\n<p>Programas de capacitaci\u00f3n y formaci\u00f3n a conductores<\/p>\n\n\n\n<p>El INFOTEP promueve el desarrollo de habilidades blandas en sus capacitaciones, como la comunicaci\u00f3n efectiva y el trabajo en equipo, que son esenciales en el \u00e1mbito del transporte. Al formar conductores altamente capacitados, el instituto contribuye a mejorar la calidad del servicio de transporte y a reducir los accidentes viales.<\/p>\n\n\n\n<p>El compromiso con la capacitaci\u00f3n continua y la formaci\u00f3n de profesionales competentes no solo beneficia a los participantes, sino que tambi\u00e9n fortalece la seguridad y el ordenamiento del tr\u00e1fico en el pa\u00eds, impactando positivamente en la movilidad de todos los ciudadanos.<\/p>\n","protected":false},"excerpt":{"rendered":"<p>\u00b7-La capacitaci\u00f3n fortalece la seguridad y el ordenamiento del tr\u00e1fico en el pa\u00eds, impactando positivamente en la movilidad de todos los ciudadanos. En una jornada clave para la seguridad vial&hellip;<\/p>\n","protected":false},"author":2,"featured_media":89344,"comment_status":"open","ping_status":"open","sticky":false,"template":"","format":"standard","meta":{"content-type":"","jetpack_post_was_ever_published":false,"_jetpack_newsletter_access":"","_jetpack_dont_email_post_to_subs":false,"_jetpack_newsletter_tier_id":0,"_jetpack_memberships_contains_paywalled_content":false,"_jetpack_memberships_contains_paid_content":false,"footnotes":""},"categories":[35,25],"tags":[1880],"class_list":["post-89343","post","type-post","status-publish","format-standard","has-post-thumbnail","hentry","category-nacionales","category-portada","tag-infotep"],"jetpack_featured_media_url":"https:\/\/lasprimeras.com.do\/wp-content\/uploads\/2024\/09\/INFOTEP2.jpg","jetpack-related-posts":[{"id":103891,"url":"https:\/\/lasprimeras.com.do\/index.php\/2025\/07\/19\/intrant-e-infotep-certifican-a-mil-conductores-en-habilidades-blandas-para-una-movilidad-responsable\/","url_meta":{"origin":89343,"position":0},"title":"INTRANT e INFOTEP certifican a mil conductores en habilidades blandas para una movilidad responsable","author":"Nelson Feliz","date":"19 de julio de 2025","format":false,"excerpt":"\u201c Este grupo forma parte de los 40 mil conductores que ser\u00e1n capacitados a nivel nacional en empat\u00eda, control emocional y conducci\u00f3n segura.\" El Instituto Nacional de Tr\u00e1nsito y Transporte Terrestre (INTRANT), y el Instituto Nacional de Formaci\u00f3n T\u00e9cnico Profesional (INFOTEP) certificaron a mil conductores de motocicletas, veh\u00edculos livianos y\u2026","rel":"","context":"En \u00abNACIONALES\u00bb","block_context":{"text":"NACIONALES","link":"https:\/\/lasprimeras.com.do\/index.php\/category\/nacionales\/"},"img":{"alt_text":"","src":"https:\/\/i0.wp.com\/lasprimeras.com.do\/wp-content\/uploads\/2025\/07\/certifican-1.jpg?resize=350%2C200&ssl=1","width":350,"height":200,"srcset":"https:\/\/i0.wp.com\/lasprimeras.com.do\/wp-content\/uploads\/2025\/07\/certifican-1.jpg?resize=350%2C200&ssl=1 1x, https:\/\/i0.wp.com\/lasprimeras.com.do\/wp-content\/uploads\/2025\/07\/certifican-1.jpg?resize=525%2C300&ssl=1 1.5x, https:\/\/i0.wp.com\/lasprimeras.com.do\/wp-content\/uploads\/2025\/07\/certifican-1.jpg?resize=700%2C400&ssl=1 2x"},"classes":[]},{"id":56193,"url":"https:\/\/lasprimeras.com.do\/index.php\/2023\/07\/29\/abinader-entrega-certificados-a-400-nuevos-conductores-de-vehiculos-pesados\/","url_meta":{"origin":89343,"position":1},"title":"Abinader entrega certificados a 400 nuevos conductores de veh\u00edculos pesados","author":"Nelson Feliz","date":"29 de julio de 2023","format":false,"excerpt":"La capacitaci\u00f3n tiene el objetivo de evitar rebases imprudentes y las violaciones a la ley de tr\u00e1nsito, as\u00ed como el manejo y resoluci\u00f3n de conflictos. Por Martin Restituyo El presidente de la Rep\u00fablica, Luis Abinader, encabez\u00f3 la entrega de certificados a 400 personas formadas como conductores de veh\u00edculos pesados y\u2026","rel":"","context":"En \u00abNACIONALES\u00bb","block_context":{"text":"NACIONALES","link":"https:\/\/lasprimeras.com.do\/index.php\/category\/nacionales\/"},"img":{"alt_text":"Luis Abinader","src":"https:\/\/i0.wp.com\/lasprimeras.com.do\/wp-content\/uploads\/2023\/07\/Luis-Abinader-6.jpg?resize=350%2C200&ssl=1","width":350,"height":200,"srcset":"https:\/\/i0.wp.com\/lasprimeras.com.do\/wp-content\/uploads\/2023\/07\/Luis-Abinader-6.jpg?resize=350%2C200&ssl=1 1x, https:\/\/i0.wp.com\/lasprimeras.com.do\/wp-content\/uploads\/2023\/07\/Luis-Abinader-6.jpg?resize=525%2C300&ssl=1 1.5x, https:\/\/i0.wp.com\/lasprimeras.com.do\/wp-content\/uploads\/2023\/07\/Luis-Abinader-6.jpg?resize=700%2C400&ssl=1 2x"},"classes":[]},{"id":101216,"url":"https:\/\/lasprimeras.com.do\/index.php\/2025\/06\/17\/municipalidad-se-integra-al-pacto-nacional-de-seguridad-vial\/","url_meta":{"origin":89343,"position":2},"title":"Municipalidad se integra al Pacto Nacional de Seguridad Vial","author":"Nelson Feliz","date":"17 de junio de 2025","format":false,"excerpt":"En el marco de la celebraci\u00f3n del Congreso internacional \u201cTr\u00e1nsito, Movilidad y Seguridad Vial\u201d, la Liga Municipal Dominicana (LMD), el Instituto Nacional de Tr\u00e1nsito y Transporte Terrestre (INTRANT), el Instituto de Formaci\u00f3n T\u00e9cnico Profesional (INFOTEP) y la Federaci\u00f3n Dominicana de Municipios (FEDOMU), suscribieron un Compromiso por la Seguridad Vial en\u2026","rel":"","context":"En \u00abNACIONALES\u00bb","block_context":{"text":"NACIONALES","link":"https:\/\/lasprimeras.com.do\/index.php\/category\/nacionales\/"},"img":{"alt_text":"","src":"https:\/\/i0.wp.com\/lasprimeras.com.do\/wp-content\/uploads\/2025\/06\/Pacto-Nacional-de-Seguridad-Vial-1.jpg?resize=350%2C200&ssl=1","width":350,"height":200,"srcset":"https:\/\/i0.wp.com\/lasprimeras.com.do\/wp-content\/uploads\/2025\/06\/Pacto-Nacional-de-Seguridad-Vial-1.jpg?resize=350%2C200&ssl=1 1x, https:\/\/i0.wp.com\/lasprimeras.com.do\/wp-content\/uploads\/2025\/06\/Pacto-Nacional-de-Seguridad-Vial-1.jpg?resize=525%2C300&ssl=1 1.5x, https:\/\/i0.wp.com\/lasprimeras.com.do\/wp-content\/uploads\/2025\/06\/Pacto-Nacional-de-Seguridad-Vial-1.jpg?resize=700%2C400&ssl=1 2x"},"classes":[]},{"id":105108,"url":"https:\/\/lasprimeras.com.do\/index.php\/2025\/07\/30\/intrant-capacita-a-mas-de-150-mil-ciudadanos-en-seguridad-vial-a-traves-de-enevial\/","url_meta":{"origin":89343,"position":3},"title":"INTRANT capacita a m\u00e1s de 150 mil ciudadanos en seguridad vial a trav\u00e9s de ENEVIAL","author":"Nelson Feliz","date":"30 de julio de 2025","format":false,"excerpt":"El programa formativo impact\u00f3 a conductores, motociclistas, estudiantes e instituciones p\u00fablicas y privadas a nivel nacional. El Instituto Nacional de Tr\u00e1nsito y Transporte Terrestre (INTRANT), a trav\u00e9s de la Escuela Nacional de Educaci\u00f3n Vial (ENEVIAL), impact\u00f3 directamente a 150,498 ciudadanos entre julio de 2024 y junio de 2025, mediante la\u2026","rel":"","context":"En \u00abNACIONALES\u00bb","block_context":{"text":"NACIONALES","link":"https:\/\/lasprimeras.com.do\/index.php\/category\/nacionales\/"},"img":{"alt_text":"","src":"https:\/\/i0.wp.com\/lasprimeras.com.do\/wp-content\/uploads\/2025\/07\/INTRANT-1.jpg?resize=350%2C200&ssl=1","width":350,"height":200,"srcset":"https:\/\/i0.wp.com\/lasprimeras.com.do\/wp-content\/uploads\/2025\/07\/INTRANT-1.jpg?resize=350%2C200&ssl=1 1x, https:\/\/i0.wp.com\/lasprimeras.com.do\/wp-content\/uploads\/2025\/07\/INTRANT-1.jpg?resize=525%2C300&ssl=1 1.5x, https:\/\/i0.wp.com\/lasprimeras.com.do\/wp-content\/uploads\/2025\/07\/INTRANT-1.jpg?resize=700%2C400&ssl=1 2x"},"classes":[]},{"id":102058,"url":"https:\/\/lasprimeras.com.do\/index.php\/2025\/06\/30\/infotep-fortalece-la-calidad-formativa-en-su-cuerpo-docente\/","url_meta":{"origin":89343,"position":4},"title":"INFOTEP fortalece la calidad formativa en su cuerpo docente","author":"Nelson Feliz","date":"30 de junio de 2025","format":false,"excerpt":"\u2022-En el marco del D\u00eda Nacional del Maestro, el director del INFOTEP rindi\u00f3 homenaje a los docentes de la instituci\u00f3n, afirmando que son trasformadores sociales. El Instituto Nacional de Formaci\u00f3n T\u00e9cnico Profesional (INFOTEP) reafirma su compromiso con la calidad de la ense\u00f1anza t\u00e9cnico-profesional, colocando en el centro de su estrategia\u2026","rel":"","context":"En \u00abNACIONALES\u00bb","block_context":{"text":"NACIONALES","link":"https:\/\/lasprimeras.com.do\/index.php\/category\/nacionales\/"},"img":{"alt_text":"","src":"https:\/\/i0.wp.com\/lasprimeras.com.do\/wp-content\/uploads\/2025\/06\/Rafael-Santos.jpg?resize=350%2C200&ssl=1","width":350,"height":200,"srcset":"https:\/\/i0.wp.com\/lasprimeras.com.do\/wp-content\/uploads\/2025\/06\/Rafael-Santos.jpg?resize=350%2C200&ssl=1 1x, https:\/\/i0.wp.com\/lasprimeras.com.do\/wp-content\/uploads\/2025\/06\/Rafael-Santos.jpg?resize=525%2C300&ssl=1 1.5x, https:\/\/i0.wp.com\/lasprimeras.com.do\/wp-content\/uploads\/2025\/06\/Rafael-Santos.jpg?resize=700%2C400&ssl=1 2x"},"classes":[]},{"id":116423,"url":"https:\/\/lasprimeras.com.do\/index.php\/2025\/12\/01\/director-del-infotep-afirma-formacion-tecnico-impulsa-productividad-y-competitividad-de-las-mipymes\/","url_meta":{"origin":89343,"position":5},"title":"Director del INFOTEP afirma Formaci\u00f3n T\u00e9cnico impulsa productividad y competitividad de las MIPYMES","author":"Nelson Feliz","date":"1 de diciembre de 2025","format":false,"excerpt":"\u00b7Rafael Santos Bad\u00eda destaca que la capacitaci\u00f3n, la asistencia t\u00e9cnica y el emprendimiento fortalecen el crecimiento econ\u00f3mico nacional. La formaci\u00f3n t\u00e9cnico profesional se ha convertido en un factor decisivo para el crecimiento de las Mipymes y para el dinamismo econ\u00f3mico del pa\u00eds, afirm\u00f3 el director general del INFOTEP, Rafael Santos\u2026","rel":"","context":"En \u00abECONOM\u00cdA\u00bb","block_context":{"text":"ECONOM\u00cdA","link":"https:\/\/lasprimeras.com.do\/index.php\/category\/economia\/"},"img":{"alt_text":"","src":"https:\/\/i0.wp.com\/lasprimeras.com.do\/wp-content\/uploads\/2025\/12\/Rafael-Santos-Badia.jpg?resize=350%2C200&ssl=1","width":350,"height":200,"srcset":"https:\/\/i0.wp.com\/lasprimeras.com.do\/wp-content\/uploads\/2025\/12\/Rafael-Santos-Badia.jpg?resize=350%2C200&ssl=1 1x, https:\/\/i0.wp.com\/lasprimeras.com.do\/wp-content\/uploads\/2025\/12\/Rafael-Santos-Badia.jpg?resize=525%2C300&ssl=1 1.5x, https:\/\/i0.wp.com\/lasprimeras.com.do\/wp-content\/uploads\/2025\/12\/Rafael-Santos-Badia.jpg?resize=700%2C400&ssl=1 2x"},"classes":[]}],"jetpack_sharing_enabled":true,"_links":{"self":[{"href":"https:\/\/lasprimeras.com.do\/index.php\/wp-json\/wp\/v2\/posts\/89343","targetHints":{"allow":["GET"]}}],"collection":[{"href":"https:\/\/lasprimeras.com.do\/index.php\/wp-json\/wp\/v2\/posts"}],"about":[{"href":"https:\/\/lasprimeras.com.do\/index.php\/wp-json\/wp\/v2\/types\/post"}],"author":[{"embeddable":true,"href":"https:\/\/lasprimeras.com.do\/index.php\/wp-json\/wp\/v2\/users\/2"}],"replies":[{"embeddable":true,"href":"https:\/\/lasprimeras.com.do\/index.php\/wp-json\/wp\/v2\/comments?post=89343"}],"version-history":[{"count":1,"href":"https:\/\/lasprimeras.com.do\/index.php\/wp-json\/wp\/v2\/posts\/89343\/revisions"}],"predecessor-version":[{"id":89345,"href":"https:\/\/lasprimeras.com.do\/index.php\/wp-json\/wp\/v2\/posts\/89343\/revisions\/89345"}],"wp:featuredmedia":[{"embeddable":true,"href":"https:\/\/lasprimeras.com.do\/index.php\/wp-json\/wp\/v2\/media\/89344"}],"wp:attachment":[{"href":"https:\/\/lasprimeras.com.do\/index.php\/wp-json\/wp\/v2\/media?parent=89343"}],"wp:term":[{"taxonomy":"category","embeddable":true,"href":"https:\/\/lasprimeras.com.do\/index.php\/wp-json\/wp\/v2\/categories?post=89343"},{"taxonomy":"post_tag","embeddable":true,"href":"https:\/\/lasprimeras.com.do\/index.php\/wp-json\/wp\/v2\/tags?post=89343"}],"curies":[{"name":"wp","href":"https:\/\/api.w.org\/{rel}","templated":true}]}}