{"id":89382,"date":"2024-09-24T17:18:05","date_gmt":"2024-09-24T21:18:05","guid":{"rendered":"https:\/\/lasprimeras.com.do\/?p=89382"},"modified":"2024-09-24T17:18:07","modified_gmt":"2024-09-24T21:18:07","slug":"milei-afirma-que-la-onu-ha-tomado-un-rumbo-tragico-al-abrazar-la-agenda-2030","status":"publish","type":"post","link":"https:\/\/lasprimeras.com.do\/index.php\/2024\/09\/24\/milei-afirma-que-la-onu-ha-tomado-un-rumbo-tragico-al-abrazar-la-agenda-2030\/","title":{"rendered":"Milei afirma que la ONU ha tomado un &#8220;rumbo tr\u00e1gico&#8221; al abrazar la Agenda 2030"},"content":{"rendered":"\n<p>Naciones Unidas,(EFE).- El presidente de Argentina, Javier Milei, afirm\u00f3 este martes, en su primer discurso ante la Asamblea General de Naciones Unidas, que la ONU ha tomado un &#8220;rumbo tr\u00e1gico&#8221; al abrazar la Agenda 2030 y expres\u00f3 su rechazo al Pacto del Futuro, alcanzado el pasado domingo.<\/p>\n\n\n\n<p>Milei reconoci\u00f3 que la Organizaci\u00f3n de Naciones Unidas ha garantizado cierta paz a nivel global en las \u00faltimas d\u00e9cadas, pero advirti\u00f3 sobre las consecuencias de que siga alentando &#8220;pol\u00edticas colectivistas&#8221; e intentando imponer la Agenda 2030, a la que defini\u00f3 como &#8220;un programa de Gobierno supranacional de corte socialista&#8221;.<\/p>\n\n\n\n<p>&#8220;Esta organizaci\u00f3n dej\u00f3 de velar por los principios esbozados en su declaraci\u00f3n fundante y comenz\u00f3 a mutar. Una organizaci\u00f3n que hab\u00eda sido pensada como un escudo para proteger el reino de los hombres se transform\u00f3 en un Leviat\u00e1n de m\u00faltiples tent\u00e1culos que pretende decidir no s\u00f3lo qu\u00e9 debe hacer cada Estado-Naci\u00f3n, sino tambi\u00e9n c\u00f3mo deben vivir todos los ciudadanos del mundo&#8221;, asever\u00f3.<\/p>\n\n\n\n<p>Seg\u00fan Milei, la ONU le impone una agenda ideol\u00f3gica a sus miembros y constituye un &#8220;modelo de gobierno supranacional de bur\u00f3cratas internacionales que pretenden imponerle a los ciudadanos del mundo un modo de vida determinado&#8221;.<\/p>\n\n\n\n<p>Entre otras cosas, cuestion\u00f3 las cuarentenas sanitarias durante la pandemia de la covid-19 impulsadas por la ONU y que, a su juicio, deber\u00edan ser consideradas como un delito de lesa humanidad.<\/p>\n\n\n\n<p>&#8220;Han permitido el ingreso al Consejo de Derechos Humanos a dictaduras sangrientas como las de Cuba y Venezuela sin el m\u00e1s m\u00ednimo reproche. En esta misma casa, que dice defender los derechos de las mujeres, permite el ingreso al Comit\u00e9 para la Eliminaci\u00f3n de la Discriminaci\u00f3n contra la Mujer a pa\u00edses que castigan a sus mujeres por mostrar la piel&#8221;, afirm\u00f3.<\/p>\n\n\n\n<p>Tambi\u00e9n se\u00f1al\u00f3 que en la ONU &#8220;sistem\u00e1ticamente se ha votado en contra del Estado de Israel, que es el \u00fanico pa\u00eds de Medio Oriente que defiende la democracia liberal&#8221;.<\/p>\n\n\n\n<p>Asimismo, dijo que el Consejo de Seguridad &#8220;se ha desnaturalizado porque el veto de sus integrantes permanentes se empez\u00f3 a utilizar en defensa de los intereses particulares de algunos&#8221;.<\/p>\n\n\n\n<p>&#8220;As\u00ed estamos hoy, con una organizaci\u00f3n impotente en brindar soluciones a los verdaderos conflictos globales, como ha sido la aberrante invasi\u00f3n rusa a Ucrania&#8221;, apunt\u00f3.<\/p>\n\n\n\n<p>El economista de ultraderecha, quien asumi\u00f3 la Presidencia argentina en diciembre de 2023, sostuvo que &#8220;lo que se est\u00e1 discutiendo esta semana en Nueva York en la Cumbre del Futuro no es otra cosa que la profundizaci\u00f3n de ese rumbo tr\u00e1gico que la ONU ha adoptado&#8221;.<\/p>\n\n\n\n<p>&#8220;Queremos expresar oficialmente nuestro disenso sobre el Pacto del Futuro firmado el domingo e invitamos a todas las naciones del mundo libre a que nos acompa\u00f1en no s\u00f3lo en el disenso a este pacto, sino en la creaci\u00f3n de una nueva agenda para esta noble instituci\u00f3n, la &#8216;agenda de la libertad'&#8221;, propuso.<\/p>\n\n\n\n<p>Agencia EFE<\/p>\n","protected":false},"excerpt":{"rendered":"<p>Naciones Unidas,(EFE).- El presidente de Argentina, Javier Milei, afirm\u00f3 este martes, en su primer discurso ante la Asamblea General de Naciones Unidas, que la ONU ha tomado un &#8220;rumbo tr\u00e1gico&#8221;&hellip;<\/p>\n","protected":false},"author":2,"featured_media":89383,"comment_status":"open","ping_status":"open","sticky":false,"template":"","format":"standard","meta":{"content-type":"","jetpack_post_was_ever_published":false,"_jetpack_newsletter_access":"","_jetpack_dont_email_post_to_subs":false,"_jetpack_newsletter_tier_id":0,"_jetpack_memberships_contains_paywalled_content":false,"_jetpack_memberships_contains_paid_content":false,"footnotes":""},"categories":[1],"tags":[15589,15590,6261,93,15588],"class_list":["post-89382","post","type-post","status-publish","format-standard","has-post-thumbnail","hentry","category-sin-categoria","tag-abrazar","tag-agenda-2030","tag-javier-milei","tag-onu","tag-rumbo-tragico"],"jetpack_featured_media_url":"https:\/\/lasprimeras.com.do\/wp-content\/uploads\/2024\/09\/Javier-Milei.jpg","jetpack-related-posts":[{"id":110015,"url":"https:\/\/lasprimeras.com.do\/index.php\/2025\/09\/24\/presidentes-milei-y-pena-exhiben-la-afinidad-de-argentina-y-paraguay-con-eeuu-ante-la-onu\/","url_meta":{"origin":89382,"position":0},"title":"Presidentes Milei y Pe\u00f1a exhiben la afinidad de Argentina y Paraguay con EEUU ante la ONU","author":"Nelson Feliz","date":"24 de septiembre de 2025","format":false,"excerpt":"BUENOS AIRES (AP) \u2014 En sinton\u00eda con su mayor aliado, Estados Unidos, el presidente argentino, Javier Milei, arremeti\u00f3 el mi\u00e9rcoles contra las Naciones Unidas achacando al organismo internacional el cercenamiento de las libertades individuales y comerciales y de \u201clos derechos naturales\u201d de los ciudadanos. A tono con las cr\u00edticas planteadas\u2026","rel":"","context":"En \u00abINTERNACIONALES\u00bb","block_context":{"text":"INTERNACIONALES","link":"https:\/\/lasprimeras.com.do\/index.php\/category\/sin-categoria\/internacionales\/"},"img":{"alt_text":"","src":"https:\/\/i0.wp.com\/lasprimeras.com.do\/wp-content\/uploads\/2025\/09\/milei.jpg?resize=350%2C200&ssl=1","width":350,"height":200,"srcset":"https:\/\/i0.wp.com\/lasprimeras.com.do\/wp-content\/uploads\/2025\/09\/milei.jpg?resize=350%2C200&ssl=1 1x, https:\/\/i0.wp.com\/lasprimeras.com.do\/wp-content\/uploads\/2025\/09\/milei.jpg?resize=525%2C300&ssl=1 1.5x, https:\/\/i0.wp.com\/lasprimeras.com.do\/wp-content\/uploads\/2025\/09\/milei.jpg?resize=700%2C400&ssl=1 2x"},"classes":[]},{"id":67881,"url":"https:\/\/lasprimeras.com.do\/index.php\/2023\/11\/20\/presidente-electo-javier-milei-augura-hoy-comienza-el-fin-de-la-decadencia-argentina\/","url_meta":{"origin":89382,"position":1},"title":"Presidente electo Javier Milei augura: &#8220;Hoy comienza el fin de la decadencia argentina&#8221;","author":"BIMARY DE JES\u00daS Matos","date":"20 de noviembre de 2023","format":false,"excerpt":"Argentina.-El presidente electo, Javier Milei, augur\u00f3 este domingo que \u00abhoy comienza el fin de la decadencia argentina\u00bb, al pronunciar su primer discurso tras los comicios que gan\u00f3 con el 55,69 % de los votos y el 99,28 % de las mesas escrutadas , y avis\u00f3 de que \u00abno hay vuelta\u2026","rel":"","context":"En \u00abSin categor\u00eda\u00bb","block_context":{"text":"Sin categor\u00eda","link":"https:\/\/lasprimeras.com.do\/index.php\/category\/sin-categoria\/"},"img":{"alt_text":"","src":"https:\/\/i0.wp.com\/lasprimeras.com.do\/wp-content\/uploads\/2023\/11\/WhatsApp-Image-2023-11-19-at-4.12.21-PM-3.jpeg?resize=350%2C200&ssl=1","width":350,"height":200,"srcset":"https:\/\/i0.wp.com\/lasprimeras.com.do\/wp-content\/uploads\/2023\/11\/WhatsApp-Image-2023-11-19-at-4.12.21-PM-3.jpeg?resize=350%2C200&ssl=1 1x, https:\/\/i0.wp.com\/lasprimeras.com.do\/wp-content\/uploads\/2023\/11\/WhatsApp-Image-2023-11-19-at-4.12.21-PM-3.jpeg?resize=525%2C300&ssl=1 1.5x"},"classes":[]},{"id":68388,"url":"https:\/\/lasprimeras.com.do\/index.php\/2023\/11\/23\/joe-biden-felicita-a-milei-pero-declina-asistir-a-toma-posesion\/","url_meta":{"origin":89382,"position":2},"title":"Joe Biden felicita a Milei, pero declina asistir a toma posesi\u00f3n","author":"BIMARY DE JES\u00daS Matos","date":"23 de noviembre de 2023","format":false,"excerpt":"WASHINGTON.- El presidente estadounidense, Joe Biden, llam\u00f3 al mandatario electo de Argentina, Javier Milei, para felicitarlo, aunque declin\u00f3 la invitaci\u00f3n a asistir a la toma de posesi\u00f3n, el 10 de diciembre, por cuestiones de agenda, inform\u00f3 este mi\u00e9rcoles Diana Mondino, referente de pol\u00edtica exterior de La Libertad Avanza. \u00abEl presidente\u2026","rel":"","context":"En \u00abSin categor\u00eda\u00bb","block_context":{"text":"Sin categor\u00eda","link":"https:\/\/lasprimeras.com.do\/index.php\/category\/sin-categoria\/"},"img":{"alt_text":"","src":"https:\/\/i0.wp.com\/lasprimeras.com.do\/wp-content\/uploads\/2023\/11\/WhatsApp-Image-2023-11-23-at-4.44.34-PM.jpeg?resize=350%2C200&ssl=1","width":350,"height":200,"srcset":"https:\/\/i0.wp.com\/lasprimeras.com.do\/wp-content\/uploads\/2023\/11\/WhatsApp-Image-2023-11-23-at-4.44.34-PM.jpeg?resize=350%2C200&ssl=1 1x, https:\/\/i0.wp.com\/lasprimeras.com.do\/wp-content\/uploads\/2023\/11\/WhatsApp-Image-2023-11-23-at-4.44.34-PM.jpeg?resize=525%2C300&ssl=1 1.5x, https:\/\/i0.wp.com\/lasprimeras.com.do\/wp-content\/uploads\/2023\/11\/WhatsApp-Image-2023-11-23-at-4.44.34-PM.jpeg?resize=700%2C400&ssl=1 2x, https:\/\/i0.wp.com\/lasprimeras.com.do\/wp-content\/uploads\/2023\/11\/WhatsApp-Image-2023-11-23-at-4.44.34-PM.jpeg?resize=1050%2C600&ssl=1 3x"},"classes":[]},{"id":76525,"url":"https:\/\/lasprimeras.com.do\/index.php\/2024\/02\/12\/el-papa-y-milei-se-saludaron-con-un-abrazo-tras-la-canonizacion\/","url_meta":{"origin":89382,"position":3},"title":"El papa y Milei se saludaron con un abrazo tras la canonizaci\u00f3n","author":"BIMARY DE JES\u00daS Matos","date":"12 de febrero de 2024","format":false,"excerpt":"Ciudad del Vaticano.- El papa Francisco y el presidente de Argentina, Javier Milei, muy cr\u00edtico en el pasado con el pont\u00edfice, se saludaron hoy con un abrazo al final de la misa de canonizaci\u00f3n de la primera santa argentina, Mar\u00eda Antonia de Paz y Figueroa, conocida popularmente como \u201cMama Antula\u201d\u2026","rel":"","context":"En \u00abSin categor\u00eda\u00bb","block_context":{"text":"Sin categor\u00eda","link":"https:\/\/lasprimeras.com.do\/index.php\/category\/sin-categoria\/"},"img":{"alt_text":"","src":"https:\/\/i0.wp.com\/lasprimeras.com.do\/wp-content\/uploads\/2024\/02\/papa-.jpg.webp?resize=350%2C200&ssl=1","width":350,"height":200,"srcset":"https:\/\/i0.wp.com\/lasprimeras.com.do\/wp-content\/uploads\/2024\/02\/papa-.jpg.webp?resize=350%2C200&ssl=1 1x, https:\/\/i0.wp.com\/lasprimeras.com.do\/wp-content\/uploads\/2024\/02\/papa-.jpg.webp?resize=525%2C300&ssl=1 1.5x, https:\/\/i0.wp.com\/lasprimeras.com.do\/wp-content\/uploads\/2024\/02\/papa-.jpg.webp?resize=700%2C400&ssl=1 2x"},"classes":[]},{"id":92175,"url":"https:\/\/lasprimeras.com.do\/index.php\/2024\/12\/31\/javier-milei-promete-motosierra-profunda-en-2025-podra-frenarlo-la-oposicion\/","url_meta":{"origin":89382,"position":4},"title":"Javier Milei promete \u201cmotosierra profunda\u201d en 2025, \u00bfpodr\u00e1 frenarlo la oposici\u00f3n?","author":"Nelson Feliz","date":"31 de diciembre de 2024","format":false,"excerpt":"By D\u00c9BORA REY BUENOS AIRES (AP) \u2014 En su a\u00f1o de estreno como presidente, el ultraderechista argentino Javier Milei ejecut\u00f3 el ajuste \u201cm\u00e1s grande de la historia de la humanidad\u201d, como lo calific\u00f3, sobre el gasto p\u00fablico y con apenas un pu\u00f1ado de legisladores en el Congreso y ning\u00fan gobernador\u2026","rel":"","context":"En \u00abINTERNACIONALES\u00bb","block_context":{"text":"INTERNACIONALES","link":"https:\/\/lasprimeras.com.do\/index.php\/category\/sin-categoria\/internacionales\/"},"img":{"alt_text":"Javier Milei","src":"https:\/\/i0.wp.com\/lasprimeras.com.do\/wp-content\/uploads\/2024\/12\/Javier-Milei.jpg?resize=350%2C200&ssl=1","width":350,"height":200,"srcset":"https:\/\/i0.wp.com\/lasprimeras.com.do\/wp-content\/uploads\/2024\/12\/Javier-Milei.jpg?resize=350%2C200&ssl=1 1x, https:\/\/i0.wp.com\/lasprimeras.com.do\/wp-content\/uploads\/2024\/12\/Javier-Milei.jpg?resize=525%2C300&ssl=1 1.5x, https:\/\/i0.wp.com\/lasprimeras.com.do\/wp-content\/uploads\/2024\/12\/Javier-Milei.jpg?resize=700%2C400&ssl=1 2x"},"classes":[]},{"id":112855,"url":"https:\/\/lasprimeras.com.do\/index.php\/2025\/10\/27\/milei-estoy-sorprendido-por-el-resultado-tras-amplia-victoria-en-legislativas-promete-reformas\/","url_meta":{"origin":89382,"position":5},"title":"Milei: \u201cestoy sorprendido por el resultado\u201d tras amplia victoria en legislativas; promete reformas","author":"Nelson Feliz","date":"27 de octubre de 2025","format":false,"excerpt":"POR D\u00c9BORA REY BUENOS AIRES (AP) \u2014 El presidente ultraliberal Javier Milei admiti\u00f3 el lunes que est\u00e1 \u201csorprendido\u201d por el contundente triunfo de la v\u00edspera en las elecciones legislativas de Argentina y adelant\u00f3 que buscar\u00e1 consensos con la oposici\u00f3n dialoguista en el nuevo Congreso para avanzar en las reformas impositiva\u2026","rel":"","context":"En \u00abINTERNACIONALES\u00bb","block_context":{"text":"INTERNACIONALES","link":"https:\/\/lasprimeras.com.do\/index.php\/category\/sin-categoria\/internacionales\/"},"img":{"alt_text":"","src":"https:\/\/i0.wp.com\/lasprimeras.com.do\/wp-content\/uploads\/2025\/10\/MILEI-1.jpg?resize=350%2C200&ssl=1","width":350,"height":200,"srcset":"https:\/\/i0.wp.com\/lasprimeras.com.do\/wp-content\/uploads\/2025\/10\/MILEI-1.jpg?resize=350%2C200&ssl=1 1x, https:\/\/i0.wp.com\/lasprimeras.com.do\/wp-content\/uploads\/2025\/10\/MILEI-1.jpg?resize=525%2C300&ssl=1 1.5x, https:\/\/i0.wp.com\/lasprimeras.com.do\/wp-content\/uploads\/2025\/10\/MILEI-1.jpg?resize=700%2C400&ssl=1 2x"},"classes":[]}],"jetpack_sharing_enabled":true,"_links":{"self":[{"href":"https:\/\/lasprimeras.com.do\/index.php\/wp-json\/wp\/v2\/posts\/89382","targetHints":{"allow":["GET"]}}],"collection":[{"href":"https:\/\/lasprimeras.com.do\/index.php\/wp-json\/wp\/v2\/posts"}],"about":[{"href":"https:\/\/lasprimeras.com.do\/index.php\/wp-json\/wp\/v2\/types\/post"}],"author":[{"embeddable":true,"href":"https:\/\/lasprimeras.com.do\/index.php\/wp-json\/wp\/v2\/users\/2"}],"replies":[{"embeddable":true,"href":"https:\/\/lasprimeras.com.do\/index.php\/wp-json\/wp\/v2\/comments?post=89382"}],"version-history":[{"count":1,"href":"https:\/\/lasprimeras.com.do\/index.php\/wp-json\/wp\/v2\/posts\/89382\/revisions"}],"predecessor-version":[{"id":89384,"href":"https:\/\/lasprimeras.com.do\/index.php\/wp-json\/wp\/v2\/posts\/89382\/revisions\/89384"}],"wp:featuredmedia":[{"embeddable":true,"href":"https:\/\/lasprimeras.com.do\/index.php\/wp-json\/wp\/v2\/media\/89383"}],"wp:attachment":[{"href":"https:\/\/lasprimeras.com.do\/index.php\/wp-json\/wp\/v2\/media?parent=89382"}],"wp:term":[{"taxonomy":"category","embeddable":true,"href":"https:\/\/lasprimeras.com.do\/index.php\/wp-json\/wp\/v2\/categories?post=89382"},{"taxonomy":"post_tag","embeddable":true,"href":"https:\/\/lasprimeras.com.do\/index.php\/wp-json\/wp\/v2\/tags?post=89382"}],"curies":[{"name":"wp","href":"https:\/\/api.w.org\/{rel}","templated":true}]}}