{"id":89439,"date":"2024-09-25T09:20:11","date_gmt":"2024-09-25T13:20:11","guid":{"rendered":"https:\/\/lasprimeras.com.do\/?p=89439"},"modified":"2024-09-25T09:20:13","modified_gmt":"2024-09-25T13:20:13","slug":"trump-insiste-en-que-ee-uu-salga-del-conflicto-ucraniano","status":"publish","type":"post","link":"https:\/\/lasprimeras.com.do\/index.php\/2024\/09\/25\/trump-insiste-en-que-ee-uu-salga-del-conflicto-ucraniano\/","title":{"rendered":"Trump insiste en que EE.UU. salga del conflicto ucraniano"},"content":{"rendered":"\n<p>Estados Unidos necesita salirse del conflicto ucraniano, algo para lo que ni el presidente Joe Biden ni la vicepresidenta Kamala Harris tienen plan alguno, declar\u00f3 el martes el candidato presidencial republicano, Donald Trump.<\/p>\n\n\n\n<p>Durante una alocuci\u00f3n en Georgia, el exmandatario afirm\u00f3, refiri\u00e9ndose al apoyo financiero y militar que Washington ha estado proporcionando a Kiev: &#8220;Biden y Kamala nos metieron en esta guerra en Ucrania, y ahora no pueden sacarnos. No pueden sacarnos&#8221;.<\/p>\n\n\n\n<p>El republicano asegur\u00f3 que EE.UU. seguir\u00e1 atascado en el conflicto ruso-ucraniano a menos que \u00e9l sea elegido. &#8220;Lo conseguir\u00e9. Har\u00e9 que se negocie, saldr\u00e9 de ah\u00ed. Tenemos que salir&#8221;, subray\u00f3 el pol\u00edtico, citado por Reuters.<\/p>\n\n\n\n<p>Las declaraciones de Trump coinciden con la visita del l\u00edder del r\u00e9gimen ucraniano, Vlad\u00edmir Zelenski, a EE.UU., para participar en la Asamblea General de la ONU y reunirse con Biden y Harris a fin de presentarles un &#8220;plan para la victoria&#8221; en el conflicto con Rusia y pedir m\u00e1s asistencia.<\/p>\n\n\n\n<p>Trump ha prometido en repetidas ocasiones que, en caso de ganar los comicios de noviembre, conseguir\u00e1 en 24 horas un acuerdo de paz en Ucrania, ya que tiene una buena relaci\u00f3n con los l\u00edderes de ambos pa\u00edses. Asimismo, ha instado a detener el apoyo a Kiev hasta que la Uni\u00f3n Europea gaste en eso la misma suma que EE.UU. En una oportunidad afirm\u00f3 asimismo que el conflicto ucraniano es &#8220;mucho peor&#8221; de lo que se les dice a los estadounidenses.<\/p>\n","protected":false},"excerpt":{"rendered":"<p>Estados Unidos necesita salirse del conflicto ucraniano, algo para lo que ni el presidente Joe Biden ni la vicepresidenta Kamala Harris tienen plan alguno, declar\u00f3 el martes el candidato presidencial&hellip;<\/p>\n","protected":false},"author":9,"featured_media":89440,"comment_status":"open","ping_status":"open","sticky":false,"template":"","format":"standard","meta":{"content-type":"","jetpack_post_was_ever_published":false,"_jetpack_newsletter_access":"","_jetpack_dont_email_post_to_subs":false,"_jetpack_newsletter_tier_id":0,"_jetpack_memberships_contains_paywalled_content":false,"_jetpack_memberships_contains_paid_content":false,"footnotes":""},"categories":[25],"tags":[15617,15619,145,935,15616,1108],"class_list":["post-89439","post","type-post","status-publish","format-standard","has-post-thumbnail","hentry","category-portada","tag-alguno","tag-biden","tag-plan","tag-presidente","tag-trump","tag-ucrania"],"jetpack_featured_media_url":"https:\/\/lasprimeras.com.do\/wp-content\/uploads\/2024\/09\/trump.jpg","jetpack-related-posts":[{"id":54288,"url":"https:\/\/lasprimeras.com.do\/index.php\/2023\/07\/09\/zelenski-biden-podria-ponerle-fin-al-conflicto-en-ucrania-en-5-minutos-pero-no-lo-aceptariamos\/","url_meta":{"origin":89439,"position":0},"title":"Zelenski: Biden podr\u00eda ponerle fin al conflicto en Ucrania &#8220;en 5 minutos&#8221;, pero no lo aceptar\u00edamos","author":"Nelson Feliz","date":"9 de julio de 2023","format":false,"excerpt":"El presidente ucraniano coment\u00f3 la promesa de Donald Trump de solucionar el conflicto en un d\u00eda si es elegido presidente de EE.UU. El presidente de Ucrania, Vlad\u00edmir Zelenski, ha comentado las declaraciones del exmandatario de Estados Unidos y candidato presidencial republicano, Donald Trump, sobre su capacidad de poner fin al\u2026","rel":"","context":"En \u00abSin categor\u00eda\u00bb","block_context":{"text":"Sin categor\u00eda","link":"https:\/\/lasprimeras.com.do\/index.php\/category\/sin-categoria\/"},"img":{"alt_text":"Joe Biden y Volodomir Zelemsky","src":"https:\/\/i0.wp.com\/lasprimeras.com.do\/wp-content\/uploads\/2023\/07\/Joe-Biden-y-Volodomir-Zelemsky.jpg?resize=350%2C200&ssl=1","width":350,"height":200,"srcset":"https:\/\/i0.wp.com\/lasprimeras.com.do\/wp-content\/uploads\/2023\/07\/Joe-Biden-y-Volodomir-Zelemsky.jpg?resize=350%2C200&ssl=1 1x, https:\/\/i0.wp.com\/lasprimeras.com.do\/wp-content\/uploads\/2023\/07\/Joe-Biden-y-Volodomir-Zelemsky.jpg?resize=525%2C300&ssl=1 1.5x, https:\/\/i0.wp.com\/lasprimeras.com.do\/wp-content\/uploads\/2023\/07\/Joe-Biden-y-Volodomir-Zelemsky.jpg?resize=700%2C400&ssl=1 2x, https:\/\/i0.wp.com\/lasprimeras.com.do\/wp-content\/uploads\/2023\/07\/Joe-Biden-y-Volodomir-Zelemsky.jpg?resize=1050%2C600&ssl=1 3x"},"classes":[]},{"id":98413,"url":"https:\/\/lasprimeras.com.do\/index.php\/2025\/05\/07\/biden-define-presion-de-trump-a-ucrania-como-apaciguamiento-en-su-1ra-entrevista-como-expresidente\/","url_meta":{"origin":89439,"position":1},"title":"Biden define presi\u00f3n de Trump a Ucrania como \u201capaciguamiento\u201d en su 1ra entrevista como expresidente","author":"Nelson Feliz","date":"7 de mayo de 2025","format":false,"excerpt":"LONDRES (AP) \u2014 Joe Biden afirm\u00f3 en su primera entrevista desde que dej\u00f3 la Casa Blanca que la presi\u00f3n del presidente Donald Trump para que Ucrania ceda territorio a Rusia equivale a un \u201capaciguamiento moderno\u201d, un t\u00e9rmino con connotaciones hist\u00f3ricas que se refiere a un esfuerzo fallido por detener las\u2026","rel":"","context":"En \u00abINTERNACIONALES\u00bb","block_context":{"text":"INTERNACIONALES","link":"https:\/\/lasprimeras.com.do\/index.php\/category\/sin-categoria\/internacionales\/"},"img":{"alt_text":"Joe Biden","src":"https:\/\/i0.wp.com\/lasprimeras.com.do\/wp-content\/uploads\/2024\/09\/Joe-Biden.jpg?resize=350%2C200&ssl=1","width":350,"height":200,"srcset":"https:\/\/i0.wp.com\/lasprimeras.com.do\/wp-content\/uploads\/2024\/09\/Joe-Biden.jpg?resize=350%2C200&ssl=1 1x, https:\/\/i0.wp.com\/lasprimeras.com.do\/wp-content\/uploads\/2024\/09\/Joe-Biden.jpg?resize=525%2C300&ssl=1 1.5x, https:\/\/i0.wp.com\/lasprimeras.com.do\/wp-content\/uploads\/2024\/09\/Joe-Biden.jpg?resize=700%2C400&ssl=1 2x"},"classes":[]},{"id":94432,"url":"https:\/\/lasprimeras.com.do\/index.php\/2025\/02\/28\/zelenskyy-sale-de-la-casa-blanca-sin-firmar-acuerdo-tras-altercado-con-trump-en-el-despacho-oval\/","url_meta":{"origin":89439,"position":2},"title":"Zelenskyy sale de la Casa Blanca sin firmar acuerdo tras altercado con Trump en el Despacho Oval","author":"Nelson Feliz","date":"28 de febrero de 2025","format":false,"excerpt":"POR WILL WEISSERT, ZEKE MILLER and AAMER MADHANI WASHINGTON (AP) \u2014 El presidente Donald Trump reprendi\u00f3 al presidente ucraniano Volodymyr Zelenskyy por ser \u201cirrespetuoso\u201d el viernes en una extraordinaria reuni\u00f3n en el Despacho Oval, y luego cancel\u00f3 abruptamente la firma de un acuerdo de minerales que, seg\u00fan Trump, habr\u00eda acercado\u2026","rel":"","context":"En \u00abINTERNACIONALES\u00bb","block_context":{"text":"INTERNACIONALES","link":"https:\/\/lasprimeras.com.do\/index.php\/category\/sin-categoria\/internacionales\/"},"img":{"alt_text":"","src":"https:\/\/i0.wp.com\/lasprimeras.com.do\/wp-content\/uploads\/2025\/02\/Volodymyr-Zelenskyy-3.jpg?resize=350%2C200&ssl=1","width":350,"height":200,"srcset":"https:\/\/i0.wp.com\/lasprimeras.com.do\/wp-content\/uploads\/2025\/02\/Volodymyr-Zelenskyy-3.jpg?resize=350%2C200&ssl=1 1x, https:\/\/i0.wp.com\/lasprimeras.com.do\/wp-content\/uploads\/2025\/02\/Volodymyr-Zelenskyy-3.jpg?resize=525%2C300&ssl=1 1.5x, https:\/\/i0.wp.com\/lasprimeras.com.do\/wp-content\/uploads\/2025\/02\/Volodymyr-Zelenskyy-3.jpg?resize=700%2C400&ssl=1 2x"},"classes":[]},{"id":93719,"url":"https:\/\/lasprimeras.com.do\/index.php\/2025\/02\/19\/trump-advierte-a-zelenskyy-que-debe-negociar-rapidamente-el-fin-de-la-guerra-con-rusia\/","url_meta":{"origin":89439,"position":3},"title":"Trump advierte a Zelenskyy que debe negociar r\u00e1pidamente el fin de la guerra con Rusia","author":"Nelson Feliz","date":"19 de febrero de 2025","format":false,"excerpt":"POR AAMER MADHANI, MIKE PESOLI and STEPHANY MATAT MIAMI (AP) \u2014 El presidente Donald Trump advirti\u00f3 el mi\u00e9rcoles al presidente ucraniano Volodymyr Zelenskyy que \u201cmejor act\u00fae r\u00e1pido\u201d para negociar el fin de la invasi\u00f3n de Rusia a Ucrania, o se arriesga a no tener una naci\u00f3n que liderar. La ret\u00f3rica\u2026","rel":"","context":"En \u00abINTERNACIONALES\u00bb","block_context":{"text":"INTERNACIONALES","link":"https:\/\/lasprimeras.com.do\/index.php\/category\/sin-categoria\/internacionales\/"},"img":{"alt_text":"Volodymyr Zelenskyy","src":"https:\/\/i0.wp.com\/lasprimeras.com.do\/wp-content\/uploads\/2025\/02\/Volodymyr-Zelenskyy-1.jpg?resize=350%2C200&ssl=1","width":350,"height":200,"srcset":"https:\/\/i0.wp.com\/lasprimeras.com.do\/wp-content\/uploads\/2025\/02\/Volodymyr-Zelenskyy-1.jpg?resize=350%2C200&ssl=1 1x, https:\/\/i0.wp.com\/lasprimeras.com.do\/wp-content\/uploads\/2025\/02\/Volodymyr-Zelenskyy-1.jpg?resize=525%2C300&ssl=1 1.5x"},"classes":[]},{"id":77253,"url":"https:\/\/lasprimeras.com.do\/index.php\/2024\/02\/19\/biden-considera-nuevas-sanciones-a-rusia-tras-la-muerte-de-navalny\/","url_meta":{"origin":89439,"position":4},"title":"Biden considera nuevas sanciones a Rusia tras la muerte de Navalny","author":"Nelson Feliz","date":"19 de febrero de 2024","format":false,"excerpt":"Por Noticias VOA El presidente estadounidense, Joe Biden, dijo el lunes que est\u00e1 \u201cconsiderando sanciones adicionales\u201d contra Mosc\u00fa tras la muerte del l\u00edder opositor ruso encarcelado Alexey Navalny. \u201cYa tenemos sanciones\u201d, dijo Biden a los periodistas en la Casa Blanca, pero Estados Unidos est\u00e1 analizando otras. Ya hab\u00eda culpado directamente\u2026","rel":"","context":"En \u00abSin categor\u00eda\u00bb","block_context":{"text":"Sin categor\u00eda","link":"https:\/\/lasprimeras.com.do\/index.php\/category\/sin-categoria\/"},"img":{"alt_text":"Joe Biden","src":"https:\/\/i0.wp.com\/lasprimeras.com.do\/wp-content\/uploads\/2024\/02\/Joe-Biden-1.jpg?resize=350%2C200&ssl=1","width":350,"height":200,"srcset":"https:\/\/i0.wp.com\/lasprimeras.com.do\/wp-content\/uploads\/2024\/02\/Joe-Biden-1.jpg?resize=350%2C200&ssl=1 1x, https:\/\/i0.wp.com\/lasprimeras.com.do\/wp-content\/uploads\/2024\/02\/Joe-Biden-1.jpg?resize=525%2C300&ssl=1 1.5x, https:\/\/i0.wp.com\/lasprimeras.com.do\/wp-content\/uploads\/2024\/02\/Joe-Biden-1.jpg?resize=700%2C400&ssl=1 2x"},"classes":[]},{"id":95553,"url":"https:\/\/lasprimeras.com.do\/index.php\/2025\/03\/14\/putin-esta-de-acuerdo-en-principio-con-la-propuesta-de-alto-el-fuego-en-ucrania-y-dice-que-se-necesitan-mas-discusiones\/","url_meta":{"origin":89439,"position":5},"title":"Putin est\u00e1 de acuerdo en principio con la propuesta de alto el fuego en Ucrania y dice que se necesitan m\u00e1s discusiones","author":"Nelson Feliz","date":"14 de marzo de 2025","format":false,"excerpt":"El presidente ruso, Vladimir Putin, dijo el jueves que est\u00e1 de acuerdo en principio con la propuesta estadounidense de un alto el fuego de 30 d\u00edas en Ucrania, pero enfatiz\u00f3 que los t\u00e9rminos a\u00fan est\u00e1n por definirse y agreg\u00f3 que cualquier tregua debe allanar el camino hacia una paz duradera\u2026","rel":"","context":"En \u00abINTERNACIONALES\u00bb","block_context":{"text":"INTERNACIONALES","link":"https:\/\/lasprimeras.com.do\/index.php\/category\/sin-categoria\/internacionales\/"},"img":{"alt_text":"Vladimir Putin","src":"https:\/\/i0.wp.com\/lasprimeras.com.do\/wp-content\/uploads\/2025\/03\/Vladimir-Putin.png?resize=350%2C200&ssl=1","width":350,"height":200,"srcset":"https:\/\/i0.wp.com\/lasprimeras.com.do\/wp-content\/uploads\/2025\/03\/Vladimir-Putin.png?resize=350%2C200&ssl=1 1x, https:\/\/i0.wp.com\/lasprimeras.com.do\/wp-content\/uploads\/2025\/03\/Vladimir-Putin.png?resize=525%2C300&ssl=1 1.5x, https:\/\/i0.wp.com\/lasprimeras.com.do\/wp-content\/uploads\/2025\/03\/Vladimir-Putin.png?resize=700%2C400&ssl=1 2x"},"classes":[]}],"jetpack_sharing_enabled":true,"_links":{"self":[{"href":"https:\/\/lasprimeras.com.do\/index.php\/wp-json\/wp\/v2\/posts\/89439","targetHints":{"allow":["GET"]}}],"collection":[{"href":"https:\/\/lasprimeras.com.do\/index.php\/wp-json\/wp\/v2\/posts"}],"about":[{"href":"https:\/\/lasprimeras.com.do\/index.php\/wp-json\/wp\/v2\/types\/post"}],"author":[{"embeddable":true,"href":"https:\/\/lasprimeras.com.do\/index.php\/wp-json\/wp\/v2\/users\/9"}],"replies":[{"embeddable":true,"href":"https:\/\/lasprimeras.com.do\/index.php\/wp-json\/wp\/v2\/comments?post=89439"}],"version-history":[{"count":1,"href":"https:\/\/lasprimeras.com.do\/index.php\/wp-json\/wp\/v2\/posts\/89439\/revisions"}],"predecessor-version":[{"id":89441,"href":"https:\/\/lasprimeras.com.do\/index.php\/wp-json\/wp\/v2\/posts\/89439\/revisions\/89441"}],"wp:featuredmedia":[{"embeddable":true,"href":"https:\/\/lasprimeras.com.do\/index.php\/wp-json\/wp\/v2\/media\/89440"}],"wp:attachment":[{"href":"https:\/\/lasprimeras.com.do\/index.php\/wp-json\/wp\/v2\/media?parent=89439"}],"wp:term":[{"taxonomy":"category","embeddable":true,"href":"https:\/\/lasprimeras.com.do\/index.php\/wp-json\/wp\/v2\/categories?post=89439"},{"taxonomy":"post_tag","embeddable":true,"href":"https:\/\/lasprimeras.com.do\/index.php\/wp-json\/wp\/v2\/tags?post=89439"}],"curies":[{"name":"wp","href":"https:\/\/api.w.org\/{rel}","templated":true}]}}