{"id":89442,"date":"2024-09-25T10:01:46","date_gmt":"2024-09-25T14:01:46","guid":{"rendered":"https:\/\/lasprimeras.com.do\/?p=89442"},"modified":"2024-09-25T10:01:47","modified_gmt":"2024-09-25T14:01:47","slug":"abinader-hablara-hoy-ante-la-onu-por-cuarta-vez","status":"publish","type":"post","link":"https:\/\/lasprimeras.com.do\/index.php\/2024\/09\/25\/abinader-hablara-hoy-ante-la-onu-por-cuarta-vez\/","title":{"rendered":"Abinader hablar\u00e1 hoy ante la ONU por cuarta vez"},"content":{"rendered":"\n<p>Este mi\u00e9rcoles el presidente de Rep\u00fablica Dominicana Luis Abinader, hablar\u00e1 ante la 79.\u00aa Asamblea General de las Naciones Unidas (ONU). Esta ser\u00e1 su cuarta participaci\u00f3n ante ese organismo internacional.<\/p>\n\n\n\n<p>Su intervenci\u00f3n de hoy se da en un escenario marcado por retos regionales y globales como la crisis continua en Hait\u00ed, y el despliegue all\u00ed de polic\u00edas kenianos, y el conflicto suscitado tras las recientes elecciones de Venezuela, en el que Abinader ha sido una voz activa entre quienes exigen a las autoridades de ese pa\u00eds la publicaci\u00f3n de todas las actas electorales.<\/p>\n\n\n\n<p>Desde el domingo el mandatario se encuentra en Nueva York agotando una jornada que ha incluido encuentros con la di\u00e1spora dominicana, y participaciones en el panel sobre Pol\u00edtica Econ\u00f3mica Global, el evento de alto nivel de USAID sobre Un Futuro Sin Plomo, y en la Cumbre del Futuro.<\/p>\n\n\n\n<p>Anteriores participaciones y el llamado sobre Hait\u00ed<\/p>\n\n\n\n<p>El mandatario tuvo su primera participaci\u00f3n en la asamblea de la ONU en el a\u00f1o 2020, a trav\u00e9s de un discurso grabado en el Palacio Nacional, donde se enfoc\u00f3 en la pandemia del COVID-19 y las dificultades que cada pa\u00eds enfrentaba en ese momento.<\/p>\n\n\n\n<p>Abinader present\u00f3 a los representantes de los pa\u00edses miembros los planes que en materia de salud y educaci\u00f3n que pondr\u00eda en marcha de cara al azote del virus que cobr\u00f3 la vida de millones de personas.<\/p>\n","protected":false},"excerpt":{"rendered":"<p>Este mi\u00e9rcoles el presidente de Rep\u00fablica Dominicana Luis Abinader, hablar\u00e1 ante la 79.\u00aa Asamblea General de las Naciones Unidas (ONU). Esta ser\u00e1 su cuarta participaci\u00f3n ante ese organismo internacional. Su&hellip;<\/p>\n","protected":false},"author":9,"featured_media":89443,"comment_status":"open","ping_status":"open","sticky":false,"template":"","format":"standard","meta":{"content-type":"","jetpack_post_was_ever_published":false,"_jetpack_newsletter_access":"","_jetpack_dont_email_post_to_subs":false,"_jetpack_newsletter_tier_id":0,"_jetpack_memberships_contains_paywalled_content":false,"_jetpack_memberships_contains_paid_content":false,"footnotes":""},"categories":[35,25],"tags":[60,2481,2988,93,15620,15622,420],"class_list":["post-89442","post","type-post","status-publish","format-standard","has-post-thumbnail","hentry","category-nacionales","category-portada","tag-abinader","tag-asamblea","tag-electorales","tag-onu","tag-participacion-2","tag-plomo","tag-venezuela"],"jetpack_featured_media_url":"https:\/\/lasprimeras.com.do\/wp-content\/uploads\/2024\/09\/abinader.jpg","jetpack-related-posts":[{"id":89424,"url":"https:\/\/lasprimeras.com.do\/index.php\/2024\/09\/24\/presidente-abinader-habla-este-miercoles-ante-asamblea-general-de-la-onu\/","url_meta":{"origin":89442,"position":0},"title":"Presidente Abinader habla este mi\u00e9rcoles ante Asamblea General de la ONU","author":"Nelson Feliz","date":"24 de septiembre de 2024","format":false,"excerpt":"_Mandatario dominicano asistir\u00e1 tambi\u00e9n a recepci\u00f3n que ofrece el presidente de Estados Unidos, Joe Biden a los gobernantes que participan en el evento. New York.- El presidente Luis Abinader hablar\u00e1 este mi\u00e9rcoles ante la Asamblea General de las Naciones Unidas y participar\u00e1 en una recepci\u00f3n que ofrece el presidente de\u2026","rel":"","context":"En \u00abNACIONALES\u00bb","block_context":{"text":"NACIONALES","link":"https:\/\/lasprimeras.com.do\/index.php\/category\/nacionales\/"},"img":{"alt_text":"","src":"https:\/\/i0.wp.com\/lasprimeras.com.do\/wp-content\/uploads\/2024\/09\/Luis-Abinader-44.jpg?resize=350%2C200&ssl=1","width":350,"height":200,"srcset":"https:\/\/i0.wp.com\/lasprimeras.com.do\/wp-content\/uploads\/2024\/09\/Luis-Abinader-44.jpg?resize=350%2C200&ssl=1 1x, https:\/\/i0.wp.com\/lasprimeras.com.do\/wp-content\/uploads\/2024\/09\/Luis-Abinader-44.jpg?resize=525%2C300&ssl=1 1.5x, https:\/\/i0.wp.com\/lasprimeras.com.do\/wp-content\/uploads\/2024\/09\/Luis-Abinader-44.jpg?resize=700%2C400&ssl=1 2x"},"classes":[]},{"id":60870,"url":"https:\/\/lasprimeras.com.do\/index.php\/2023\/09\/19\/presidente-abinader-habla-este-miercoles-en-asamblea-de-la-onu\/","url_meta":{"origin":89442,"position":1},"title":"Presidente Abinader habla este mi\u00e9rcoles en Asamblea de la ONU","author":"Nelson Feliz","date":"19 de septiembre de 2023","format":false,"excerpt":"Discurso del mandatario se transmitir\u00e1 a todo el pa\u00eds. El presidente Luis Abinader hablar\u00e1 esta tarde ante la 78va Asamblea General de las Naciones (ONU), donde tratar\u00e1 sobre la situaci\u00f3n que vive el pa\u00eds con Hait\u00ed. De acuerdo con el orden establecido, se espera que la comparecencia de Abinader se\u2026","rel":"","context":"En \u00abNACIONALES\u00bb","block_context":{"text":"NACIONALES","link":"https:\/\/lasprimeras.com.do\/index.php\/category\/nacionales\/"},"img":{"alt_text":"Luis Abinader","src":"https:\/\/i0.wp.com\/lasprimeras.com.do\/wp-content\/uploads\/2023\/08\/Luis-Abinader-ONU.jpg?resize=350%2C200&ssl=1","width":350,"height":200,"srcset":"https:\/\/i0.wp.com\/lasprimeras.com.do\/wp-content\/uploads\/2023\/08\/Luis-Abinader-ONU.jpg?resize=350%2C200&ssl=1 1x, https:\/\/i0.wp.com\/lasprimeras.com.do\/wp-content\/uploads\/2023\/08\/Luis-Abinader-ONU.jpg?resize=525%2C300&ssl=1 1.5x, https:\/\/i0.wp.com\/lasprimeras.com.do\/wp-content\/uploads\/2023\/08\/Luis-Abinader-ONU.jpg?resize=700%2C400&ssl=1 2x"},"classes":[]},{"id":109818,"url":"https:\/\/lasprimeras.com.do\/index.php\/2025\/09\/22\/abinader-inicia-agenda-en-nueva-york-en-el-80-o-periodo-de-sesiones-de-la-onu\/","url_meta":{"origin":89442,"position":2},"title":"Abinader inicia agenda en Nueva York en el 80.\u00ba per\u00edodo de sesiones de la ONU","author":"Nelson Feliz","date":"22 de septiembre de 2025","format":false,"excerpt":"El presidente Luis Abinader comenz\u00f3 este lunes su participaci\u00f3n en el 80.\u00ba per\u00edodo de sesiones de la Asamblea General de las Naciones Unidas (ONU), donde desarrollar\u00e1 una amplia agenda que incluye encuentros bilaterales, participaci\u00f3n en foros internacionales y reuniones con l\u00edderes empresariales. A su llegada a Nueva York, el mandatario\u2026","rel":"","context":"En \u00abNACIONALES\u00bb","block_context":{"text":"NACIONALES","link":"https:\/\/lasprimeras.com.do\/index.php\/category\/nacionales\/"},"img":{"alt_text":"","src":"https:\/\/i0.wp.com\/lasprimeras.com.do\/wp-content\/uploads\/2025\/07\/LA-viaja.jpg?resize=350%2C200&ssl=1","width":350,"height":200,"srcset":"https:\/\/i0.wp.com\/lasprimeras.com.do\/wp-content\/uploads\/2025\/07\/LA-viaja.jpg?resize=350%2C200&ssl=1 1x, https:\/\/i0.wp.com\/lasprimeras.com.do\/wp-content\/uploads\/2025\/07\/LA-viaja.jpg?resize=525%2C300&ssl=1 1.5x, https:\/\/i0.wp.com\/lasprimeras.com.do\/wp-content\/uploads\/2025\/07\/LA-viaja.jpg?resize=700%2C400&ssl=1 2x"},"classes":[]},{"id":89371,"url":"https:\/\/lasprimeras.com.do\/index.php\/2024\/09\/22\/abinader-habla-este-lunes-ante-cumbre-del-futuro-en-asamblea-general-de-la-onu\/","url_meta":{"origin":89442,"position":3},"title":"Abinader habla este lunes ante Cumbre del Futuro en Asamblea General de la ONU","author":"Nelson Feliz","date":"22 de septiembre de 2024","format":false,"excerpt":"New York.- Este lunes, el presidente Luis Abinader desarrollar\u00e1 diferentes actividades en esta ciudad en el marco de su participaci\u00f3n en el 79\u00ba periodo de sesiones de la Asamblea General de las Naciones Unidas (ONU) y en la Cumbre del Futuro de la ONU. Este lunes 23 su agenda inicia\u2026","rel":"","context":"En \u00abNACIONALES\u00bb","block_context":{"text":"NACIONALES","link":"https:\/\/lasprimeras.com.do\/index.php\/category\/nacionales\/"},"img":{"alt_text":"Luis Abinader","src":"https:\/\/i0.wp.com\/lasprimeras.com.do\/wp-content\/uploads\/2023\/08\/Luis-Abinader-ONU.jpg?resize=350%2C200&ssl=1","width":350,"height":200,"srcset":"https:\/\/i0.wp.com\/lasprimeras.com.do\/wp-content\/uploads\/2023\/08\/Luis-Abinader-ONU.jpg?resize=350%2C200&ssl=1 1x, https:\/\/i0.wp.com\/lasprimeras.com.do\/wp-content\/uploads\/2023\/08\/Luis-Abinader-ONU.jpg?resize=525%2C300&ssl=1 1.5x, https:\/\/i0.wp.com\/lasprimeras.com.do\/wp-content\/uploads\/2023\/08\/Luis-Abinader-ONU.jpg?resize=700%2C400&ssl=1 2x"},"classes":[]},{"id":109919,"url":"https:\/\/lasprimeras.com.do\/index.php\/2025\/09\/23\/abinader-participa-en-la-apertura-de-la-80-a-asamblea-general-de-la-onu-encabezada-por-el-secretario-general\/","url_meta":{"origin":89442,"position":4},"title":"Abinader participa en la apertura de la 80.\u00aa Asamblea General de la ONU, encabezada por el secretario general","author":"Nelson Feliz","date":"23 de septiembre de 2025","format":false,"excerpt":"El mandatario tiene previsto pronunciar su discurso ante el pleno este mi\u00e9rcoles 24 de septiembre a las 2:50 de la tarde. Nueva York. - El presidente Luis Abinader inici\u00f3 este martes su agenda de trabajo participando en la apertura de la 80.\u00aa Asamblea General de la Organizaci\u00f3n de las Naciones\u2026","rel":"","context":"En \u00abNACIONALES\u00bb","block_context":{"text":"NACIONALES","link":"https:\/\/lasprimeras.com.do\/index.php\/category\/nacionales\/"},"img":{"alt_text":"","src":"https:\/\/i0.wp.com\/lasprimeras.com.do\/wp-content\/uploads\/2025\/09\/aNTONIO-GUTERRES.jpg?resize=350%2C200&ssl=1","width":350,"height":200,"srcset":"https:\/\/i0.wp.com\/lasprimeras.com.do\/wp-content\/uploads\/2025\/09\/aNTONIO-GUTERRES.jpg?resize=350%2C200&ssl=1 1x, https:\/\/i0.wp.com\/lasprimeras.com.do\/wp-content\/uploads\/2025\/09\/aNTONIO-GUTERRES.jpg?resize=525%2C300&ssl=1 1.5x, https:\/\/i0.wp.com\/lasprimeras.com.do\/wp-content\/uploads\/2025\/09\/aNTONIO-GUTERRES.jpg?resize=700%2C400&ssl=1 2x"},"classes":[]},{"id":60493,"url":"https:\/\/lasprimeras.com.do\/index.php\/2023\/09\/15\/presidente-abinader-viaja-este-viernes-a-cuba-y-el-domingo-a-ny\/","url_meta":{"origin":89442,"position":5},"title":"Presidente Abinader viaja este viernes a Cuba y el domingo a NY","author":"Nelson Feliz","date":"15 de septiembre de 2023","format":false,"excerpt":"Tanto en su participaci\u00f3n en la reuni\u00f3n del Grupo de los 77 y China, en La Habana, como en la Asamblea General de la ONU, en NY, el mandatario se pronunciar\u00e1 sobre la situaci\u00f3n de Hait\u00ed. El presidente de la Rep\u00fablica Luis Abinader, viajar\u00e1 hoy a La Habana, Cuba, donde\u2026","rel":"","context":"En \u00abNACIONALES\u00bb","block_context":{"text":"NACIONALES","link":"https:\/\/lasprimeras.com.do\/index.php\/category\/nacionales\/"},"img":{"alt_text":"","src":"https:\/\/i0.wp.com\/lasprimeras.com.do\/wp-content\/uploads\/2023\/09\/Luis-Viaja.jpg?resize=350%2C200&ssl=1","width":350,"height":200,"srcset":"https:\/\/i0.wp.com\/lasprimeras.com.do\/wp-content\/uploads\/2023\/09\/Luis-Viaja.jpg?resize=350%2C200&ssl=1 1x, https:\/\/i0.wp.com\/lasprimeras.com.do\/wp-content\/uploads\/2023\/09\/Luis-Viaja.jpg?resize=525%2C300&ssl=1 1.5x, https:\/\/i0.wp.com\/lasprimeras.com.do\/wp-content\/uploads\/2023\/09\/Luis-Viaja.jpg?resize=700%2C400&ssl=1 2x"},"classes":[]}],"jetpack_sharing_enabled":true,"_links":{"self":[{"href":"https:\/\/lasprimeras.com.do\/index.php\/wp-json\/wp\/v2\/posts\/89442","targetHints":{"allow":["GET"]}}],"collection":[{"href":"https:\/\/lasprimeras.com.do\/index.php\/wp-json\/wp\/v2\/posts"}],"about":[{"href":"https:\/\/lasprimeras.com.do\/index.php\/wp-json\/wp\/v2\/types\/post"}],"author":[{"embeddable":true,"href":"https:\/\/lasprimeras.com.do\/index.php\/wp-json\/wp\/v2\/users\/9"}],"replies":[{"embeddable":true,"href":"https:\/\/lasprimeras.com.do\/index.php\/wp-json\/wp\/v2\/comments?post=89442"}],"version-history":[{"count":1,"href":"https:\/\/lasprimeras.com.do\/index.php\/wp-json\/wp\/v2\/posts\/89442\/revisions"}],"predecessor-version":[{"id":89444,"href":"https:\/\/lasprimeras.com.do\/index.php\/wp-json\/wp\/v2\/posts\/89442\/revisions\/89444"}],"wp:featuredmedia":[{"embeddable":true,"href":"https:\/\/lasprimeras.com.do\/index.php\/wp-json\/wp\/v2\/media\/89443"}],"wp:attachment":[{"href":"https:\/\/lasprimeras.com.do\/index.php\/wp-json\/wp\/v2\/media?parent=89442"}],"wp:term":[{"taxonomy":"category","embeddable":true,"href":"https:\/\/lasprimeras.com.do\/index.php\/wp-json\/wp\/v2\/categories?post=89442"},{"taxonomy":"post_tag","embeddable":true,"href":"https:\/\/lasprimeras.com.do\/index.php\/wp-json\/wp\/v2\/tags?post=89442"}],"curies":[{"name":"wp","href":"https:\/\/api.w.org\/{rel}","templated":true}]}}