{"id":89445,"date":"2024-09-25T10:39:55","date_gmt":"2024-09-25T14:39:55","guid":{"rendered":"https:\/\/lasprimeras.com.do\/?p=89445"},"modified":"2024-09-25T10:39:57","modified_gmt":"2024-09-25T14:39:57","slug":"comunicadoras-hispanas-realizan-encuentro-con-enlace-de-las-iglesias-en-palacio-presidencial","status":"publish","type":"post","link":"https:\/\/lasprimeras.com.do\/index.php\/2024\/09\/25\/comunicadoras-hispanas-realizan-encuentro-con-enlace-de-las-iglesias-en-palacio-presidencial\/","title":{"rendered":"Comunicadoras Hispanas realizan encuentro con Enlace de las Iglesias en Palacio Presidencial"},"content":{"rendered":"\n<p>La Confederaci\u00f3n de Comunicadoras Hispanas sostuvo un encuentro con el director de Enlace de las Iglesias con el Poder Ejecutivo, el pastor Milc\u00edades Franjul, en el Palacio Presidencial de la Rep\u00fablica Dominicana, en busca de fortalecer la comunidad y destacar la importancia de la uni\u00f3n de comunicadores en los temas de car\u00e1cter cristianos y c\u00f3mo pueden contribuir a la sociedad.<\/p>\n\n\n\n<p>La presidente de Comunicadoras Hispanas, Johannie Reyes, coordin\u00f3 este encuentro y estuvo acompa\u00f1ada de los comunicadores cristianos Kenia Montero, pastora y conductora del programa \u201cMujeres Admirables\u201d, Paola Castillo, locutora y periodista, Sara Luna, conductora de \u201cChica Verdadera\u201d, Marlene Luna, conductora de \u201cChica Verdadera\u201d y el tambi\u00e9n psic\u00f3logo, Omar Garc\u00eda.<\/p>\n\n\n\n<figure class=\"wp-block-image size-large\"><img decoding=\"async\" width=\"1022\" height=\"1024\" src=\"https:\/\/lasprimeras.com.do\/wp-content\/uploads\/2024\/09\/WhatsApp-Image-2024-09-25-at-11.26.07-AM-1022x1024.jpeg\" alt=\"\" class=\"wp-image-89446\" srcset=\"https:\/\/lasprimeras.com.do\/wp-content\/uploads\/2024\/09\/WhatsApp-Image-2024-09-25-at-11.26.07-AM-1022x1024.jpeg 1022w, https:\/\/lasprimeras.com.do\/wp-content\/uploads\/2024\/09\/WhatsApp-Image-2024-09-25-at-11.26.07-AM-300x300.jpeg 300w, https:\/\/lasprimeras.com.do\/wp-content\/uploads\/2024\/09\/WhatsApp-Image-2024-09-25-at-11.26.07-AM-150x150.jpeg 150w, https:\/\/lasprimeras.com.do\/wp-content\/uploads\/2024\/09\/WhatsApp-Image-2024-09-25-at-11.26.07-AM-768x770.jpeg 768w, https:\/\/lasprimeras.com.do\/wp-content\/uploads\/2024\/09\/WhatsApp-Image-2024-09-25-at-11.26.07-AM.jpeg 1284w\" sizes=\"(max-width: 1022px) 100vw, 1022px\" \/><\/figure>\n\n\n\n<p>Con el fin de destacar la dispocision de servir al p\u00fablico atraves de esta oficina enlazada al Estado dominicano, los comunicadores trazaron una l\u00ednea clara de su meta en llevar una comunicaci\u00f3n sana y necesaria.<\/p>\n\n\n\n<p>Johannie Reyes expres\u00f3 su agradecimiento a Milc\u00edades Franjul, por recibirlos en su oficina para presentarles temas de intereses y as\u00ed mantener una comunicaci\u00f3n efectiva que conecta a la comunidad de comunicadores cristianos con el gobierno.<\/p>\n","protected":false},"excerpt":{"rendered":"<p>La Confederaci\u00f3n de Comunicadoras Hispanas sostuvo un encuentro con el director de Enlace de las Iglesias con el Poder Ejecutivo, el pastor Milc\u00edades Franjul, en el Palacio Presidencial de la&hellip;<\/p>\n","protected":false},"author":9,"featured_media":89446,"comment_status":"open","ping_status":"open","sticky":false,"template":"","format":"standard","meta":{"content-type":"","jetpack_post_was_ever_published":false,"_jetpack_newsletter_access":"","_jetpack_dont_email_post_to_subs":false,"_jetpack_newsletter_tier_id":0,"_jetpack_memberships_contains_paywalled_content":false,"_jetpack_memberships_contains_paid_content":false,"footnotes":""},"categories":[35,25],"tags":[15623,14572,2086,15624,2545,5671,15625],"class_list":["post-89445","post","type-post","status-publish","format-standard","has-post-thumbnail","hentry","category-nacionales","category-portada","tag-comunicadoras","tag-cristianos","tag-encuentro","tag-hispanas","tag-importancia","tag-influencer","tag-union-2"],"jetpack_featured_media_url":"https:\/\/lasprimeras.com.do\/wp-content\/uploads\/2024\/09\/WhatsApp-Image-2024-09-25-at-11.26.07-AM.jpeg","jetpack-related-posts":[{"id":93645,"url":"https:\/\/lasprimeras.com.do\/index.php\/2025\/02\/15\/yanilda-estrella-reconocida-en-el-congreso-de-los-ee-uu-por-su-impacto-como-hispana-influyente\/","url_meta":{"origin":89445,"position":0},"title":"Yanilda Estrella: Reconocida en el Congreso de los EE.UU por su Impacto como Hispana Influyente","author":"Nelson Feliz","date":"15 de febrero de 2025","format":false,"excerpt":"WASHINGTON, D.C. \u2013 En el marco del 7.\u00ba evento anual Dominicans on the Hill, presentado por el Congresista Dominicano Adriano Espaillat en el Capitolio de los Estados Unidos, Yanilda Estrella particip\u00f3 como una \"Hispanas Influyentes\", en el cual fue seleccionada para compartir su inspiradora historia. Este proyecto, creado por Yaneli\u2026","rel":"","context":"En \u00abINTERNACIONALES\u00bb","block_context":{"text":"INTERNACIONALES","link":"https:\/\/lasprimeras.com.do\/index.php\/category\/sin-categoria\/internacionales\/"},"img":{"alt_text":"","src":"https:\/\/i0.wp.com\/lasprimeras.com.do\/wp-content\/uploads\/2025\/02\/Yanilda-Estrella.jpg?resize=350%2C200&ssl=1","width":350,"height":200,"srcset":"https:\/\/i0.wp.com\/lasprimeras.com.do\/wp-content\/uploads\/2025\/02\/Yanilda-Estrella.jpg?resize=350%2C200&ssl=1 1x, https:\/\/i0.wp.com\/lasprimeras.com.do\/wp-content\/uploads\/2025\/02\/Yanilda-Estrella.jpg?resize=525%2C300&ssl=1 1.5x, https:\/\/i0.wp.com\/lasprimeras.com.do\/wp-content\/uploads\/2025\/02\/Yanilda-Estrella.jpg?resize=700%2C400&ssl=1 2x"},"classes":[]},{"id":89018,"url":"https:\/\/lasprimeras.com.do\/index.php\/2024\/09\/14\/biden-y-harris-participaran-en-la-conferencia-y-gala-anual-del-caucus-hispano-del-congreso\/","url_meta":{"origin":89445,"position":1},"title":"Biden y Harris participar\u00e1n en la conferencia y gala anual del Caucus Hispano del Congreso","author":"Nelson Feliz","date":"14 de septiembre de 2024","format":false,"excerpt":"Washington,(EFE).- El mandatario de Estados Unidos, Joe Biden, y la vicepresidenta y candidata dem\u00f3crata a las elecciones presidenciales, Kamala Harris, participar\u00e1n en la conferencia y la gala anual del Instituto del Caucus Hispano del Congreso (CHCI), que se celebra este septiembre en el marco del mes de la Herencia Hispana.\u2026","rel":"","context":"En \u00abSin categor\u00eda\u00bb","block_context":{"text":"Sin categor\u00eda","link":"https:\/\/lasprimeras.com.do\/index.php\/category\/sin-categoria\/"},"img":{"alt_text":"Kamala Harris","src":"https:\/\/i0.wp.com\/lasprimeras.com.do\/wp-content\/uploads\/2024\/09\/Kamala-Harris-1.jpg?resize=350%2C200&ssl=1","width":350,"height":200,"srcset":"https:\/\/i0.wp.com\/lasprimeras.com.do\/wp-content\/uploads\/2024\/09\/Kamala-Harris-1.jpg?resize=350%2C200&ssl=1 1x, https:\/\/i0.wp.com\/lasprimeras.com.do\/wp-content\/uploads\/2024\/09\/Kamala-Harris-1.jpg?resize=525%2C300&ssl=1 1.5x, https:\/\/i0.wp.com\/lasprimeras.com.do\/wp-content\/uploads\/2024\/09\/Kamala-Harris-1.jpg?resize=700%2C400&ssl=1 2x"},"classes":[]},{"id":122452,"url":"https:\/\/lasprimeras.com.do\/index.php\/2026\/02\/17\/maji-phaneer-contravia-un-llamado-que-se-mantiene-vigente-para-el-liderazgo-cristiano\/","url_meta":{"origin":89445,"position":2},"title":"Maji Phaneer &#8220;Contrav\u00eda&#8221;: Un llamado que se mantiene vigente para el liderazgo cristiano","author":"Nelson Feliz","date":"17 de febrero de 2026","format":false,"excerpt":"La Pastora Maji Phaneer celebr\u00f3 con \u00e9xito el lanzamiento de \u201cContrav\u00eda\", la m\u00e1s reciente obra de la autora. El evento, que tuvo lugar en Spirit Coworking, reuni\u00f3 a l\u00edderes, pastores e influyentes de la comunidad en una jornada que marc\u00f3 el inicio de un movimiento de reforma en el liderazgo\u2026","rel":"","context":"En \u00abENTRETENIMIENTO\u00bb","block_context":{"text":"ENTRETENIMIENTO","link":"https:\/\/lasprimeras.com.do\/index.php\/category\/entretenimiento\/"},"img":{"alt_text":"","src":"https:\/\/i0.wp.com\/lasprimeras.com.do\/wp-content\/uploads\/2026\/02\/Maji-Phaneer-1.jpg?resize=350%2C200&ssl=1","width":350,"height":200,"srcset":"https:\/\/i0.wp.com\/lasprimeras.com.do\/wp-content\/uploads\/2026\/02\/Maji-Phaneer-1.jpg?resize=350%2C200&ssl=1 1x, https:\/\/i0.wp.com\/lasprimeras.com.do\/wp-content\/uploads\/2026\/02\/Maji-Phaneer-1.jpg?resize=525%2C300&ssl=1 1.5x, https:\/\/i0.wp.com\/lasprimeras.com.do\/wp-content\/uploads\/2026\/02\/Maji-Phaneer-1.jpg?resize=700%2C400&ssl=1 2x"},"classes":[]},{"id":94037,"url":"https:\/\/lasprimeras.com.do\/index.php\/2025\/02\/24\/juan-vicini-felicita-a-adriano-espaillat-por-ser-electo-presidente-del-caucus-hispano\/","url_meta":{"origin":89445,"position":3},"title":"Juan Vicini felicita a Adriano Espaillat por ser electo presidente del Caucus Hispano","author":"Nelson Feliz","date":"24 de febrero de 2025","format":false,"excerpt":"Washington D.C., El empresario dominicano Juan Bautista Vicini felicit\u00f3 al congresista del Distrito 13 de New York Adriano Espaillat por llevar a cabo la 7ma edici\u00f3n del evento dominicanos en el Capitolio. Vicini afirm\u00f3 que el evento Dominicanos en el Capitolio es una muestra fehaciente del liderazgo de Adriano Espaillat\u2026","rel":"","context":"En \u00abECONOM\u00cdA\u00bb","block_context":{"text":"ECONOM\u00cdA","link":"https:\/\/lasprimeras.com.do\/index.php\/category\/economia\/"},"img":{"alt_text":"","src":"https:\/\/i0.wp.com\/lasprimeras.com.do\/wp-content\/uploads\/2025\/02\/Juan-Vicini.jpg?resize=350%2C200&ssl=1","width":350,"height":200,"srcset":"https:\/\/i0.wp.com\/lasprimeras.com.do\/wp-content\/uploads\/2025\/02\/Juan-Vicini.jpg?resize=350%2C200&ssl=1 1x, https:\/\/i0.wp.com\/lasprimeras.com.do\/wp-content\/uploads\/2025\/02\/Juan-Vicini.jpg?resize=525%2C300&ssl=1 1.5x, https:\/\/i0.wp.com\/lasprimeras.com.do\/wp-content\/uploads\/2025\/02\/Juan-Vicini.jpg?resize=700%2C400&ssl=1 2x"},"classes":[]},{"id":109660,"url":"https:\/\/lasprimeras.com.do\/index.php\/2025\/09\/21\/iglesia-cristiana-honrara-la-memoria-de-la-recien-fallecida-periodista-arismalia-perez-bautista\/","url_meta":{"origin":89445,"position":4},"title":"Iglesia Cristiana honrar\u00e1 la memoria de la reci\u00e9n fallecida periodista Arismalia P\u00e9rez Bautista","author":"Nelson Feliz","date":"21 de septiembre de 2025","format":false,"excerpt":"La Iglesia Cristiana realizar\u00e1 un memorial el lunes 22 de septiembre de 2025 a las seis de la tarde, en honor la joven periodista Arismalia P\u00e9rez Bautista, quien falleci\u00f3 tras un accidente de tr\u00e1nsito ocurrido en la avenida Los Pr\u00f3ceres el viernes 12 de septiembre, fecha en que celebraba su\u2026","rel":"","context":"En \u00abNACIONALES\u00bb","block_context":{"text":"NACIONALES","link":"https:\/\/lasprimeras.com.do\/index.php\/category\/nacionales\/"},"img":{"alt_text":"","src":"https:\/\/i0.wp.com\/lasprimeras.com.do\/wp-content\/uploads\/2025\/09\/Arismalia-Perez-Bautista.jpg?resize=350%2C200&ssl=1","width":350,"height":200,"srcset":"https:\/\/i0.wp.com\/lasprimeras.com.do\/wp-content\/uploads\/2025\/09\/Arismalia-Perez-Bautista.jpg?resize=350%2C200&ssl=1 1x, https:\/\/i0.wp.com\/lasprimeras.com.do\/wp-content\/uploads\/2025\/09\/Arismalia-Perez-Bautista.jpg?resize=525%2C300&ssl=1 1.5x, https:\/\/i0.wp.com\/lasprimeras.com.do\/wp-content\/uploads\/2025\/09\/Arismalia-Perez-Bautista.jpg?resize=700%2C400&ssl=1 2x"},"classes":[]},{"id":62846,"url":"https:\/\/lasprimeras.com.do\/index.php\/2023\/10\/08\/vicepresidenta-concluye-agenda-en-espana-y-retorna-a-santo-domingo\/","url_meta":{"origin":89445,"position":5},"title":"Vicepresidenta concluye agenda en Espa\u00f1a y retorna a Santo Domingo","author":"Nelson Feliz","date":"8 de octubre de 2023","format":false,"excerpt":"Vicepresidenta dominicana particip\u00f3 en los eventos relacionados a la celebraci\u00f3n de la Semana de la Hispanidad 2023. Madrid, Espa\u00f1a.- La vicepresidenta de la Rep\u00fablica Dominicana, Raquel Pe\u00f1a, visit\u00f3 la exposici\u00f3n \u201cReflejos del Caribe\u201d, organizada por la Embajada de la Rep\u00fablica Dominicana ante el Reino de Espa\u00f1a, efectuada en la galer\u00eda\u2026","rel":"","context":"En \u00abPORTADA\u00bb","block_context":{"text":"PORTADA","link":"https:\/\/lasprimeras.com.do\/index.php\/category\/portada\/"},"img":{"alt_text":"Raquel Pe\u00f1a","src":"https:\/\/i0.wp.com\/lasprimeras.com.do\/wp-content\/uploads\/2023\/10\/Raquel-Pena-1-1.jpg?resize=350%2C200&ssl=1","width":350,"height":200,"srcset":"https:\/\/i0.wp.com\/lasprimeras.com.do\/wp-content\/uploads\/2023\/10\/Raquel-Pena-1-1.jpg?resize=350%2C200&ssl=1 1x, https:\/\/i0.wp.com\/lasprimeras.com.do\/wp-content\/uploads\/2023\/10\/Raquel-Pena-1-1.jpg?resize=525%2C300&ssl=1 1.5x, https:\/\/i0.wp.com\/lasprimeras.com.do\/wp-content\/uploads\/2023\/10\/Raquel-Pena-1-1.jpg?resize=700%2C400&ssl=1 2x"},"classes":[]}],"jetpack_sharing_enabled":true,"_links":{"self":[{"href":"https:\/\/lasprimeras.com.do\/index.php\/wp-json\/wp\/v2\/posts\/89445","targetHints":{"allow":["GET"]}}],"collection":[{"href":"https:\/\/lasprimeras.com.do\/index.php\/wp-json\/wp\/v2\/posts"}],"about":[{"href":"https:\/\/lasprimeras.com.do\/index.php\/wp-json\/wp\/v2\/types\/post"}],"author":[{"embeddable":true,"href":"https:\/\/lasprimeras.com.do\/index.php\/wp-json\/wp\/v2\/users\/9"}],"replies":[{"embeddable":true,"href":"https:\/\/lasprimeras.com.do\/index.php\/wp-json\/wp\/v2\/comments?post=89445"}],"version-history":[{"count":1,"href":"https:\/\/lasprimeras.com.do\/index.php\/wp-json\/wp\/v2\/posts\/89445\/revisions"}],"predecessor-version":[{"id":89447,"href":"https:\/\/lasprimeras.com.do\/index.php\/wp-json\/wp\/v2\/posts\/89445\/revisions\/89447"}],"wp:featuredmedia":[{"embeddable":true,"href":"https:\/\/lasprimeras.com.do\/index.php\/wp-json\/wp\/v2\/media\/89446"}],"wp:attachment":[{"href":"https:\/\/lasprimeras.com.do\/index.php\/wp-json\/wp\/v2\/media?parent=89445"}],"wp:term":[{"taxonomy":"category","embeddable":true,"href":"https:\/\/lasprimeras.com.do\/index.php\/wp-json\/wp\/v2\/categories?post=89445"},{"taxonomy":"post_tag","embeddable":true,"href":"https:\/\/lasprimeras.com.do\/index.php\/wp-json\/wp\/v2\/tags?post=89445"}],"curies":[{"name":"wp","href":"https:\/\/api.w.org\/{rel}","templated":true}]}}