{"id":89448,"date":"2024-09-25T10:44:39","date_gmt":"2024-09-25T14:44:39","guid":{"rendered":"https:\/\/lasprimeras.com.do\/?p=89448"},"modified":"2024-09-25T10:44:40","modified_gmt":"2024-09-25T14:44:40","slug":"edwin-encarnacion-la-mayoria-de-muchachos-no-llegan-por-falta-de-disciplina","status":"publish","type":"post","link":"https:\/\/lasprimeras.com.do\/index.php\/2024\/09\/25\/edwin-encarnacion-la-mayoria-de-muchachos-no-llegan-por-falta-de-disciplina\/","title":{"rendered":"Edwin Encarnaci\u00f3n: \u201cLa mayor\u00eda de muchachos no llegan por falta de disciplina\u201d"},"content":{"rendered":"\n<p><br>\u200bSanto Domingo.- El expelotero de Grandes Ligas y empresario Edwin Encarnaci\u00f3n revel\u00f3 que el trabajo fue la clave para lograr el \u00e9xito del que disfruta actualmente.<\/p>\n\n\n\n<p>Al ser entrevistado por Juan Carlos Guilbe para el programa \u201cFinanzas con humor\u201d, el Al Bat, Edwin Encarnaci\u00f3n, revel\u00f3 que forj\u00f3 una fortuna de casi $124 millones de d\u00f3lares durante sus 16 temporadas en Grandes Ligas.<\/p>\n\n\n\n<p>Asimismo, explic\u00f3 el sacrificio que hizo para trabajar constantemente en sus objetivos jugaron un rol primordial en el desarrollo de su patrimonio, en la entrevista que puede verse en extenso en el canal de YouTube Finanzas con Humor.<\/p>\n\n\n\n<p>Edwin Encarnaci\u00f3n, quien cuenta con una prol\u00edfica carrera en el b\u00e9isbol, se\u00f1ala que su \u00e9xito no fue solo por su talento, sino por ser un jugador disciplinado.<\/p>\n\n\n\n<p>&#8220;La mayor\u00eda de muchachos no llegan por falta de disciplina, no tienen esa disciplina, tienen el talento, pero no la disciplina y si t\u00fa unes a un talento sin disciplina, no est\u00e1 en nada. Ahora, t\u00fa tienes el talento y tiene la disciplina vas a llegar lejos y eso es lo que le falta a muchos muchachos j\u00f3venes que firman hoy en d\u00eda&#8221;, explic\u00f3.<\/p>\n\n\n\n<p>A la par de la disciplina, Edwin Encarnaci\u00f3n, ostenta otros valores importantes que contribuyeron a formarlo profesionalmente, Adem\u00e1s de contar con la ayuda de su esposa, la comunicadora Karen Yapoort, en el manejo de sus finanzas,<br>\u200b<br>\u200b&#8221;Yo creo mucho en el trabajo porque me funcion\u00f3, si t\u00fa trabajas, si t\u00fa te sacrificas, si t\u00fa pones de tu parte, yo creo que t\u00fa puedes llegar lejos, porque es que el trabajo marca la diferencia entre el que trabaja y el que no trabaja, t\u00fa te das cuenta. Y yo que lo viv\u00ed, creo que ese ha sido mi \u00e9xito, el trabajo y el sacrificio que yo tuve&#8221;, afirm\u00f3.<\/p>\n","protected":false},"excerpt":{"rendered":"<p>\u200bSanto Domingo.- El expelotero de Grandes Ligas y empresario Edwin Encarnaci\u00f3n revel\u00f3 que el trabajo fue la clave para lograr el \u00e9xito del que disfruta actualmente. Al ser entrevistado por&hellip;<\/p>\n","protected":false},"author":9,"featured_media":89449,"comment_status":"open","ping_status":"open","sticky":false,"template":"","format":"standard","meta":{"content-type":"","jetpack_post_was_ever_published":false,"_jetpack_newsletter_access":"","_jetpack_dont_email_post_to_subs":false,"_jetpack_newsletter_tier_id":0,"_jetpack_memberships_contains_paywalled_content":false,"_jetpack_memberships_contains_paid_content":false,"footnotes":""},"categories":[35],"tags":[12442,15627,487,15626,2320,15629,11108,967],"class_list":["post-89448","post","type-post","status-publish","format-standard","has-post-thumbnail","hentry","category-nacionales","tag-disciplina","tag-dolares-2","tag-dominicanos","tag-edwin","tag-empresario","tag-explica","tag-peloteros","tag-trabajo"],"jetpack_featured_media_url":"https:\/\/lasprimeras.com.do\/wp-content\/uploads\/2024\/09\/WhatsApp-Image-2024-09-25-at-11.42.35-AM.jpeg","jetpack-related-posts":[{"id":61610,"url":"https:\/\/lasprimeras.com.do\/index.php\/2023\/09\/28\/edwin-encarnacion-y-karen-yaport-con-expectativas-ante-primer-concierto-en-su-hotel\/","url_meta":{"origin":89448,"position":0},"title":"Edwin Encarnaci\u00f3n y Karen Yaport con expectativas ante primer concierto en su hotel","author":"Nelson Feliz","date":"28 de septiembre de 2023","format":false,"excerpt":"Es el primer gran concierto que se celebra en el hotel Hilton Garden Inn de La Romana, adquirido por Edwin Encarnaci\u00f3n. Karen Yaport y Edwin encarnaci\u00f3n tienen grandes expectativas con el concierto que dar\u00e1 Wason Brazob\u00e1n en el hotel Hilton Garden Inn de La Romana, el s\u00e1bado 21 de octubre.\u2026","rel":"","context":"En \u00abENTRETENIMIENTO\u00bb","block_context":{"text":"ENTRETENIMIENTO","link":"https:\/\/lasprimeras.com.do\/index.php\/category\/entretenimiento\/"},"img":{"alt_text":"Wason Brazoban","src":"https:\/\/i0.wp.com\/lasprimeras.com.do\/wp-content\/uploads\/2023\/09\/Wason-Brazoban.jpg?resize=350%2C200&ssl=1","width":350,"height":200},"classes":[]},{"id":73405,"url":"https:\/\/lasprimeras.com.do\/index.php\/2024\/01\/10\/el-presidente-abinader-se-reune-con-figuras-de-las-grandes-ligas\/","url_meta":{"origin":89448,"position":1},"title":"El presidente Abinader se re\u00fane con figuras de las Grandes Ligas","author":"BIMARY DE JES\u00daS Matos","date":"10 de enero de 2024","format":false,"excerpt":"SANTO DOMINGO.- El presidente Luis Abinader recibi\u00f3 este martes en la sede de Gobierno a beisbolistas de su pa\u00eds que destacan en las Grandes Ligas, a quienes garantiz\u00f3 su apoyo en varias iniciativas que le presentaron para el desarrollo de ese deporte, el m\u00e1s popular en la naci\u00f3n caribe\u00f1a. \u00abEs\u2026","rel":"","context":"En \u00abSin categor\u00eda\u00bb","block_context":{"text":"Sin categor\u00eda","link":"https:\/\/lasprimeras.com.do\/index.php\/category\/sin-categoria\/"},"img":{"alt_text":"","src":"https:\/\/i0.wp.com\/lasprimeras.com.do\/wp-content\/uploads\/2024\/01\/En-Ecuador-encapuchados-armados-tomaron-canal-de-television-mientras-transmitia-en-vivo-3-2.png?resize=350%2C200&ssl=1","width":350,"height":200,"srcset":"https:\/\/i0.wp.com\/lasprimeras.com.do\/wp-content\/uploads\/2024\/01\/En-Ecuador-encapuchados-armados-tomaron-canal-de-television-mientras-transmitia-en-vivo-3-2.png?resize=350%2C200&ssl=1 1x, https:\/\/i0.wp.com\/lasprimeras.com.do\/wp-content\/uploads\/2024\/01\/En-Ecuador-encapuchados-armados-tomaron-canal-de-television-mientras-transmitia-en-vivo-3-2.png?resize=525%2C300&ssl=1 1.5x"},"classes":[]},{"id":107490,"url":"https:\/\/lasprimeras.com.do\/index.php\/2025\/08\/27\/regidor-el-prm-en-san-juan-pasa-a-las-filas-del-pld\/","url_meta":{"origin":89448,"position":2},"title":"Regidor el PRM en San Juan pasa a las filas del PLD","author":"Nelson Feliz","date":"27 de agosto de 2025","format":false,"excerpt":"Regidor del PRM, Salvador Ram\u00edrez (Cueco) de El Rosario, San Juan de la Maguana, regresa al Partido de la Liberaci\u00f3n Dominicana (PLD) En un acto celebrado en el local del Partido de la Liberaci\u00f3n Dominicana (PLD), el regidor del distrito municipal El Rosario por el Partido Revolucionario Moderno (PRM), Salvador\u2026","rel":"","context":"En \u00abPOLITICA\u00bb","block_context":{"text":"POLITICA","link":"https:\/\/lasprimeras.com.do\/index.php\/category\/politica\/"},"img":{"alt_text":"","src":"https:\/\/i0.wp.com\/lasprimeras.com.do\/wp-content\/uploads\/2025\/08\/Salvador-Ramirez-2.jpg?resize=350%2C200&ssl=1","width":350,"height":200,"srcset":"https:\/\/i0.wp.com\/lasprimeras.com.do\/wp-content\/uploads\/2025\/08\/Salvador-Ramirez-2.jpg?resize=350%2C200&ssl=1 1x, https:\/\/i0.wp.com\/lasprimeras.com.do\/wp-content\/uploads\/2025\/08\/Salvador-Ramirez-2.jpg?resize=525%2C300&ssl=1 1.5x, https:\/\/i0.wp.com\/lasprimeras.com.do\/wp-content\/uploads\/2025\/08\/Salvador-Ramirez-2.jpg?resize=700%2C400&ssl=1 2x"},"classes":[]},{"id":94507,"url":"https:\/\/lasprimeras.com.do\/index.php\/2025\/03\/02\/albert-pujols-sera-el-manager-del-equipo-dominicano-para-el-clasico-mundial-de-beisbol-2026\/","url_meta":{"origin":89448,"position":3},"title":"Albert Pujols ser\u00e1 el manager del equipo dominicano para el Cl\u00e1sico Mundial de B\u00e9isbol 2026","author":"Nelson Feliz","date":"2 de marzo de 2025","format":false,"excerpt":"El gerente general de la selecci\u00f3n dominicana para el Cl\u00e1sico Mundial de B\u00e9isbol 2026, Nelson Cruz, junto al comit\u00e9 de trabajo integrado por grandes leyendas del b\u00e9isbol, anunciaron la escogencia a unanimidad de Albert Pujols como m\u00e1nager del equipo. Durante el anuncio, Cruz destac\u00f3 que la elecci\u00f3n de Pujols se\u2026","rel":"","context":"En \u00abDEPORTES\u00bb","block_context":{"text":"DEPORTES","link":"https:\/\/lasprimeras.com.do\/index.php\/category\/deportes\/"},"img":{"alt_text":"","src":"https:\/\/i0.wp.com\/lasprimeras.com.do\/wp-content\/uploads\/2025\/03\/Albert-Pujols.jpg?resize=350%2C200&ssl=1","width":350,"height":200,"srcset":"https:\/\/i0.wp.com\/lasprimeras.com.do\/wp-content\/uploads\/2025\/03\/Albert-Pujols.jpg?resize=350%2C200&ssl=1 1x, https:\/\/i0.wp.com\/lasprimeras.com.do\/wp-content\/uploads\/2025\/03\/Albert-Pujols.jpg?resize=525%2C300&ssl=1 1.5x, https:\/\/i0.wp.com\/lasprimeras.com.do\/wp-content\/uploads\/2025\/03\/Albert-Pujols.jpg?resize=700%2C400&ssl=1 2x"},"classes":[]},{"id":50272,"url":"https:\/\/lasprimeras.com.do\/index.php\/2023\/05\/18\/asomoedo-elige-a-edwin-alberto-martinez-como-su-nuevo-presidente\/","url_meta":{"origin":89448,"position":4},"title":"ASOMOEDO elige a Edwin Alberto Mart\u00ednez como su nuevo presidente","author":"prenxa100","date":"18 de mayo de 2023","format":false,"excerpt":"Santo Domingo.- La Asociaci\u00f3n de Movilidad El\u00e9ctrica Dominicana (ASOMOEDO) celebr\u00f3 recientemente su Asamblea General donde result\u00f3 electo a unanimidad a Edwin Alberto Mart\u00ednez como su nuevo Presidente y al Ingeniero Carlos Lantigua como Vicepresidente. Edwin Alberto Mart\u00ednez, agradeci\u00f3 a todos los miembros de la Asociaci\u00f3n la confianza depositada en su\u2026","rel":"","context":"En \u00abNACIONALES\u00bb","block_context":{"text":"NACIONALES","link":"https:\/\/lasprimeras.com.do\/index.php\/category\/nacionales\/"},"img":{"alt_text":"","src":"","width":0,"height":0},"classes":[]},{"id":69551,"url":"https:\/\/lasprimeras.com.do\/index.php\/2023\/12\/04\/edwin-espinal-gana-el-festival-de-jonrones-fin-semana-de-leyendas\/","url_meta":{"origin":89448,"position":5},"title":"Edwin Espinal gana el Festival de Jonrones Fin Semana de Leyendas","author":"BIMARY DE JES\u00daS Matos","date":"4 de diciembre de 2023","format":false,"excerpt":"SANTO DOMINGO.- El inicialista y bateador designado Edwin Espinal mostr\u00f3 el poder de su bate este domingo en la final Junior Caminero para conquistar el Festival de Jonrones del Fin del Juego de Leyenda, celebrado en el estadio Cibao. Espinal, de los Gigantes del Cibao, super\u00f3 en la final a\u2026","rel":"","context":"En \u00abSin categor\u00eda\u00bb","block_context":{"text":"Sin categor\u00eda","link":"https:\/\/lasprimeras.com.do\/index.php\/category\/sin-categoria\/"},"img":{"alt_text":"","src":"https:\/\/i0.wp.com\/lasprimeras.com.do\/wp-content\/uploads\/2023\/12\/Nuestro-Mundo-8-6.jpg?resize=350%2C200&ssl=1","width":350,"height":200,"srcset":"https:\/\/i0.wp.com\/lasprimeras.com.do\/wp-content\/uploads\/2023\/12\/Nuestro-Mundo-8-6.jpg?resize=350%2C200&ssl=1 1x, https:\/\/i0.wp.com\/lasprimeras.com.do\/wp-content\/uploads\/2023\/12\/Nuestro-Mundo-8-6.jpg?resize=525%2C300&ssl=1 1.5x"},"classes":[]}],"jetpack_sharing_enabled":true,"_links":{"self":[{"href":"https:\/\/lasprimeras.com.do\/index.php\/wp-json\/wp\/v2\/posts\/89448","targetHints":{"allow":["GET"]}}],"collection":[{"href":"https:\/\/lasprimeras.com.do\/index.php\/wp-json\/wp\/v2\/posts"}],"about":[{"href":"https:\/\/lasprimeras.com.do\/index.php\/wp-json\/wp\/v2\/types\/post"}],"author":[{"embeddable":true,"href":"https:\/\/lasprimeras.com.do\/index.php\/wp-json\/wp\/v2\/users\/9"}],"replies":[{"embeddable":true,"href":"https:\/\/lasprimeras.com.do\/index.php\/wp-json\/wp\/v2\/comments?post=89448"}],"version-history":[{"count":1,"href":"https:\/\/lasprimeras.com.do\/index.php\/wp-json\/wp\/v2\/posts\/89448\/revisions"}],"predecessor-version":[{"id":89450,"href":"https:\/\/lasprimeras.com.do\/index.php\/wp-json\/wp\/v2\/posts\/89448\/revisions\/89450"}],"wp:featuredmedia":[{"embeddable":true,"href":"https:\/\/lasprimeras.com.do\/index.php\/wp-json\/wp\/v2\/media\/89449"}],"wp:attachment":[{"href":"https:\/\/lasprimeras.com.do\/index.php\/wp-json\/wp\/v2\/media?parent=89448"}],"wp:term":[{"taxonomy":"category","embeddable":true,"href":"https:\/\/lasprimeras.com.do\/index.php\/wp-json\/wp\/v2\/categories?post=89448"},{"taxonomy":"post_tag","embeddable":true,"href":"https:\/\/lasprimeras.com.do\/index.php\/wp-json\/wp\/v2\/tags?post=89448"}],"curies":[{"name":"wp","href":"https:\/\/api.w.org\/{rel}","templated":true}]}}