{"id":89451,"date":"2024-09-25T14:46:58","date_gmt":"2024-09-25T18:46:58","guid":{"rendered":"https:\/\/lasprimeras.com.do\/?p=89451"},"modified":"2024-09-25T14:47:01","modified_gmt":"2024-09-25T18:47:01","slug":"pronostican-lluvias-por-vaguada","status":"publish","type":"post","link":"https:\/\/lasprimeras.com.do\/index.php\/2024\/09\/25\/pronostican-lluvias-por-vaguada\/","title":{"rendered":"Pronostican lluvias por vaguada"},"content":{"rendered":"\n<p>Una vaguada en altura producir\u00e1 aguaceros con tronadas en varias provincias en horas de la tarde, pero el calor continuar\u00e1 sobre el territorio dominicano.<\/p>\n\n\n\n<p>El Instituto Dominicano de Meteorolog\u00eda (Indomet) inform\u00f3 que durante las horas matutinas se observar\u00e1 un panorama estable y de pocas lluvias sobre gran parte de la geograf\u00eda nacional.<\/p>\n\n\n\n<p>En tanto que durante el transcurso de la tarde y las primeras horas de la noche de este mi\u00e9rcoles se estar\u00e1n presentando concentraciones nubosas que provocar\u00e1n aguaceros de moderados a fuertes hacia sectores del sureste, noreste, cordillera Central y la zona fronteriza en provincias como La Altagracia, El Seibo, Hato Mayor, Monte Plata, Monse\u00f1or Nouel, La Vega, Santiago y Santiago Rodr\u00edguez, debido a los efectos del viento del este y una vaguada.<\/p>\n\n\n\n<p>En tanto que en el Distrito Nacional se prev\u00e9n nubes dispersas y caluroso.<\/p>\n\n\n\n<p>Calor<br>En el Gran Santo Domingo se espera una temperatura m\u00ednima entre 23 \u00b0C y 25 \u00b0C y m\u00e1xima entre 33 \u00b0C y 35 \u00b0C.<\/p>\n","protected":false},"excerpt":{"rendered":"<p>Una vaguada en altura producir\u00e1 aguaceros con tronadas en varias provincias en horas de la tarde, pero el calor continuar\u00e1 sobre el territorio dominicano. El Instituto Dominicano de Meteorolog\u00eda (Indomet)&hellip;<\/p>\n","protected":false},"author":9,"featured_media":89452,"comment_status":"open","ping_status":"open","sticky":false,"template":"","format":"standard","meta":{"content-type":"","jetpack_post_was_ever_published":false,"_jetpack_newsletter_access":"","_jetpack_dont_email_post_to_subs":false,"_jetpack_newsletter_tier_id":0,"_jetpack_memberships_contains_paywalled_content":false,"_jetpack_memberships_contains_paid_content":false,"footnotes":""},"categories":[35,25],"tags":[15631,2130,15630,15632,10528,1298,13951,4312,1518],"class_list":["post-89451","post","type-post","status-publish","format-standard","has-post-thumbnail","hentry","category-nacionales","category-portada","tag-debido","tag-lluvias","tag-maxima","tag-miercoles-2","tag-moderados","tag-monte-plata","tag-sd","tag-temperatura","tag-vaguada"],"jetpack_featured_media_url":"https:\/\/lasprimeras.com.do\/wp-content\/uploads\/2024\/09\/vaguada.jpg","jetpack-related-posts":[{"id":81668,"url":"https:\/\/lasprimeras.com.do\/index.php\/2024\/04\/23\/onamet-pone-en-alertas-para-16-provincias-por-aguaceros-con-tormentas-electricas\/","url_meta":{"origin":89451,"position":0},"title":"Onamet pone en alertas para 16 provincias por aguaceros con tormentas el\u00e9ctricas","author":"Nelson Feliz","date":"23 de abril de 2024","format":false,"excerpt":"La Oficina Nacional de Meteorolog\u00eda informo que durante la madrugada seguir\u00e1 ocurriendo nublados acompa\u00f1ados de aguaceros, que pueden ser moderados a fuerte en ocasiones, acompa\u00f1ados de tormentas electrices y r\u00e1fagas de viento aunque en menor intensidad. Las aguaceros afectaran provincias como: La Altagracia, El Seibo, Hato Mayor, La Romana, Monte\u2026","rel":"","context":"En \u00abNACIONALES\u00bb","block_context":{"text":"NACIONALES","link":"https:\/\/lasprimeras.com.do\/index.php\/category\/nacionales\/"},"img":{"alt_text":"","src":"https:\/\/i0.wp.com\/lasprimeras.com.do\/wp-content\/uploads\/2023\/10\/WhatsApp-Image-2023-10-04-at-5.20.12-PM-2.webp?resize=350%2C200&ssl=1","width":350,"height":200,"srcset":"https:\/\/i0.wp.com\/lasprimeras.com.do\/wp-content\/uploads\/2023\/10\/WhatsApp-Image-2023-10-04-at-5.20.12-PM-2.webp?resize=350%2C200&ssl=1 1x, https:\/\/i0.wp.com\/lasprimeras.com.do\/wp-content\/uploads\/2023\/10\/WhatsApp-Image-2023-10-04-at-5.20.12-PM-2.webp?resize=525%2C300&ssl=1 1.5x, https:\/\/i0.wp.com\/lasprimeras.com.do\/wp-content\/uploads\/2023\/10\/WhatsApp-Image-2023-10-04-at-5.20.12-PM-2.webp?resize=700%2C400&ssl=1 2x, https:\/\/i0.wp.com\/lasprimeras.com.do\/wp-content\/uploads\/2023\/10\/WhatsApp-Image-2023-10-04-at-5.20.12-PM-2.webp?resize=1050%2C600&ssl=1 3x"},"classes":[]},{"id":128237,"url":"https:\/\/lasprimeras.com.do\/index.php\/2026\/04\/21\/aumento-de-las-lluvias-en-las-proximas-24-a-72-horas-por-vaguada-y-sistema-frontal\/","url_meta":{"origin":89451,"position":1},"title":"Aumento de las lluvias en las pr\u00f3ximas 24 a 72 horas por vaguada y sistema frontal","author":"Nelson Feliz","date":"21 de abril de 2026","format":false,"excerpt":"- Se mantienen los niveles de alertas meteorol\u00f3gicas El Instituto Dominicano de Meteorogia inform\u00f3 hoy que desde tempranas horas se han estado presentando precipitaciones dispersas en algunos poblados de la costa caribe\u00f1a y en otras localidades como Saman\u00e1 y Mar\u00eda Trinidad S\u00e1nchez, debido al viento del sureste. Para la tarde,\u2026","rel":"","context":"En \u00abCLIMA\u00bb","block_context":{"text":"CLIMA","link":"https:\/\/lasprimeras.com.do\/index.php\/category\/clima\/"},"img":{"alt_text":"","src":"https:\/\/i0.wp.com\/lasprimeras.com.do\/wp-content\/uploads\/2025\/08\/LLUVIAS.jpg?resize=350%2C200&ssl=1","width":350,"height":200,"srcset":"https:\/\/i0.wp.com\/lasprimeras.com.do\/wp-content\/uploads\/2025\/08\/LLUVIAS.jpg?resize=350%2C200&ssl=1 1x, https:\/\/i0.wp.com\/lasprimeras.com.do\/wp-content\/uploads\/2025\/08\/LLUVIAS.jpg?resize=525%2C300&ssl=1 1.5x, https:\/\/i0.wp.com\/lasprimeras.com.do\/wp-content\/uploads\/2025\/08\/LLUVIAS.jpg?resize=700%2C400&ssl=1 2x"},"classes":[]},{"id":126952,"url":"https:\/\/lasprimeras.com.do\/index.php\/2026\/04\/07\/continuaran-los-aguaceros-por-la-incidencia-de-la-vaguada-se-mantienen-los-niveles-de-alertas\/","url_meta":{"origin":89451,"position":2},"title":"Continuar\u00e1n los aguaceros por la incidencia de la vaguada, se mantienen los niveles de alertas","author":"Nelson Feliz","date":"7 de abril de 2026","format":false,"excerpt":"El Instituto Dominicano de Meteorogia inform\u00f3 que desde la madrugada, se han estado generando lluvias de moderadas a fuertes, sobre localidades de La Romana, San Pedro de Macor\u00eds, Santo Domingo, San Crist\u00f3bal, Peravia, Azua y Barahona, se prev\u00e9 que esta actividad contin\u00fae hasta primeras horas de la ma\u00f1ana, ya que\u2026","rel":"","context":"En \u00abCLIMA\u00bb","block_context":{"text":"CLIMA","link":"https:\/\/lasprimeras.com.do\/index.php\/category\/clima\/"},"img":{"alt_text":"","src":"https:\/\/i0.wp.com\/lasprimeras.com.do\/wp-content\/uploads\/2023\/07\/lluvias-1.jpg?resize=350%2C200&ssl=1","width":350,"height":200,"srcset":"https:\/\/i0.wp.com\/lasprimeras.com.do\/wp-content\/uploads\/2023\/07\/lluvias-1.jpg?resize=350%2C200&ssl=1 1x, https:\/\/i0.wp.com\/lasprimeras.com.do\/wp-content\/uploads\/2023\/07\/lluvias-1.jpg?resize=525%2C300&ssl=1 1.5x"},"classes":[]},{"id":127054,"url":"https:\/\/lasprimeras.com.do\/index.php\/2026\/04\/08\/persistiran-las-fuertes-lluvias-en-varias-provincias-del-pais-debido-a-la-incidencia-de-una-vaguada\/","url_meta":{"origin":89451,"position":3},"title":"Persistiran las fuertes lluvias en varias provincias del pa\u00eds, debido a la incidencia de una vaguada","author":"Nelson Feliz","date":"8 de abril de 2026","format":false,"excerpt":"El Instituto Dominicano de Meteorogia inform\u00f3 hoy mi\u00e9rcoles, desde tempranas horas del d\u00eda, continuamos bajo condiciones meteorol\u00f3gicas favorables para que sigan las precipitaciones en varias provincias del territorio nacional. En consecuencia, seguir\u00e1n ocurriendo durante el transcurso del d\u00eda y las primeras horas de la noche, lluvias continuas, moderadas a fuertes\u2026","rel":"","context":"En \u00abCLIMA\u00bb","block_context":{"text":"CLIMA","link":"https:\/\/lasprimeras.com.do\/index.php\/category\/clima\/"},"img":{"alt_text":"","src":"https:\/\/i0.wp.com\/lasprimeras.com.do\/wp-content\/uploads\/2025\/06\/INUNDACIONES.jpg?resize=350%2C200&ssl=1","width":350,"height":200,"srcset":"https:\/\/i0.wp.com\/lasprimeras.com.do\/wp-content\/uploads\/2025\/06\/INUNDACIONES.jpg?resize=350%2C200&ssl=1 1x, https:\/\/i0.wp.com\/lasprimeras.com.do\/wp-content\/uploads\/2025\/06\/INUNDACIONES.jpg?resize=525%2C300&ssl=1 1.5x, https:\/\/i0.wp.com\/lasprimeras.com.do\/wp-content\/uploads\/2025\/06\/INUNDACIONES.jpg?resize=700%2C400&ssl=1 2x"},"classes":[]},{"id":91124,"url":"https:\/\/lasprimeras.com.do\/index.php\/2024\/11\/10\/onda-tropical-y-vaguada-produciran-aguaceros-tormentas-electricas-en-las-proximas-24-a-48-horas\/","url_meta":{"origin":89451,"position":4},"title":"Onda Tropical y Vaguada producir\u00e1n aguaceros, tormentas el\u00e9ctricas en las pr\u00f3ximas 24 a 48 horas","author":"Nelson Feliz","date":"10 de noviembre de 2024","format":false,"excerpt":"Varias provincias en alertas y avisos meteorol\u00f3gicos. El Instituto Dominicano de Meteorolog\u00eda (INDOMET) informo hoy producto de la inestabilidad de la vaguada y la humedad de la onda tropical, desde la madrugada ocurren nublados con lluvias, tronadas y aisladas r\u00e1fagas de viento, en puntos del sureste caribe\u00f1o y nordeste Atl\u00e1ntico;\u2026","rel":"","context":"En \u00abNACIONALES\u00bb","block_context":{"text":"NACIONALES","link":"https:\/\/lasprimeras.com.do\/index.php\/category\/nacionales\/"},"img":{"alt_text":"","src":"https:\/\/i0.wp.com\/lasprimeras.com.do\/wp-content\/uploads\/2023\/07\/lluvias-1.jpg?resize=350%2C200&ssl=1","width":350,"height":200,"srcset":"https:\/\/i0.wp.com\/lasprimeras.com.do\/wp-content\/uploads\/2023\/07\/lluvias-1.jpg?resize=350%2C200&ssl=1 1x, https:\/\/i0.wp.com\/lasprimeras.com.do\/wp-content\/uploads\/2023\/07\/lluvias-1.jpg?resize=525%2C300&ssl=1 1.5x"},"classes":[]},{"id":84259,"url":"https:\/\/lasprimeras.com.do\/index.php\/2024\/06\/04\/vaguada-y-onda-tropical-seguiran-provocando-lluvias-y-fuertes-vientos-hoy\/","url_meta":{"origin":89451,"position":5},"title":"Vaguada y onda tropical seguir\u00e1n provocando lluvias y fuertes vientos hoy","author":"Nelson Feliz","date":"4 de junio de 2024","format":false,"excerpt":"En su \u00faltimo bolet\u00edn, el Centro de Operaciones de Emergencias (COE) inform\u00f3 que hay 13 provincias bajo alerta amarilla, mientras el resto del pa\u00eds se mantiene en alerta verde. La Oficina Nacional de Meteorolog\u00eda (ONAMET) inform\u00f3 que para este martes se mantendr\u00e1n las lluvias acompa\u00f1adas de r\u00e1fagas de viento debido\u2026","rel":"","context":"En \u00abNACIONALES\u00bb","block_context":{"text":"NACIONALES","link":"https:\/\/lasprimeras.com.do\/index.php\/category\/nacionales\/"},"img":{"alt_text":"","src":"https:\/\/i0.wp.com\/lasprimeras.com.do\/wp-content\/uploads\/2023\/07\/lluvias-1.jpg?resize=350%2C200&ssl=1","width":350,"height":200,"srcset":"https:\/\/i0.wp.com\/lasprimeras.com.do\/wp-content\/uploads\/2023\/07\/lluvias-1.jpg?resize=350%2C200&ssl=1 1x, https:\/\/i0.wp.com\/lasprimeras.com.do\/wp-content\/uploads\/2023\/07\/lluvias-1.jpg?resize=525%2C300&ssl=1 1.5x"},"classes":[]}],"jetpack_sharing_enabled":true,"_links":{"self":[{"href":"https:\/\/lasprimeras.com.do\/index.php\/wp-json\/wp\/v2\/posts\/89451","targetHints":{"allow":["GET"]}}],"collection":[{"href":"https:\/\/lasprimeras.com.do\/index.php\/wp-json\/wp\/v2\/posts"}],"about":[{"href":"https:\/\/lasprimeras.com.do\/index.php\/wp-json\/wp\/v2\/types\/post"}],"author":[{"embeddable":true,"href":"https:\/\/lasprimeras.com.do\/index.php\/wp-json\/wp\/v2\/users\/9"}],"replies":[{"embeddable":true,"href":"https:\/\/lasprimeras.com.do\/index.php\/wp-json\/wp\/v2\/comments?post=89451"}],"version-history":[{"count":1,"href":"https:\/\/lasprimeras.com.do\/index.php\/wp-json\/wp\/v2\/posts\/89451\/revisions"}],"predecessor-version":[{"id":89453,"href":"https:\/\/lasprimeras.com.do\/index.php\/wp-json\/wp\/v2\/posts\/89451\/revisions\/89453"}],"wp:featuredmedia":[{"embeddable":true,"href":"https:\/\/lasprimeras.com.do\/index.php\/wp-json\/wp\/v2\/media\/89452"}],"wp:attachment":[{"href":"https:\/\/lasprimeras.com.do\/index.php\/wp-json\/wp\/v2\/media?parent=89451"}],"wp:term":[{"taxonomy":"category","embeddable":true,"href":"https:\/\/lasprimeras.com.do\/index.php\/wp-json\/wp\/v2\/categories?post=89451"},{"taxonomy":"post_tag","embeddable":true,"href":"https:\/\/lasprimeras.com.do\/index.php\/wp-json\/wp\/v2\/tags?post=89451"}],"curies":[{"name":"wp","href":"https:\/\/api.w.org\/{rel}","templated":true}]}}