{"id":89517,"date":"2024-09-26T22:58:07","date_gmt":"2024-09-27T02:58:07","guid":{"rendered":"https:\/\/lasprimeras.com.do\/?p=89517"},"modified":"2024-09-26T22:58:07","modified_gmt":"2024-09-27T02:58:07","slug":"grupo-pinero-celebra-el-dia-mundial-del-turismo-con-actividades-sociales-y-culturales","status":"publish","type":"post","link":"https:\/\/lasprimeras.com.do\/index.php\/2024\/09\/26\/grupo-pinero-celebra-el-dia-mundial-del-turismo-con-actividades-sociales-y-culturales\/","title":{"rendered":"Grupo Pi\u00f1ero celebra el D\u00eda Mundial del Turismo con actividades sociales y culturales"},"content":{"rendered":"\n<p><strong>La Organizaci\u00f3n Mundial del Turismo de las Naciones Unidas ha elegido el lema \u201cTurismo y Paz\u201d para celebrar el D\u00eda Mundial del Turismo.<\/strong><\/p>\n\n\n\n<p>El Grupo Pi\u00f1ero llevar\u00e1 a cabo acciones sociales en todos sus destinos para reforzar su estrategia de impulsar un modelo de turismo que genere un impacto positivo en las comunidades locales, as\u00ed como en colaboradores y clientes; contribuyendo, en parte, a lograr esa paz del lema elegido.<\/p>\n\n\n\n<p>Como parte de su compromiso con las comunidades, Grupo Pi\u00f1ero pondr\u00e1 en marcha actividades que promover\u00e1n el bienestar y el desarrollo social.<\/p>\n\n\n\n<p>Estas acciones incluir\u00e1n colaboraciones con escuelas, asociaciones y autoridades locales para apoyar a los colectivos m\u00e1s vulnerables, mejorar infraestructuras y promover la educaci\u00f3n.<\/p>\n\n\n\n<p>En varios destinos, se realizar\u00e1n donaciones de alimentos, materiales escolares y productos b\u00e1sicos a asociaciones que trabajan con ni\u00f1os y j\u00f3venes en situaci\u00f3n de vulnerabilidad.<\/p>\n\n\n\n<p>Estas colaboraciones buscar\u00e1n satisfacer las necesidades b\u00e1sicas y ofrecer oportunidades educativas a trav\u00e9s de excursiones culturales y programas de acompa\u00f1amiento. Un ejemplo de ello ser\u00e1 la colaboraci\u00f3n con la Asociaci\u00f3n Itz\u00e9 Nah en M\u00e9xico, as\u00ed como con la Alcald\u00eda de San Pedro de Macor\u00eds, en la campa\u00f1a &#8220;Pl\u00e1stico por escolares&#8221;, en Rep\u00fablica Dominicana.<\/p>\n\n\n\n<p>Tambi\u00e9n se organizar\u00e1n excursiones educativas para ni\u00f1os y j\u00f3venes de las comunidades locales, brind\u00e1ndoles la oportunidad de conocer el patrimonio cultural y ambiental de sus propios pa\u00edses, al tiempo que se fomentar\u00e1 la conciencia sobre la importancia de la conservaci\u00f3n del medioambiente. Estas actividades ser\u00e1n clave para reforzar el valor de la educaci\u00f3n como herramienta para promover la paz y el entendimiento.<\/p>\n\n\n\n<p>Acciones para colaboradores<\/p>\n\n\n\n<p>Grupo Pi\u00f1ero involucrar\u00e1 tambi\u00e9n a sus colaboradores en la celebraci\u00f3n del D\u00eda Mundial del Turismo con iniciativas dise\u00f1adas para promover su participaci\u00f3n activa y fortalecer el sentido de pertenencia.<\/p>\n\n\n\n<p>Entre las actividades destacadas estar\u00e1n concursos enfocados en promover el turismo local, que invitar\u00e1n a los empleados a compartir sus mejores experiencias con clientes, incentivando la creatividad y el reconocimiento de las mejores an\u00e9cdotas.<\/p>\n\n\n\n<p>Asimismo, se realizar\u00e1n actividades educativas en los lugares de trabajo, donde los colaboradores podr\u00e1n identificar sus destinos tur\u00edsticos favoritos dentro de los pa\u00edses donde operan, con el objetivo de promover el turismo interno y la apreciaci\u00f3n de su propia cultura y entorno.<\/p>\n\n\n\n<p>En otros destinos, como en Tenerife, los colaboradores participar\u00e1n en un concurso de fotograf\u00eda, donde se resaltar\u00e1 la belleza y diversidad de los destinos tur\u00edsticos, incentivando a los empleados a capturar im\u00e1genes que reflejen la riqueza cultural y natural de sus entornos.<\/p>\n\n\n\n<p>Acciones para clientes<\/p>\n\n\n\n<p>Los clientes de Grupo Pi\u00f1ero tambi\u00e9n formar\u00e1n parte de las celebraciones del D\u00eda Mundial del Turismo a trav\u00e9s de actividades especialmente dise\u00f1adas para fomentar el conocimiento y la apreciaci\u00f3n de la cultura local.<\/p>\n\n\n\n<p>En todos sus destinos, se organizar\u00e1n ferias culturales en las que los clientes podr\u00e1n explorar artesan\u00edas locales, participar en juegos educativos sobre las capitales y banderas del mundo, y disfrutar de mercadillos con productos t\u00edpicos de cada regi\u00f3n.<\/p>\n\n\n\n<p>Estas actividades estar\u00e1n pensadas para promover el entendimiento y el respeto entre culturas, al tiempo que permitir\u00e1n a los visitantes conocer m\u00e1s de cerca los productos locales y las tradiciones de los destinos que visiten, todo ello bajo el marco del lema \u201cTurismo y Paz\u201d<\/p>\n\n\n\n<p>Compromiso con la cultura y el desarrollo local<\/p>\n\n\n\n<p>Grupo Pi\u00f1ero, con a\u00f1os de dedicaci\u00f3n a las comunidades donde opera, destaca por su compromiso con la valorizaci\u00f3n y preservaci\u00f3n de la cultura local en cada destino. Este enfoque ha sido esencial para respetar y contribuir al desarrollo sostenible de dichas comunidades, un aspecto que la compa\u00f1\u00eda ha priorizado en todos sus proyectos.<\/p>\n\n\n\n<p>Un claro ejemplo de ello es la b\u00fasqueda de mejora de infraestructuras locales, que ha sido una prioridad para el Grupo en ciertas comunidades.<\/p>\n\n\n\n<p>Ejemplo de ello, es la rehabilitaci\u00f3n de calles, como el realizado en Simi B\u00e1ez, en Rep\u00fablica Dominicana, en el que se han realizado obras de infraestructura vial y restauraci\u00f3n de pintura de fachadas en las viviendas ubicadas sobre esta calzada, que beneficiar\u00e1n tanto a residentes como a visitantes, mejorando el acceso a uno de los puntos m\u00e1s emblem\u00e1ticos de la zona.<\/p>\n\n\n\n<p>Adem\u00e1s, en los \u00faltimos a\u00f1os Grupo Pi\u00f1ero ha ido integrando en sus hoteles elementos que los convierten en portales a la herencia cultural de cada destino. Esto se refleja en el dise\u00f1o de los espacios, que celebran las culturas locales, y en la armonizaci\u00f3n de la arquitectura con el entorno natural y cultural de cada regi\u00f3n, creando as\u00ed experiencias aut\u00e9nticas y enriquecedoras para sus visitantes.<\/p>\n","protected":false},"excerpt":{"rendered":"<p>La Organizaci\u00f3n Mundial del Turismo de las Naciones Unidas ha elegido el lema \u201cTurismo y Paz\u201d para celebrar el D\u00eda Mundial del Turismo. El Grupo Pi\u00f1ero llevar\u00e1 a cabo acciones&hellip;<\/p>\n","protected":false},"author":2,"featured_media":89518,"comment_status":"open","ping_status":"open","sticky":false,"template":"","format":"standard","meta":{"content-type":"","jetpack_post_was_ever_published":false,"_jetpack_newsletter_access":"","_jetpack_dont_email_post_to_subs":false,"_jetpack_newsletter_tier_id":0,"_jetpack_memberships_contains_paywalled_content":false,"_jetpack_memberships_contains_paid_content":false,"footnotes":""},"categories":[376],"tags":[1640,1304,1034,7909,9780,2802],"class_list":["post-89517","post","type-post","status-publish","format-standard","has-post-thumbnail","hentry","category-turismo","tag-actividades","tag-celebra","tag-culturales","tag-dia-mundial-del-turismo","tag-grupo-pinero","tag-sociales"],"jetpack_featured_media_url":"https:\/\/lasprimeras.com.do\/wp-content\/uploads\/2024\/09\/turismo-1.jpg","jetpack-related-posts":[{"id":81861,"url":"https:\/\/lasprimeras.com.do\/index.php\/2024\/04\/25\/grupo-pinero-celebra-primera-edicion-de-los-premios-los-ecoistas-rd\/","url_meta":{"origin":89517,"position":0},"title":"Grupo Pi\u00f1ero celebra primera edici\u00f3n de los premios Los +Eco\u00edstas RD","author":"Nelson Feliz","date":"25 de abril de 2024","format":false,"excerpt":"En el marco de la feria tur\u00edstica Dominican Annual Tourism Exchange, DATE 2024, Grupo Pi\u00f1ero, l\u00edder en el sector tur\u00edstico, celebr\u00f3 la primera edici\u00f3n de los premios Los +Eco\u00edstas Rep\u00fablica Dominicana. Este evento, despu\u00e9s de dos ediciones consecutivas realizadas en Espa\u00f1a, ha sido concebido con el loable prop\u00f3sito de resaltar\u2026","rel":"","context":"En \u00abPORTADA\u00bb","block_context":{"text":"PORTADA","link":"https:\/\/lasprimeras.com.do\/index.php\/category\/portada\/"},"img":{"alt_text":"Grupo Pi\u00f1ero celebra los premios Los +Eco\u00edstas Rep\u00fablica Dominicana","src":"https:\/\/i0.wp.com\/lasprimeras.com.do\/wp-content\/uploads\/2024\/04\/Grupo-Pinero-celebra-los-premios-Los-Ecoistas-Republica-Dominicana.jpg?resize=350%2C200&ssl=1","width":350,"height":200,"srcset":"https:\/\/i0.wp.com\/lasprimeras.com.do\/wp-content\/uploads\/2024\/04\/Grupo-Pinero-celebra-los-premios-Los-Ecoistas-Republica-Dominicana.jpg?resize=350%2C200&ssl=1 1x, https:\/\/i0.wp.com\/lasprimeras.com.do\/wp-content\/uploads\/2024\/04\/Grupo-Pinero-celebra-los-premios-Los-Ecoistas-Republica-Dominicana.jpg?resize=525%2C300&ssl=1 1.5x, https:\/\/i0.wp.com\/lasprimeras.com.do\/wp-content\/uploads\/2024\/04\/Grupo-Pinero-celebra-los-premios-Los-Ecoistas-Republica-Dominicana.jpg?resize=700%2C400&ssl=1 2x"},"classes":[]},{"id":112109,"url":"https:\/\/lasprimeras.com.do\/index.php\/2025\/10\/17\/celebraran-en-rd-5ta-edicion-torneo-softball-clasico-los-pineros\/","url_meta":{"origin":89517,"position":1},"title":"Celebrar\u00e1n en RD 5ta edici\u00f3n torneo softball \u00abCl\u00e1sico Los Pi\u00f1eros\u00bb","author":"Nelson Feliz","date":"17 de octubre de 2025","format":false,"excerpt":"Por Ram\u00f3n Mercedes NUEVA YORK.- El reconocido dirigente deportivo, tanto en esta ciudad como en la Rep\u00fablica Dominicana, Roberto Rojas, anunci\u00f3 en el pa\u00eds caribe\u00f1o la celebraci\u00f3n de la Quinta edici\u00f3n del torneo de softball \u00abCl\u00e1sico Los Pi\u00f1eros\u00bb Rojas, con su oficina principal en 560 W de la calle 175\u2026","rel":"","context":"En \u00abDEPORTES\u00bb","block_context":{"text":"DEPORTES","link":"https:\/\/lasprimeras.com.do\/index.php\/category\/deportes\/"},"img":{"alt_text":"","src":"https:\/\/i0.wp.com\/lasprimeras.com.do\/wp-content\/uploads\/2025\/10\/Clasico-Los-Pinero.jpeg?resize=350%2C200&ssl=1","width":350,"height":200,"srcset":"https:\/\/i0.wp.com\/lasprimeras.com.do\/wp-content\/uploads\/2025\/10\/Clasico-Los-Pinero.jpeg?resize=350%2C200&ssl=1 1x, https:\/\/i0.wp.com\/lasprimeras.com.do\/wp-content\/uploads\/2025\/10\/Clasico-Los-Pinero.jpeg?resize=525%2C300&ssl=1 1.5x, https:\/\/i0.wp.com\/lasprimeras.com.do\/wp-content\/uploads\/2025\/10\/Clasico-Los-Pinero.jpeg?resize=700%2C400&ssl=1 2x"},"classes":[]},{"id":76010,"url":"https:\/\/lasprimeras.com.do\/index.php\/2024\/02\/06\/sebastian-pinera-visito-rd-en-al-menos-cinco-ocasiones-critico-la-educacion-y-motivo-dialogo-con-haiti\/","url_meta":{"origin":89517,"position":2},"title":"Sebasti\u00e1n Pi\u00f1era visit\u00f3 RD en al menos cinco ocasiones; critic\u00f3 la educaci\u00f3n y motiv\u00f3 di\u00e1logo con Hait\u00ed","author":"Nelson Feliz","date":"6 de febrero de 2024","format":false,"excerpt":"Pi\u00f1era, quien lider\u00f3 Chile en los periodos 2010-2014 y 2018-2022, visit\u00f3 Rep\u00fablica Dominicana para establecer una cooperaci\u00f3n y entendimiento mutuo. Santo Domingo, RD.-. El expresidente chileno Sebasti\u00e1n Pi\u00f1era quien falleci\u00f3 la tarde de este martes en un accidente a\u00e9reo, hab\u00eda visitado Rep\u00fablica Dominicana en diferentes ocasiones, forjando un legado de\u2026","rel":"","context":"En \u00abNACIONALES\u00bb","block_context":{"text":"NACIONALES","link":"https:\/\/lasprimeras.com.do\/index.php\/category\/nacionales\/"},"img":{"alt_text":"Sebasti\u00e1n Pi\u00f1era","src":"https:\/\/i0.wp.com\/lasprimeras.com.do\/wp-content\/uploads\/2024\/02\/Sebastian-Pinera-1.jpeg?resize=350%2C200&ssl=1","width":350,"height":200,"srcset":"https:\/\/i0.wp.com\/lasprimeras.com.do\/wp-content\/uploads\/2024\/02\/Sebastian-Pinera-1.jpeg?resize=350%2C200&ssl=1 1x, https:\/\/i0.wp.com\/lasprimeras.com.do\/wp-content\/uploads\/2024\/02\/Sebastian-Pinera-1.jpeg?resize=525%2C300&ssl=1 1.5x, https:\/\/i0.wp.com\/lasprimeras.com.do\/wp-content\/uploads\/2024\/02\/Sebastian-Pinera-1.jpeg?resize=700%2C400&ssl=1 2x"},"classes":[]},{"id":51184,"url":"https:\/\/lasprimeras.com.do\/index.php\/2023\/05\/29\/cayo-levantado-resort-abrira-sus-puertas-este-jueves-primero-de-junio\/","url_meta":{"origin":89517,"position":3},"title":"Cayo Levantado Resort abrir\u00e1 sus puertas este jueves primero de junio","author":"prenxa100","date":"29 de mayo de 2023","format":false,"excerpt":"Punta Cana.- \u00a0Cayo Levantado Resort, con una inversi\u00f3n de 40 millones de d\u00f3lares, abrir\u00e1 sus puertas a partir del jueves pr\u00f3ximo 1ro de junio ofreciendo un nuevo concepto con una identidad propia y diferenciada dentro del portafolio del grupo hotelero. La vicepresidenta y CEO del Grupo Pi\u00f1ero, Encarna Pi\u00f1ero, indic\u00f3\u2026","rel":"","context":"En \u00abPORTADA\u00bb","block_context":{"text":"PORTADA","link":"https:\/\/lasprimeras.com.do\/index.php\/category\/portada\/"},"img":{"alt_text":"","src":"https:\/\/i0.wp.com\/atento.com.do\/wp-content\/uploads\/2023\/05\/WhatsApp-Image-2023-05-28-at-9.36.56-AM-1024x576.jpeg?resize=350%2C200&ssl=1","width":350,"height":200,"srcset":"https:\/\/i0.wp.com\/atento.com.do\/wp-content\/uploads\/2023\/05\/WhatsApp-Image-2023-05-28-at-9.36.56-AM-1024x576.jpeg?resize=350%2C200&ssl=1 1x, https:\/\/i0.wp.com\/atento.com.do\/wp-content\/uploads\/2023\/05\/WhatsApp-Image-2023-05-28-at-9.36.56-AM-1024x576.jpeg?resize=525%2C300&ssl=1 1.5x, https:\/\/i0.wp.com\/atento.com.do\/wp-content\/uploads\/2023\/05\/WhatsApp-Image-2023-05-28-at-9.36.56-AM-1024x576.jpeg?resize=700%2C400&ssl=1 2x"},"classes":[]},{"id":124901,"url":"https:\/\/lasprimeras.com.do\/index.php\/2026\/03\/17\/abinader-recibe-a-la-presidenta-de-las-islas-baleares\/","url_meta":{"origin":89517,"position":4},"title":"Abinader recibe a la presidenta de las Islas Baleares","author":"Nelson Feliz","date":"17 de marzo de 2026","format":false,"excerpt":"La presidenta del Gobierno de las Islas Baleares agradece al presidente Abinader por la acogida brindada durante su visita de cortes\u00eda, destacando la oportunidad de fortalecer los lazos de cooperaci\u00f3n y los v\u00ednculos hist\u00f3ricos y culturales entre las Islas Baleares y la Rep\u00fablica Dominicana. El presidente de la Rep\u00fablica, Luis\u2026","rel":"","context":"En \u00abSin categor\u00eda\u00bb","block_context":{"text":"Sin categor\u00eda","link":"https:\/\/lasprimeras.com.do\/index.php\/category\/sin-categoria\/"},"img":{"alt_text":"","src":"https:\/\/i0.wp.com\/lasprimeras.com.do\/wp-content\/uploads\/2026\/03\/Luis-Abinader-6-2.jpg?resize=350%2C200&ssl=1","width":350,"height":200,"srcset":"https:\/\/i0.wp.com\/lasprimeras.com.do\/wp-content\/uploads\/2026\/03\/Luis-Abinader-6-2.jpg?resize=350%2C200&ssl=1 1x, https:\/\/i0.wp.com\/lasprimeras.com.do\/wp-content\/uploads\/2026\/03\/Luis-Abinader-6-2.jpg?resize=525%2C300&ssl=1 1.5x, https:\/\/i0.wp.com\/lasprimeras.com.do\/wp-content\/uploads\/2026\/03\/Luis-Abinader-6-2.jpg?resize=700%2C400&ssl=1 2x"},"classes":[]},{"id":112731,"url":"https:\/\/lasprimeras.com.do\/index.php\/2025\/10\/27\/playa-nueva-romana-se-viste-de-rosa-en-una-jornada-social-y-deportiva-con-proposito\/","url_meta":{"origin":89517,"position":5},"title":"Playa Nueva Romana se viste de rosa en una jornada social y deportiva con prop\u00f3sito","author":"Nelson Feliz","date":"27 de octubre de 2025","format":false,"excerpt":"En el marco de la conmemoraci\u00f3n del D\u00eda Mundial del C\u00e1ncer de Mama, Playa Nueva Romana desarroll\u00f3 una completa jornada social y deportiva en la que, propietarios, residentes, colaboradores e invitados especiales, se unieron bajo una misma causa: generar comunidad a trav\u00e9s de la solidaridad. La programaci\u00f3n, que se llev\u00f3\u2026","rel":"","context":"En \u00abTURISMO\u00bb","block_context":{"text":"TURISMO","link":"https:\/\/lasprimeras.com.do\/index.php\/category\/turismo\/"},"img":{"alt_text":"","src":"https:\/\/i0.wp.com\/lasprimeras.com.do\/wp-content\/uploads\/2025\/10\/ROSY-SANTANAALCALDESA-DE-RAMON-SANTANA-SANTA-VALDEZ-DR.-ALEJANDRO-MORA-E-IRINA-PEGUERO.jpg?resize=350%2C200&ssl=1","width":350,"height":200,"srcset":"https:\/\/i0.wp.com\/lasprimeras.com.do\/wp-content\/uploads\/2025\/10\/ROSY-SANTANAALCALDESA-DE-RAMON-SANTANA-SANTA-VALDEZ-DR.-ALEJANDRO-MORA-E-IRINA-PEGUERO.jpg?resize=350%2C200&ssl=1 1x, https:\/\/i0.wp.com\/lasprimeras.com.do\/wp-content\/uploads\/2025\/10\/ROSY-SANTANAALCALDESA-DE-RAMON-SANTANA-SANTA-VALDEZ-DR.-ALEJANDRO-MORA-E-IRINA-PEGUERO.jpg?resize=525%2C300&ssl=1 1.5x, https:\/\/i0.wp.com\/lasprimeras.com.do\/wp-content\/uploads\/2025\/10\/ROSY-SANTANAALCALDESA-DE-RAMON-SANTANA-SANTA-VALDEZ-DR.-ALEJANDRO-MORA-E-IRINA-PEGUERO.jpg?resize=700%2C400&ssl=1 2x"},"classes":[]}],"jetpack_sharing_enabled":true,"_links":{"self":[{"href":"https:\/\/lasprimeras.com.do\/index.php\/wp-json\/wp\/v2\/posts\/89517","targetHints":{"allow":["GET"]}}],"collection":[{"href":"https:\/\/lasprimeras.com.do\/index.php\/wp-json\/wp\/v2\/posts"}],"about":[{"href":"https:\/\/lasprimeras.com.do\/index.php\/wp-json\/wp\/v2\/types\/post"}],"author":[{"embeddable":true,"href":"https:\/\/lasprimeras.com.do\/index.php\/wp-json\/wp\/v2\/users\/2"}],"replies":[{"embeddable":true,"href":"https:\/\/lasprimeras.com.do\/index.php\/wp-json\/wp\/v2\/comments?post=89517"}],"version-history":[{"count":1,"href":"https:\/\/lasprimeras.com.do\/index.php\/wp-json\/wp\/v2\/posts\/89517\/revisions"}],"predecessor-version":[{"id":89519,"href":"https:\/\/lasprimeras.com.do\/index.php\/wp-json\/wp\/v2\/posts\/89517\/revisions\/89519"}],"wp:featuredmedia":[{"embeddable":true,"href":"https:\/\/lasprimeras.com.do\/index.php\/wp-json\/wp\/v2\/media\/89518"}],"wp:attachment":[{"href":"https:\/\/lasprimeras.com.do\/index.php\/wp-json\/wp\/v2\/media?parent=89517"}],"wp:term":[{"taxonomy":"category","embeddable":true,"href":"https:\/\/lasprimeras.com.do\/index.php\/wp-json\/wp\/v2\/categories?post=89517"},{"taxonomy":"post_tag","embeddable":true,"href":"https:\/\/lasprimeras.com.do\/index.php\/wp-json\/wp\/v2\/tags?post=89517"}],"curies":[{"name":"wp","href":"https:\/\/api.w.org\/{rel}","templated":true}]}}