{"id":89528,"date":"2024-09-26T23:23:51","date_gmt":"2024-09-27T03:23:51","guid":{"rendered":"https:\/\/lasprimeras.com.do\/?p=89528"},"modified":"2024-09-26T23:23:52","modified_gmt":"2024-09-27T03:23:52","slug":"ministro-afirma-reforma-integral-es-necesaria-para-lograr-desarrollo-economico-sostenible","status":"publish","type":"post","link":"https:\/\/lasprimeras.com.do\/index.php\/2024\/09\/26\/ministro-afirma-reforma-integral-es-necesaria-para-lograr-desarrollo-economico-sostenible\/","title":{"rendered":"Ministro afirma reforma integral es necesaria para lograr desarrollo econ\u00f3mico sostenible"},"content":{"rendered":"\n<p>El ministro de Hacienda, Jochi Vicente, present\u00f3 las perspectivas acerca del contexto fiscal actual y los principios que sustentan la propuesta de reforma fiscal integral que se trabaja desde el gobierno, en su ponencia titulada: \u00abCoyuntura Fiscal de Rep\u00fablica Dominicana\u00bb.<\/p>\n\n\n\n<p>Vicente explic\u00f3 que, para responder adecuadamente a las demandas de la poblaci\u00f3n relacionadas a los servicios b\u00e1sicos, se requiere de aumentos sustanciales en el gasto p\u00fablico, pues las necesidades de la poblaci\u00f3n han crecido y requieren inversiones significativas para garantizar un nivel de vida digno y mejorar la calidad de los servicios.<\/p>\n\n\n\n<p>Sin embargo, es importante que estos aumentos en el gasto p\u00fablico no se financien a trav\u00e9s del endeudamiento dado que esto compromete la estabilidad econ\u00f3mica futura.<\/p>\n\n\n\n<p>El ministro destac\u00f3 que el pa\u00eds tiene uno de los gastos p\u00fablicos m\u00e1s bajos de la regi\u00f3n, lo que restringe el espacio fiscal necesario para cubrir las necesidades b\u00e1sicas de la poblaci\u00f3n. Para abordar esto, los gobiernos han tenido que endeudarse, incrementando la deuda, especialmente durante la respuesta al COVID-19.<\/p>\n\n\n\n<p>El titular de Hacienda explic\u00f3 que, ante este escenario, es necesario incrementar los recursos disponibles para que el Estado pueda producir los bienes y servicios p\u00fablicos que demanda el pa\u00eds y mantenerse en la senda de la sostenibilidad.<\/p>\n\n\n\n<p>Resalt\u00f3, adem\u00e1s, que la reforma fiscal ser\u00eda guiada por cuatro principios clave: que todos los sectores de la sociedad asuman un compromiso de cara al pacto fiscal para crear el pa\u00eds que queremos, que la poblaci\u00f3n m\u00e1s vulnerable sea protegida por el Estado, la equidad tributaria para que todas las empresas compitan en igualdad de condiciones y un ataque frontal a la evasi\u00f3n y la elusi\u00f3n fiscal con un reforzamiento de la administraci\u00f3n tributaria.<\/p>\n\n\n\n<p>Vicente asegur\u00f3 que el proyecto de reforma le permitir\u00e1 al Estado aumentar de manera importante la inversi\u00f3n en los problemas b\u00e1sicos de los dominicanos.<\/p>\n\n\n\n<p>El funcionario indic\u00f3 que los recursos adicionales recaudados ser\u00edan utilizados en \u00e1reas clave como la seguridad ciudadana, transporte masivo y atenci\u00f3n primaria en salud. Tambi\u00e9n, se contemplan inversiones en el sector el\u00e9ctrico, fortalecimiento de la gesti\u00f3n de los gobiernos locales y en la recapitalizaci\u00f3n del Banco Central.<\/p>\n\n\n\n<p>\u201cEstamos dando el paso necesario para superar los obst\u00e1culos que han frenado nuestro desarrollo, y que ahora nos permitir\u00e1n realizar las inversiones necesarias para una Republica Dominicana m\u00e1s segura, m\u00e1s justa, m\u00e1s sana y con mayor acceso a oportunidades\u201d, expres\u00f3 al cierre de su participaci\u00f3n.<\/p>\n\n\n\n<p>De su lado, el presidente de AMCHAMDR, Edwin De los Santos dijo: &#8220;AMCHAMDR valora profundamente la intervenci\u00f3n del ministro Vicente, quien ha presentado un an\u00e1lisis exhaustivo de la coyuntura fiscal del pa\u00eds.<\/p>\n\n\n\n<p>Su ponencia hoy nos brinda una mejor perspectiva sobre los desaf\u00edos y oportunidades de la Rep\u00fablica Dominicana en materia econ\u00f3mica, destacando la importancia de una Reforma Fiscal integral que impulse el desarrollo econ\u00f3mico y social.<\/p>\n\n\n\n<p>Agradecemos la disposici\u00f3n al di\u00e1logo constructivo y participativo siempre mostradas por las autoridades dominicanas, como se evidencia con la importante ponencia presentada esta tarde por el ministro Jos\u00e9 Manuel Vicente ante el empresariado nacional.\u201d<\/p>\n\n\n\n<p>Este almuerzo fue posible gracias al apoyo de las marcas pertenecientes a nuestro exclusivo C\u00edrculo \u00c9lite: AES Dominicana, Barrick Pueblo Viejo, Cervecer\u00eda Nacional Dominicana, Citi, Claro, DP World, HIT Puerto R\u00edo Haina, Grupo Humano, Inicia, Grupo Mart\u00ed, Altice Dominicana, Grupo Rica, Grupo SID, Grupo Punta Cana, Grupo Estrella y Squire Patton Boggs.<\/p>\n","protected":false},"excerpt":{"rendered":"<p>El ministro de Hacienda, Jochi Vicente, present\u00f3 las perspectivas acerca del contexto fiscal actual y los principios que sustentan la propuesta de reforma fiscal integral que se trabaja desde el&hellip;<\/p>\n","protected":false},"author":2,"featured_media":89529,"comment_status":"open","ping_status":"open","sticky":false,"template":"","format":"standard","meta":{"content-type":"","jetpack_post_was_ever_published":false,"_jetpack_newsletter_access":"","_jetpack_dont_email_post_to_subs":false,"_jetpack_newsletter_tier_id":0,"_jetpack_memberships_contains_paywalled_content":false,"_jetpack_memberships_contains_paid_content":false,"footnotes":""},"categories":[39],"tags":[363,1410,6081,373,15671,15670,2970],"class_list":["post-89528","post","type-post","status-publish","format-standard","has-post-thumbnail","hentry","category-economia","tag-desarrollo","tag-economico","tag-jochi-vicente","tag-ministro","tag-necesaria","tag-reforma-integral","tag-sostenible"],"jetpack_featured_media_url":"https:\/\/lasprimeras.com.do\/wp-content\/uploads\/2024\/09\/Jochi-Vicente.jpg","jetpack-related-posts":[{"id":89919,"url":"https:\/\/lasprimeras.com.do\/index.php\/2024\/10\/07\/abinader-encabeza-presentacion-del-proyecto-de-ley-de-modernizacion-fiscal-en-la-semanal\/","url_meta":{"origin":89528,"position":0},"title":"Abinader encabeza presentaci\u00f3n del proyecto de ley de modernizaci\u00f3n fiscal en LA Semanal","author":"Paola Castillo","date":"7 de octubre de 2024","format":false,"excerpt":"Santo Domingo. - El presidente Luis Abinader encabez\u00f3, junto a la vicepresidenta Raquel Pe\u00f1a, la presentaci\u00f3n del proyecto de ley de modernizaci\u00f3n fiscal que busca elevar el nivel de desarrollo del pa\u00eds, mejorando los servicios de educaci\u00f3n, salud, seguridad, transporte, salarios, ayudas sociales. La misma ser\u00e1 presentada este martes ante\u2026","rel":"","context":"En \u00abNACIONALES\u00bb","block_context":{"text":"NACIONALES","link":"https:\/\/lasprimeras.com.do\/index.php\/category\/nacionales\/"},"img":{"alt_text":"","src":"https:\/\/i0.wp.com\/lasprimeras.com.do\/wp-content\/uploads\/2024\/10\/WhatsApp-Image-2024-10-08-at-2.19.17-PM.jpeg?resize=350%2C200&ssl=1","width":350,"height":200,"srcset":"https:\/\/i0.wp.com\/lasprimeras.com.do\/wp-content\/uploads\/2024\/10\/WhatsApp-Image-2024-10-08-at-2.19.17-PM.jpeg?resize=350%2C200&ssl=1 1x, https:\/\/i0.wp.com\/lasprimeras.com.do\/wp-content\/uploads\/2024\/10\/WhatsApp-Image-2024-10-08-at-2.19.17-PM.jpeg?resize=525%2C300&ssl=1 1.5x, https:\/\/i0.wp.com\/lasprimeras.com.do\/wp-content\/uploads\/2024\/10\/WhatsApp-Image-2024-10-08-at-2.19.17-PM.jpeg?resize=700%2C400&ssl=1 2x, https:\/\/i0.wp.com\/lasprimeras.com.do\/wp-content\/uploads\/2024\/10\/WhatsApp-Image-2024-10-08-at-2.19.17-PM.jpeg?resize=1050%2C600&ssl=1 3x"},"classes":[]},{"id":87944,"url":"https:\/\/lasprimeras.com.do\/index.php\/2024\/08\/20\/abinader-dice-ley-de-responsabilidad-fiscal-sera-un-hito-de-transparencia-para-el-pais\/","url_meta":{"origin":89528,"position":1},"title":"Abinader dice Ley de Responsabilidad Fiscal ser\u00e1 un hito de transparencia para el pa\u00eds","author":"Nelson Feliz","date":"20 de agosto de 2024","format":false,"excerpt":"Se\u00f1al\u00f3 que dicha ley da garant\u00eda de estabilidad econ\u00f3mica, financiera y que lleva confianza a los mercados El presidente Luis Abinader detall\u00f3 este lunes la Ley de Responsabilidad Fiscal destacando que la misma ser\u00e1 un hito de transparencia para el pa\u00eds y que ella asegura la inversi\u00f3n de los recursos\u2026","rel":"","context":"En \u00abECONOM\u00cdA\u00bb","block_context":{"text":"ECONOM\u00cdA","link":"https:\/\/lasprimeras.com.do\/index.php\/category\/economia\/"},"img":{"alt_text":"Luis Abinader","src":"https:\/\/i0.wp.com\/lasprimeras.com.do\/wp-content\/uploads\/2024\/06\/Luis-Abinader-7-1.jpg?resize=350%2C200&ssl=1","width":350,"height":200,"srcset":"https:\/\/i0.wp.com\/lasprimeras.com.do\/wp-content\/uploads\/2024\/06\/Luis-Abinader-7-1.jpg?resize=350%2C200&ssl=1 1x, https:\/\/i0.wp.com\/lasprimeras.com.do\/wp-content\/uploads\/2024\/06\/Luis-Abinader-7-1.jpg?resize=525%2C300&ssl=1 1.5x, https:\/\/i0.wp.com\/lasprimeras.com.do\/wp-content\/uploads\/2024\/06\/Luis-Abinader-7-1.jpg?resize=700%2C400&ssl=1 2x"},"classes":[]},{"id":103836,"url":"https:\/\/lasprimeras.com.do\/index.php\/2025\/07\/18\/ex-administrador-de-la-loteria-nacional-arremete-contra-el-ex-ministro-de-hacienda-jochi-vicente-video\/","url_meta":{"origin":89528,"position":2},"title":"Ex administrador de la Loter\u00eda Nacional arremete contra el ex ministro de Hacienda Jochi Vicente \/ Video","author":"Nelson Feliz","date":"18 de julio de 2025","format":false,"excerpt":"Luis Michel Dicent, ex administrador de la Loter\u00eda Nacional, arremete contra el ex ministro de Hacienda, Jochi Vicente: \u201cNo creo que nadie renuncie al Ministerio de Hacienda\u201d Por Johnny Alc\u00e1ntara Monse\u00f1or Nouel, (Bonao).-.El ex administrador de la Loter\u00eda Nacional Dominicana, Luis Michel Dicent, rompi\u00f3 el silencio y lanz\u00f3 duras acusaciones\u2026","rel":"","context":"En \u00abNACIONALES\u00bb","block_context":{"text":"NACIONALES","link":"https:\/\/lasprimeras.com.do\/index.php\/category\/nacionales\/"},"img":{"alt_text":"Michel Dicent","src":"https:\/\/i0.wp.com\/lasprimeras.com.do\/wp-content\/uploads\/2025\/07\/Michel-Dicent.jpg?resize=350%2C200&ssl=1","width":350,"height":200,"srcset":"https:\/\/i0.wp.com\/lasprimeras.com.do\/wp-content\/uploads\/2025\/07\/Michel-Dicent.jpg?resize=350%2C200&ssl=1 1x, https:\/\/i0.wp.com\/lasprimeras.com.do\/wp-content\/uploads\/2025\/07\/Michel-Dicent.jpg?resize=525%2C300&ssl=1 1.5x, https:\/\/i0.wp.com\/lasprimeras.com.do\/wp-content\/uploads\/2025\/07\/Michel-Dicent.jpg?resize=700%2C400&ssl=1 2x"},"classes":[]},{"id":68861,"url":"https:\/\/lasprimeras.com.do\/index.php\/2023\/11\/28\/jochi-vicente-la-deuda-del-sector-publico-no-financiero-cerro-en-octubre-en-45-8\/","url_meta":{"origin":89528,"position":3},"title":"Jochi Vicente: La deuda del Sector P\u00fablico No Financiero cerr\u00f3 en octubre en 45.8 %","author":"Nelson Feliz","date":"28 de noviembre de 2023","format":false,"excerpt":"El ministro de Hacienda Jochi Vicente, revel\u00f3 que la deuda del Sector P\u00fablico No Financiero cerr\u00f3 en octubre en 45.8 % del Producto Interno Bruto (PIB), para una reducci\u00f3n de un 3.9% del PIB con relaci\u00f3n a su valor a agosto 2020. El funcionario declar\u00f3 que esta reducci\u00f3n es muestra\u2026","rel":"","context":"En \u00abECONOM\u00cdA\u00bb","block_context":{"text":"ECONOM\u00cdA","link":"https:\/\/lasprimeras.com.do\/index.php\/category\/economia\/"},"img":{"alt_text":"Jochi Vicente","src":"https:\/\/i0.wp.com\/lasprimeras.com.do\/wp-content\/uploads\/2023\/08\/Jochi-Vicente-1.jpg?resize=350%2C200&ssl=1","width":350,"height":200,"srcset":"https:\/\/i0.wp.com\/lasprimeras.com.do\/wp-content\/uploads\/2023\/08\/Jochi-Vicente-1.jpg?resize=350%2C200&ssl=1 1x, https:\/\/i0.wp.com\/lasprimeras.com.do\/wp-content\/uploads\/2023\/08\/Jochi-Vicente-1.jpg?resize=525%2C300&ssl=1 1.5x"},"classes":[]},{"id":55133,"url":"https:\/\/lasprimeras.com.do\/index.php\/2023\/07\/18\/ministro-de-hacienda-aclara-no-hay-reforma-fiscal-por-el-momento\/","url_meta":{"origin":89528,"position":4},"title":"Ministro de Hacienda aclara no hay Reforma Fiscal por el momento","author":"Nelson Feliz","date":"18 de julio de 2023","format":false,"excerpt":"El ministro de Hacienda, Jochy Vicente afirm\u00f3 que en este momento la Reforma Fiscal no est\u00e1 en la agenda del gobierno. Vicente, expres\u00f3 que el nivel de gasto p\u00fablico de Rep\u00fablica Dominicana es de los m\u00e1s bajos del mundo. El ministro de Hacienda, declar\u00f3 que el bajo nivel de gasto\u2026","rel":"","context":"En \u00abECONOM\u00cdA\u00bb","block_context":{"text":"ECONOM\u00cdA","link":"https:\/\/lasprimeras.com.do\/index.php\/category\/economia\/"},"img":{"alt_text":"Jochy Vicente","src":"https:\/\/i0.wp.com\/lasprimeras.com.do\/wp-content\/uploads\/2023\/07\/Jochy-Vicente.jpg?resize=350%2C200&ssl=1","width":350,"height":200,"srcset":"https:\/\/i0.wp.com\/lasprimeras.com.do\/wp-content\/uploads\/2023\/07\/Jochy-Vicente.jpg?resize=350%2C200&ssl=1 1x, https:\/\/i0.wp.com\/lasprimeras.com.do\/wp-content\/uploads\/2023\/07\/Jochy-Vicente.jpg?resize=525%2C300&ssl=1 1.5x, https:\/\/i0.wp.com\/lasprimeras.com.do\/wp-content\/uploads\/2023\/07\/Jochy-Vicente.jpg?resize=700%2C400&ssl=1 2x"},"classes":[]},{"id":89913,"url":"https:\/\/lasprimeras.com.do\/index.php\/2024\/10\/08\/mantendran-exencion-a-alimentos-esenciales-pero-se-aplicara-itbis-a-los-de-lujo\/","url_meta":{"origin":89528,"position":5},"title":"Mantendr\u00e1n exenci\u00f3n a alimentos esenciales, pero se aplicar\u00e1 Itbis a los de lujo","author":"Paola Castillo","date":"8 de octubre de 2024","format":false,"excerpt":"El Gobierno dominicano present\u00f3 este lunes la reforma fiscal bajo el t\u00edtulo \"Modernizaci\u00f3n Fiscal\", en un evento encabezado por el presidente Luis Abinader, en donde el ministro de Hacienda, Jos\u00e9 Manuel \u2013Jochi\u2013 Vicente, expuso el alcance de la propuesta que ser\u00e1 sometida al Congreso. El funcionario explic\u00f3 que la iniciativa\u2026","rel":"","context":"En \u00abNACIONALES\u00bb","block_context":{"text":"NACIONALES","link":"https:\/\/lasprimeras.com.do\/index.php\/category\/nacionales\/"},"img":{"alt_text":"","src":"https:\/\/i0.wp.com\/lasprimeras.com.do\/wp-content\/uploads\/2024\/10\/jochi-vicente.jpg?resize=350%2C200&ssl=1","width":350,"height":200,"srcset":"https:\/\/i0.wp.com\/lasprimeras.com.do\/wp-content\/uploads\/2024\/10\/jochi-vicente.jpg?resize=350%2C200&ssl=1 1x, https:\/\/i0.wp.com\/lasprimeras.com.do\/wp-content\/uploads\/2024\/10\/jochi-vicente.jpg?resize=525%2C300&ssl=1 1.5x, https:\/\/i0.wp.com\/lasprimeras.com.do\/wp-content\/uploads\/2024\/10\/jochi-vicente.jpg?resize=700%2C400&ssl=1 2x"},"classes":[]}],"jetpack_sharing_enabled":true,"_links":{"self":[{"href":"https:\/\/lasprimeras.com.do\/index.php\/wp-json\/wp\/v2\/posts\/89528","targetHints":{"allow":["GET"]}}],"collection":[{"href":"https:\/\/lasprimeras.com.do\/index.php\/wp-json\/wp\/v2\/posts"}],"about":[{"href":"https:\/\/lasprimeras.com.do\/index.php\/wp-json\/wp\/v2\/types\/post"}],"author":[{"embeddable":true,"href":"https:\/\/lasprimeras.com.do\/index.php\/wp-json\/wp\/v2\/users\/2"}],"replies":[{"embeddable":true,"href":"https:\/\/lasprimeras.com.do\/index.php\/wp-json\/wp\/v2\/comments?post=89528"}],"version-history":[{"count":1,"href":"https:\/\/lasprimeras.com.do\/index.php\/wp-json\/wp\/v2\/posts\/89528\/revisions"}],"predecessor-version":[{"id":89530,"href":"https:\/\/lasprimeras.com.do\/index.php\/wp-json\/wp\/v2\/posts\/89528\/revisions\/89530"}],"wp:featuredmedia":[{"embeddable":true,"href":"https:\/\/lasprimeras.com.do\/index.php\/wp-json\/wp\/v2\/media\/89529"}],"wp:attachment":[{"href":"https:\/\/lasprimeras.com.do\/index.php\/wp-json\/wp\/v2\/media?parent=89528"}],"wp:term":[{"taxonomy":"category","embeddable":true,"href":"https:\/\/lasprimeras.com.do\/index.php\/wp-json\/wp\/v2\/categories?post=89528"},{"taxonomy":"post_tag","embeddable":true,"href":"https:\/\/lasprimeras.com.do\/index.php\/wp-json\/wp\/v2\/tags?post=89528"}],"curies":[{"name":"wp","href":"https:\/\/api.w.org\/{rel}","templated":true}]}}