{"id":89565,"date":"2024-09-28T22:27:43","date_gmt":"2024-09-29T02:27:43","guid":{"rendered":"https:\/\/lasprimeras.com.do\/?p=89565"},"modified":"2024-09-28T22:27:45","modified_gmt":"2024-09-29T02:27:45","slug":"comision-para-eleccion-de-la-jce-extiende-hasta-el-2-de-octubre-plazo-inscripcion-aspirantes","status":"publish","type":"post","link":"https:\/\/lasprimeras.com.do\/index.php\/2024\/09\/28\/comision-para-eleccion-de-la-jce-extiende-hasta-el-2-de-octubre-plazo-inscripcion-aspirantes\/","title":{"rendered":"Comisi\u00f3n para elecci\u00f3n de la JCE extiende hasta el 2 de octubre plazo inscripci\u00f3n aspirantes"},"content":{"rendered":"\n<p>La Comisi\u00f3n designada para la elecci\u00f3n de los aspirantes a miembros, titulares y suplentes de la Junta Central Electoral (JCE), acord\u00f3 este viernes extender, desde el d\u00eda 28 de septiembre hasta el 2 de octubre, el plazo de inscripci\u00f3n de los aspirantes a formar parte del organismo comicial.<\/p>\n\n\n\n<p>El presidente de la comisi\u00f3n, senador Julito Fulcar, explic\u00f3 que la pr\u00f3rroga del plazo se realiza con el fin de permitir una mayor cantidad de ciudadanos que deseen registrarse para participar en el proceso.<\/p>\n\n\n\n<p>El representante de Peravia inform\u00f3, adem\u00e1s, que desde el d\u00eda 2 hasta el 5 de octubre la comisi\u00f3n dar\u00e1 inicio al proceso de precalificaci\u00f3n y, posteriormente, se proceder\u00e1 con la revisi\u00f3n y validaci\u00f3n de los expedientes para determinar que los postulantes hayan cumplido con los requisitos.<\/p>\n\n\n\n<p>Fulcar indic\u00f3 que los d\u00edas 7 y 8 de octubre proceder\u00e1n a publicar en los medios de comunicaci\u00f3n, la lista con los candidatos preseleccionados que ser\u00e1n entrevistados por la comisi\u00f3n.<\/p>\n\n\n\n<p>\u201cEsta comisi\u00f3n estar\u00e1 llevando a cabo el proceso de evaluaci\u00f3n de manera transparente, cumpliendo con el mandato constitucional y de la ley de la Junta Central Electoral (JCE)\u201d, dijo el senador.<\/p>\n\n\n\n<p>El legislador sostuvo que el proceso de evaluaci\u00f3n ser\u00e1 realizado a partir del d\u00eda 14 de octubre en el auditorio del Senado de la Rep\u00fablica, y estar\u00e1 dividido en dos tandas, de 9 de la ma\u00f1ana a 12 del mediod\u00eda y de 1:30 de la tarde en adelante.<\/p>\n\n\n\n<p>Asimismo, Julito Fulcar precis\u00f3 que hasta el momento se han inscrito 80 personas, incluyendo la mayor\u00eda de los actuales miembros del pleno de la Junta Central Electoral.<\/p>\n","protected":false},"excerpt":{"rendered":"<p>La Comisi\u00f3n designada para la elecci\u00f3n de los aspirantes a miembros, titulares y suplentes de la Junta Central Electoral (JCE), acord\u00f3 este viernes extender, desde el d\u00eda 28 de septiembre&hellip;<\/p>\n","protected":false},"author":2,"featured_media":89566,"comment_status":"open","ping_status":"open","sticky":false,"template":"","format":"standard","meta":{"content-type":"","jetpack_post_was_ever_published":false,"_jetpack_newsletter_access":"","_jetpack_dont_email_post_to_subs":false,"_jetpack_newsletter_tier_id":0,"_jetpack_memberships_contains_paywalled_content":false,"_jetpack_memberships_contains_paid_content":false,"footnotes":""},"categories":[35,25],"tags":[15687,950,4499,2707,857,183,2708],"class_list":["post-89565","post","type-post","status-publish","format-standard","has-post-thumbnail","hentry","category-nacionales","category-portada","tag-2-de-octubre","tag-comision","tag-eleccion","tag-extiende","tag-inscripcion","tag-jce","tag-plazo"],"jetpack_featured_media_url":"https:\/\/lasprimeras.com.do\/wp-content\/uploads\/2024\/09\/Comision-1-1.jpg","jetpack-related-posts":[{"id":103839,"url":"https:\/\/lasprimeras.com.do\/index.php\/2025\/07\/18\/fuerza-del-pueblo-avanza-en-etapa-de-revision-tras-inscripcion-de-2228-aspirantes-a-cargos-internos\/","url_meta":{"origin":89565,"position":0},"title":"Fuerza del Pueblo avanza en etapa de revisi\u00f3n tras inscripci\u00f3n de 2,228 aspirantes a cargos internos","author":"Nelson Feliz","date":"18 de julio de 2025","format":false,"excerpt":"La Comisi\u00f3n Nacional Electoral de la Fuerza del Pueblo (FP) inform\u00f3 que, tras concluir la etapa de inscripci\u00f3n de aspirantes a los cargos internos, se inicia el proceso de revisi\u00f3n, validaci\u00f3n y publicaci\u00f3n de los dirigentes que participar\u00e1n en las elecciones internas programadas para el 3 de agosto. La fase\u2026","rel":"","context":"En \u00abPOLITICA\u00bb","block_context":{"text":"POLITICA","link":"https:\/\/lasprimeras.com.do\/index.php\/category\/politica\/"},"img":{"alt_text":"","src":"https:\/\/i0.wp.com\/lasprimeras.com.do\/wp-content\/uploads\/2025\/07\/Leonel-Fernandez-3.jpg?resize=350%2C200&ssl=1","width":350,"height":200,"srcset":"https:\/\/i0.wp.com\/lasprimeras.com.do\/wp-content\/uploads\/2025\/07\/Leonel-Fernandez-3.jpg?resize=350%2C200&ssl=1 1x, https:\/\/i0.wp.com\/lasprimeras.com.do\/wp-content\/uploads\/2025\/07\/Leonel-Fernandez-3.jpg?resize=525%2C300&ssl=1 1.5x, https:\/\/i0.wp.com\/lasprimeras.com.do\/wp-content\/uploads\/2025\/07\/Leonel-Fernandez-3.jpg?resize=700%2C400&ssl=1 2x"},"classes":[]},{"id":125535,"url":"https:\/\/lasprimeras.com.do\/index.php\/2026\/03\/24\/comision-de-la-jce-recibe-propuestas-de-aspirantes-a-miembros-de-las-oclee-en-europa\/","url_meta":{"origin":89565,"position":1},"title":"Comisi\u00f3n de la JCE recibe propuestas de aspirantes a miembros de las OCLEE en Europa","author":"Nelson Feliz","date":"24 de marzo de 2026","format":false,"excerpt":"Madrid, Espa\u00f1a. - Una comisi\u00f3n de la Junta Central Electoral (JCE) recibi\u00f3 las propuestas de los aspirantes a miembros de las Oficinas de Coordinaci\u00f3n de Log\u00edstica Electoral en el Exterior (OCLEE) de cara a las elecciones de 2028, en una ruta de trabajo que inici\u00f3 desde el 13 hasta el\u2026","rel":"","context":"En \u00abNACIONALES\u00bb","block_context":{"text":"NACIONALES","link":"https:\/\/lasprimeras.com.do\/index.php\/category\/nacionales\/"},"img":{"alt_text":"","src":"https:\/\/i0.wp.com\/lasprimeras.com.do\/wp-content\/uploads\/2026\/03\/OCLEE-09.jpg?resize=350%2C200&ssl=1","width":350,"height":200,"srcset":"https:\/\/i0.wp.com\/lasprimeras.com.do\/wp-content\/uploads\/2026\/03\/OCLEE-09.jpg?resize=350%2C200&ssl=1 1x, https:\/\/i0.wp.com\/lasprimeras.com.do\/wp-content\/uploads\/2026\/03\/OCLEE-09.jpg?resize=525%2C300&ssl=1 1.5x, https:\/\/i0.wp.com\/lasprimeras.com.do\/wp-content\/uploads\/2026\/03\/OCLEE-09.jpg?resize=700%2C400&ssl=1 2x"},"classes":[]},{"id":111650,"url":"https:\/\/lasprimeras.com.do\/index.php\/2025\/10\/12\/jce-inicia-recepcion-de-propuestas-de-aspirantes-a-miembros-de-las-oclee-en-el-exterior\/","url_meta":{"origin":89565,"position":2},"title":"JCE inicia recepci\u00f3n de propuestas de aspirantes a miembros de las OCLEE en el exterior","author":"Nelson Feliz","date":"12 de octubre de 2025","format":false,"excerpt":"Estados Unidos. - Una comisi\u00f3n de la Junta Central Electoral (JCE) recibi\u00f3 las propuestas de aspirantes a miembros para conformar las Oficinas de Coordinaci\u00f3n de Log\u00edstica Electoral en el Exterior (OCLEE) de cara al proceso electoral del 2028, iniciando la jornada en Filadelfia y Washington. La comisi\u00f3n la encabezan la\u2026","rel":"","context":"En \u00abNACIONALES\u00bb","block_context":{"text":"NACIONALES","link":"https:\/\/lasprimeras.com.do\/index.php\/category\/nacionales\/"},"img":{"alt_text":"","src":"https:\/\/i0.wp.com\/lasprimeras.com.do\/wp-content\/uploads\/2025\/10\/JCE-2.jpg?resize=350%2C200&ssl=1","width":350,"height":200,"srcset":"https:\/\/i0.wp.com\/lasprimeras.com.do\/wp-content\/uploads\/2025\/10\/JCE-2.jpg?resize=350%2C200&ssl=1 1x, https:\/\/i0.wp.com\/lasprimeras.com.do\/wp-content\/uploads\/2025\/10\/JCE-2.jpg?resize=525%2C300&ssl=1 1.5x, https:\/\/i0.wp.com\/lasprimeras.com.do\/wp-content\/uploads\/2025\/10\/JCE-2.jpg?resize=700%2C400&ssl=1 2x"},"classes":[]},{"id":110962,"url":"https:\/\/lasprimeras.com.do\/index.php\/2025\/10\/02\/jce-recibe-propuestas-para-aspirantes-a-miembros-de-la-junta-electoral-del-dn\/","url_meta":{"origin":89565,"position":3},"title":"JCE recibe propuestas para aspirantes a miembros de la Junta Electoral del DN","author":"Nelson Feliz","date":"2 de octubre de 2025","format":false,"excerpt":"La Junta Central Electoral (JCE) recibi\u00f3 el mi\u00e9rcoles 177 propuestas de aspirantes a miembros de la Junta Electoral en el Distrito Nacional con miras a las elecciones de 2028, de los cuales 110 mujeres aspiran a formar parte de la misma. El \u00f3rgano electoral se encuentra en la sexta semana\u2026","rel":"","context":"En \u00abNACIONALES\u00bb","block_context":{"text":"NACIONALES","link":"https:\/\/lasprimeras.com.do\/index.php\/category\/nacionales\/"},"img":{"alt_text":"","src":"https:\/\/i0.wp.com\/lasprimeras.com.do\/wp-content\/uploads\/2025\/10\/JCE.jpg?resize=350%2C200&ssl=1","width":350,"height":200,"srcset":"https:\/\/i0.wp.com\/lasprimeras.com.do\/wp-content\/uploads\/2025\/10\/JCE.jpg?resize=350%2C200&ssl=1 1x, https:\/\/i0.wp.com\/lasprimeras.com.do\/wp-content\/uploads\/2025\/10\/JCE.jpg?resize=525%2C300&ssl=1 1.5x, https:\/\/i0.wp.com\/lasprimeras.com.do\/wp-content\/uploads\/2025\/10\/JCE.jpg?resize=700%2C400&ssl=1 2x"},"classes":[]},{"id":91051,"url":"https:\/\/lasprimeras.com.do\/index.php\/2024\/11\/08\/pld-anuncia-fecha-para-las-elecciones-en-las-seccionales-en-el-exterior\/","url_meta":{"origin":89565,"position":4},"title":"PLD anuncia fecha para las elecciones en las seccionales en el exterior","author":"Nelson Feliz","date":"8 de noviembre de 2024","format":false,"excerpt":"El Partido de la Liberaci\u00f3n Dominicana (PLD) cerr\u00f3 el pasado jueves el plazo para que los miembros de esa organizaci\u00f3n pol\u00edtica en las seccionales en el exterior tramitaran sus aspiraciones al Comit\u00e9 Central del PLD. El plazo fue establecido por la Comisi\u00f3n Organizadora del X Congreso Ordinario Reinaldo Pared P\u00e9rez,\u2026","rel":"","context":"En \u00abPORTADA\u00bb","block_context":{"text":"PORTADA","link":"https:\/\/lasprimeras.com.do\/index.php\/category\/portada\/"},"img":{"alt_text":"","src":"https:\/\/i0.wp.com\/lasprimeras.com.do\/wp-content\/uploads\/2024\/05\/CN-PLD.jpg?resize=350%2C200&ssl=1","width":350,"height":200,"srcset":"https:\/\/i0.wp.com\/lasprimeras.com.do\/wp-content\/uploads\/2024\/05\/CN-PLD.jpg?resize=350%2C200&ssl=1 1x, https:\/\/i0.wp.com\/lasprimeras.com.do\/wp-content\/uploads\/2024\/05\/CN-PLD.jpg?resize=525%2C300&ssl=1 1.5x, https:\/\/i0.wp.com\/lasprimeras.com.do\/wp-content\/uploads\/2024\/05\/CN-PLD.jpg?resize=700%2C400&ssl=1 2x"},"classes":[]},{"id":115040,"url":"https:\/\/lasprimeras.com.do\/index.php\/2025\/11\/18\/jce-recibe-propuestas-de-aspirantes-a-miembros-de-las-oclee-en-chile-y-panama\/","url_meta":{"origin":89565,"position":5},"title":"JCE recibe propuestas de aspirantes a miembros de las OCLEE en Chile y Panam\u00e1","author":"Nelson Feliz","date":"18 de noviembre de 2025","format":false,"excerpt":"Una comisi\u00f3n de la Junta Central Electoral (JCE) se traslad\u00f3 a Chile y Panam\u00e1 para recibir las propuestas de los aspirantes a miembros de las Oficinas de Coordinaci\u00f3n y de Log\u00edstica Electoral en el Exterior (OCLEE) de estos pa\u00edses de cara a las elecciones de 2028. La comisi\u00f3n de la\u2026","rel":"","context":"En \u00abNACIONALES\u00bb","block_context":{"text":"NACIONALES","link":"https:\/\/lasprimeras.com.do\/index.php\/category\/nacionales\/"},"img":{"alt_text":"","src":"https:\/\/i0.wp.com\/lasprimeras.com.do\/wp-content\/uploads\/2025\/11\/jce-1-1.jpg?resize=350%2C200&ssl=1","width":350,"height":200,"srcset":"https:\/\/i0.wp.com\/lasprimeras.com.do\/wp-content\/uploads\/2025\/11\/jce-1-1.jpg?resize=350%2C200&ssl=1 1x, https:\/\/i0.wp.com\/lasprimeras.com.do\/wp-content\/uploads\/2025\/11\/jce-1-1.jpg?resize=525%2C300&ssl=1 1.5x, https:\/\/i0.wp.com\/lasprimeras.com.do\/wp-content\/uploads\/2025\/11\/jce-1-1.jpg?resize=700%2C400&ssl=1 2x"},"classes":[]}],"jetpack_sharing_enabled":true,"_links":{"self":[{"href":"https:\/\/lasprimeras.com.do\/index.php\/wp-json\/wp\/v2\/posts\/89565","targetHints":{"allow":["GET"]}}],"collection":[{"href":"https:\/\/lasprimeras.com.do\/index.php\/wp-json\/wp\/v2\/posts"}],"about":[{"href":"https:\/\/lasprimeras.com.do\/index.php\/wp-json\/wp\/v2\/types\/post"}],"author":[{"embeddable":true,"href":"https:\/\/lasprimeras.com.do\/index.php\/wp-json\/wp\/v2\/users\/2"}],"replies":[{"embeddable":true,"href":"https:\/\/lasprimeras.com.do\/index.php\/wp-json\/wp\/v2\/comments?post=89565"}],"version-history":[{"count":1,"href":"https:\/\/lasprimeras.com.do\/index.php\/wp-json\/wp\/v2\/posts\/89565\/revisions"}],"predecessor-version":[{"id":89567,"href":"https:\/\/lasprimeras.com.do\/index.php\/wp-json\/wp\/v2\/posts\/89565\/revisions\/89567"}],"wp:featuredmedia":[{"embeddable":true,"href":"https:\/\/lasprimeras.com.do\/index.php\/wp-json\/wp\/v2\/media\/89566"}],"wp:attachment":[{"href":"https:\/\/lasprimeras.com.do\/index.php\/wp-json\/wp\/v2\/media?parent=89565"}],"wp:term":[{"taxonomy":"category","embeddable":true,"href":"https:\/\/lasprimeras.com.do\/index.php\/wp-json\/wp\/v2\/categories?post=89565"},{"taxonomy":"post_tag","embeddable":true,"href":"https:\/\/lasprimeras.com.do\/index.php\/wp-json\/wp\/v2\/tags?post=89565"}],"curies":[{"name":"wp","href":"https:\/\/api.w.org\/{rel}","templated":true}]}}