{"id":89578,"date":"2024-09-28T23:07:42","date_gmt":"2024-09-29T03:07:42","guid":{"rendered":"https:\/\/lasprimeras.com.do\/?p=89578"},"modified":"2024-09-28T23:07:44","modified_gmt":"2024-09-29T03:07:44","slug":"cancelaciones-masivas-en-el-feda","status":"publish","type":"post","link":"https:\/\/lasprimeras.com.do\/index.php\/2024\/09\/28\/cancelaciones-masivas-en-el-feda\/","title":{"rendered":"Cancelaciones masivas en el FEDA"},"content":{"rendered":"\n<p><strong>Despiden 135, algunos enfermos con licencias y agr\u00f3nomos en proceso de pensi\u00f3n<\/strong><\/p>\n\n\n\n<p>En el Fondo Especial para el Desarrollo (FEDA) se est\u00e1n produciendo cancelaciones masivas de empleados, que incluyen algunos enfermos con licencias y agr\u00f3nomos, varios de ellos en proceso de pensi\u00f3n.<\/p>\n\n\n\n<p>La lista de cancelados es de 135 empleados y se supo que el director del FEDA, Hecmilio Galv\u00e1n, tiene otra lista de m\u00e1s de 100 para despedirlos el pr\u00f3ximo mes.<\/p>\n\n\n\n<p>Esas cancelaciones contradicen una disposici\u00f3n del presidente Luis Abinader, que dice que en el proceso de la modernizaci\u00f3n del Estado y la reforma fiscal, no se deben hacer cancelaciones de empleados p\u00fablicos.<\/p>\n\n\n\n<p>Adem\u00e1s, el ministro de Administraci\u00f3n P\u00fablica, Simon Froy, declar\u00f3 que los despidos de empleados p\u00fablicos est\u00e1n prohibidos hasta tanto se hagan las fusiones de las instituciones p\u00fablicas.<\/p>\n\n\n\n<p>Entre los cancelados figuran, F\u00e9lix Ram\u00f3n Rodr\u00edguez, Juan Antonio Ram\u00edrez, Jos\u00e9 Manuel Tapia, Jos\u00e9 Ram\u00f3n Lantigua, Gertrudis Pascual, Lorena Isabel Collado, Virginia Eslett de la Nuez, Ana Celia Feliz, Eddison Francisco Cruz, Luisa Betania Jimini\u00e1n, Eusebio Ferreira y Joaqu\u00edn Severino.<\/p>\n\n\n\n<p>Adem\u00e1s, Joel Enrique Lozada, Juan Antonio N\u00fa\u00f1ez, Lijia Eladia Florentino, Angela Elizabeth Molina, Jos\u00e9 Dolores Casado, Carlos Zorrilla, Luz Mar\u00eda Soto, Mercedes Alejo Hern\u00e1ndez, Miriam Alc\u00e1ntara, Meliza Altagracia Rojas, Patricio Medina, Rafael Calder\u00f3n Marte, Reyna Mar\u00eda Gonz\u00e1lez y Rafael Cruz Berg\u00e9s.<\/p>\n\n\n\n<p>Otros cancelados del FEDA son Senia Tejada Solano, V\u00edctor Jos\u00e9 Taveras, Y\u00e9sica Milagros G\u00f3mez, Ariel Antonio D\u00edaz, Reynaldo Reyes Delgado, voy Pedro Rodr\u00edguez Hern\u00e1ndez y Dionisio Artaujo Reyes.<\/p>\n\n\n\n<p>Algunos de los cancelados se quejaron de que se dieron cuenta que estaban despedidos cuando fueron al banco o a los cajeros a cobrar y no ten\u00edan nada en sus cuentas de ahorros.<\/p>\n\n\n\n<p>Dijeron que el director del FEDA, Hecmilio Galv\u00e1n, ha perdido la sensibilidad humana, al cancelar a personas enfermas y agr\u00f3nomos en proceso de pensi\u00f3n que necesitan ese dinero para la compra de medicinas y comida.<\/p>\n","protected":false},"excerpt":{"rendered":"<p>Despiden 135, algunos enfermos con licencias y agr\u00f3nomos en proceso de pensi\u00f3n En el Fondo Especial para el Desarrollo (FEDA) se est\u00e1n produciendo cancelaciones masivas de empleados, que incluyen algunos&hellip;<\/p>\n","protected":false},"author":2,"featured_media":89579,"comment_status":"open","ping_status":"open","sticky":false,"template":"","format":"standard","meta":{"content-type":"","jetpack_post_was_ever_published":false,"_jetpack_newsletter_access":"","_jetpack_dont_email_post_to_subs":false,"_jetpack_newsletter_tier_id":0,"_jetpack_memberships_contains_paywalled_content":false,"_jetpack_memberships_contains_paid_content":false,"footnotes":""},"categories":[35,25],"tags":[15694],"class_list":["post-89578","post","type-post","status-publish","format-standard","has-post-thumbnail","hentry","category-nacionales","category-portada","tag-cancelaciones-masivas-en-el-feda"],"jetpack_featured_media_url":"https:\/\/lasprimeras.com.do\/wp-content\/uploads\/2024\/09\/Hecmilio-Aristides-Galvan-Cruz.jpg","jetpack-related-posts":[{"id":121802,"url":"https:\/\/lasprimeras.com.do\/index.php\/2026\/02\/10\/anpa-convoca-marcha-de-los-agropecuarios-hacia-el-palacio-nacional\/","url_meta":{"origin":89578,"position":0},"title":"ANPA convoca marcha de los agropecuarios hacia el Palacio Nacional","author":"Nelson Feliz","date":"10 de febrero de 2026","format":false,"excerpt":"El Comit\u00e9 Ejecutivo Nacional de la Asociaci\u00f3n Nacional de Profesionales Agropecuarios (ANPA) convoc\u00f3 hoy a la gran marcha nacional de los profesionales agropecuarios, a celebrarse este jueves 12 de febrero, a partir de las 10:00 de la ma\u00f1ana. Dicha marcha partir\u00e1 desde el Altar de la Patria hasta el Palacio\u2026","rel":"","context":"En \u00abNACIONALES\u00bb","block_context":{"text":"NACIONALES","link":"https:\/\/lasprimeras.com.do\/index.php\/category\/nacionales\/"},"img":{"alt_text":"","src":"https:\/\/i0.wp.com\/lasprimeras.com.do\/wp-content\/uploads\/2026\/02\/IMG-20260210-WA0317.jpg?resize=350%2C200&ssl=1","width":350,"height":200,"srcset":"https:\/\/i0.wp.com\/lasprimeras.com.do\/wp-content\/uploads\/2026\/02\/IMG-20260210-WA0317.jpg?resize=350%2C200&ssl=1 1x, https:\/\/i0.wp.com\/lasprimeras.com.do\/wp-content\/uploads\/2026\/02\/IMG-20260210-WA0317.jpg?resize=525%2C300&ssl=1 1.5x, https:\/\/i0.wp.com\/lasprimeras.com.do\/wp-content\/uploads\/2026\/02\/IMG-20260210-WA0317.jpg?resize=700%2C400&ssl=1 2x, https:\/\/i0.wp.com\/lasprimeras.com.do\/wp-content\/uploads\/2026\/02\/IMG-20260210-WA0317.jpg?resize=1050%2C600&ssl=1 3x"},"classes":[]},{"id":97736,"url":"https:\/\/lasprimeras.com.do\/index.php\/2025\/04\/27\/comunicadores-8-0-denuncia-cancelaciones-y-persecuciones-contra-sus-miembros-por-parte-de-funcionarios-del-gobierno\/","url_meta":{"origin":89578,"position":1},"title":"Comunicadores 8.0 denuncia cancelaciones y persecuciones contra sus miembros por parte de funcionarios del gobierno","author":"Nelson Feliz","date":"27 de abril de 2025","format":false,"excerpt":"El coordinador nacional del Movimiento Comunicadores 8.0, Luis Abinader Presidente, denunci\u00f3 las cancelaciones abusivas de 13 profesionales que integran esa entidad de instituciones p\u00fablicas. Nelson Guti\u00e9rrez, responsabiliz\u00f3 a un funcionario y a un ex funcionario, los cuales, dijo, que est\u00e1n llamando a instituciones del gobierno, uno y el otro est\u00e1\u2026","rel":"","context":"En \u00abNACIONALES\u00bb","block_context":{"text":"NACIONALES","link":"https:\/\/lasprimeras.com.do\/index.php\/category\/nacionales\/"},"img":{"alt_text":"Nelson Guti\u00e9rrez","src":"https:\/\/i0.wp.com\/lasprimeras.com.do\/wp-content\/uploads\/2023\/08\/Nelson-Gutierrez.jpg?resize=350%2C200&ssl=1","width":350,"height":200,"srcset":"https:\/\/i0.wp.com\/lasprimeras.com.do\/wp-content\/uploads\/2023\/08\/Nelson-Gutierrez.jpg?resize=350%2C200&ssl=1 1x, https:\/\/i0.wp.com\/lasprimeras.com.do\/wp-content\/uploads\/2023\/08\/Nelson-Gutierrez.jpg?resize=525%2C300&ssl=1 1.5x, https:\/\/i0.wp.com\/lasprimeras.com.do\/wp-content\/uploads\/2023\/08\/Nelson-Gutierrez.jpg?resize=700%2C400&ssl=1 2x"},"classes":[]},{"id":53366,"url":"https:\/\/lasprimeras.com.do\/index.php\/2023\/06\/25\/miguel-vargas-es-inocultable-el-nivel-de-deterioro-que-el-gobierno-lleva-a-servicios-publicos\/","url_meta":{"origin":89578,"position":2},"title":"Miguel Vargas: \u201cEs inocultable el nivel de deterioro que el gobierno lleva a servicios p\u00fablicos\u201d","author":"Nelson Feliz","date":"25 de junio de 2023","format":false,"excerpt":"\u201cLlamamos a reconsiderar cancelaciones masivas en el Metro y evitar que ese importante servicio para el gran Santo Domingo caiga en la crisis que evidencian muchos servicios p\u00fablicos\u201d. El presidente y candidato presidencial del Partido Revolucionario Dominicano (PRD), Miguel Vargas Maldonado, reiter\u00f3 su preocupaci\u00f3n por el creciente menoscabo que presentan\u2026","rel":"","context":"En \u00abPORTADA\u00bb","block_context":{"text":"PORTADA","link":"https:\/\/lasprimeras.com.do\/index.php\/category\/portada\/"},"img":{"alt_text":"Miguel Vargas Maldonado","src":"https:\/\/i0.wp.com\/lasprimeras.com.do\/wp-content\/uploads\/2023\/06\/Miguel-Vargas-Maldonado.jpg?resize=350%2C200&ssl=1","width":350,"height":200,"srcset":"https:\/\/i0.wp.com\/lasprimeras.com.do\/wp-content\/uploads\/2023\/06\/Miguel-Vargas-Maldonado.jpg?resize=350%2C200&ssl=1 1x, https:\/\/i0.wp.com\/lasprimeras.com.do\/wp-content\/uploads\/2023\/06\/Miguel-Vargas-Maldonado.jpg?resize=525%2C300&ssl=1 1.5x, https:\/\/i0.wp.com\/lasprimeras.com.do\/wp-content\/uploads\/2023\/06\/Miguel-Vargas-Maldonado.jpg?resize=700%2C400&ssl=1 2x"},"classes":[]},{"id":49120,"url":"https:\/\/lasprimeras.com.do\/index.php\/2023\/05\/08\/suspenden-a-directora-provincial-de-salud-que-amenazo-con-cancelar-empleadas\/","url_meta":{"origin":89578,"position":3},"title":"Suspenden a directora provincial de Salud que amenaz\u00f3 con cancelar empleadas","author":"prenxa100","date":"8 de mayo de 2023","format":false,"excerpt":"El ministro de Salud P\u00fablica lo inform\u00f3 mediante un tuit. Santo Domingo, RD.-. El ministro de Salud P\u00fablica, Daniel Rivera, dispuso la suspensi\u00f3n inmediata de la directora provincial de Salud de Barahona, luego de divulgarse un audio en el que la funcionaria amenaza con cancelar a las empleadas que no\u2026","rel":"","context":"En \u00abSin categor\u00eda\u00bb","block_context":{"text":"Sin categor\u00eda","link":"https:\/\/lasprimeras.com.do\/index.php\/category\/sin-categoria\/"},"img":{"alt_text":"","src":"","width":0,"height":0},"classes":[]},{"id":62179,"url":"https:\/\/lasprimeras.com.do\/index.php\/2023\/10\/03\/anpa-demanda-proyecto-de-viviendas-para-los-agronomos\/","url_meta":{"origin":89578,"position":4},"title":"ANPA demanda proyecto de viviendas para los agr\u00f3nomos","author":"Nelson Feliz","date":"3 de octubre de 2023","format":false,"excerpt":"El presidente de la Asociaci\u00f3n Nacional de Profesionales Agropecuarios (ANPA), agr\u00f3nomo Fausto El\u00edas Tejada, demando del presidente de la Rep\u00fablica, la implementaci\u00f3n de un proyecto de viviendas a bajo costo para m\u00e1s de 1,000 agr\u00f3nomos, que en los actuales momentos no tienen posibilidades de adquirir una casa propia, y el\u2026","rel":"","context":"En \u00abNACIONALES\u00bb","block_context":{"text":"NACIONALES","link":"https:\/\/lasprimeras.com.do\/index.php\/category\/nacionales\/"},"img":{"alt_text":"Fausto El\u00edas Tejada","src":"https:\/\/i0.wp.com\/lasprimeras.com.do\/wp-content\/uploads\/2023\/10\/Fausto-Elias-Tejada.jpg?resize=350%2C200&ssl=1","width":350,"height":200,"srcset":"https:\/\/i0.wp.com\/lasprimeras.com.do\/wp-content\/uploads\/2023\/10\/Fausto-Elias-Tejada.jpg?resize=350%2C200&ssl=1 1x, https:\/\/i0.wp.com\/lasprimeras.com.do\/wp-content\/uploads\/2023\/10\/Fausto-Elias-Tejada.jpg?resize=525%2C300&ssl=1 1.5x, https:\/\/i0.wp.com\/lasprimeras.com.do\/wp-content\/uploads\/2023\/10\/Fausto-Elias-Tejada.jpg?resize=700%2C400&ssl=1 2x"},"classes":[]},{"id":120395,"url":"https:\/\/lasprimeras.com.do\/index.php\/2026\/01\/23\/agronomos-marcharan-al-palacio-nacional-el-12-de-febrero\/","url_meta":{"origin":89578,"position":5},"title":"Agronomos marcharan al Palacio Nacional el 12 de febrero","author":"Nelson Feliz","date":"23 de enero de 2026","format":false,"excerpt":"La Asociaci\u00f3n Nacional de Profesionales Agropecuarios (ANPA), anunci\u00f3 una marcha nacional de los profesionales agropecuarios hacia el Palacio Nacional, a realizarse el mi\u00e9rcoles 12 de febrero, a las 10:00 de la ma\u00f1ana, en demanda de respuestas inmediatas a las reivindicaciones del sector. El presidente, agr\u00f3nomo V\u00edctor Hugo Hern\u00e1ndez (Tito), afirm\u00f3\u2026","rel":"","context":"En \u00abNACIONALES\u00bb","block_context":{"text":"NACIONALES","link":"https:\/\/lasprimeras.com.do\/index.php\/category\/nacionales\/"},"img":{"alt_text":"","src":"https:\/\/i0.wp.com\/lasprimeras.com.do\/wp-content\/uploads\/2026\/01\/IMG-20260123-WA0140.jpg?resize=350%2C200&ssl=1","width":350,"height":200,"srcset":"https:\/\/i0.wp.com\/lasprimeras.com.do\/wp-content\/uploads\/2026\/01\/IMG-20260123-WA0140.jpg?resize=350%2C200&ssl=1 1x, https:\/\/i0.wp.com\/lasprimeras.com.do\/wp-content\/uploads\/2026\/01\/IMG-20260123-WA0140.jpg?resize=525%2C300&ssl=1 1.5x, https:\/\/i0.wp.com\/lasprimeras.com.do\/wp-content\/uploads\/2026\/01\/IMG-20260123-WA0140.jpg?resize=700%2C400&ssl=1 2x, https:\/\/i0.wp.com\/lasprimeras.com.do\/wp-content\/uploads\/2026\/01\/IMG-20260123-WA0140.jpg?resize=1050%2C600&ssl=1 3x, https:\/\/i0.wp.com\/lasprimeras.com.do\/wp-content\/uploads\/2026\/01\/IMG-20260123-WA0140.jpg?resize=1400%2C800&ssl=1 4x"},"classes":[]}],"jetpack_sharing_enabled":true,"_links":{"self":[{"href":"https:\/\/lasprimeras.com.do\/index.php\/wp-json\/wp\/v2\/posts\/89578","targetHints":{"allow":["GET"]}}],"collection":[{"href":"https:\/\/lasprimeras.com.do\/index.php\/wp-json\/wp\/v2\/posts"}],"about":[{"href":"https:\/\/lasprimeras.com.do\/index.php\/wp-json\/wp\/v2\/types\/post"}],"author":[{"embeddable":true,"href":"https:\/\/lasprimeras.com.do\/index.php\/wp-json\/wp\/v2\/users\/2"}],"replies":[{"embeddable":true,"href":"https:\/\/lasprimeras.com.do\/index.php\/wp-json\/wp\/v2\/comments?post=89578"}],"version-history":[{"count":1,"href":"https:\/\/lasprimeras.com.do\/index.php\/wp-json\/wp\/v2\/posts\/89578\/revisions"}],"predecessor-version":[{"id":89580,"href":"https:\/\/lasprimeras.com.do\/index.php\/wp-json\/wp\/v2\/posts\/89578\/revisions\/89580"}],"wp:featuredmedia":[{"embeddable":true,"href":"https:\/\/lasprimeras.com.do\/index.php\/wp-json\/wp\/v2\/media\/89579"}],"wp:attachment":[{"href":"https:\/\/lasprimeras.com.do\/index.php\/wp-json\/wp\/v2\/media?parent=89578"}],"wp:term":[{"taxonomy":"category","embeddable":true,"href":"https:\/\/lasprimeras.com.do\/index.php\/wp-json\/wp\/v2\/categories?post=89578"},{"taxonomy":"post_tag","embeddable":true,"href":"https:\/\/lasprimeras.com.do\/index.php\/wp-json\/wp\/v2\/tags?post=89578"}],"curies":[{"name":"wp","href":"https:\/\/api.w.org\/{rel}","templated":true}]}}