{"id":89584,"date":"2024-09-28T23:21:58","date_gmt":"2024-09-29T03:21:58","guid":{"rendered":"https:\/\/lasprimeras.com.do\/?p=89584"},"modified":"2024-09-28T23:21:59","modified_gmt":"2024-09-29T03:21:59","slug":"abinader-inaugura-reconstruido-mercado-municipal-de-la-vega","status":"publish","type":"post","link":"https:\/\/lasprimeras.com.do\/index.php\/2024\/09\/28\/abinader-inaugura-reconstruido-mercado-municipal-de-la-vega\/","title":{"rendered":"Abinader inaugura reconstruido Mercado Municipal de La Vega"},"content":{"rendered":"\n<p><strong>Los trabajos de reconstrucci\u00f3n estuvieron paralizados por cuatro a\u00f1os, siendo retomados en la primera gesti\u00f3n de gobierno de Abinader.<br>\u00a0<\/strong><br>El presidente Luis Abinader inaugur\u00f3 este s\u00e1bado el reconstruido Mercado Municipal de La Vega, luego de que fuera destruido por un incendio el 29 de mayo del 2016, afectando a cientos de vendedores de diversos productos agr\u00edcolas, pecuarios y elaborados.<\/p>\n\n\n\n<p>Localizado en el centro de la ciudad, la reconstrucci\u00f3n de sus instalaciones estuvo paralizada por cuatro a\u00f1os, siendo retomada en 2020 en la primera gesti\u00f3n de gobierno del presidente Abinader quien lo declar\u00f3 como una prioridad.<\/p>\n\n\n\n<p>A su llegada, el jefe de Estado realiz\u00f3 un recorrido por la obra, cuya terminaci\u00f3n inyecta empleos y dinamismo a la econom\u00eda local y su inversi\u00f3n supera los 485 millones de pesos.<\/p>\n\n\n\n<p>El ministro de Obras P\u00fablicas, Deligne Ascenci\u00f3n, lo describi\u00f3 como una infraestructura moderna y de gran importancia para que cientos de familias puedan adquirir productos b\u00e1sicos y de primera necesidad, como carnes, v\u00edveres o vegetales, en condiciones higi\u00e9nicas, sanitarias y sin arrabalizaci\u00f3n.<\/p>\n\n\n\n<p>En este espacio, dijo, los vendedores y suplidores podr\u00e1n realizar su trabajo en mejores condiciones, con la dignidad que se requiere, pero sobre todo, la poblaci\u00f3n podr\u00e1 adquirir productos de buena calidad.<\/p>\n\n\n\n<p>Agreg\u00f3 que con estas obras dan continuidad al prop\u00f3sito de seguir llevando el cambio prometido.<\/p>\n\n\n\n<p>Agradecimientos<\/p>\n\n\n\n<p>Alqu\u00edmedes Andujar, en representaci\u00f3n de los trabajadores, agradeci\u00f3 de coraz\u00f3n al mandatario porque les dio prioridad cuando ya no ten\u00edan esperanza y superando los contratiempos, hoy est\u00e1n inaugurando las nuevas instalaciones del mercado, para que los comerciantes puedan subsistir a trav\u00e9s del tiempo.<\/p>\n\n\n\n<p>\u201cSabemos que tenemos que darle buen uso a las instalaciones que hoy nos entregan para dar un buen servicio a la sociedad vegana\u201d.<\/p>\n\n\n\n<p>Nuevo mercado<\/p>\n\n\n\n<p>Los trabajos abarcaron la construcci\u00f3n de un edificio nuevo de dos niveles, el remozamiento de una nave y la reconstrucci\u00f3n de la estructura principal.<\/p>\n\n\n\n<p>Cuenta con tres bloques para m\u00e1s de 300 puestos de venta, 67 estacionamientos para veh\u00edculos livianos, con espacios tambi\u00e9n para motocicletas y personas con discapacidad; as\u00ed como un \u00e1rea de carga y descarga con parqueos.<\/p>\n\n\n\n<p>Estuvieron presentes, la gobernadora Luisa Altagracia Jim\u00e9nez; el senador Ram\u00f3n Rogelio Genao; el alcalde interino Joel Mart\u00ednez; los diputados Agust\u00edn Burgos, Carolin Mercedes, Gabriela Mar\u00eda Santos; el p\u00e1rroco de la iglesia Sagrada Familia, Dionis Dur\u00e1n, entre otros.<\/p>\n","protected":false},"excerpt":{"rendered":"<p>Los trabajos de reconstrucci\u00f3n estuvieron paralizados por cuatro a\u00f1os, siendo retomados en la primera gesti\u00f3n de gobierno de Abinader.\u00a0El presidente Luis Abinader inaugur\u00f3 este s\u00e1bado el reconstruido Mercado Municipal de&hellip;<\/p>\n","protected":false},"author":2,"featured_media":89585,"comment_status":"open","ping_status":"open","sticky":false,"template":"","format":"standard","meta":{"content-type":"","jetpack_post_was_ever_published":false,"_jetpack_newsletter_access":"","_jetpack_dont_email_post_to_subs":false,"_jetpack_newsletter_tier_id":0,"_jetpack_memberships_contains_paywalled_content":false,"_jetpack_memberships_contains_paid_content":false,"footnotes":""},"categories":[39,25],"tags":[15698,1399,940,67,15697],"class_list":["post-89584","post","type-post","status-publish","format-standard","has-post-thumbnail","hentry","category-economia","category-portada","tag-destruido","tag-incendio","tag-la-vega","tag-luis-abinader","tag-mercado-municipal"],"jetpack_featured_media_url":"https:\/\/lasprimeras.com.do\/wp-content\/uploads\/2024\/09\/mercado-1.jpg","jetpack-related-posts":[{"id":107183,"url":"https:\/\/lasprimeras.com.do\/index.php\/2025\/08\/24\/abinader-destaca-sus-raices-en-taveras-y-sabana-iglesia\/","url_meta":{"origin":89584,"position":0},"title":"Abinader destaca sus ra\u00edces en Taveras y Sabana Iglesia","author":"Nelson Feliz","date":"24 de agosto de 2025","format":false,"excerpt":"El presidente Luis Abinader inaugur\u00f3 varias carreteras y calles intercomunitarias en Tavera (La Vega), Sabana Iglesia (Santiago) y Las Charcas (Santiago), obras que impactar\u00e1n directamente en la conectividad, la econom\u00eda y la calidad de vida de miles de familias de estas comunidades con una inversi\u00f3n global de RD$ 1,025,073,394.94. Estas\u2026","rel":"","context":"En \u00abECONOM\u00cdA\u00bb","block_context":{"text":"ECONOM\u00cdA","link":"https:\/\/lasprimeras.com.do\/index.php\/category\/economia\/"},"img":{"alt_text":"","src":"https:\/\/i0.wp.com\/lasprimeras.com.do\/wp-content\/uploads\/2025\/08\/abina.jpg?resize=350%2C200&ssl=1","width":350,"height":200,"srcset":"https:\/\/i0.wp.com\/lasprimeras.com.do\/wp-content\/uploads\/2025\/08\/abina.jpg?resize=350%2C200&ssl=1 1x, https:\/\/i0.wp.com\/lasprimeras.com.do\/wp-content\/uploads\/2025\/08\/abina.jpg?resize=525%2C300&ssl=1 1.5x, https:\/\/i0.wp.com\/lasprimeras.com.do\/wp-content\/uploads\/2025\/08\/abina.jpg?resize=700%2C400&ssl=1 2x"},"classes":[]},{"id":119308,"url":"https:\/\/lasprimeras.com.do\/index.php\/2026\/01\/10\/abinader-inaugura-moderno-mercado-municipal-en-las-matas-de-farfan\/","url_meta":{"origin":89584,"position":1},"title":"Abinader inaugura moderno Mercado Municipal en Las Matas de Farf\u00e1n","author":"Nelson Feliz","date":"10 de enero de 2026","format":false,"excerpt":"El presidente Luis Abinader junto a la primera dama Raquel Arbaje, inaugur\u00f3 el nuevo Mercado Municipal de Las Matas de Farf\u00e1n, una obra que busca transformar las condiciones de intercambio comercial y garantizar productos de mayor calidad para las familias sanjuaneras. La obra no solo representa un espacio f\u00edsico moderno,\u2026","rel":"","context":"En \u00abNACIONALES\u00bb","block_context":{"text":"NACIONALES","link":"https:\/\/lasprimeras.com.do\/index.php\/category\/nacionales\/"},"img":{"alt_text":"","src":"https:\/\/i0.wp.com\/lasprimeras.com.do\/wp-content\/uploads\/2026\/01\/Luis-1.jpg?resize=350%2C200&ssl=1","width":350,"height":200,"srcset":"https:\/\/i0.wp.com\/lasprimeras.com.do\/wp-content\/uploads\/2026\/01\/Luis-1.jpg?resize=350%2C200&ssl=1 1x, https:\/\/i0.wp.com\/lasprimeras.com.do\/wp-content\/uploads\/2026\/01\/Luis-1.jpg?resize=525%2C300&ssl=1 1.5x, https:\/\/i0.wp.com\/lasprimeras.com.do\/wp-content\/uploads\/2026\/01\/Luis-1.jpg?resize=700%2C400&ssl=1 2x"},"classes":[]},{"id":128593,"url":"https:\/\/lasprimeras.com.do\/index.php\/2026\/04\/24\/abinader-inaugurara-nueve-obras-en-la-vega-santiago-duarte-y-maria-trinidad-sanchez-este-fin-de-semana\/","url_meta":{"origin":89584,"position":2},"title":"Abinader inaugurar\u00e1 nueve obras en La Vega, Santiago, Duarte y Mar\u00eda Trinidad S\u00e1nchez este fin de semana","author":"Nelson Feliz","date":"24 de abril de 2026","format":false,"excerpt":"Las obras a inaugurar incluyen siete carreteras y dos centros educativos; tambi\u00e9n participar\u00e1 en la Feria Regional del Libro y la Cultura; entre otras. El presidente de la Rep\u00fablica, Luis Abinader, desarrollar\u00e1 este fin de semana una agenda de actividades oficiales que incluye inauguraciones de carreteras, visitas de supervisi\u00f3n y\u2026","rel":"","context":"En \u00abNACIONALES\u00bb","block_context":{"text":"NACIONALES","link":"https:\/\/lasprimeras.com.do\/index.php\/category\/nacionales\/"},"img":{"alt_text":"Luis Abinader","src":"https:\/\/i0.wp.com\/lasprimeras.com.do\/wp-content\/uploads\/2026\/03\/Luis-Abinader-7-1.jpg?resize=350%2C200&ssl=1","width":350,"height":200,"srcset":"https:\/\/i0.wp.com\/lasprimeras.com.do\/wp-content\/uploads\/2026\/03\/Luis-Abinader-7-1.jpg?resize=350%2C200&ssl=1 1x, https:\/\/i0.wp.com\/lasprimeras.com.do\/wp-content\/uploads\/2026\/03\/Luis-Abinader-7-1.jpg?resize=525%2C300&ssl=1 1.5x, https:\/\/i0.wp.com\/lasprimeras.com.do\/wp-content\/uploads\/2026\/03\/Luis-Abinader-7-1.jpg?resize=700%2C400&ssl=1 2x"},"classes":[]},{"id":128646,"url":"https:\/\/lasprimeras.com.do\/index.php\/2026\/04\/25\/presidente-abinader-inaugura-carretera-que-conecta-a-tavera-con-jarabacoa\/","url_meta":{"origin":89584,"position":3},"title":"Presidente Abinader inaugura carretera que conecta a Tavera con Jarabacoa","author":"Nelson Feliz","date":"25 de abril de 2026","format":false,"excerpt":"Abinader dice nunca antes se hab\u00edan hecho tantas carreteras y tantas mejor\u00edas en la sierra El presidente Luis Abinader inaugur\u00f3 este s\u00e1bado la carretera que enlaza el distrito municipal de Tavera con el municipio de Jarabacoa, en la provincia de La Vega, una infraestructura clave para la conectividad y el\u2026","rel":"","context":"En \u00abNACIONALES\u00bb","block_context":{"text":"NACIONALES","link":"https:\/\/lasprimeras.com.do\/index.php\/category\/nacionales\/"},"img":{"alt_text":"","src":"https:\/\/i0.wp.com\/lasprimeras.com.do\/wp-content\/uploads\/2026\/04\/abina-1.jpg?resize=350%2C200&ssl=1","width":350,"height":200,"srcset":"https:\/\/i0.wp.com\/lasprimeras.com.do\/wp-content\/uploads\/2026\/04\/abina-1.jpg?resize=350%2C200&ssl=1 1x, https:\/\/i0.wp.com\/lasprimeras.com.do\/wp-content\/uploads\/2026\/04\/abina-1.jpg?resize=525%2C300&ssl=1 1.5x, https:\/\/i0.wp.com\/lasprimeras.com.do\/wp-content\/uploads\/2026\/04\/abina-1.jpg?resize=700%2C400&ssl=1 2x"},"classes":[]},{"id":101943,"url":"https:\/\/lasprimeras.com.do\/index.php\/2025\/06\/28\/abinader-inaugura-proyectos-de-asfaltado-ejecutados-por-la-lmd-en-constanza\/","url_meta":{"origin":89584,"position":4},"title":"Abinader inaugura proyectos de asfaltado ejecutados por la LMD en Constanza","author":"Nelson Feliz","date":"28 de junio de 2025","format":false,"excerpt":"El presidente de la Rep\u00fablica Luis Abinader junto al presidente de la Liga Municipal Dominicana (LMD), V\u00edctor D\u00b4Aza, inauguraron varios proyectos de asfaltado en el municipio de Constanza, provincia La Vega, ejecutados con la inversi\u00f3n del programa de Apoyo a los Gobiernos locales que implementa la LMD con fondos de\u2026","rel":"","context":"En \u00abECONOM\u00cdA\u00bb","block_context":{"text":"ECONOM\u00cdA","link":"https:\/\/lasprimeras.com.do\/index.php\/category\/economia\/"},"img":{"alt_text":"","src":"https:\/\/i0.wp.com\/lasprimeras.com.do\/wp-content\/uploads\/2025\/06\/Luis-Abinader-5-1.jpg?resize=350%2C200&ssl=1","width":350,"height":200,"srcset":"https:\/\/i0.wp.com\/lasprimeras.com.do\/wp-content\/uploads\/2025\/06\/Luis-Abinader-5-1.jpg?resize=350%2C200&ssl=1 1x, https:\/\/i0.wp.com\/lasprimeras.com.do\/wp-content\/uploads\/2025\/06\/Luis-Abinader-5-1.jpg?resize=525%2C300&ssl=1 1.5x, https:\/\/i0.wp.com\/lasprimeras.com.do\/wp-content\/uploads\/2025\/06\/Luis-Abinader-5-1.jpg?resize=700%2C400&ssl=1 2x"},"classes":[]},{"id":48530,"url":"https:\/\/lasprimeras.com.do\/index.php\/2023\/05\/01\/alcalde-denuncia-contralor-tiene-paralizado-reparacion-de-calles-pide-intervencion-del-presidente-abinader\/","url_meta":{"origin":89584,"position":5},"title":"Alcalde denuncia Contralor tiene paralizado reparaci\u00f3n de calles: Pide intervenci\u00f3n del presidente Abinader","author":"prenxa100","date":"1 de mayo de 2023","format":false,"excerpt":"Jima Abajo provincia La Vega.-.El alcalde del municipio Jima Abajo provincia La Vega, Porfirio Alberto Monegro, denunci\u00f3 que la reconstrucci\u00f3n de las calles, aceras y contenes de esa zona y el Distrito Municipal de Rinc\u00f3n, se encuentran paralizadas por culpa del Contralor General de la Rep\u00fablica, F\u00e9lix Antonio Santana Garc\u00eda.\u2026","rel":"","context":"En \u00abNACIONALES\u00bb","block_context":{"text":"NACIONALES","link":"https:\/\/lasprimeras.com.do\/index.php\/category\/nacionales\/"},"img":{"alt_text":"","src":"","width":0,"height":0},"classes":[]}],"jetpack_sharing_enabled":true,"_links":{"self":[{"href":"https:\/\/lasprimeras.com.do\/index.php\/wp-json\/wp\/v2\/posts\/89584","targetHints":{"allow":["GET"]}}],"collection":[{"href":"https:\/\/lasprimeras.com.do\/index.php\/wp-json\/wp\/v2\/posts"}],"about":[{"href":"https:\/\/lasprimeras.com.do\/index.php\/wp-json\/wp\/v2\/types\/post"}],"author":[{"embeddable":true,"href":"https:\/\/lasprimeras.com.do\/index.php\/wp-json\/wp\/v2\/users\/2"}],"replies":[{"embeddable":true,"href":"https:\/\/lasprimeras.com.do\/index.php\/wp-json\/wp\/v2\/comments?post=89584"}],"version-history":[{"count":1,"href":"https:\/\/lasprimeras.com.do\/index.php\/wp-json\/wp\/v2\/posts\/89584\/revisions"}],"predecessor-version":[{"id":89586,"href":"https:\/\/lasprimeras.com.do\/index.php\/wp-json\/wp\/v2\/posts\/89584\/revisions\/89586"}],"wp:featuredmedia":[{"embeddable":true,"href":"https:\/\/lasprimeras.com.do\/index.php\/wp-json\/wp\/v2\/media\/89585"}],"wp:attachment":[{"href":"https:\/\/lasprimeras.com.do\/index.php\/wp-json\/wp\/v2\/media?parent=89584"}],"wp:term":[{"taxonomy":"category","embeddable":true,"href":"https:\/\/lasprimeras.com.do\/index.php\/wp-json\/wp\/v2\/categories?post=89584"},{"taxonomy":"post_tag","embeddable":true,"href":"https:\/\/lasprimeras.com.do\/index.php\/wp-json\/wp\/v2\/tags?post=89584"}],"curies":[{"name":"wp","href":"https:\/\/api.w.org\/{rel}","templated":true}]}}