{"id":89606,"date":"2024-09-29T14:43:01","date_gmt":"2024-09-29T18:43:01","guid":{"rendered":"https:\/\/lasprimeras.com.do\/?p=89606"},"modified":"2024-09-29T14:43:02","modified_gmt":"2024-09-29T18:43:02","slug":"armada-senpa-migracion-y-mp-refuerzan-controles-fronterizos-y-medioambientales-en-pedernales","status":"publish","type":"post","link":"https:\/\/lasprimeras.com.do\/index.php\/2024\/09\/29\/armada-senpa-migracion-y-mp-refuerzan-controles-fronterizos-y-medioambientales-en-pedernales\/","title":{"rendered":"Armada, SENPA, Migraci\u00f3n y MP refuerzan controles fronterizos y medioambientales en Pedernales"},"content":{"rendered":"\n<p>Por Martin Restituyo<\/p>\n\n\n\n<p>La Armada de la Rep\u00fablica Dominicana (ARD), en conjunto con el Servicio Nacional de Protecci\u00f3n Ambiental (SENPA), la Direcci\u00f3n General de Migraci\u00f3n (DGM) y la Procuradur\u00eda Fiscal Provincial, realiz\u00f3 amplios operativos para fortalecer los controles fronterizos y medioambientales en las cercan\u00edas de Cabo Peque\u00f1o, provincia Pedernales.<\/p>\n\n\n\n<p>En la operaci\u00f3n participaron unidades del Comando Naval Sur y los Comandos Anfibios ARD, quienes, junto con las instituciones mencionadas, fueron transportados a bordo de unidades navales.<\/p>\n\n\n\n<p>Durante uno de estos operativos, se detuvo a 35 nacionales haitianos indocumentados, entre ellos 31 hombres, 4 mujeres y 3 menores de edad. Adem\u00e1s, se identificaron diecinueve estructuras (casuchas), de las cuales dieciocho fueron desmanteladas. Una estructura fue exceptuada temporalmente, otorg\u00e1ndosele una semana adicional para su uso como centro de acopio de propiedades a\u00fan resguardadas.<\/p>\n\n\n\n<p>Estas acciones refuerzan la presencia y el control en la zona costera y mar\u00edtima de la frontera en Pedernales, como parte de los esfuerzos continuos de la Fuerzas Armadas y otras autoridades dominicanas para garantizar la seguridad y la protecci\u00f3n del medio ambiente en las \u00e1reas lim\u00edtrofes del pa\u00eds.<\/p>\n","protected":false},"excerpt":{"rendered":"<p>Por Martin Restituyo La Armada de la Rep\u00fablica Dominicana (ARD), en conjunto con el Servicio Nacional de Protecci\u00f3n Ambiental (SENPA), la Direcci\u00f3n General de Migraci\u00f3n (DGM) y la Procuradur\u00eda Fiscal&hellip;<\/p>\n","protected":false},"author":2,"featured_media":89607,"comment_status":"open","ping_status":"open","sticky":false,"template":"","format":"standard","meta":{"content-type":"","jetpack_post_was_ever_published":false,"_jetpack_newsletter_access":"","_jetpack_dont_email_post_to_subs":false,"_jetpack_newsletter_tier_id":0,"_jetpack_memberships_contains_paywalled_content":false,"_jetpack_memberships_contains_paid_content":false,"footnotes":""},"categories":[3057],"tags":[3756,2158,7756,15708,930,1968,15689],"class_list":["post-89606","post","type-post","status-publish","format-standard","has-post-thumbnail","hentry","category-militares","tag-armada","tag-controles","tag-fronterizos","tag-medioambientales","tag-migracion","tag-mp","tag-senpa"],"jetpack_featured_media_url":"https:\/\/lasprimeras.com.do\/wp-content\/uploads\/2024\/09\/armada-2.jpg","jetpack-related-posts":[{"id":89568,"url":"https:\/\/lasprimeras.com.do\/index.php\/2024\/09\/28\/medio-ambiente-senpa-y-la-armada-demuelen-18-estructuras-en-cabo-rojo\/","url_meta":{"origin":89606,"position":0},"title":"Medio Ambiente, SENPA y la Armada demuelen 18 estructuras en Cabo Rojo","author":"Nelson Feliz","date":"28 de septiembre de 2024","format":false,"excerpt":"El Ministerio de Medio Ambiente, la Armada y el Servicio Nacional de Protecci\u00f3n Ambiental (SENPA) realizaron la segunda fase del Operativo de Reforzamiento de Controles Fronterizos en Cabo Rojo, con el objetivo de desalojar y posterior demolici\u00f3n de las estructuras temporales ilegales de la zona, despu\u00e9s de otorgar un plazo\u2026","rel":"","context":"En \u00abNACIONALES\u00bb","block_context":{"text":"NACIONALES","link":"https:\/\/lasprimeras.com.do\/index.php\/category\/nacionales\/"},"img":{"alt_text":"SENPA","src":"https:\/\/i0.wp.com\/lasprimeras.com.do\/wp-content\/uploads\/2024\/09\/SENPA-1.jpg?resize=350%2C200&ssl=1","width":350,"height":200,"srcset":"https:\/\/i0.wp.com\/lasprimeras.com.do\/wp-content\/uploads\/2024\/09\/SENPA-1.jpg?resize=350%2C200&ssl=1 1x, https:\/\/i0.wp.com\/lasprimeras.com.do\/wp-content\/uploads\/2024\/09\/SENPA-1.jpg?resize=525%2C300&ssl=1 1.5x, https:\/\/i0.wp.com\/lasprimeras.com.do\/wp-content\/uploads\/2024\/09\/SENPA-1.jpg?resize=700%2C400&ssl=1 2x"},"classes":[]},{"id":49686,"url":"https:\/\/lasprimeras.com.do\/index.php\/2023\/05\/13\/medio-ambiente-pone-en-marcha-operacion-militar-para-rescatar-parque-nacional-los-haitises\/","url_meta":{"origin":89606,"position":1},"title":"Medio Ambiente pone en marcha operaci\u00f3n militar para rescatar Parque Nacional Los Haitises","author":"prenxa100","date":"13 de mayo de 2023","format":false,"excerpt":"Por Wilson P\u00e9rez Santo Domingo.-.El Ministerio de Medio Ambiente y Recursos Naturales despleg\u00f3 a partir de este fin de semana un amplio operativo militar de control y vigilancia del Parque Nacional Los Haitises, con el objetivo de erradicar actividades il\u00edcitas como la invasi\u00f3n de terrenos, la tala de \u00e1rboles y\u2026","rel":"","context":"En \u00abNACIONALES\u00bb","block_context":{"text":"NACIONALES","link":"https:\/\/lasprimeras.com.do\/index.php\/category\/nacionales\/"},"img":{"alt_text":"","src":"","width":0,"height":0},"classes":[]},{"id":80782,"url":"https:\/\/lasprimeras.com.do\/index.php\/2024\/04\/12\/la-frontera-dominicana-esta-segura-y-tranquila-afirma-el-ejercito\/","url_meta":{"origin":89606,"position":2},"title":"La frontera dominicana est\u00e1 segura y tranquila, afirma el Ej\u00e9rcito","author":"BIMARY DE JES\u00daS Matos","date":"12 de abril de 2024","format":false,"excerpt":"Pedernales.- La frontera est\u00e1 segura y tranquila, asegur\u00f3 este viernes el Comandante General del Ej\u00e9rcito de la Rep\u00fablica Dominicana, Mayor General Carlos Antonio Fern\u00e1ndez Onofre, luego de realizar un recorrido por la zona en compa\u00f1\u00eda de otros oficiales en Pedernales y la provincia Independencia. Destac\u00f3 que las Fuerzas Armadas, el\u2026","rel":"","context":"En \u00abNACIONALES\u00bb","block_context":{"text":"NACIONALES","link":"https:\/\/lasprimeras.com.do\/index.php\/category\/nacionales\/"},"img":{"alt_text":"","src":"https:\/\/i0.wp.com\/lasprimeras.com.do\/wp-content\/uploads\/2024\/04\/WhatsApp-Image-2024-01-26-at-12.10.49-PM-14.jpeg?resize=350%2C200&ssl=1","width":350,"height":200,"srcset":"https:\/\/i0.wp.com\/lasprimeras.com.do\/wp-content\/uploads\/2024\/04\/WhatsApp-Image-2024-01-26-at-12.10.49-PM-14.jpeg?resize=350%2C200&ssl=1 1x, https:\/\/i0.wp.com\/lasprimeras.com.do\/wp-content\/uploads\/2024\/04\/WhatsApp-Image-2024-01-26-at-12.10.49-PM-14.jpeg?resize=525%2C300&ssl=1 1.5x, https:\/\/i0.wp.com\/lasprimeras.com.do\/wp-content\/uploads\/2024\/04\/WhatsApp-Image-2024-01-26-at-12.10.49-PM-14.jpeg?resize=700%2C400&ssl=1 2x, https:\/\/i0.wp.com\/lasprimeras.com.do\/wp-content\/uploads\/2024\/04\/WhatsApp-Image-2024-01-26-at-12.10.49-PM-14.jpeg?resize=1050%2C600&ssl=1 3x, https:\/\/i0.wp.com\/lasprimeras.com.do\/wp-content\/uploads\/2024\/04\/WhatsApp-Image-2024-01-26-at-12.10.49-PM-14.jpeg?resize=1400%2C800&ssl=1 4x"},"classes":[]},{"id":55179,"url":"https:\/\/lasprimeras.com.do\/index.php\/2023\/07\/11\/conferencia-de-ff-aa-centroamericanas-coordinan-trabajos-para-defensa-del-medio-ambiente\/","url_meta":{"origin":89606,"position":3},"title":"Conferencia de FF.AA. Centroamericanas coordinan trabajos para defensa del medio ambiente","author":"Nelson Feliz","date":"11 de julio de 2023","format":false,"excerpt":"Por Martin Restituyo La Conferencia de Fuerzas Armadas Centroamericanas trabajan de la mano con los pa\u00edses de Centroam\u00e9rica y el Caribe, para intercambiar ideas y experiencias en temas medioambientales y con ello, ayudar a conservar y preservar los recursos naturales existentes en la regi\u00f3n. As\u00ed lo manifestaron los delegados participantes\u2026","rel":"","context":"En \u00abMILITARES\u00bb","block_context":{"text":"MILITARES","link":"https:\/\/lasprimeras.com.do\/index.php\/category\/militares\/"},"img":{"alt_text":"","src":"https:\/\/i0.wp.com\/lasprimeras.com.do\/wp-content\/uploads\/2023\/07\/ffaa.jpg?resize=350%2C200&ssl=1","width":350,"height":200,"srcset":"https:\/\/i0.wp.com\/lasprimeras.com.do\/wp-content\/uploads\/2023\/07\/ffaa.jpg?resize=350%2C200&ssl=1 1x, https:\/\/i0.wp.com\/lasprimeras.com.do\/wp-content\/uploads\/2023\/07\/ffaa.jpg?resize=525%2C300&ssl=1 1.5x, https:\/\/i0.wp.com\/lasprimeras.com.do\/wp-content\/uploads\/2023\/07\/ffaa.jpg?resize=700%2C400&ssl=1 2x"},"classes":[]},{"id":82601,"url":"https:\/\/lasprimeras.com.do\/index.php\/2024\/05\/05\/medio-ambiente-ha-arrestado-a-373-personas-en-intervencion-de-los-haitises\/","url_meta":{"origin":89606,"position":4},"title":"Medio Ambiente ha arrestado a 373 personas en intervenci\u00f3n de Los Haitises","author":"Esteffany Vargas","date":"5 de mayo de 2024","format":false,"excerpt":"El Senpa entreg\u00f3 a la Direcci\u00f3n de Migraci\u00f3n 366 inmigrantes haitianos que depredaban en el parque nacional. En la operaci\u00f3n de intervenci\u00f3n que desarrolla desde el martes el Ministerio de Medio Ambiente y Recursos Naturales (MMARN) en el Parque Nacional Los Haitises se han arrestado 366 inmigrantes haitianos y siete\u2026","rel":"","context":"En \u00abNACIONALES\u00bb","block_context":{"text":"NACIONALES","link":"https:\/\/lasprimeras.com.do\/index.php\/category\/nacionales\/"},"img":{"alt_text":"","src":"https:\/\/i0.wp.com\/lasprimeras.com.do\/wp-content\/uploads\/2024\/05\/Oerativo-Haitises3.jpg?resize=350%2C200&ssl=1","width":350,"height":200,"srcset":"https:\/\/i0.wp.com\/lasprimeras.com.do\/wp-content\/uploads\/2024\/05\/Oerativo-Haitises3.jpg?resize=350%2C200&ssl=1 1x, https:\/\/i0.wp.com\/lasprimeras.com.do\/wp-content\/uploads\/2024\/05\/Oerativo-Haitises3.jpg?resize=525%2C300&ssl=1 1.5x, https:\/\/i0.wp.com\/lasprimeras.com.do\/wp-content\/uploads\/2024\/05\/Oerativo-Haitises3.jpg?resize=700%2C400&ssl=1 2x"},"classes":[]},{"id":97399,"url":"https:\/\/lasprimeras.com.do\/index.php\/2025\/04\/20\/migracion-detiene-a-1129-haitianos-y-deporta-a-otros-838-en-operativos\/","url_meta":{"origin":89606,"position":5},"title":"Migraci\u00f3n detiene a 1,129 haitianos y deporta a otros 838 en operativos","author":"Nelson Feliz","date":"20 de abril de 2025","format":false,"excerpt":"Las acciones de interdicci\u00f3n incluyeron detenciones en el Gran Santo Domingo. La Direcci\u00f3n General de Migraci\u00f3n (DGM) inform\u00f3 hoy que detuvo a 1,129 haitianos en condici\u00f3n migratoria irregular durante operativos realizados este domingo en diversas provincias del pa\u00eds, como parte de las acciones dispuestas por el Poder Ejecutivo para garantizar\u2026","rel":"","context":"En \u00abNACIONALES\u00bb","block_context":{"text":"NACIONALES","link":"https:\/\/lasprimeras.com.do\/index.php\/category\/nacionales\/"},"img":{"alt_text":"","src":"https:\/\/i0.wp.com\/lasprimeras.com.do\/wp-content\/uploads\/2025\/04\/camiona.jpg?resize=350%2C200&ssl=1","width":350,"height":200,"srcset":"https:\/\/i0.wp.com\/lasprimeras.com.do\/wp-content\/uploads\/2025\/04\/camiona.jpg?resize=350%2C200&ssl=1 1x, https:\/\/i0.wp.com\/lasprimeras.com.do\/wp-content\/uploads\/2025\/04\/camiona.jpg?resize=525%2C300&ssl=1 1.5x, https:\/\/i0.wp.com\/lasprimeras.com.do\/wp-content\/uploads\/2025\/04\/camiona.jpg?resize=700%2C400&ssl=1 2x"},"classes":[]}],"jetpack_sharing_enabled":true,"_links":{"self":[{"href":"https:\/\/lasprimeras.com.do\/index.php\/wp-json\/wp\/v2\/posts\/89606","targetHints":{"allow":["GET"]}}],"collection":[{"href":"https:\/\/lasprimeras.com.do\/index.php\/wp-json\/wp\/v2\/posts"}],"about":[{"href":"https:\/\/lasprimeras.com.do\/index.php\/wp-json\/wp\/v2\/types\/post"}],"author":[{"embeddable":true,"href":"https:\/\/lasprimeras.com.do\/index.php\/wp-json\/wp\/v2\/users\/2"}],"replies":[{"embeddable":true,"href":"https:\/\/lasprimeras.com.do\/index.php\/wp-json\/wp\/v2\/comments?post=89606"}],"version-history":[{"count":2,"href":"https:\/\/lasprimeras.com.do\/index.php\/wp-json\/wp\/v2\/posts\/89606\/revisions"}],"predecessor-version":[{"id":89609,"href":"https:\/\/lasprimeras.com.do\/index.php\/wp-json\/wp\/v2\/posts\/89606\/revisions\/89609"}],"wp:featuredmedia":[{"embeddable":true,"href":"https:\/\/lasprimeras.com.do\/index.php\/wp-json\/wp\/v2\/media\/89607"}],"wp:attachment":[{"href":"https:\/\/lasprimeras.com.do\/index.php\/wp-json\/wp\/v2\/media?parent=89606"}],"wp:term":[{"taxonomy":"category","embeddable":true,"href":"https:\/\/lasprimeras.com.do\/index.php\/wp-json\/wp\/v2\/categories?post=89606"},{"taxonomy":"post_tag","embeddable":true,"href":"https:\/\/lasprimeras.com.do\/index.php\/wp-json\/wp\/v2\/tags?post=89606"}],"curies":[{"name":"wp","href":"https:\/\/api.w.org\/{rel}","templated":true}]}}