{"id":89667,"date":"2024-10-01T12:39:25","date_gmt":"2024-10-01T16:39:25","guid":{"rendered":"https:\/\/lasprimeras.com.do\/?p=89667"},"modified":"2024-10-01T12:39:26","modified_gmt":"2024-10-01T16:39:26","slug":"coronel-bido-recibe-atenciones-medicas-en-hospital-de-la-policia-nacional","status":"publish","type":"post","link":"https:\/\/lasprimeras.com.do\/index.php\/2024\/10\/01\/coronel-bido-recibe-atenciones-medicas-en-hospital-de-la-policia-nacional\/","title":{"rendered":"Coronel Bid\u00f3 recibe atenciones m\u00e9dicas en Hospital de la Polic\u00eda Nacional"},"content":{"rendered":"\n<p>El coronel Ricardo Bid\u00f3, quien fue rescatado ayer en la tarde junto a un agente penitenciario de una de las oficinas del recinto penitenciario de Azua, recibe atenciones m\u00e9dicas en el Hospital General Docente de la Polic\u00eda Nacional (HOSGEDOPOL), donde fue trasladado para tratar varias heridas de bala que le ocasion\u00f3 el privado de libertad que lo mantuvo como reh\u00e9n.<\/p>\n\n\n\n<p>Durante la operaci\u00f3n de rescate, en la que tambi\u00e9n se liber\u00f3 al agente penitenciario Alberto Montilla, result\u00f3 fallecido el privado de libertad que los mantuvo retenidos. Las circunstancias del deceso est\u00e1n bajo investigaci\u00f3n del Ministerio P\u00fablico.<\/p>\n\n\n\n<p>El coronel Bid\u00f3 presenta una herida por proyectil de arma de fuego con orificio de entrada en la cara externa del muslo izquierdo y orificio de salida en la cara interna del mismo muslo.<\/p>\n\n\n\n<p>Asimismo, tiene una herida por proyectil de arma de fuego con orificio de entrada en la cara medial del muslo izquierdo y orificio de salida en la cara posterior del mismo lado. Adem\u00e1s, presenta una herida por proyectil de arma de fuego con orificio de entrada en la regi\u00f3n lumbar sin orificio de salida.<\/p>\n\n\n\n<p>La operaci\u00f3n de rescate se realiz\u00f3 luego de que el interno Maikol Deivy Ram\u00edrez (Yembron), de 38 a\u00f1os, quien portaba un arma de fuego, mantuviera retenidos a ambos en la oficina del oficial superior, ubicada en el mencionado centro penitenciario.<\/p>\n\n\n\n<p>Investigaci\u00f3n<\/p>\n\n\n\n<p>La Direcci\u00f3n General de Servicios Penitenciarios y Correccionales (DGSPC) inform\u00f3 que se investigan las circunstancias del incidente, as\u00ed como la forma en que el recluso consigui\u00f3 el arma de fuego.<\/p>\n\n\n\n<p>El Ministerio P\u00fablico ofrecer\u00e1 mayores detalles conforme avance el proceso investigativo.<\/p>\n\n\n\n<p><\/p>\n","protected":false},"excerpt":{"rendered":"<p>El coronel Ricardo Bid\u00f3, quien fue rescatado ayer en la tarde junto a un agente penitenciario de una de las oficinas del recinto penitenciario de Azua, recibe atenciones m\u00e9dicas en&hellip;<\/p>\n","protected":false},"author":9,"featured_media":89668,"comment_status":"open","ping_status":"open","sticky":false,"template":"","format":"standard","meta":{"content-type":"","jetpack_post_was_ever_published":false,"_jetpack_newsletter_access":"","_jetpack_dont_email_post_to_subs":false,"_jetpack_newsletter_tier_id":0,"_jetpack_memberships_contains_paywalled_content":false,"_jetpack_memberships_contains_paid_content":false,"footnotes":""},"categories":[35,25],"tags":[15746,3467,1252,14181],"class_list":["post-89667","post","type-post","status-publish","format-standard","has-post-thumbnail","hentry","category-nacionales","category-portada","tag-bido","tag-hospital","tag-recluso","tag-recupera"],"jetpack_featured_media_url":"https:\/\/lasprimeras.com.do\/wp-content\/uploads\/2024\/10\/bido1.jpeg","jetpack-related-posts":[{"id":58928,"url":"https:\/\/lasprimeras.com.do\/index.php\/2023\/08\/29\/autoridades-persiguen-a-privados-de-libertad-que-se-fugaron-cuando-eran-trasladados-a-tribunal-spm\/","url_meta":{"origin":89667,"position":0},"title":"Autoridades persiguen a privados de libertad que se fugaron cuando eran trasladados a tribunal SPM","author":"Nelson Feliz","date":"29 de agosto de 2023","format":false,"excerpt":"El hecho se produjo cuando los privados de libertad Jony Oscar Charles, Johnny Alexander Castro y Enrique Valerio. Las autoridades penitenciarias y los organismos de seguridad de la Penitenciar\u00eda Nacional de La Victoria persiguen a dos privados de libertad de ese recinto que se fugaron cuando eran trasladados a un\u2026","rel":"","context":"En \u00abMILITARES\u00bb","block_context":{"text":"MILITARES","link":"https:\/\/lasprimeras.com.do\/index.php\/category\/militares\/"},"img":{"alt_text":"","src":"https:\/\/i0.wp.com\/lasprimeras.com.do\/wp-content\/uploads\/2023\/08\/Policia.jpeg?resize=350%2C200&ssl=1","width":350,"height":200,"srcset":"https:\/\/i0.wp.com\/lasprimeras.com.do\/wp-content\/uploads\/2023\/08\/Policia.jpeg?resize=350%2C200&ssl=1 1x, https:\/\/i0.wp.com\/lasprimeras.com.do\/wp-content\/uploads\/2023\/08\/Policia.jpeg?resize=525%2C300&ssl=1 1.5x, https:\/\/i0.wp.com\/lasprimeras.com.do\/wp-content\/uploads\/2023\/08\/Policia.jpeg?resize=700%2C400&ssl=1 2x"},"classes":[]},{"id":128799,"url":"https:\/\/lasprimeras.com.do\/index.php\/2026\/04\/27\/investigan-muerte-de-exteniente-coronel-hans-wender-lluberes\/","url_meta":{"origin":89667,"position":1},"title":"Investigan muerte de exteniente coronel Hans Wender Lluberes","author":"Nelson Feliz","date":"27 de abril de 2026","format":false,"excerpt":"La\u00a0Direcci\u00f3n General de Servicios Penitenciarios\u00a0y Correccionales (DGSPC) inform\u00f3 la noche del domingo que\u00a0investiga\u00a0las circunstancias en que falleci\u00f3 el\u00a0exteniente\u00a0de la Polic\u00eda\u00a0Hans Wender Lluberes S\u00e1nchez\u00a0en el Centro de Atenci\u00f3n y Privaci\u00f3n de Libertad Provisional de San Luis (CAPLIP-1). Lluberes S\u00e1nchez\u00a0hab\u00eda sido\u00a0trasladado\u00a0a ese recinto el pasado\u00a020 de abril, luego de recibir una condena\u2026","rel":"","context":"En \u00abNACIONALES\u00bb","block_context":{"text":"NACIONALES","link":"https:\/\/lasprimeras.com.do\/index.php\/category\/nacionales\/"},"img":{"alt_text":"","src":"https:\/\/i0.wp.com\/lasprimeras.com.do\/wp-content\/uploads\/2026\/04\/deportan-al-exoficial-hans-lluberes-acusado-de-dirigir-red-narco-203438aa-focus-0-0-375-240.jpg?resize=350%2C200&ssl=1","width":350,"height":200},"classes":[]},{"id":92978,"url":"https:\/\/lasprimeras.com.do\/index.php\/2025\/01\/21\/escuelas-vocacionales-promueven-dialogo-para-expandir-modelo-educativo-en-centros-penitenciarios\/","url_meta":{"origin":89667,"position":2},"title":"Escuelas Vocacionales promueven di\u00e1logo para expandir modelo educativo en centros penitenciarios","author":"Nelson Feliz","date":"21 de enero de 2025","format":false,"excerpt":"Los directores de la Oficina Nacional de Apoyo a la Reforma Penitenciaria (ONAPREP) Lic. Roberto Santana S\u00e1nchez y de las Escuelas Vocacionales de las Fuerzas Armadas y de la Polic\u00eda Nacional (DIGEV) Coronel Jos\u00e9 Ram\u00f3n Reyes Su\u00e1rez realizaron un encuentro con el objetivo de expandir modelo educativo en centros penitenciarios.\u2026","rel":"","context":"En \u00abMILITARES\u00bb","block_context":{"text":"MILITARES","link":"https:\/\/lasprimeras.com.do\/index.php\/category\/militares\/"},"img":{"alt_text":"","src":"https:\/\/i0.wp.com\/lasprimeras.com.do\/wp-content\/uploads\/2025\/01\/Escuelas-Vocacionales-1.jpg?resize=350%2C200&ssl=1","width":350,"height":200,"srcset":"https:\/\/i0.wp.com\/lasprimeras.com.do\/wp-content\/uploads\/2025\/01\/Escuelas-Vocacionales-1.jpg?resize=350%2C200&ssl=1 1x, https:\/\/i0.wp.com\/lasprimeras.com.do\/wp-content\/uploads\/2025\/01\/Escuelas-Vocacionales-1.jpg?resize=525%2C300&ssl=1 1.5x, https:\/\/i0.wp.com\/lasprimeras.com.do\/wp-content\/uploads\/2025\/01\/Escuelas-Vocacionales-1.jpg?resize=700%2C400&ssl=1 2x"},"classes":[]},{"id":55791,"url":"https:\/\/lasprimeras.com.do\/index.php\/2023\/07\/25\/el-presidente-lasso-decreta-el-estado-de-excepcion-en-las-carceles-de-ecuador\/","url_meta":{"origin":89667,"position":3},"title":"El presidente Lasso decreta el estado de excepci\u00f3n en las c\u00e1rceles de Ecuador","author":"Nelson Feliz","date":"25 de julio de 2023","format":false,"excerpt":"El presidente de Ecuador, Guillermo Lasso, decret\u00f3 el estado de excepci\u00f3n \"por grave conmoci\u00f3n interna\" en todos los centros de privaci\u00f3n de la libertad que integran el Sistema de Rehabilitaci\u00f3n Social a nivel nacional, por sesenta d\u00edas. La Secretar\u00eda General de Comunicaci\u00f3n de la Presidencia difundi\u00f3 este martes el decreto,\u2026","rel":"","context":"En \u00abSin categor\u00eda\u00bb","block_context":{"text":"Sin categor\u00eda","link":"https:\/\/lasprimeras.com.do\/index.php\/category\/sin-categoria\/"},"img":{"alt_text":"Guillermo Lasso","src":"https:\/\/i0.wp.com\/lasprimeras.com.do\/wp-content\/uploads\/2023\/07\/Guillermo-Lasso.jpg?resize=350%2C200&ssl=1","width":350,"height":200,"srcset":"https:\/\/i0.wp.com\/lasprimeras.com.do\/wp-content\/uploads\/2023\/07\/Guillermo-Lasso.jpg?resize=350%2C200&ssl=1 1x, https:\/\/i0.wp.com\/lasprimeras.com.do\/wp-content\/uploads\/2023\/07\/Guillermo-Lasso.jpg?resize=525%2C300&ssl=1 1.5x, https:\/\/i0.wp.com\/lasprimeras.com.do\/wp-content\/uploads\/2023\/07\/Guillermo-Lasso.jpg?resize=700%2C400&ssl=1 2x"},"classes":[]},{"id":91777,"url":"https:\/\/lasprimeras.com.do\/index.php\/2024\/12\/01\/aseopna-y-el-hosgedopol-inauguran-nuevas-areas-medicas-para-fortalecer-la-atencion-materno-infantil\/","url_meta":{"origin":89667,"position":4},"title":"ASEOPNA y el Hosgedopol inauguran nuevas \u00e1reas m\u00e9dicas para fortalecer la atenci\u00f3n materno-infantil","author":"Nelson Feliz","date":"1 de diciembre de 2024","format":false,"excerpt":"El Hospital General Docente de la Polic\u00eda Nacional (HOSGEDOPOL), en colaboraci\u00f3n con la Asociaci\u00f3n de Esposas de Oficiales de la Polic\u00eda Nacional (ASEOPNA), inaugur\u00f3 modernas \u00e1reas especializadas para reforzar la atenci\u00f3n materno-infantil, incluyendo unidades de cuidados intensivos pedi\u00e1trica y neonatal, as\u00ed como la remodelaci\u00f3n del \u00e1rea de preparto y el\u2026","rel":"","context":"En \u00abSALUD\u00bb","block_context":{"text":"SALUD","link":"https:\/\/lasprimeras.com.do\/index.php\/category\/salud\/"},"img":{"alt_text":"","src":"https:\/\/i0.wp.com\/lasprimeras.com.do\/wp-content\/uploads\/2024\/12\/aseopa.jpg?resize=350%2C200&ssl=1","width":350,"height":200,"srcset":"https:\/\/i0.wp.com\/lasprimeras.com.do\/wp-content\/uploads\/2024\/12\/aseopa.jpg?resize=350%2C200&ssl=1 1x, https:\/\/i0.wp.com\/lasprimeras.com.do\/wp-content\/uploads\/2024\/12\/aseopa.jpg?resize=525%2C300&ssl=1 1.5x, https:\/\/i0.wp.com\/lasprimeras.com.do\/wp-content\/uploads\/2024\/12\/aseopa.jpg?resize=700%2C400&ssl=1 2x, https:\/\/i0.wp.com\/lasprimeras.com.do\/wp-content\/uploads\/2024\/12\/aseopa.jpg?resize=1050%2C600&ssl=1 3x"},"classes":[]},{"id":87525,"url":"https:\/\/lasprimeras.com.do\/index.php\/2024\/08\/13\/infotep-y-la-academia-regional-penitenciaria-facilitaran-la-reinsercion-de-los-privados-de-libertad\/","url_meta":{"origin":89667,"position":5},"title":"INFOTEP y la Academia Regional Penitenciaria facilitar\u00e1n la reinserci\u00f3n de los privados de libertad","author":"Nelson Feliz","date":"13 de agosto de 2024","format":false,"excerpt":"El Instituto Nacional de Formaci\u00f3n T\u00e9cnico Profesional (INFOTEP) y la Academia Regional Penitenciaria (ARP) formalizaron un acuerdo interinstitucional para brindar las herramientas necesarias a las personas privadas de libertad, con el fin de facilitar su reinserci\u00f3n en la sociedad. Mediante el acuerdo, la Academia Regional Penitenciaria fungir\u00e1 como asesora de\u2026","rel":"","context":"En \u00abNACIONALES\u00bb","block_context":{"text":"NACIONALES","link":"https:\/\/lasprimeras.com.do\/index.php\/category\/nacionales\/"},"img":{"alt_text":"INFOTEP","src":"https:\/\/i0.wp.com\/lasprimeras.com.do\/wp-content\/uploads\/2024\/08\/INFOTEP-2.jpeg?resize=350%2C200&ssl=1","width":350,"height":200,"srcset":"https:\/\/i0.wp.com\/lasprimeras.com.do\/wp-content\/uploads\/2024\/08\/INFOTEP-2.jpeg?resize=350%2C200&ssl=1 1x, https:\/\/i0.wp.com\/lasprimeras.com.do\/wp-content\/uploads\/2024\/08\/INFOTEP-2.jpeg?resize=525%2C300&ssl=1 1.5x, https:\/\/i0.wp.com\/lasprimeras.com.do\/wp-content\/uploads\/2024\/08\/INFOTEP-2.jpeg?resize=700%2C400&ssl=1 2x, https:\/\/i0.wp.com\/lasprimeras.com.do\/wp-content\/uploads\/2024\/08\/INFOTEP-2.jpeg?resize=1050%2C600&ssl=1 3x"},"classes":[]}],"jetpack_sharing_enabled":true,"_links":{"self":[{"href":"https:\/\/lasprimeras.com.do\/index.php\/wp-json\/wp\/v2\/posts\/89667","targetHints":{"allow":["GET"]}}],"collection":[{"href":"https:\/\/lasprimeras.com.do\/index.php\/wp-json\/wp\/v2\/posts"}],"about":[{"href":"https:\/\/lasprimeras.com.do\/index.php\/wp-json\/wp\/v2\/types\/post"}],"author":[{"embeddable":true,"href":"https:\/\/lasprimeras.com.do\/index.php\/wp-json\/wp\/v2\/users\/9"}],"replies":[{"embeddable":true,"href":"https:\/\/lasprimeras.com.do\/index.php\/wp-json\/wp\/v2\/comments?post=89667"}],"version-history":[{"count":1,"href":"https:\/\/lasprimeras.com.do\/index.php\/wp-json\/wp\/v2\/posts\/89667\/revisions"}],"predecessor-version":[{"id":89669,"href":"https:\/\/lasprimeras.com.do\/index.php\/wp-json\/wp\/v2\/posts\/89667\/revisions\/89669"}],"wp:featuredmedia":[{"embeddable":true,"href":"https:\/\/lasprimeras.com.do\/index.php\/wp-json\/wp\/v2\/media\/89668"}],"wp:attachment":[{"href":"https:\/\/lasprimeras.com.do\/index.php\/wp-json\/wp\/v2\/media?parent=89667"}],"wp:term":[{"taxonomy":"category","embeddable":true,"href":"https:\/\/lasprimeras.com.do\/index.php\/wp-json\/wp\/v2\/categories?post=89667"},{"taxonomy":"post_tag","embeddable":true,"href":"https:\/\/lasprimeras.com.do\/index.php\/wp-json\/wp\/v2\/tags?post=89667"}],"curies":[{"name":"wp","href":"https:\/\/api.w.org\/{rel}","templated":true}]}}