{"id":89670,"date":"2024-10-01T13:18:02","date_gmt":"2024-10-01T17:18:02","guid":{"rendered":"https:\/\/lasprimeras.com.do\/?p=89670"},"modified":"2024-10-01T13:18:03","modified_gmt":"2024-10-01T17:18:03","slug":"presidente-del-senado-siempre-han-existido-inconvenientes-con-exportaciones-hacia-haiti","status":"publish","type":"post","link":"https:\/\/lasprimeras.com.do\/index.php\/2024\/10\/01\/presidente-del-senado-siempre-han-existido-inconvenientes-con-exportaciones-hacia-haiti\/","title":{"rendered":"Presidente del Senado: siempre han existido inconvenientes con exportaciones hacia Hait\u00ed"},"content":{"rendered":"\n<p>SANTO DOMINGO, RD. &#8211; El presidente del Senado, Ricardo de los Santos, dijo este lunes que las condiciones que puso el vecino pa\u00eds de Hait\u00ed a las exportaciones de productos dominicanos no es nada nuevo para Rep\u00fablica Dominicana \u201csiempre han existido esos inconvenientes\u201d, en otras ocasiones han vetado alimentos que salen de aqu\u00ed hacia all\u00e1.<\/p>\n\n\n\n<p>Destac\u00f3 que lo importante es seguir en toda disposici\u00f3n como pa\u00eds, en colaborar para que el pueblo haitiano logre su estabilidad y expres\u00f3 que ojal\u00e1 se realicen elecciones totalmente democr\u00e1ticas en esta naci\u00f3n.<\/p>\n\n\n\n<p>Puntualiz\u00f3 que la Rep\u00fablica Dominicana en ning\u00fan momento se ha detenido a buscar nuevos socios econ\u00f3micos, y es por eso que se ha expandido tanto y que tiene relaciones comerciales con una gran cantidad de pa\u00edses que no la ten\u00eda antes, \u201cy es que, las autoridades econ\u00f3micas no se detienen en eso, y es ah\u00ed que est\u00e1 el desarrollo y la estabilidad que exhibimos hoy como pa\u00eds\u201d.<\/p>\n\n\n\n<p>El senador por la provincia S\u00e1nchez Ram\u00edrez recalc\u00f3 que \u201clo que importa es seguir colaborando para que ellos logren su estabilidad y que se lleve a cabo elecciones totalmente democr\u00e1ticas.<\/p>\n\n\n\n<p>Ricardo de los Santos manifest\u00f3 que la Rep\u00fablica Dominicana no puede cargar m\u00e1s con Hait\u00ed, y que este pa\u00eds es el que m\u00e1s ha hecho por la vecina naci\u00f3n, y aun as\u00ed sigue en la disposici\u00f3n de hacer lo que est\u00e9 al alcance.\u201cPero no ser\u00e1 RD quien buscar\u00e1 120 millones de d\u00f3lares para las elecciones en Hait\u00ed&#8221;, dijo.<\/p>\n\n\n\n<p>Se recuerda que, la pasada semana, el Ministerio de Comercio e Industria de Hait\u00ed record\u00f3 a los fabricantes, importadores y distribuidores de productos alimenticios que, de acuerdo a un decreto emitido en el 2020 por las autoridades, todas las etiquetas de los productos alimenticios pre envasados deben contener la denominaci\u00f3n de venta, la lista de ingredientes, la cantidad neta, fechas de fabricaci\u00f3n y de vencimiento, instrucciones y consejos para la conservaci\u00f3n del producto, entre otros datos que identifican el producto en uno de los dos idiomas nacionales, &#8220;en t\u00e9rminos comprensibles y legibles&#8221;.<\/p>\n\n\n\n<p>Esto, al parecer, limitar\u00eda la entrada de alimentos envasados dominicanos hacia Hait\u00ed a partir de ma\u00f1ana martes, primero de octubre; luego de que el Ministerio de Comercio e Industria de ese pa\u00eds ordenara el retiro de todos los productos que incumplan las reglas de etiquetado para esa fecha, entre ellas, su traducci\u00f3n a uno de los dos idiomas oficiales, el franc\u00e9s o el creole.<\/p>\n\n\n\n<p>Reforma a la Constituci\u00f3n<\/p>\n\n\n\n<p>Al tocar el tema de la reforma a la Constituci\u00f3n, Ricardo de los Santos dijo, al conversar con periodistas, que esta semana se espera que la Ley de Convocatoria sea aprobada en la C\u00e1mara de Diputados, y de inmediato, tal y como establece el reglamento, cuando sea promulgada por el presidente de la Rep\u00fablica, se har\u00e1 la convocatoria con no menos de 48 horas de anticipaci\u00f3n y que sea publicada en tres medios de comunicaci\u00f3n de circulaci\u00f3n nacional.<\/p>\n\n\n\n<p>Indic\u00f3 que la comisi\u00f3n mixta que estudia la reforma a la Constituci\u00f3n ha dado participaci\u00f3n a todos los partidos pol\u00edticos y \u201ces tanto as\u00ed, que dos miembros del PLD que no tienen presencia en el Senado, pero son miembros de la comisi\u00f3n especial bicameral que estudia el referido proyecto, presentaron un informe disidente y se le dio el curso apropiado, se ley\u00f3 y se someti\u00f3 a aprobaci\u00f3n, concluy\u00f3.<\/p>\n","protected":false},"excerpt":{"rendered":"<p>SANTO DOMINGO, RD. &#8211; El presidente del Senado, Ricardo de los Santos, dijo este lunes que las condiciones que puso el vecino pa\u00eds de Hait\u00ed a las exportaciones de productos&hellip;<\/p>\n","protected":false},"author":9,"featured_media":89671,"comment_status":"open","ping_status":"open","sticky":false,"template":"","format":"standard","meta":{"content-type":"","jetpack_post_was_ever_published":false,"_jetpack_newsletter_access":"","_jetpack_dont_email_post_to_subs":false,"_jetpack_newsletter_tier_id":0,"_jetpack_memberships_contains_paywalled_content":false,"_jetpack_memberships_contains_paid_content":false,"footnotes":""},"categories":[25],"tags":[1598,15748,15747,413],"class_list":["post-89670","post","type-post","status-publish","format-standard","has-post-thumbnail","hentry","category-portada","tag-alimentos","tag-existe","tag-inconvenientes","tag-senado"],"jetpack_featured_media_url":"https:\/\/lasprimeras.com.do\/wp-content\/uploads\/2024\/10\/senado1.jpeg","jetpack-related-posts":[{"id":119861,"url":"https:\/\/lasprimeras.com.do\/index.php\/2026\/01\/18\/dga-revela-que-las-exportaciones-hacia-haiti-crecieron-33-7-en-2025\/","url_meta":{"origin":89670,"position":0},"title":"DGA revela que las exportaciones hacia Hait\u00ed crecieron 33.7% en 2025","author":"Nelson Feliz","date":"18 de enero de 2026","format":false,"excerpt":"El valor exportado super\u00f3 los US$1,202 millones, seg\u00fan indican estad\u00edsticas de la Direcci\u00f3n General de Aduanas. Por Esteban Delgado Las exportaciones de Rep\u00fablica Dominicana hacia Hait\u00ed crecieron un 33,7% durante el a\u00f1o pasado, tras alcanzar un monto de US$1.202,9 millones, seg\u00fan indican estad\u00edsticas de la Direcci\u00f3n General de Aduanas. Desde\u2026","rel":"","context":"En \u00abECONOM\u00cdA\u00bb","block_context":{"text":"ECONOM\u00cdA","link":"https:\/\/lasprimeras.com.do\/index.php\/category\/economia\/"},"img":{"alt_text":"Exportaciones hacia Hait\u00ed","src":"https:\/\/i0.wp.com\/lasprimeras.com.do\/wp-content\/uploads\/2026\/01\/Exportaciones-hacia-Haiti.jpg?resize=350%2C200&ssl=1","width":350,"height":200,"srcset":"https:\/\/i0.wp.com\/lasprimeras.com.do\/wp-content\/uploads\/2026\/01\/Exportaciones-hacia-Haiti.jpg?resize=350%2C200&ssl=1 1x, https:\/\/i0.wp.com\/lasprimeras.com.do\/wp-content\/uploads\/2026\/01\/Exportaciones-hacia-Haiti.jpg?resize=525%2C300&ssl=1 1.5x, https:\/\/i0.wp.com\/lasprimeras.com.do\/wp-content\/uploads\/2026\/01\/Exportaciones-hacia-Haiti.jpg?resize=700%2C400&ssl=1 2x"},"classes":[]},{"id":104395,"url":"https:\/\/lasprimeras.com.do\/index.php\/2025\/07\/23\/exportaciones-de-republica-dominicana-hacia-haiti-crecieron-30-en-el-semestre\/","url_meta":{"origin":89670,"position":1},"title":"Exportaciones de Rep\u00fablica Dominicana hacia Hait\u00ed crecieron 30% en el semestre","author":"Nelson Feliz","date":"23 de julio de 2025","format":false,"excerpt":"En el semestre se exportaron 1,482 productos desde 20 provincias dominicanas y v\u00eda 794 exportadores. A pesar de la situaci\u00f3n social y pol\u00edtica que atraviesa Hait\u00ed, las exportaciones dominicanas hacia el vecino pa\u00eds ascendieron a US$555.46 millones en el primer semestre de este a\u00f1o, equivalentes a un aumento de 30%\u2026","rel":"","context":"En \u00abECONOM\u00cdA\u00bb","block_context":{"text":"ECONOM\u00cdA","link":"https:\/\/lasprimeras.com.do\/index.php\/category\/economia\/"},"img":{"alt_text":"","src":"https:\/\/i0.wp.com\/lasprimeras.com.do\/wp-content\/uploads\/2025\/07\/comercio.jpeg?resize=350%2C200&ssl=1","width":350,"height":200,"srcset":"https:\/\/i0.wp.com\/lasprimeras.com.do\/wp-content\/uploads\/2025\/07\/comercio.jpeg?resize=350%2C200&ssl=1 1x, https:\/\/i0.wp.com\/lasprimeras.com.do\/wp-content\/uploads\/2025\/07\/comercio.jpeg?resize=525%2C300&ssl=1 1.5x, https:\/\/i0.wp.com\/lasprimeras.com.do\/wp-content\/uploads\/2025\/07\/comercio.jpeg?resize=700%2C400&ssl=1 2x"},"classes":[]},{"id":125647,"url":"https:\/\/lasprimeras.com.do\/index.php\/2026\/03\/25\/presidente-del-senado-llama-a-la-unidad-nacional-para-enfrentar-crisis-por-guerra-medio-oriente\/","url_meta":{"origin":89670,"position":2},"title":"Presidente del Senado llama a la unidad nacional para enfrentar crisis por guerra Medio Oriente","author":"Nelson Feliz","date":"25 de marzo de 2026","format":false,"excerpt":"El presidente del Senado, Ricardo de los Santos, llam\u00f3 a todos los sectores sociales del pa\u00eds a mantener la unidad ante la crisis internacional, generada por el conflicto armado qu\u00e9 se desarrolla en el Medio Oriente, y que actualmente afecta al pa\u00eds con el alza en el precio del petr\u00f3leo.\u2026","rel":"","context":"En \u00abECONOM\u00cdA\u00bb","block_context":{"text":"ECONOM\u00cdA","link":"https:\/\/lasprimeras.com.do\/index.php\/category\/economia\/"},"img":{"alt_text":"","src":"https:\/\/i0.wp.com\/lasprimeras.com.do\/wp-content\/uploads\/2026\/03\/Ricardo-de-los-Santos-1-3.jpg?resize=350%2C200&ssl=1","width":350,"height":200,"srcset":"https:\/\/i0.wp.com\/lasprimeras.com.do\/wp-content\/uploads\/2026\/03\/Ricardo-de-los-Santos-1-3.jpg?resize=350%2C200&ssl=1 1x, https:\/\/i0.wp.com\/lasprimeras.com.do\/wp-content\/uploads\/2026\/03\/Ricardo-de-los-Santos-1-3.jpg?resize=525%2C300&ssl=1 1.5x, https:\/\/i0.wp.com\/lasprimeras.com.do\/wp-content\/uploads\/2026\/03\/Ricardo-de-los-Santos-1-3.jpg?resize=700%2C400&ssl=1 2x, https:\/\/i0.wp.com\/lasprimeras.com.do\/wp-content\/uploads\/2026\/03\/Ricardo-de-los-Santos-1-3.jpg?resize=1050%2C600&ssl=1 3x"},"classes":[]},{"id":63497,"url":"https:\/\/lasprimeras.com.do\/index.php\/2023\/10\/12\/haiti-se-propone-dejar-importar-productos-alimenticios-desde-rd\/","url_meta":{"origin":89670,"position":3},"title":"Hait\u00ed se propone dejar importar productos alimenticios desde RD","author":"BIMARY DE JES\u00daS Matos","date":"12 de octubre de 2023","format":false,"excerpt":"PUERTO PRINCIPE.- Hait\u00ed se ha embarcado en la b\u00fasqueda de soluciones a su dependencia de productos importados desde la Rep\u00fablica Dominicana. Planea comenzar con los huevos, aumentando la producci\u00f3n local y exigiendo que las exportaciones av\u00edcolas dominicanas se ajusten a las reglamentaciones internacionales. Michel Chancy, ex secretario de Estado de\u2026","rel":"","context":"En \u00abPORTADA\u00bb","block_context":{"text":"PORTADA","link":"https:\/\/lasprimeras.com.do\/index.php\/category\/portada\/"},"img":{"alt_text":"","src":"https:\/\/i0.wp.com\/lasprimeras.com.do\/wp-content\/uploads\/2023\/10\/WhatsApp-Image-2023-10-12-at-2.44.32-PM-4.jpeg?resize=350%2C200&ssl=1","width":350,"height":200,"srcset":"https:\/\/i0.wp.com\/lasprimeras.com.do\/wp-content\/uploads\/2023\/10\/WhatsApp-Image-2023-10-12-at-2.44.32-PM-4.jpeg?resize=350%2C200&ssl=1 1x, https:\/\/i0.wp.com\/lasprimeras.com.do\/wp-content\/uploads\/2023\/10\/WhatsApp-Image-2023-10-12-at-2.44.32-PM-4.jpeg?resize=525%2C300&ssl=1 1.5x, https:\/\/i0.wp.com\/lasprimeras.com.do\/wp-content\/uploads\/2023\/10\/WhatsApp-Image-2023-10-12-at-2.44.32-PM-4.jpeg?resize=700%2C400&ssl=1 2x, https:\/\/i0.wp.com\/lasprimeras.com.do\/wp-content\/uploads\/2023\/10\/WhatsApp-Image-2023-10-12-at-2.44.32-PM-4.jpeg?resize=1050%2C600&ssl=1 3x"},"classes":[]},{"id":105320,"url":"https:\/\/lasprimeras.com.do\/index.php\/2025\/08\/01\/ricardo-de-los-santos-resalta-aprobacion-del-nuevo-codigo-penal-como-un-paso-historico\/","url_meta":{"origin":89670,"position":4},"title":"Ricardo de los Santos resalta aprobaci\u00f3n del nuevo C\u00f3digo Penal como un paso hist\u00f3rico","author":"Nelson Feliz","date":"1 de agosto de 2025","format":false,"excerpt":"El presidente del Senado de la Rep\u00fablica, Ricardo de los Santos, calific\u00f3 como un paso hist\u00f3rico y necesario para el pa\u00eds la aprobaci\u00f3n del nuevo C\u00f3digo Penal de la Rep\u00fablica Dominicana en el d\u00eda de ayer por el Senado Dominicano, al tiempo que reafirm\u00f3 el compromiso de esta instituci\u00f3n con\u2026","rel":"","context":"En \u00abNACIONALES\u00bb","block_context":{"text":"NACIONALES","link":"https:\/\/lasprimeras.com.do\/index.php\/category\/nacionales\/"},"img":{"alt_text":"","src":"https:\/\/i0.wp.com\/lasprimeras.com.do\/wp-content\/uploads\/2025\/08\/RICARDO-DE-LOS-SANTOS.jpg?resize=350%2C200&ssl=1","width":350,"height":200,"srcset":"https:\/\/i0.wp.com\/lasprimeras.com.do\/wp-content\/uploads\/2025\/08\/RICARDO-DE-LOS-SANTOS.jpg?resize=350%2C200&ssl=1 1x, https:\/\/i0.wp.com\/lasprimeras.com.do\/wp-content\/uploads\/2025\/08\/RICARDO-DE-LOS-SANTOS.jpg?resize=525%2C300&ssl=1 1.5x, https:\/\/i0.wp.com\/lasprimeras.com.do\/wp-content\/uploads\/2025\/08\/RICARDO-DE-LOS-SANTOS.jpg?resize=700%2C400&ssl=1 2x"},"classes":[]},{"id":93237,"url":"https:\/\/lasprimeras.com.do\/index.php\/2025\/01\/28\/presidente-del-senado-saluda-que-marco-rubio-incluya-a-rd-en-su-recorrido-por-latinoamerica\/","url_meta":{"origin":89670,"position":5},"title":"Presidente del Senado saluda que Marco Rubio incluya a RD en su recorrido por Latinoam\u00e9rica","author":"Nelson Feliz","date":"28 de enero de 2025","format":false,"excerpt":"\u201cEsa es una se\u00f1al clara de nuestra estabilidad pol\u00edtica, social y econ\u00f3mica\u201d. El presidente del Senado, Ricardo De los Santos, salud\u00f3 este lunes que el nuevo Secretario de Estado de los Estados de Unidos, Marco Rubio, incluya a la Rep\u00fablica Dominicana como uno de los primeros pa\u00edses que visitar\u00e1 en\u2026","rel":"","context":"En \u00abPOLITICA\u00bb","block_context":{"text":"POLITICA","link":"https:\/\/lasprimeras.com.do\/index.php\/category\/politica\/"},"img":{"alt_text":"Ricardo de los Santos","src":"https:\/\/i0.wp.com\/lasprimeras.com.do\/wp-content\/uploads\/2024\/09\/Ricardo-de-los-Santos-3.jpg?resize=350%2C200&ssl=1","width":350,"height":200,"srcset":"https:\/\/i0.wp.com\/lasprimeras.com.do\/wp-content\/uploads\/2024\/09\/Ricardo-de-los-Santos-3.jpg?resize=350%2C200&ssl=1 1x, https:\/\/i0.wp.com\/lasprimeras.com.do\/wp-content\/uploads\/2024\/09\/Ricardo-de-los-Santos-3.jpg?resize=525%2C300&ssl=1 1.5x, https:\/\/i0.wp.com\/lasprimeras.com.do\/wp-content\/uploads\/2024\/09\/Ricardo-de-los-Santos-3.jpg?resize=700%2C400&ssl=1 2x"},"classes":[]}],"jetpack_sharing_enabled":true,"_links":{"self":[{"href":"https:\/\/lasprimeras.com.do\/index.php\/wp-json\/wp\/v2\/posts\/89670","targetHints":{"allow":["GET"]}}],"collection":[{"href":"https:\/\/lasprimeras.com.do\/index.php\/wp-json\/wp\/v2\/posts"}],"about":[{"href":"https:\/\/lasprimeras.com.do\/index.php\/wp-json\/wp\/v2\/types\/post"}],"author":[{"embeddable":true,"href":"https:\/\/lasprimeras.com.do\/index.php\/wp-json\/wp\/v2\/users\/9"}],"replies":[{"embeddable":true,"href":"https:\/\/lasprimeras.com.do\/index.php\/wp-json\/wp\/v2\/comments?post=89670"}],"version-history":[{"count":1,"href":"https:\/\/lasprimeras.com.do\/index.php\/wp-json\/wp\/v2\/posts\/89670\/revisions"}],"predecessor-version":[{"id":89672,"href":"https:\/\/lasprimeras.com.do\/index.php\/wp-json\/wp\/v2\/posts\/89670\/revisions\/89672"}],"wp:featuredmedia":[{"embeddable":true,"href":"https:\/\/lasprimeras.com.do\/index.php\/wp-json\/wp\/v2\/media\/89671"}],"wp:attachment":[{"href":"https:\/\/lasprimeras.com.do\/index.php\/wp-json\/wp\/v2\/media?parent=89670"}],"wp:term":[{"taxonomy":"category","embeddable":true,"href":"https:\/\/lasprimeras.com.do\/index.php\/wp-json\/wp\/v2\/categories?post=89670"},{"taxonomy":"post_tag","embeddable":true,"href":"https:\/\/lasprimeras.com.do\/index.php\/wp-json\/wp\/v2\/tags?post=89670"}],"curies":[{"name":"wp","href":"https:\/\/api.w.org\/{rel}","templated":true}]}}