{"id":89673,"date":"2024-10-01T13:26:40","date_gmt":"2024-10-01T17:26:40","guid":{"rendered":"https:\/\/lasprimeras.com.do\/?p=89673"},"modified":"2024-10-01T13:26:41","modified_gmt":"2024-10-01T17:26:41","slug":"coopnama-anuncia-cambios-en-calendario-para-evaluaciones-a-los-aspirantes-del-programa-de-becas","status":"publish","type":"post","link":"https:\/\/lasprimeras.com.do\/index.php\/2024\/10\/01\/coopnama-anuncia-cambios-en-calendario-para-evaluaciones-a-los-aspirantes-del-programa-de-becas\/","title":{"rendered":"COOPNAMA anuncia cambios en calendario para evaluaciones a los aspirantes del programa de becas"},"content":{"rendered":"\n<p>Santo Domingo.- La Cooperativa Nacional de Servicios M\u00faltiples de los Maestros (COOPNAMA) inform\u00f3 que aplic\u00f3 cambios en el calendario de las evaluaciones para los aspirantes al \u201cPrograma Nacional de Becas\u201d para cursar carreras universitarias, dirigido a beneficiar a los hijos e hijas de socios.<\/p>\n\n\n\n<p>Las jornadas de evaluaciones para el periodo 2024-2025 iniciar\u00e1n el viernes 11 de octubre con la regi\u00f3n Este; seguido por la Sureste el martes 15 del mismo mes; mientras que los aspirantes de la regi\u00f3n Sur se evaluar\u00e1n el mi\u00e9rcoles 16.<\/p>\n\n\n\n<p>En el caso de los aspirantes de las regiones Norte II; Noroeste, Norte I; Nornordeste; Nordeste III y Nordeste I, se evaluar\u00e1n los d\u00edas: lunes 21 de octubre, martes 22, mi\u00e9rcoles 23, martes 05 de noviembre, mi\u00e9rcoles 06 de noviembre y jueves 07 de noviembre, respectivamente.<\/p>\n\n\n\n<p>Con relaci\u00f3n a las nuevas fechas del calendario para los aspirantes del programa de becas de las regiones Santo Domingo I y II, se evaluar\u00e1n el martes 12 de noviembre. Las regiones Santo Domingo III y IV, recibir\u00e1n las pruebas el jueves 14 de noviembre; mientras que Santo Domingo V y VI, se examinar\u00e1n el lunes 18 de noviembre.<br>En el caso de las regiones Sureste y Nordeste II, los j\u00f3venes aspirantes recibir\u00e1n las evaluaciones el mi\u00e9rcoles 20 de noviembre.<\/p>\n\n\n\n<p>El presidente de COOPNAMA, profesor Santiago Portes, expres\u00f3 que con este programa se persigue que los hijos de los socios puedan cursar una carrera universitaria con todos los gastos asumidos por esta instituci\u00f3n.<\/p>\n\n\n\n<p>Adem\u00e1s, resalt\u00f3 que la cooperativa de maestros ha concentrado todos sus esfuerzos en sus programas de responsabilidad social, siendo el m\u00e1s destacado el \u201cPrograma Nacional de Becas\u201d, el m\u00e1s grande a nivel no gubernamental que se ejecuta en el pa\u00eds.<\/p>\n\n\n\n<p>Portes, agreg\u00f3 que desde 2008 hasta el 2023 se han destinado 2,072 millones de pesos, logrando la cobertura total de sus carreras universitarias a 4,071 j\u00f3venes.<\/p>\n\n\n\n<p>\u201cContamos con 1,801 egresados en distintas \u00e1reas del saber, tales como: Medicina; Contabilidad; Odontolog\u00eda; Ingenier\u00eda Civil, Inform\u00e1tica, entre otras\u201d, puntualiz\u00f3 el presidente del Consejo de Administraci\u00f3n.<\/p>\n\n\n\n<p>En ese sentido, la Gerencia de Gesti\u00f3n Acad\u00e9mica hace los aprestos para realizar las pruebas en el pa\u00eds para la escogencia de los nuevos beneficiados con el plan de becas. En esta ocasi\u00f3n, se espera que en promedio hijos e hijas de 300 familias resulten beneficiadas de este nuevo proceso de evaluaci\u00f3n, luego de terminado el proceso de recepci\u00f3n de documentos de los aspirantes.<\/p>\n\n\n\n<p>Se recuerda que este programa tiene alianzas estrat\u00e9gicas con m\u00e1s de 20 universidades de todo el pa\u00eds. As\u00ed mismo, dijo que las becas ser\u00e1n entregadas en el pr\u00f3ximo aniversario de la instituci\u00f3n en marzo del a\u00f1o 2025.<\/p>\n\n\n\n<p>El Prof. Manuel Eduardo Romero, quien dirige la Gerencia de Gesti\u00f3n Acad\u00e9mica, precis\u00f3 que los centros universitarios donde podr\u00e1n cursar sus carreras los bachilleres becados son: Universidad Aut\u00f3noma de Santo Domingo (UASD); Tecnol\u00f3gica de Santiago (UTESA); Cat\u00f3lica de Santo Domingo (UCSD); Central de Este (UCE); Nacional Pedro Henr\u00edquez Ure\u00f1a (UNPHU); Dominicana O &amp; M, Cat\u00f3lica Nordestana (UCNE) y Cat\u00f3lica Tecnol\u00f3gica del Cibao (UCATECI).<\/p>\n\n\n\n<p>Adem\u00e1s, la Universidad Nacional Evang\u00e9lica (UNEV); Adventista Dominicana (UNAD); Odontol\u00f3gica Dominicana (UOD); Cat\u00f3lica Tecnol\u00f3gica de Barahona (UCATEBA); Universidad ISA; Universidad Cat\u00f3lica del Cibao Oriental (UTECO); tambi\u00e9n Pontificia Universidad Cat\u00f3lica Madre y Maestra (PUCMM); Universidad el Caribe (UNICARIBE); Abierta para Adultos (UAPA); los Institutos Tecnol\u00f3gico de Santo Domingo (INTEC), Tecnol\u00f3gico de Las Am\u00e9ricas (ITLA) y Loyola.<\/p>\n\n\n\n<p>La Cooperativa Nacional de Servicios M\u00faltiples de los Maestros (COOPNAMA), aprovecha cada a\u00f1o dentro del marco de la celebraci\u00f3n de su aniversario, para entregar cientos de becas a igual n\u00famero de hijos e hijas de sus asociados, en la acci\u00f3n m\u00e1s representativa de su labor social que realiza como lo es el \u201cPrograma Nacional de Becas\u201d.<\/p>\n","protected":false},"excerpt":{"rendered":"<p>Santo Domingo.- La Cooperativa Nacional de Servicios M\u00faltiples de los Maestros (COOPNAMA) inform\u00f3 que aplic\u00f3 cambios en el calendario de las evaluaciones para los aspirantes al \u201cPrograma Nacional de Becas\u201d&hellip;<\/p>\n","protected":false},"author":9,"featured_media":89674,"comment_status":"open","ping_status":"open","sticky":false,"template":"","format":"standard","meta":{"content-type":"","jetpack_post_was_ever_published":false,"_jetpack_newsletter_access":"","_jetpack_dont_email_post_to_subs":false,"_jetpack_newsletter_tier_id":0,"_jetpack_memberships_contains_paywalled_content":false,"_jetpack_memberships_contains_paid_content":false,"footnotes":""},"categories":[35],"tags":[2877,5716,15749,7671,908,1349,477,12639],"class_list":["post-89673","post","type-post","status-publish","format-standard","has-post-thumbnail","hentry","category-nacionales","tag-becas","tag-coopnama","tag-evaluan","tag-nordeste","tag-norte","tag-octubre","tag-pn","tag-regiones"],"jetpack_featured_media_url":"https:\/\/lasprimeras.com.do\/wp-content\/uploads\/2024\/10\/coopnama1.jpeg","jetpack-related-posts":[{"id":61515,"url":"https:\/\/lasprimeras.com.do\/index.php\/2023\/09\/27\/cooperativa-de-maestros-anuncia-asamblea-general-y-distritales-de-delegados\/","url_meta":{"origin":89673,"position":0},"title":"Cooperativa de maestros anuncia asamblea general y distritales de delegados","author":"Nelson Feliz","date":"27 de septiembre de 2023","format":false,"excerpt":"Dice desarrolla el m\u00e1s importante plan de becas universitarias no gubernamental del pa\u00eds. El presidente del Consejo de Administraci\u00f3n de la Cooperativa Nacional de Servicios M\u00faltiples de los Maestros, Prof. Octavio Brem\u00f3n, convoc\u00f3 a los asociados del pa\u00eds a sus asambleas distritales ordinarias, extraordinarias y la Quincuag\u00e9sima Segunda (LII) Asamblea\u2026","rel":"","context":"En \u00abNACIONALES\u00bb","block_context":{"text":"NACIONALES","link":"https:\/\/lasprimeras.com.do\/index.php\/category\/nacionales\/"},"img":{"alt_text":"","src":"https:\/\/i0.wp.com\/lasprimeras.com.do\/wp-content\/uploads\/2023\/09\/COOPNAMA.jpg?resize=350%2C200&ssl=1","width":350,"height":200,"srcset":"https:\/\/i0.wp.com\/lasprimeras.com.do\/wp-content\/uploads\/2023\/09\/COOPNAMA.jpg?resize=350%2C200&ssl=1 1x, https:\/\/i0.wp.com\/lasprimeras.com.do\/wp-content\/uploads\/2023\/09\/COOPNAMA.jpg?resize=525%2C300&ssl=1 1.5x, https:\/\/i0.wp.com\/lasprimeras.com.do\/wp-content\/uploads\/2023\/09\/COOPNAMA.jpg?resize=700%2C400&ssl=1 2x, https:\/\/i0.wp.com\/lasprimeras.com.do\/wp-content\/uploads\/2023\/09\/COOPNAMA.jpg?resize=1050%2C600&ssl=1 3x, https:\/\/i0.wp.com\/lasprimeras.com.do\/wp-content\/uploads\/2023\/09\/COOPNAMA.jpg?resize=1400%2C800&ssl=1 4x"},"classes":[]},{"id":77491,"url":"https:\/\/lasprimeras.com.do\/index.php\/2024\/02\/21\/coopnama-llega-a-53-anos-como-lider-del-cooperativismo-en-el-pais\/","url_meta":{"origin":89673,"position":1},"title":"Coopnama llega a 53 a\u00f1os como l\u00edder del cooperativismo en el pa\u00eds","author":"BIMARY DE JES\u00daS Matos","date":"21 de febrero de 2024","format":false,"excerpt":"Martin Restituyo Santo Domingo.-La Cooperativa Nacional de Servicios M\u00faltiples de los Maestros (COOPNAMA), celebra 53 a\u00f1os de su fundaci\u00f3n, manteni\u00e9ndose como la empresa l\u00edder del cooperativismo en la Rep\u00fablica Dominicana, con activos al 31 de diciembre del 2023, que ascienden a m\u00e1s de 98 mil millones de pesos, para un\u2026","rel":"","context":"En \u00abPORTADA\u00bb","block_context":{"text":"PORTADA","link":"https:\/\/lasprimeras.com.do\/index.php\/category\/portada\/"},"img":{"alt_text":"","src":"https:\/\/i0.wp.com\/lasprimeras.com.do\/wp-content\/uploads\/2024\/02\/IMG-20240221-WA0128.jpg?resize=350%2C200&ssl=1","width":350,"height":200,"srcset":"https:\/\/i0.wp.com\/lasprimeras.com.do\/wp-content\/uploads\/2024\/02\/IMG-20240221-WA0128.jpg?resize=350%2C200&ssl=1 1x, https:\/\/i0.wp.com\/lasprimeras.com.do\/wp-content\/uploads\/2024\/02\/IMG-20240221-WA0128.jpg?resize=525%2C300&ssl=1 1.5x, https:\/\/i0.wp.com\/lasprimeras.com.do\/wp-content\/uploads\/2024\/02\/IMG-20240221-WA0128.jpg?resize=700%2C400&ssl=1 2x, https:\/\/i0.wp.com\/lasprimeras.com.do\/wp-content\/uploads\/2024\/02\/IMG-20240221-WA0128.jpg?resize=1050%2C600&ssl=1 3x, https:\/\/i0.wp.com\/lasprimeras.com.do\/wp-content\/uploads\/2024\/02\/IMG-20240221-WA0128.jpg?resize=1400%2C800&ssl=1 4x"},"classes":[]},{"id":87103,"url":"https:\/\/lasprimeras.com.do\/index.php\/2024\/08\/07\/cooperativa-de-maestros-convoca-asamblea-general-y-distritales-de-delegados\/","url_meta":{"origin":89673,"position":2},"title":"Cooperativa de Maestros convoca asamblea general y distritales de delegados","author":"Nelson Feliz","date":"7 de agosto de 2024","format":false,"excerpt":"El presidente del Consejo de Administraci\u00f3n de la Cooperativa Nacional de Servicios M\u00faltiples de los Maestros, Prof. Santiago Portes, convoc\u00f3 a los asociados del pa\u00eds a sus Asambleas Distritales Ordinarias y a la Quincuag\u00e9sima Tercera (LIII) Asamblea General Ordinaria de Delegados. Portes hizo la convocatoria de las Asambleas Distritales Ordinarias\u2026","rel":"","context":"En \u00abNACIONALES\u00bb","block_context":{"text":"NACIONALES","link":"https:\/\/lasprimeras.com.do\/index.php\/category\/nacionales\/"},"img":{"alt_text":"COOPNAMA","src":"https:\/\/i0.wp.com\/lasprimeras.com.do\/wp-content\/uploads\/2024\/08\/COOPNAMA.jpg?resize=350%2C200&ssl=1","width":350,"height":200,"srcset":"https:\/\/i0.wp.com\/lasprimeras.com.do\/wp-content\/uploads\/2024\/08\/COOPNAMA.jpg?resize=350%2C200&ssl=1 1x, https:\/\/i0.wp.com\/lasprimeras.com.do\/wp-content\/uploads\/2024\/08\/COOPNAMA.jpg?resize=525%2C300&ssl=1 1.5x, https:\/\/i0.wp.com\/lasprimeras.com.do\/wp-content\/uploads\/2024\/08\/COOPNAMA.jpg?resize=700%2C400&ssl=1 2x"},"classes":[]},{"id":89969,"url":"https:\/\/lasprimeras.com.do\/index.php\/2024\/10\/10\/comision-del-senado-preparada-para-evaluar-postulantes-junta-central-electoral\/","url_meta":{"origin":89673,"position":3},"title":"Comisi\u00f3n del Senado preparada para evaluar postulantes Junta Central Electoral","author":"Nelson Feliz","date":"10 de octubre de 2024","format":false,"excerpt":"\u00a0La Comisi\u00f3n designada para la elecci\u00f3n de los aspirantes a miembros, titulares y suplentes de la Junta Central Electoral (JCE), dio los toques finales a los aprestos para el proceso de entrevistas, evaluaci\u00f3n y selecci\u00f3n de los postulantes a dirigir el \u00a0organismo comicial.\u00a0En la reuni\u00f3n de este martes, la comisi\u00f3n\u2026","rel":"","context":"En \u00abNACIONALES\u00bb","block_context":{"text":"NACIONALES","link":"https:\/\/lasprimeras.com.do\/index.php\/category\/nacionales\/"},"img":{"alt_text":"","src":"https:\/\/i0.wp.com\/lasprimeras.com.do\/wp-content\/uploads\/2024\/10\/jce.jpg?resize=350%2C200&ssl=1","width":350,"height":200,"srcset":"https:\/\/i0.wp.com\/lasprimeras.com.do\/wp-content\/uploads\/2024\/10\/jce.jpg?resize=350%2C200&ssl=1 1x, https:\/\/i0.wp.com\/lasprimeras.com.do\/wp-content\/uploads\/2024\/10\/jce.jpg?resize=525%2C300&ssl=1 1.5x, https:\/\/i0.wp.com\/lasprimeras.com.do\/wp-content\/uploads\/2024\/10\/jce.jpg?resize=700%2C400&ssl=1 2x"},"classes":[]},{"id":88938,"url":"https:\/\/lasprimeras.com.do\/index.php\/2024\/09\/10\/senado-evaluara-documentos-postulantes-a-miembros-titulares-y-suplentes-de-la-jce\/","url_meta":{"origin":89673,"position":4},"title":"Senado evaluar\u00e1 documentos postulantes a miembros, titulares y suplentes de la JCE","author":"Nelson Feliz","date":"10 de septiembre de 2024","format":false,"excerpt":"\u00a0La Comisi\u00f3n Especial designada para analizar, estudiar y evaluar los expedientes de los aspirantes a miembros titulares y suplentes de la Junta Central Electoral (JCE), acordaron este martes la metodolog\u00eda de trabajo, entrevistas en las tandas matutinas y vespertinas, y entrevistar 30 postulantes por d\u00eda. \u00a0\u00a0El senador Julito Fulcar, dijo\u2026","rel":"","context":"En \u00abNACIONALES\u00bb","block_context":{"text":"NACIONALES","link":"https:\/\/lasprimeras.com.do\/index.php\/category\/nacionales\/"},"img":{"alt_text":"","src":"https:\/\/i0.wp.com\/lasprimeras.com.do\/wp-content\/uploads\/2024\/09\/Julito-Fulcar.jpg?resize=350%2C200&ssl=1","width":350,"height":200,"srcset":"https:\/\/i0.wp.com\/lasprimeras.com.do\/wp-content\/uploads\/2024\/09\/Julito-Fulcar.jpg?resize=350%2C200&ssl=1 1x, https:\/\/i0.wp.com\/lasprimeras.com.do\/wp-content\/uploads\/2024\/09\/Julito-Fulcar.jpg?resize=525%2C300&ssl=1 1.5x, https:\/\/i0.wp.com\/lasprimeras.com.do\/wp-content\/uploads\/2024\/09\/Julito-Fulcar.jpg?resize=700%2C400&ssl=1 2x"},"classes":[]},{"id":90204,"url":"https:\/\/lasprimeras.com.do\/index.php\/2024\/10\/15\/coopnama-se-une-a-la-colac\/","url_meta":{"origin":89673,"position":5},"title":"Coopnama se une a la COLAC","author":"Nelson Feliz","date":"15 de octubre de 2024","format":false,"excerpt":"COLAC cuenta con 31 miembros en toda la regi\u00f3n, de los cuales solo siete siete son cooperativas dominicanas Ciudad de Panam\u00e1.- La Cooperativa Nacional de Servicios M\u00faltiples de los Maestros (Coopnama) se ha convertido en miembro de la Confederaci\u00f3n Latinoamericana de Cooperativas de Ahorro y Cr\u00e9dito (COLAC), al recibir su\u2026","rel":"","context":"En \u00abECONOM\u00cdA\u00bb","block_context":{"text":"ECONOM\u00cdA","link":"https:\/\/lasprimeras.com.do\/index.php\/category\/economia\/"},"img":{"alt_text":"","src":"https:\/\/i0.wp.com\/lasprimeras.com.do\/wp-content\/uploads\/2024\/10\/colac.jpg?resize=350%2C200&ssl=1","width":350,"height":200,"srcset":"https:\/\/i0.wp.com\/lasprimeras.com.do\/wp-content\/uploads\/2024\/10\/colac.jpg?resize=350%2C200&ssl=1 1x, https:\/\/i0.wp.com\/lasprimeras.com.do\/wp-content\/uploads\/2024\/10\/colac.jpg?resize=525%2C300&ssl=1 1.5x, https:\/\/i0.wp.com\/lasprimeras.com.do\/wp-content\/uploads\/2024\/10\/colac.jpg?resize=700%2C400&ssl=1 2x"},"classes":[]}],"jetpack_sharing_enabled":true,"_links":{"self":[{"href":"https:\/\/lasprimeras.com.do\/index.php\/wp-json\/wp\/v2\/posts\/89673","targetHints":{"allow":["GET"]}}],"collection":[{"href":"https:\/\/lasprimeras.com.do\/index.php\/wp-json\/wp\/v2\/posts"}],"about":[{"href":"https:\/\/lasprimeras.com.do\/index.php\/wp-json\/wp\/v2\/types\/post"}],"author":[{"embeddable":true,"href":"https:\/\/lasprimeras.com.do\/index.php\/wp-json\/wp\/v2\/users\/9"}],"replies":[{"embeddable":true,"href":"https:\/\/lasprimeras.com.do\/index.php\/wp-json\/wp\/v2\/comments?post=89673"}],"version-history":[{"count":1,"href":"https:\/\/lasprimeras.com.do\/index.php\/wp-json\/wp\/v2\/posts\/89673\/revisions"}],"predecessor-version":[{"id":89675,"href":"https:\/\/lasprimeras.com.do\/index.php\/wp-json\/wp\/v2\/posts\/89673\/revisions\/89675"}],"wp:featuredmedia":[{"embeddable":true,"href":"https:\/\/lasprimeras.com.do\/index.php\/wp-json\/wp\/v2\/media\/89674"}],"wp:attachment":[{"href":"https:\/\/lasprimeras.com.do\/index.php\/wp-json\/wp\/v2\/media?parent=89673"}],"wp:term":[{"taxonomy":"category","embeddable":true,"href":"https:\/\/lasprimeras.com.do\/index.php\/wp-json\/wp\/v2\/categories?post=89673"},{"taxonomy":"post_tag","embeddable":true,"href":"https:\/\/lasprimeras.com.do\/index.php\/wp-json\/wp\/v2\/tags?post=89673"}],"curies":[{"name":"wp","href":"https:\/\/api.w.org\/{rel}","templated":true}]}}