{"id":89676,"date":"2024-10-02T14:48:55","date_gmt":"2024-10-02T18:48:55","guid":{"rendered":"https:\/\/lasprimeras.com.do\/?p=89676"},"modified":"2024-10-02T14:48:56","modified_gmt":"2024-10-02T18:48:56","slug":"sistema-911-coordina-asistencia-en-accidente-de-transito-multiple-en-monsenor-nouel","status":"publish","type":"post","link":"https:\/\/lasprimeras.com.do\/index.php\/2024\/10\/02\/sistema-911-coordina-asistencia-en-accidente-de-transito-multiple-en-monsenor-nouel\/","title":{"rendered":"Sistema 911 coordina asistencia en accidente de tr\u00e1nsito m\u00faltiple en Monse\u00f1or Nouel"},"content":{"rendered":"\n<p>Monse\u00f1or Nouel. &#8211; El Sistema Nacional de Atenci\u00f3n a Emergencias y Seguridad 911 coordin\u00f3 la respuesta a un accidente de tr\u00e1nsito ocurrido en la autopista Duarte, a la altura del sector El Setenta y Siete, municipio de Piedra Blanca. El incidente involucr\u00f3 a cinco veh\u00edculos, entre ellos un autob\u00fas y una patana, resultando en aproximadamente 16 personas afectadas.<\/p>\n\n\n\n<p>El personal en la escena atendi\u00f3 a todos los heridos en el lugar, sin embargo, solo dos personas requirieron ser trasladadas a centros de salud cercanos.<\/p>\n\n\n\n<p>El equipo de respuesta incluy\u00f3 dos ambulancias de la Direcci\u00f3n de Servicios de Atenci\u00f3n a Emergencias Extrahospitalarias (DAEH); una unidad de la Polic\u00eda Nacional; una la Direcci\u00f3n General de Seguridad de Tr\u00e1nsito y Transporte Terrestre (DIGESETT); una del Cuerpo de Bomberos de Bonao; y una del Ministerio de Obras P\u00fablicas y Comunicaciones (MOPC).<\/p>\n\n\n\n<p>El Sistema 911 reitera el compromiso y r\u00e1pida actuaci\u00f3n de los equipos de respuesta involucrados en el evento y exhorta a la ciudadan\u00eda a ceder el paso a los veh\u00edculos de emergencia para facilitar una atenci\u00f3n eficiente.<\/p>\n\n\n\n<p><\/p>\n","protected":false},"excerpt":{"rendered":"<p>Monse\u00f1or Nouel. &#8211; El Sistema Nacional de Atenci\u00f3n a Emergencias y Seguridad 911 coordin\u00f3 la respuesta a un accidente de tr\u00e1nsito ocurrido en la autopista Duarte, a la altura del&hellip;<\/p>\n","protected":false},"author":9,"featured_media":89677,"comment_status":"open","ping_status":"open","sticky":false,"template":"","format":"standard","meta":{"content-type":"","jetpack_post_was_ever_published":false,"_jetpack_newsletter_access":"","_jetpack_dont_email_post_to_subs":false,"_jetpack_newsletter_tier_id":0,"_jetpack_memberships_contains_paywalled_content":false,"_jetpack_memberships_contains_paid_content":false,"footnotes":""},"categories":[35,25],"tags":[11641,11571,2632,3921,938,1082,532],"class_list":["post-89676","post","type-post","status-publish","format-standard","has-post-thumbnail","hentry","category-nacionales","category-portada","tag-11641","tag-ambulancias","tag-asistencia","tag-bomberos","tag-cuerpo","tag-monsenor","tag-sistema"],"jetpack_featured_media_url":"https:\/\/lasprimeras.com.do\/wp-content\/uploads\/2024\/10\/911-1.jpeg","jetpack-related-posts":[{"id":80242,"url":"https:\/\/lasprimeras.com.do\/index.php\/2024\/04\/05\/911-coordina-asistencia-a-varios-afectados-en-accidente\/","url_meta":{"origin":89676,"position":0},"title":"911 coordina asistencia a varios afectados en accidente","author":"BIMARY DE JES\u00daS Matos","date":"5 de abril de 2024","format":false,"excerpt":"La Romana. \u2013 El Sistema Nacional de Atenci\u00f3n a Emergencias y Seguridad 911 inform\u00f3 este viernes, que coordina la asistencia de un accidente de tr\u00e1nsito en el que estuvieron involucrados siete veh\u00edculos en un tramo de la autov\u00eda del Este, sector Villa Hermosa, provincia La Romana. El 911 despleg\u00f3 las\u2026","rel":"","context":"En \u00abNACIONALES\u00bb","block_context":{"text":"NACIONALES","link":"https:\/\/lasprimeras.com.do\/index.php\/category\/nacionales\/"},"img":{"alt_text":"","src":"https:\/\/i0.wp.com\/lasprimeras.com.do\/wp-content\/uploads\/2024\/04\/IMG-20240405-WA0030.jpg?resize=350%2C200&ssl=1","width":350,"height":200,"srcset":"https:\/\/i0.wp.com\/lasprimeras.com.do\/wp-content\/uploads\/2024\/04\/IMG-20240405-WA0030.jpg?resize=350%2C200&ssl=1 1x, https:\/\/i0.wp.com\/lasprimeras.com.do\/wp-content\/uploads\/2024\/04\/IMG-20240405-WA0030.jpg?resize=525%2C300&ssl=1 1.5x, https:\/\/i0.wp.com\/lasprimeras.com.do\/wp-content\/uploads\/2024\/04\/IMG-20240405-WA0030.jpg?resize=700%2C400&ssl=1 2x, https:\/\/i0.wp.com\/lasprimeras.com.do\/wp-content\/uploads\/2024\/04\/IMG-20240405-WA0030.jpg?resize=1050%2C600&ssl=1 3x, https:\/\/i0.wp.com\/lasprimeras.com.do\/wp-content\/uploads\/2024\/04\/IMG-20240405-WA0030.jpg?resize=1400%2C800&ssl=1 4x"},"classes":[]},{"id":76178,"url":"https:\/\/lasprimeras.com.do\/index.php\/2024\/02\/08\/911-coordina-asistencia-a-afectados-de-accidente-de-transito-en-guayacanes\/","url_meta":{"origin":89676,"position":1},"title":"911 coordina asistencia a afectados de accidente de tr\u00e1nsito en Guayacanes","author":"Nelson Feliz","date":"8 de febrero de 2024","format":false,"excerpt":"Once unidades de las agencias de respuesta en escena. Reportan ocho afectados asistidos y trasladados a centros de salud cercanos. El 911 inform\u00f3 que brinda asistencia a un accidente de tr\u00e1nsito entre un cami\u00f3n, un carro y un autob\u00fas, en un hecho ocurrido en la Autov\u00eda del Este, municipio Guayacanes.\u2026","rel":"","context":"En \u00abNACIONALES\u00bb","block_context":{"text":"NACIONALES","link":"https:\/\/lasprimeras.com.do\/index.php\/category\/nacionales\/"},"img":{"alt_text":"911 coordina asistencia a afectados de accidente de tr\u00e1nsito en Guayacan...","src":"https:\/\/i0.wp.com\/lasprimeras.com.do\/wp-content\/uploads\/2024\/02\/911-coordina-asistencia-a-afectados-de-accidente-de-transito-en-Guayacan.-1.jpeg?resize=350%2C200&ssl=1","width":350,"height":200,"srcset":"https:\/\/i0.wp.com\/lasprimeras.com.do\/wp-content\/uploads\/2024\/02\/911-coordina-asistencia-a-afectados-de-accidente-de-transito-en-Guayacan.-1.jpeg?resize=350%2C200&ssl=1 1x, https:\/\/i0.wp.com\/lasprimeras.com.do\/wp-content\/uploads\/2024\/02\/911-coordina-asistencia-a-afectados-de-accidente-de-transito-en-Guayacan.-1.jpeg?resize=525%2C300&ssl=1 1.5x, https:\/\/i0.wp.com\/lasprimeras.com.do\/wp-content\/uploads\/2024\/02\/911-coordina-asistencia-a-afectados-de-accidente-de-transito-en-Guayacan.-1.jpeg?resize=700%2C400&ssl=1 2x"},"classes":[]},{"id":84016,"url":"https:\/\/lasprimeras.com.do\/index.php\/2024\/05\/28\/911-despliega-asistencia-ante-accidente-multiple-en-avenida-charles-de-gaulle\/","url_meta":{"origin":89676,"position":2},"title":"911 despliega asistencia ante accidente m\u00faltiple en Avenida Charles de Gaulle","author":"Nelson Feliz","date":"28 de mayo de 2024","format":false,"excerpt":"A la escena acudieron cuatro ambulancias para brindar auxilio a 10 afectados. El evento se encuentra en desarrollo. El Sistema Nacional de Atenci\u00f3n a Emergencias y Seguridad 911 despleg\u00f3 la asistencia ante un accidente de tr\u00e1nsito que implic\u00f3 la colisi\u00f3n de dos autobuses, en un hecho ocurrido la ma\u00f1ana de\u2026","rel":"","context":"En \u00abNACIONALES\u00bb","block_context":{"text":"NACIONALES","link":"https:\/\/lasprimeras.com.do\/index.php\/category\/nacionales\/"},"img":{"alt_text":"","src":"https:\/\/i0.wp.com\/lasprimeras.com.do\/wp-content\/uploads\/2024\/05\/911-1.jpg?resize=350%2C200&ssl=1","width":350,"height":200,"srcset":"https:\/\/i0.wp.com\/lasprimeras.com.do\/wp-content\/uploads\/2024\/05\/911-1.jpg?resize=350%2C200&ssl=1 1x, https:\/\/i0.wp.com\/lasprimeras.com.do\/wp-content\/uploads\/2024\/05\/911-1.jpg?resize=525%2C300&ssl=1 1.5x"},"classes":[]},{"id":78566,"url":"https:\/\/lasprimeras.com.do\/index.php\/2024\/03\/17\/ocho-unidades-del-911-dan-respuesta-en-accidente-de-la-autovia-del-coral\/","url_meta":{"origin":89676,"position":3},"title":"Ocho unidades del 911 dan respuesta en accidente de la autov\u00eda del Coral","author":"Nelson Feliz","date":"17 de marzo de 2024","format":false,"excerpt":"El personal en la escena report\u00f3 la asistencia de cinco personas que fueron trasladadas a centros de salud cercanos. El Sistema Nacional de Atenci\u00f3n a Emergencias y Seguridad 911 inform\u00f3 que despleg\u00f3 ocho unidades de respuesta para atender el accidente en la autov\u00eda del Coral, pr\u00f3ximo al aeropuerto de La\u2026","rel":"","context":"En \u00abNACIONALES\u00bb","block_context":{"text":"NACIONALES","link":"https:\/\/lasprimeras.com.do\/index.php\/category\/nacionales\/"},"img":{"alt_text":"911 asiste accidente autovia del Coral","src":"https:\/\/i0.wp.com\/lasprimeras.com.do\/wp-content\/uploads\/2024\/03\/911-asiste-accidente-autovia-del-Coral-2.jpeg?resize=350%2C200&ssl=1","width":350,"height":200,"srcset":"https:\/\/i0.wp.com\/lasprimeras.com.do\/wp-content\/uploads\/2024\/03\/911-asiste-accidente-autovia-del-Coral-2.jpeg?resize=350%2C200&ssl=1 1x, https:\/\/i0.wp.com\/lasprimeras.com.do\/wp-content\/uploads\/2024\/03\/911-asiste-accidente-autovia-del-Coral-2.jpeg?resize=525%2C300&ssl=1 1.5x"},"classes":[]},{"id":84962,"url":"https:\/\/lasprimeras.com.do\/index.php\/2024\/06\/18\/911-coordina-asistencia-en-accidente-ocurrido-en-av-jfk-con-lope-de-vega\/","url_meta":{"origin":89676,"position":4},"title":"911 coordina asistencia en accidente ocurrido en av. JFK con Lope de Vega","author":"Nelson Feliz","date":"18 de junio de 2024","format":false,"excerpt":"El personal en la escena inform\u00f3 sobre la asistencia de cuatro personas afectadas. El caso contin\u00faa en desarrollo. El Sistema Nacional de Atenci\u00f3n a Emergencias y Seguridad 911, se encuentra brindando asistencia a los afectados del accidente de tr\u00e1nsito m\u00faltiple en el que un minib\u00fas colision\u00f3 con una jeepeta en\u2026","rel":"","context":"En \u00abNACIONALES\u00bb","block_context":{"text":"NACIONALES","link":"https:\/\/lasprimeras.com.do\/index.php\/category\/nacionales\/"},"img":{"alt_text":"","src":"https:\/\/i0.wp.com\/lasprimeras.com.do\/wp-content\/uploads\/2024\/06\/accidente-1.jpg?resize=350%2C200&ssl=1","width":350,"height":200,"srcset":"https:\/\/i0.wp.com\/lasprimeras.com.do\/wp-content\/uploads\/2024\/06\/accidente-1.jpg?resize=350%2C200&ssl=1 1x, https:\/\/i0.wp.com\/lasprimeras.com.do\/wp-content\/uploads\/2024\/06\/accidente-1.jpg?resize=525%2C300&ssl=1 1.5x, https:\/\/i0.wp.com\/lasprimeras.com.do\/wp-content\/uploads\/2024\/06\/accidente-1.jpg?resize=700%2C400&ssl=1 2x"},"classes":[]},{"id":79051,"url":"https:\/\/lasprimeras.com.do\/index.php\/2024\/03\/22\/varios-heridos-en-accidente-multiple-en-autovia-del-coral\/","url_meta":{"origin":89676,"position":5},"title":"Varios heridos en accidente m\u00faltiple en autov\u00eda del Coral","author":"BIMARY DE JES\u00daS Matos","date":"22 de marzo de 2024","format":false,"excerpt":"La Altagracia.- El Sistema Nacional de Atenci\u00f3n a Emergencias y Seguridad 911 inform\u00f3 que varias personas resultaron heridas en un accidente m\u00faltiple en la autov\u00eda del Coral, pr\u00f3ximo a un hotel de la provincia La Altagracia, la tarde de este viernes. Tras el hecho, indican que se desplegaron 15 unidades\u2026","rel":"","context":"En \u00abNACIONALES\u00bb","block_context":{"text":"NACIONALES","link":"https:\/\/lasprimeras.com.do\/index.php\/category\/nacionales\/"},"img":{"alt_text":"","src":"https:\/\/i0.wp.com\/lasprimeras.com.do\/wp-content\/uploads\/2024\/03\/WhatsApp-Image-2024-03-22-at-4.47.43-PM-1.webp?resize=350%2C200&ssl=1","width":350,"height":200,"srcset":"https:\/\/i0.wp.com\/lasprimeras.com.do\/wp-content\/uploads\/2024\/03\/WhatsApp-Image-2024-03-22-at-4.47.43-PM-1.webp?resize=350%2C200&ssl=1 1x, https:\/\/i0.wp.com\/lasprimeras.com.do\/wp-content\/uploads\/2024\/03\/WhatsApp-Image-2024-03-22-at-4.47.43-PM-1.webp?resize=525%2C300&ssl=1 1.5x, https:\/\/i0.wp.com\/lasprimeras.com.do\/wp-content\/uploads\/2024\/03\/WhatsApp-Image-2024-03-22-at-4.47.43-PM-1.webp?resize=700%2C400&ssl=1 2x"},"classes":[]}],"jetpack_sharing_enabled":true,"_links":{"self":[{"href":"https:\/\/lasprimeras.com.do\/index.php\/wp-json\/wp\/v2\/posts\/89676","targetHints":{"allow":["GET"]}}],"collection":[{"href":"https:\/\/lasprimeras.com.do\/index.php\/wp-json\/wp\/v2\/posts"}],"about":[{"href":"https:\/\/lasprimeras.com.do\/index.php\/wp-json\/wp\/v2\/types\/post"}],"author":[{"embeddable":true,"href":"https:\/\/lasprimeras.com.do\/index.php\/wp-json\/wp\/v2\/users\/9"}],"replies":[{"embeddable":true,"href":"https:\/\/lasprimeras.com.do\/index.php\/wp-json\/wp\/v2\/comments?post=89676"}],"version-history":[{"count":1,"href":"https:\/\/lasprimeras.com.do\/index.php\/wp-json\/wp\/v2\/posts\/89676\/revisions"}],"predecessor-version":[{"id":89678,"href":"https:\/\/lasprimeras.com.do\/index.php\/wp-json\/wp\/v2\/posts\/89676\/revisions\/89678"}],"wp:featuredmedia":[{"embeddable":true,"href":"https:\/\/lasprimeras.com.do\/index.php\/wp-json\/wp\/v2\/media\/89677"}],"wp:attachment":[{"href":"https:\/\/lasprimeras.com.do\/index.php\/wp-json\/wp\/v2\/media?parent=89676"}],"wp:term":[{"taxonomy":"category","embeddable":true,"href":"https:\/\/lasprimeras.com.do\/index.php\/wp-json\/wp\/v2\/categories?post=89676"},{"taxonomy":"post_tag","embeddable":true,"href":"https:\/\/lasprimeras.com.do\/index.php\/wp-json\/wp\/v2\/tags?post=89676"}],"curies":[{"name":"wp","href":"https:\/\/api.w.org\/{rel}","templated":true}]}}