{"id":89679,"date":"2024-10-02T15:00:13","date_gmt":"2024-10-02T19:00:13","guid":{"rendered":"https:\/\/lasprimeras.com.do\/?p=89679"},"modified":"2024-10-02T15:00:14","modified_gmt":"2024-10-02T19:00:14","slug":"candidato-a-presidencia-de-cipesa-presenta-para-elecciones-de-este-sabado-5-de-octubre","status":"publish","type":"post","link":"https:\/\/lasprimeras.com.do\/index.php\/2024\/10\/02\/candidato-a-presidencia-de-cipesa-presenta-para-elecciones-de-este-sabado-5-de-octubre\/","title":{"rendered":"Candidato a presidencia de Cipesa presenta para elecciones de este s\u00e1bado 5 de octubre"},"content":{"rendered":"\n<p>SANTO DOMINGO. &#8211; El candidato a la presidencia del C\u00edrculo de Periodistas de la Salud (Cipesa), Jos\u00e9 Rom\u00e1n Din\u00ed, present\u00f3 su plancha Unidad y Avance para las elecciones de este s\u00e1bado 5 de octubre, integrada por un grupo de profesionales comprometidos con el fortalecimiento y crecimiento del gremio.<\/p>\n\n\n\n<p>Acompa\u00f1an a Dini en la propuesta para dirigir a la organizaci\u00f3n por los pr\u00f3ximos dos a\u00f1os son: Sor\u00e1ngel Moya, como secretaria general; Emilia Evangelista, secretaria de Organizaci\u00f3n; Yoselyn Espinal, secretaria de Educaci\u00f3n; Elena Acevedo, tesorera; Estela Abreu, secretaria de Actas y Correspondencia, Iluminada Zu\u00e1rez, secretar\u00eda de Comunicaciones; Adolfina Mej\u00eda, secretaria de Prensa; Mar\u00eda Ferrand, secretaria de Relaciones Internacionales, Franklin Ferrera Feliz, presidente del Tribunal Disciplinario, Carlos Alc\u00e1ntara, secretario y Carmen Betances, miembro.<\/p>\n\n\n\n<p>Din\u00ed expres\u00f3 que lleg\u00f3 el momento de aunar esfuerzos para que haya m\u00e1s integraci\u00f3n de los cipesianos y darle participaci\u00f3n a las nuevas generaciones de periodistas que cubren la fuente de la salud.<br>Este es un momento crucial para Cipesa y nuestra propuesta de direcci\u00f3n est\u00e1 comprometida en trabajar por el fortalecimiento institucional y de filiales en el territorio nacional, seguir impulsando programas de capacitaci\u00f3n continua, fomentando alianzas interinstitucionales y mejorando la calidad de vida de nuestros miembros, afirm\u00f3 Din\u00ed.<\/p>\n\n\n\n<p>La propuesta de Unidad y Avance tiene como objetivo fortalecer la cohesi\u00f3n entre los periodistas del sector salud, brindando mayores oportunidades de desarrollo profesional y promoviendo el bienestar de cada uno de sus integrantes.<\/p>\n\n\n\n<p>Nuestro enfoque es claro: avanzar juntos hacia un CIPESA m\u00e1s fortalecido, inclusivo y comprometido con la defensa de los derechos y el crecimiento de sus miembros, agreg\u00f3 el candidato.<\/p>\n\n\n\n<p>El dirigente gremial destac\u00f3 que, de alcanzar la victoria, trabajar\u00e1 en la creaci\u00f3n de espacios de formaci\u00f3n que permitan a los periodistas de salud estar a la vanguardia en temas que garanticen la competitividad y actualidad del gremio.<\/p>\n\n\n\n<p>La jornada de votaciones ser\u00e1 una oportunidad clave para definir el rumbo del Cipesa, por lo que invit\u00f3 a todos los miembros a participar activamente en este proceso democr\u00e1tico, con el firme compromiso de trabajar por el bien com\u00fan del gremio.<\/p>\n\n\n\n<p>Reiter\u00f3 su llamado a los afiliados a Cipesa a acudir masivamente a las votaciones que se celebrar\u00e1n este pr\u00f3ximo s\u00e1bado 05 de octubre en las instalaciones del Colegio Dominicano de Periodistas.<\/p>\n","protected":false},"excerpt":{"rendered":"<p>SANTO DOMINGO. &#8211; El candidato a la presidencia del C\u00edrculo de Periodistas de la Salud (Cipesa), Jos\u00e9 Rom\u00e1n Din\u00ed, present\u00f3 su plancha Unidad y Avance para las elecciones de este&hellip;<\/p>\n","protected":false},"author":9,"featured_media":89680,"comment_status":"open","ping_status":"open","sticky":false,"template":"","format":"standard","meta":{"content-type":"","jetpack_post_was_ever_published":false,"_jetpack_newsletter_access":"","_jetpack_dont_email_post_to_subs":false,"_jetpack_newsletter_tier_id":0,"_jetpack_memberships_contains_paywalled_content":false,"_jetpack_memberships_contains_paid_content":false,"footnotes":""},"categories":[35,25],"tags":[272,1305,4144,89],"class_list":["post-89679","post","type-post","status-publish","format-standard","has-post-thumbnail","hentry","category-nacionales","category-portada","tag-cipesa","tag-colegio","tag-gremio","tag-periodistas"],"jetpack_featured_media_url":"https:\/\/lasprimeras.com.do\/wp-content\/uploads\/2024\/10\/cipesa.jpeg","jetpack-related-posts":[{"id":91653,"url":"https:\/\/lasprimeras.com.do\/index.php\/2024\/11\/30\/carol-martinez-asume-presidencia-cipesa\/","url_meta":{"origin":89679,"position":0},"title":"Carol Mart\u00ednez asume presidencia CIPESA","author":"Nelson Feliz","date":"30 de noviembre de 2024","format":false,"excerpt":"Aboga por acciones beneficien afiliados y la poblaci\u00f3n m\u00e1s pobre. Con el compromiso de transformar vidas, educar a las comunidades y promover pol\u00edticas p\u00fablicas que beneficien a toda la poblaci\u00f3n, fue juramentada la periodista Carol G. Mart\u00ednez Medina como presidenta del C\u00edrculo de Periodistas de la Salud (CIPESA) por el\u2026","rel":"","context":"En \u00abNACIONALES\u00bb","block_context":{"text":"NACIONALES","link":"https:\/\/lasprimeras.com.do\/index.php\/category\/nacionales\/"},"img":{"alt_text":"Carol Mart\u00ednez","src":"https:\/\/i0.wp.com\/lasprimeras.com.do\/wp-content\/uploads\/2024\/11\/Carol-Martinez-2.jpg?resize=350%2C200&ssl=1","width":350,"height":200,"srcset":"https:\/\/i0.wp.com\/lasprimeras.com.do\/wp-content\/uploads\/2024\/11\/Carol-Martinez-2.jpg?resize=350%2C200&ssl=1 1x, https:\/\/i0.wp.com\/lasprimeras.com.do\/wp-content\/uploads\/2024\/11\/Carol-Martinez-2.jpg?resize=525%2C300&ssl=1 1.5x, https:\/\/i0.wp.com\/lasprimeras.com.do\/wp-content\/uploads\/2024\/11\/Carol-Martinez-2.jpg?resize=700%2C400&ssl=1 2x"},"classes":[]},{"id":127257,"url":"https:\/\/lasprimeras.com.do\/index.php\/2026\/04\/09\/cdp-distingue-a-destacadas-integrantes-de-cipesa\/","url_meta":{"origin":89679,"position":1},"title":"CDP distingue a destacadas integrantes de CIPESA","author":"Nelson Feliz","date":"9 de abril de 2026","format":false,"excerpt":"CDP entrega reconocimiento a la prensa celebrada en el Teatro Nacional. El Colegio Dominicano de Periodistas, seccional Distrito Nacional (CDP-DN), reconoci\u00f3 a 40 periodistas durante la tercera Gala de Reconocimiento a la Prensa, celebrada en la Sala A\u00edda Bonnelly del Teatro Nacional Eduardo Brito, en el marco de las actividades\u2026","rel":"","context":"En \u00abENTRETENIMIENTO\u00bb","block_context":{"text":"ENTRETENIMIENTO","link":"https:\/\/lasprimeras.com.do\/index.php\/category\/entretenimiento\/"},"img":{"alt_text":"","src":"https:\/\/i0.wp.com\/lasprimeras.com.do\/wp-content\/uploads\/2026\/04\/cdp.jpg?resize=350%2C200&ssl=1","width":350,"height":200,"srcset":"https:\/\/i0.wp.com\/lasprimeras.com.do\/wp-content\/uploads\/2026\/04\/cdp.jpg?resize=350%2C200&ssl=1 1x, https:\/\/i0.wp.com\/lasprimeras.com.do\/wp-content\/uploads\/2026\/04\/cdp.jpg?resize=525%2C300&ssl=1 1.5x, https:\/\/i0.wp.com\/lasprimeras.com.do\/wp-content\/uploads\/2026\/04\/cdp.jpg?resize=700%2C400&ssl=1 2x"},"classes":[]},{"id":85424,"url":"https:\/\/lasprimeras.com.do\/index.php\/2024\/06\/29\/cipesa-celebra-la-iv-caminata-por-la-salud\/","url_meta":{"origin":89679,"position":2},"title":"CIPESA celebra la IV Caminata por la Salud","author":"Nelson Feliz","date":"29 de junio de 2024","format":false,"excerpt":"Un llamado a la conciencia y la responsabilidad individual y colectiva en la promoci\u00f3n de h\u00e1bitos saludables El C\u00edrculo de Periodistas de la Salud (CIPESA) celebr\u00f3 con gran \u00e9xito la IV Caminata por la Salud, evento que reuni\u00f3 a m\u00e1s de 200 personas comprometidas con la promoci\u00f3n de h\u00e1bitos de\u2026","rel":"","context":"En \u00abSin categor\u00eda\u00bb","block_context":{"text":"Sin categor\u00eda","link":"https:\/\/lasprimeras.com.do\/index.php\/category\/sin-categoria\/"},"img":{"alt_text":"","src":"https:\/\/i0.wp.com\/lasprimeras.com.do\/wp-content\/uploads\/2024\/06\/CIPESA-1.jpg?resize=350%2C200&ssl=1","width":350,"height":200,"srcset":"https:\/\/i0.wp.com\/lasprimeras.com.do\/wp-content\/uploads\/2024\/06\/CIPESA-1.jpg?resize=350%2C200&ssl=1 1x, https:\/\/i0.wp.com\/lasprimeras.com.do\/wp-content\/uploads\/2024\/06\/CIPESA-1.jpg?resize=525%2C300&ssl=1 1.5x"},"classes":[]},{"id":54896,"url":"https:\/\/lasprimeras.com.do\/index.php\/2023\/07\/16\/cipesa-e-infotep-inician-tercer-diplomado-comunicacion-estrategica-en-salud\/","url_meta":{"origin":89679,"position":3},"title":"Cipesa e Infotep inician tercer diplomado \u201cComunicaci\u00f3n Estrat\u00e9gica en Salud\u201d","author":"Nelson Feliz","date":"16 de julio de 2023","format":false,"excerpt":"El C\u00edrculo de Periodistas de la Salud (Cipesa) y el Instituto de Formaci\u00f3n T\u00e9cnico Profesional (Infotep) dejaron iniciado el tercer diplomado \u00abComunicaci\u00f3n Estrat\u00e9gica en Salud\u00bb, como parte de su plan de capacitaci\u00f3n de sus miembros y comunicadores interesados. La capacitaci\u00f3n se dej\u00f3 abierta durante un acto y en el Servicio\u2026","rel":"","context":"En \u00abSin categor\u00eda\u00bb","block_context":{"text":"Sin categor\u00eda","link":"https:\/\/lasprimeras.com.do\/index.php\/category\/sin-categoria\/"},"img":{"alt_text":"","src":"","width":0,"height":0},"classes":[]},{"id":48632,"url":"https:\/\/lasprimeras.com.do\/index.php\/2023\/05\/02\/cipesa-realizara-tercera-caminata-de-periodistas-por-la-salud\/","url_meta":{"origin":89679,"position":4},"title":"Cipesa realizar\u00e1 tercera caminata de periodistas por la salud","author":"prenxa100","date":"2 de mayo de 2023","format":false,"excerpt":"Santo Domingo, RD. - El C\u00edrculo de Periodistas de la Salud (Cipesa) realizar\u00e1 el s\u00e1bado 6 de mayo la tercera Caminata de Periodistas por la Salud con el objetivo de motivar a esos profesionales a realizar actividades f\u00edsicas. La caminata, que este a\u00f1o est\u00e1 enfocada al 75 aniversario de la\u2026","rel":"","context":"En \u00abNACIONALES\u00bb","block_context":{"text":"NACIONALES","link":"https:\/\/lasprimeras.com.do\/index.php\/category\/nacionales\/"},"img":{"alt_text":"","src":"","width":0,"height":0},"classes":[]},{"id":68645,"url":"https:\/\/lasprimeras.com.do\/index.php\/2023\/11\/26\/cipesa-culmina-con-exito-tercer-diplomado-comunicacion-estrategica-en-salud\/","url_meta":{"origin":89679,"position":5},"title":"Cipesa culmina con \u00e9xito tercer diplomado comunicaci\u00f3n estrat\u00e9gica en salud","author":"Nelson Feliz","date":"26 de noviembre de 2023","format":false,"excerpt":"Reconoce a la exministra de Salud, Altagracia Guzm\u00e1n Marcelino, y juramenta nuevos miembros El C\u00edrculo de Periodistas de la Salud (Cipesa) concluy\u00f3 su tercer programa acad\u00e9mico de diplomado en \"Comunicaci\u00f3n Estrat\u00e9gica en Salud\", con el respaldo del Instituto Nacional de Formaci\u00f3n T\u00e9cnico Profesional (Infotep) y el apoyo del Servicio Regional\u2026","rel":"","context":"En \u00abSin categor\u00eda\u00bb","block_context":{"text":"Sin categor\u00eda","link":"https:\/\/lasprimeras.com.do\/index.php\/category\/sin-categoria\/"},"img":{"alt_text":"C\u00edrculo de Periodistas de la Salud","src":"https:\/\/i0.wp.com\/lasprimeras.com.do\/wp-content\/uploads\/2023\/11\/cipesa.jpg?resize=350%2C200&ssl=1","width":350,"height":200,"srcset":"https:\/\/i0.wp.com\/lasprimeras.com.do\/wp-content\/uploads\/2023\/11\/cipesa.jpg?resize=350%2C200&ssl=1 1x, https:\/\/i0.wp.com\/lasprimeras.com.do\/wp-content\/uploads\/2023\/11\/cipesa.jpg?resize=525%2C300&ssl=1 1.5x, https:\/\/i0.wp.com\/lasprimeras.com.do\/wp-content\/uploads\/2023\/11\/cipesa.jpg?resize=700%2C400&ssl=1 2x"},"classes":[]}],"jetpack_sharing_enabled":true,"_links":{"self":[{"href":"https:\/\/lasprimeras.com.do\/index.php\/wp-json\/wp\/v2\/posts\/89679","targetHints":{"allow":["GET"]}}],"collection":[{"href":"https:\/\/lasprimeras.com.do\/index.php\/wp-json\/wp\/v2\/posts"}],"about":[{"href":"https:\/\/lasprimeras.com.do\/index.php\/wp-json\/wp\/v2\/types\/post"}],"author":[{"embeddable":true,"href":"https:\/\/lasprimeras.com.do\/index.php\/wp-json\/wp\/v2\/users\/9"}],"replies":[{"embeddable":true,"href":"https:\/\/lasprimeras.com.do\/index.php\/wp-json\/wp\/v2\/comments?post=89679"}],"version-history":[{"count":1,"href":"https:\/\/lasprimeras.com.do\/index.php\/wp-json\/wp\/v2\/posts\/89679\/revisions"}],"predecessor-version":[{"id":89681,"href":"https:\/\/lasprimeras.com.do\/index.php\/wp-json\/wp\/v2\/posts\/89679\/revisions\/89681"}],"wp:featuredmedia":[{"embeddable":true,"href":"https:\/\/lasprimeras.com.do\/index.php\/wp-json\/wp\/v2\/media\/89680"}],"wp:attachment":[{"href":"https:\/\/lasprimeras.com.do\/index.php\/wp-json\/wp\/v2\/media?parent=89679"}],"wp:term":[{"taxonomy":"category","embeddable":true,"href":"https:\/\/lasprimeras.com.do\/index.php\/wp-json\/wp\/v2\/categories?post=89679"},{"taxonomy":"post_tag","embeddable":true,"href":"https:\/\/lasprimeras.com.do\/index.php\/wp-json\/wp\/v2\/tags?post=89679"}],"curies":[{"name":"wp","href":"https:\/\/api.w.org\/{rel}","templated":true}]}}