{"id":89682,"date":"2024-10-02T15:15:16","date_gmt":"2024-10-02T19:15:16","guid":{"rendered":"https:\/\/lasprimeras.com.do\/?p=89682"},"modified":"2024-10-02T15:15:17","modified_gmt":"2024-10-02T19:15:17","slug":"lanzan-las-lucias-el-podcast-que-combina-el-arte-del-flamenco-con-la-cotidianidad-de-sus-integrantes","status":"publish","type":"post","link":"https:\/\/lasprimeras.com.do\/index.php\/2024\/10\/02\/lanzan-las-lucias-el-podcast-que-combina-el-arte-del-flamenco-con-la-cotidianidad-de-sus-integrantes\/","title":{"rendered":"Lanzan Las Luc\u00edas, el podcast que combina el arte del flamenco con la cotidianidad de sus integrantes"},"content":{"rendered":"\n<p>SANTO DOMINGO. -Con el objetivo de crear un espacio de tertulia aut\u00e9ntica y divertida entre mujeres apasionadas por el flamenco, donde la risa, las emociones y las historias reales fluyan libremente, a trav\u00e9s de conversaciones espontaneas y genuinas, un grupo de bailaoras lanzan Las Lucias, El Podcast.<\/p>\n\n\n\n<p>A trav\u00e9s de un documento de prensa, las integrantes del novedoso programa dieron a conocer la informaci\u00f3n, destacando su inter\u00e9s de llevar entretenimiento y relajaci\u00f3n a la poblaci\u00f3n a trav\u00e9s de cada episodio.<\/p>\n\n\n\n<p>Conformado por un grupo de mujeres profesionales en diferentes \u00e1reas, pero unidas por el amor al baile del flamenco, Las Luc\u00edas, abordaran temas cotidianos que conecten con las vivencias de la audiencia, fusionando la pasi\u00f3n por este arte con an\u00e9cdotas de la vida diaria.<\/p>\n\n\n\n<p>A partir de este jueves 3 de octubres a las 12 del mediod\u00eda y a trav\u00e9s de las plataformas de YouTube Las Lucias Podcast y Spotify Las Lucias pondr\u00e1n disfrutar del contenido y conocer al grupo integrado por Ariela Franco; Clayra Morales; Franchesca Francisco; Marivian Yunes; Pilar Villafa\u00f1a; Rachell Holgu\u00edn y Valerie Bain.<\/p>\n\n\n\n<p>\u201cNuestro objetivo es generar una experiencia autentica, vibrante y cercana que inspire y enganche. Desde las risas m\u00e1s espontaneas hasta los momentos m\u00e1s emotivos, Las Luc\u00edas traer\u00e1n conversaciones frescas, reales y cargadas de arte\u201d coincidieron en se\u00f1alar.<\/p>\n\n\n\n<p>Agradecieron a la profesora Leslie Ricardo, quien es la directora de Leslie Ricardo, Escuela de Danza. academia a la que pertenecen Las Luc\u00edas, por ser la responsable de unirlas e inspirarlas para hacer posible el podcast.<\/p>\n","protected":false},"excerpt":{"rendered":"<p>SANTO DOMINGO. -Con el objetivo de crear un espacio de tertulia aut\u00e9ntica y divertida entre mujeres apasionadas por el flamenco, donde la risa, las emociones y las historias reales fluyan&hellip;<\/p>\n","protected":false},"author":9,"featured_media":89683,"comment_status":"open","ping_status":"open","sticky":false,"template":"","format":"standard","meta":{"content-type":"","jetpack_post_was_ever_published":false,"_jetpack_newsletter_access":"","_jetpack_dont_email_post_to_subs":false,"_jetpack_newsletter_tier_id":0,"_jetpack_memberships_contains_paywalled_content":false,"_jetpack_memberships_contains_paid_content":false,"footnotes":""},"categories":[35,25],"tags":[10535,1164,15750,12678,15753,15751,15754],"class_list":["post-89682","post","type-post","status-publish","format-standard","has-post-thumbnail","hentry","category-nacionales","category-portada","tag-contenido","tag-jueves","tag-las-lucias","tag-momentos","tag-morales","tag-ricardo","tag-vivencias"],"jetpack_featured_media_url":"https:\/\/lasprimeras.com.do\/wp-content\/uploads\/2024\/10\/las-lucias.jpeg","jetpack-related-posts":[{"id":99140,"url":"https:\/\/lasprimeras.com.do\/index.php\/2025\/05\/18\/con-la-participacion-de-cristina-candela-celebraran-el-festival-dominicana-vive-el-flamenco\/","url_meta":{"origin":89682,"position":0},"title":"Con la participaci\u00f3n de Cristina Candela celebraran el festival \u201cDominicana Vive el Flamenco\u201d","author":"Nelson Feliz","date":"18 de mayo de 2025","format":false,"excerpt":"La pasi\u00f3n, la fuerza y el arte del flamenco volver\u00e1n a vibrar en la capital dominicana este 21 y 22 de mayo \u00a0a las 8:00 de la noche en la Casa San Pablo, \u00a0en \u00a0la segunda edici\u00f3n del Festival \u201cDominicana Vive el Flamenco\u201d, un evento \u00fanico que re\u00fane a escuelas\u2026","rel":"","context":"En \u00abENTRETENIMIENTO\u00bb","block_context":{"text":"ENTRETENIMIENTO","link":"https:\/\/lasprimeras.com.do\/index.php\/category\/entretenimiento\/"},"img":{"alt_text":"","src":"https:\/\/i0.wp.com\/lasprimeras.com.do\/wp-content\/uploads\/2025\/05\/candela.jpg?resize=350%2C200&ssl=1","width":350,"height":200,"srcset":"https:\/\/i0.wp.com\/lasprimeras.com.do\/wp-content\/uploads\/2025\/05\/candela.jpg?resize=350%2C200&ssl=1 1x, https:\/\/i0.wp.com\/lasprimeras.com.do\/wp-content\/uploads\/2025\/05\/candela.jpg?resize=525%2C300&ssl=1 1.5x, https:\/\/i0.wp.com\/lasprimeras.com.do\/wp-content\/uploads\/2025\/05\/candela.jpg?resize=700%2C400&ssl=1 2x"},"classes":[]},{"id":103446,"url":"https:\/\/lasprimeras.com.do\/index.php\/2025\/07\/15\/ministerio-de-la-mujer-intercambia-politicas-de-cuidados-junto-al-gobierno-de-santa-lucia\/","url_meta":{"origin":89682,"position":1},"title":"Ministerio de la Mujer intercambia pol\u00edticas de cuidados junto al Gobierno de Santa Luc\u00eda","author":"Nelson Feliz","date":"15 de julio de 2025","format":false,"excerpt":"El Ministerio de la Mujer realiz\u00f3 un Intercambio de Experiencias en Pol\u00edticas de Cuidados junto a representantes del Gobierno de Santa Luc\u00eda, con el apoyo del programa Investment Climate Reform de la Uni\u00f3n Europea. La ministra de la Mujer, Mayra Jim\u00e9nez, destac\u00f3 los avances que ha tenido la Rep\u00fablica Dominicana\u2026","rel":"","context":"En \u00abNACIONALES\u00bb","block_context":{"text":"NACIONALES","link":"https:\/\/lasprimeras.com.do\/index.php\/category\/nacionales\/"},"img":{"alt_text":"","src":"https:\/\/i0.wp.com\/lasprimeras.com.do\/wp-content\/uploads\/2025\/07\/Mayra-Jimenez-1.jpg?resize=350%2C200&ssl=1","width":350,"height":200,"srcset":"https:\/\/i0.wp.com\/lasprimeras.com.do\/wp-content\/uploads\/2025\/07\/Mayra-Jimenez-1.jpg?resize=350%2C200&ssl=1 1x, https:\/\/i0.wp.com\/lasprimeras.com.do\/wp-content\/uploads\/2025\/07\/Mayra-Jimenez-1.jpg?resize=525%2C300&ssl=1 1.5x, https:\/\/i0.wp.com\/lasprimeras.com.do\/wp-content\/uploads\/2025\/07\/Mayra-Jimenez-1.jpg?resize=700%2C400&ssl=1 2x"},"classes":[]},{"id":77066,"url":"https:\/\/lasprimeras.com.do\/index.php\/2024\/02\/17\/lucio-urtubia-jimenez\/","url_meta":{"origin":89682,"position":2},"title":"Lucio Urtubia Jim\u00e9nez es considerado como una especie de Robin Hood","author":"Nelson Feliz","date":"17 de febrero de 2024","format":false,"excerpt":"Lucio Urtubia Jim\u00e9nez fue un alba\u00f1il y militante anarquista espa\u00f1ol residente en la capital francesa. Debido a su actividad clandestina en pro de grupos anarquistas internacionales, es considerado por la izquierda pol\u00edtica espa\u00f1ola y francesa como una especie de Robin Hood. Fue uno de los part\u00edcipes principales de una acci\u00f3n\u2026","rel":"","context":"En \u00abHISTORIA\u00bb","block_context":{"text":"HISTORIA","link":"https:\/\/lasprimeras.com.do\/index.php\/category\/historia\/"},"img":{"alt_text":"Lucio Urtubia Jim\u00e9nez","src":"https:\/\/i0.wp.com\/lasprimeras.com.do\/wp-content\/uploads\/2024\/02\/Lucio-Urtubia-Jimenez.jpg?resize=350%2C200&ssl=1","width":350,"height":200},"classes":[]},{"id":107429,"url":"https:\/\/lasprimeras.com.do\/index.php\/2025\/08\/26\/alcalde-da-primer-picazo-construccion-de-un-parque-y-una-cancha-del-sector-santa-lucia\/","url_meta":{"origin":89682,"position":3},"title":"Alcalde da primer picazo construcci\u00f3n de un parque y una cancha del sector Santa Lucia","author":"Nelson Feliz","date":"26 de agosto de 2025","format":false,"excerpt":"El alcalde M\u00e1ximo Soriano, dio el primer picazo, para dejar iniciada la construcci\u00f3n de un parque y una cancha en el sector de Santa Luc\u00eda, ubicado en la margen sur de\u00a0 La Caleta. Soriano,\u00a0 dijo que esta es una obra, que la comunidad esperaba con gran anhelo, para el desarrollo\u2026","rel":"","context":"En \u00abPOLITICA\u00bb","block_context":{"text":"POLITICA","link":"https:\/\/lasprimeras.com.do\/index.php\/category\/politica\/"},"img":{"alt_text":"","src":"https:\/\/i0.wp.com\/lasprimeras.com.do\/wp-content\/uploads\/2025\/08\/Primer-picaso-CANCHA-SANTA-LUCIA.jpg?resize=350%2C200&ssl=1","width":350,"height":200,"srcset":"https:\/\/i0.wp.com\/lasprimeras.com.do\/wp-content\/uploads\/2025\/08\/Primer-picaso-CANCHA-SANTA-LUCIA.jpg?resize=350%2C200&ssl=1 1x, https:\/\/i0.wp.com\/lasprimeras.com.do\/wp-content\/uploads\/2025\/08\/Primer-picaso-CANCHA-SANTA-LUCIA.jpg?resize=525%2C300&ssl=1 1.5x, https:\/\/i0.wp.com\/lasprimeras.com.do\/wp-content\/uploads\/2025\/08\/Primer-picaso-CANCHA-SANTA-LUCIA.jpg?resize=700%2C400&ssl=1 2x"},"classes":[]},{"id":73940,"url":"https:\/\/lasprimeras.com.do\/index.php\/2024\/01\/17\/barbora-holicka-y-lucie-engova-debutaran-en-el-dakar-classic\/","url_meta":{"origin":89682,"position":4},"title":"Barbora Holicka y Lucie Engova debutaran en el Dakar Classic","author":"Nelson Feliz","date":"17 de enero de 2024","format":false,"excerpt":"Barbora Holicka y Lucie Engova pilotar\u00e1n uno de los coches m\u00e1s reconocibles del vivac en el Dakar 2024. El d\u00fao checo ha decidido debutar en el Dakar Classic y conducir\u00e1 un Citro\u00ebn 2CV que han engalanado con un caleidoscopio de colores fluorescentes con la ayuda del artista pop checo Josef\u2026","rel":"","context":"En \u00abSin categor\u00eda\u00bb","block_context":{"text":"Sin categor\u00eda","link":"https:\/\/lasprimeras.com.do\/index.php\/category\/sin-categoria\/"},"img":{"alt_text":"Barbora Holicka y Lucie Engova","src":"https:\/\/i0.wp.com\/lasprimeras.com.do\/wp-content\/uploads\/2024\/01\/debutaran.jpg?resize=350%2C200&ssl=1","width":350,"height":200},"classes":[]},{"id":72666,"url":"https:\/\/lasprimeras.com.do\/index.php\/2024\/01\/02\/muere-madre-del-alcalde-de-boca-chica-fermin-brito\/","url_meta":{"origin":89682,"position":5},"title":"Muere madre del alcalde de Boca Chica Ferm\u00edn Brito","author":"Nelson Feliz","date":"2 de enero de 2024","format":false,"excerpt":"Falleci\u00f3 el pasado lunes la madre del alcalde de Boca Chica, ingeniero Ferm\u00edn Brito Rinc\u00f3n, a los 93 a\u00f1os de edad. Do\u00f1a Esther Luc\u00eda Rinc\u00f3n estuvo d\u00edas antes internada en un centro asistencial de este municipio. Sus restos est\u00e1n siendo velados en la Funeraria San Andr\u00e9s, ubicada en la calle\u2026","rel":"","context":"En \u00abNACIONALES\u00bb","block_context":{"text":"NACIONALES","link":"https:\/\/lasprimeras.com.do\/index.php\/category\/nacionales\/"},"img":{"alt_text":"","src":"","width":0,"height":0},"classes":[]}],"jetpack_sharing_enabled":true,"_links":{"self":[{"href":"https:\/\/lasprimeras.com.do\/index.php\/wp-json\/wp\/v2\/posts\/89682","targetHints":{"allow":["GET"]}}],"collection":[{"href":"https:\/\/lasprimeras.com.do\/index.php\/wp-json\/wp\/v2\/posts"}],"about":[{"href":"https:\/\/lasprimeras.com.do\/index.php\/wp-json\/wp\/v2\/types\/post"}],"author":[{"embeddable":true,"href":"https:\/\/lasprimeras.com.do\/index.php\/wp-json\/wp\/v2\/users\/9"}],"replies":[{"embeddable":true,"href":"https:\/\/lasprimeras.com.do\/index.php\/wp-json\/wp\/v2\/comments?post=89682"}],"version-history":[{"count":1,"href":"https:\/\/lasprimeras.com.do\/index.php\/wp-json\/wp\/v2\/posts\/89682\/revisions"}],"predecessor-version":[{"id":89684,"href":"https:\/\/lasprimeras.com.do\/index.php\/wp-json\/wp\/v2\/posts\/89682\/revisions\/89684"}],"wp:featuredmedia":[{"embeddable":true,"href":"https:\/\/lasprimeras.com.do\/index.php\/wp-json\/wp\/v2\/media\/89683"}],"wp:attachment":[{"href":"https:\/\/lasprimeras.com.do\/index.php\/wp-json\/wp\/v2\/media?parent=89682"}],"wp:term":[{"taxonomy":"category","embeddable":true,"href":"https:\/\/lasprimeras.com.do\/index.php\/wp-json\/wp\/v2\/categories?post=89682"},{"taxonomy":"post_tag","embeddable":true,"href":"https:\/\/lasprimeras.com.do\/index.php\/wp-json\/wp\/v2\/tags?post=89682"}],"curies":[{"name":"wp","href":"https:\/\/api.w.org\/{rel}","templated":true}]}}