{"id":89727,"date":"2024-10-03T22:59:26","date_gmt":"2024-10-04T02:59:26","guid":{"rendered":"https:\/\/lasprimeras.com.do\/?p=89727"},"modified":"2024-10-03T22:59:26","modified_gmt":"2024-10-04T02:59:26","slug":"maestra-herida-de-bala-en-violento-asalto-en-su-residencia-de-cabral","status":"publish","type":"post","link":"https:\/\/lasprimeras.com.do\/index.php\/2024\/10\/03\/maestra-herida-de-bala-en-violento-asalto-en-su-residencia-de-cabral\/","title":{"rendered":"Maestra herida de bala en violento asalto en su residencia de Cabral"},"content":{"rendered":"\n<p>La maestra Zoila Jaqueline Espinosa Nin, fue gravemente herida este mi\u00e9rcoles &nbsp;&nbsp;en su casa, tras ser atacada con una escopeta de fabricaci\u00f3n casera, conocida como &#8220;chilena&#8221;.<\/p>\n\n\n\n<p>Espinosa Nin, quien trabaja en la Escuela Primaria Teresa Pe\u00f1a del barrio La Pe\u00f1uela en Cabral, Barahona, result\u00f3 herida cuando sorprendi\u00f3 a un delincuente mientras robaba en su hogar.<\/p>\n\n\n\n<p>El agresor hab\u00eda forzado una ventana para entrar a la vivienda, de donde sustrajo prendas, medicamentos y otras pertenencias.<\/p>\n\n\n\n<p>Al ser sorprendido por la docente al regresar de su jornada laboral, el delincuente la atac\u00f3 dispar\u00e1ndole en el antebrazo derecho con el arma casera.<\/p>\n\n\n\n<p>La profesora fue trasladada de urgencia al hospital municipal de Cabral, desde donde fue referida a un centro de salud en Barahona para realizar estudios m\u00e1s detallados sobre los da\u00f1os causados por los perdigones alojados en su brazo.<\/p>\n\n\n\n<p>Unidades de la Polic\u00eda Nacional llegaron tanto al hospital como a la escena del crimen para iniciar las investigaciones. Se est\u00e1n llevando a cabo operativos para dar con el paradero del agresor, cuya captura es solicitada con urgencia por los familiares de la docente herida.<\/p>\n\n\n\n<p>La familia de Espinosa Nin, quien ha dedicado casi 30 a\u00f1os a la ense\u00f1anza en su comunidad, ha pedido a las autoridades que no cesen en sus esfuerzos por encontrar al responsable de este brutal ataque que casi le cuesta la vida.<\/p>\n","protected":false},"excerpt":{"rendered":"<p>La maestra Zoila Jaqueline Espinosa Nin, fue gravemente herida este mi\u00e9rcoles &nbsp;&nbsp;en su casa, tras ser atacada con una escopeta de fabricaci\u00f3n casera, conocida como &#8220;chilena&#8221;. Espinosa Nin, quien trabaja&hellip;<\/p>\n","protected":false},"author":2,"featured_media":89728,"comment_status":"open","ping_status":"open","sticky":false,"template":"","format":"standard","meta":{"content-type":"","jetpack_post_was_ever_published":false,"_jetpack_newsletter_access":"","_jetpack_dont_email_post_to_subs":false,"_jetpack_newsletter_tier_id":0,"_jetpack_memberships_contains_paywalled_content":false,"_jetpack_memberships_contains_paid_content":false,"footnotes":""},"categories":[35,25],"tags":[4928,11560,266,2212,15784,1587],"class_list":["post-89727","post","type-post","status-publish","format-standard","has-post-thumbnail","hentry","category-nacionales","category-portada","tag-asalto","tag-bala","tag-cabral","tag-herida","tag-maestra","tag-violento"],"jetpack_featured_media_url":"https:\/\/lasprimeras.com.do\/wp-content\/uploads\/2024\/10\/Zoila-Jaquelina-Espinosa-Nin.jpg","jetpack-related-posts":[{"id":79799,"url":"https:\/\/lasprimeras.com.do\/index.php\/2024\/03\/31\/bandas-despojan-de-celular-a-vendedor-de-caretas-y-disfraces-en-cabral\/","url_meta":{"origin":89727,"position":0},"title":"Bandas despojan de celular a vendedor de caretas y disfraces en Cabral","author":"Nelson Feliz","date":"31 de marzo de 2024","format":false,"excerpt":"Un vendedor de\u00a0 disfraces y caretas que se traslad\u00f3 desde Santo Domingo, al municipio de Cabral, provincia Barahona fue\u00a0 despojado de un celular por bandas de enmascarados que se disfrazan dentro de las actividades de carnaval de esa comunidad. De acuerdo con el reporte del colaborador de este medio informativo,\u2026","rel":"","context":"En \u00abNACIONALES\u00bb","block_context":{"text":"NACIONALES","link":"https:\/\/lasprimeras.com.do\/index.php\/category\/nacionales\/"},"img":{"alt_text":"asaltan","src":"https:\/\/i0.wp.com\/lasprimeras.com.do\/wp-content\/uploads\/2024\/03\/asaltan.jpg?resize=350%2C200&ssl=1","width":350,"height":200},"classes":[]},{"id":92138,"url":"https:\/\/lasprimeras.com.do\/index.php\/2024\/12\/29\/policia-se-lambe-a-cuatro-presuntos-delincuentes-en-la-romana\/","url_meta":{"origin":89727,"position":1},"title":"Polic\u00eda se lambe a cuatro presuntos delincuentes en La Romana","author":"Nelson Feliz","date":"29 de diciembre de 2024","format":false,"excerpt":"Un enfrentamiento entre agentes policiales y presuntos delincuentes ocurrido la tarde de este domingo ha dejado un saldo de cuatro muertos y un herido en el sector Trasero de Maco, en La Romana. Hasta el momento, se reportan cuatro presuntos delincuentes fallecidos y un agente de la Polic\u00eda herido, quien\u2026","rel":"","context":"En \u00abMILITARES\u00bb","block_context":{"text":"MILITARES","link":"https:\/\/lasprimeras.com.do\/index.php\/category\/militares\/"},"img":{"alt_text":"","src":"https:\/\/i0.wp.com\/lasprimeras.com.do\/wp-content\/uploads\/2024\/12\/armas.jpg?resize=350%2C200&ssl=1","width":350,"height":200,"srcset":"https:\/\/i0.wp.com\/lasprimeras.com.do\/wp-content\/uploads\/2024\/12\/armas.jpg?resize=350%2C200&ssl=1 1x, https:\/\/i0.wp.com\/lasprimeras.com.do\/wp-content\/uploads\/2024\/12\/armas.jpg?resize=525%2C300&ssl=1 1.5x, https:\/\/i0.wp.com\/lasprimeras.com.do\/wp-content\/uploads\/2024\/12\/armas.jpg?resize=700%2C400&ssl=1 2x"},"classes":[]},{"id":113517,"url":"https:\/\/lasprimeras.com.do\/index.php\/2025\/11\/03\/aumenta-nivel-de-agua-en-laguna-cabral-tras-lluvia-de-melissa\/","url_meta":{"origin":89727,"position":2},"title":"Aumenta nivel de agua en Laguna Cabral, tras lluvia de Melissa","author":"Nelson Feliz","date":"3 de noviembre de 2025","format":false,"excerpt":"El nivel de agua de la Laguna Cabral aument\u00f3 con los recientes aguaceros provocados por el paso del hurac\u00e1n Melissa por la parte oeste de Rep\u00fablica Dominicana, seg\u00fan informaron residentes de este municipio. Algunos mostraron su alegr\u00eda por el aumento del nivel de agua de la laguna Rinc\u00f3n o de\u2026","rel":"","context":"En \u00abMEDIO AMBIENTE\u00bb","block_context":{"text":"MEDIO AMBIENTE","link":"https:\/\/lasprimeras.com.do\/index.php\/category\/medio-ambiente\/"},"img":{"alt_text":"","src":"https:\/\/i0.wp.com\/lasprimeras.com.do\/wp-content\/uploads\/2025\/11\/Laguna-Cabral-1.jpg?resize=350%2C200&ssl=1","width":350,"height":200,"srcset":"https:\/\/i0.wp.com\/lasprimeras.com.do\/wp-content\/uploads\/2025\/11\/Laguna-Cabral-1.jpg?resize=350%2C200&ssl=1 1x, https:\/\/i0.wp.com\/lasprimeras.com.do\/wp-content\/uploads\/2025\/11\/Laguna-Cabral-1.jpg?resize=525%2C300&ssl=1 1.5x, https:\/\/i0.wp.com\/lasprimeras.com.do\/wp-content\/uploads\/2025\/11\/Laguna-Cabral-1.jpg?resize=700%2C400&ssl=1 2x"},"classes":[]},{"id":110946,"url":"https:\/\/lasprimeras.com.do\/index.php\/2025\/10\/02\/senadores-recorren-laguna-de-cabral-y-escuchan-preocupaciones-de-pescadores-por-reduccion-del-caudal\/","url_meta":{"origin":89727,"position":3},"title":"Senadores recorren laguna de Cabral y escuchan preocupaciones de pescadores por reducci\u00f3n del caudal","author":"Nelson Feliz","date":"2 de octubre de 2025","format":false,"excerpt":"La Comisi\u00f3n de Medio Ambiente y Recursos Naturales del Senado de la Rep\u00fablica se traslad\u00f3 este jueves hasta el municipio de Cabral, provincia Barahona, donde realiz\u00f3 un descenso en la laguna de Rinc\u00f3n o Cabral, como parte del estudio de la resoluci\u00f3n que solicita la intervenci\u00f3n del Poder Ejecutivo, para\u2026","rel":"","context":"En \u00abMEDIO AMBIENTE\u00bb","block_context":{"text":"MEDIO AMBIENTE","link":"https:\/\/lasprimeras.com.do\/index.php\/category\/medio-ambiente\/"},"img":{"alt_text":"","src":"https:\/\/i0.wp.com\/lasprimeras.com.do\/wp-content\/uploads\/2025\/10\/senadores-1.jpg?resize=350%2C200&ssl=1","width":350,"height":200,"srcset":"https:\/\/i0.wp.com\/lasprimeras.com.do\/wp-content\/uploads\/2025\/10\/senadores-1.jpg?resize=350%2C200&ssl=1 1x, https:\/\/i0.wp.com\/lasprimeras.com.do\/wp-content\/uploads\/2025\/10\/senadores-1.jpg?resize=525%2C300&ssl=1 1.5x, https:\/\/i0.wp.com\/lasprimeras.com.do\/wp-content\/uploads\/2025\/10\/senadores-1.jpg?resize=700%2C400&ssl=1 2x"},"classes":[]},{"id":90499,"url":"https:\/\/lasprimeras.com.do\/index.php\/2024\/10\/22\/muere-estudiante-tras-brutal-golpiza-dentro-de-un-liceo-en-cabral\/","url_meta":{"origin":89727,"position":4},"title":"Muere estudiante tras brutal golpiza dentro de un liceo en Cabral","author":"Nelson Feliz","date":"22 de octubre de 2024","format":false,"excerpt":"Autoridades escolares ocultan nombres de agresores. Por Hercules Urbaez El joven Dawel Cuevas F\u00e9liz de 16 a\u00f1os de edad, falleci\u00f3 este martes en el Hospital Regional Universitario Dr. Jaime Mota de Barahona, tras presuntamente haber sido agredido f\u00edsicamente por tres compa\u00f1eros de estudios en el liceo polit\u00e9cnico Carmen Marte de\u2026","rel":"","context":"En \u00abNACIONALES\u00bb","block_context":{"text":"NACIONALES","link":"https:\/\/lasprimeras.com.do\/index.php\/category\/nacionales\/"},"img":{"alt_text":"Dawel Cuevas F\u00e9liz","src":"https:\/\/i0.wp.com\/lasprimeras.com.do\/wp-content\/uploads\/2024\/10\/dawel.jpg?resize=350%2C200&ssl=1","width":350,"height":200,"srcset":"https:\/\/i0.wp.com\/lasprimeras.com.do\/wp-content\/uploads\/2024\/10\/dawel.jpg?resize=350%2C200&ssl=1 1x, https:\/\/i0.wp.com\/lasprimeras.com.do\/wp-content\/uploads\/2024\/10\/dawel.jpg?resize=525%2C300&ssl=1 1.5x, https:\/\/i0.wp.com\/lasprimeras.com.do\/wp-content\/uploads\/2024\/10\/dawel.jpg?resize=700%2C400&ssl=1 2x"},"classes":[]},{"id":104057,"url":"https:\/\/lasprimeras.com.do\/index.php\/2025\/07\/21\/apresan-a-dos-hombres-con-arma-de-fuego-ilegal-y-presuntas-sustancias-narcoticas-en-barahona\/","url_meta":{"origin":89727,"position":5},"title":"Apresan a dos hombres con arma de fuego ilegal y presuntas sustancias narc\u00f3ticas en Barahona","author":"Nelson Feliz","date":"21 de julio de 2025","format":false,"excerpt":"Agentes policiales adscritos a los distintos departamentos lograron apresar a dos hombres en el municipio de Cabral, provincia Barahona, por posesi\u00f3n ilegal de arma de fuego y presuntas sustancias narc\u00f3ticas. Seg\u00fan el informe preliminar, los arrestos se produjeron durante un operativo realizado en el sector Los Botaos, donde fueron detenidos\u2026","rel":"","context":"En \u00abMILITARES\u00bb","block_context":{"text":"MILITARES","link":"https:\/\/lasprimeras.com.do\/index.php\/category\/militares\/"},"img":{"alt_text":"","src":"https:\/\/i0.wp.com\/lasprimeras.com.do\/wp-content\/uploads\/2025\/07\/una-2.jpg?resize=350%2C200&ssl=1","width":350,"height":200,"srcset":"https:\/\/i0.wp.com\/lasprimeras.com.do\/wp-content\/uploads\/2025\/07\/una-2.jpg?resize=350%2C200&ssl=1 1x, https:\/\/i0.wp.com\/lasprimeras.com.do\/wp-content\/uploads\/2025\/07\/una-2.jpg?resize=525%2C300&ssl=1 1.5x, https:\/\/i0.wp.com\/lasprimeras.com.do\/wp-content\/uploads\/2025\/07\/una-2.jpg?resize=700%2C400&ssl=1 2x"},"classes":[]}],"jetpack_sharing_enabled":true,"_links":{"self":[{"href":"https:\/\/lasprimeras.com.do\/index.php\/wp-json\/wp\/v2\/posts\/89727","targetHints":{"allow":["GET"]}}],"collection":[{"href":"https:\/\/lasprimeras.com.do\/index.php\/wp-json\/wp\/v2\/posts"}],"about":[{"href":"https:\/\/lasprimeras.com.do\/index.php\/wp-json\/wp\/v2\/types\/post"}],"author":[{"embeddable":true,"href":"https:\/\/lasprimeras.com.do\/index.php\/wp-json\/wp\/v2\/users\/2"}],"replies":[{"embeddable":true,"href":"https:\/\/lasprimeras.com.do\/index.php\/wp-json\/wp\/v2\/comments?post=89727"}],"version-history":[{"count":1,"href":"https:\/\/lasprimeras.com.do\/index.php\/wp-json\/wp\/v2\/posts\/89727\/revisions"}],"predecessor-version":[{"id":89729,"href":"https:\/\/lasprimeras.com.do\/index.php\/wp-json\/wp\/v2\/posts\/89727\/revisions\/89729"}],"wp:featuredmedia":[{"embeddable":true,"href":"https:\/\/lasprimeras.com.do\/index.php\/wp-json\/wp\/v2\/media\/89728"}],"wp:attachment":[{"href":"https:\/\/lasprimeras.com.do\/index.php\/wp-json\/wp\/v2\/media?parent=89727"}],"wp:term":[{"taxonomy":"category","embeddable":true,"href":"https:\/\/lasprimeras.com.do\/index.php\/wp-json\/wp\/v2\/categories?post=89727"},{"taxonomy":"post_tag","embeddable":true,"href":"https:\/\/lasprimeras.com.do\/index.php\/wp-json\/wp\/v2\/tags?post=89727"}],"curies":[{"name":"wp","href":"https:\/\/api.w.org\/{rel}","templated":true}]}}