{"id":89746,"date":"2024-10-03T23:57:47","date_gmt":"2024-10-04T03:57:47","guid":{"rendered":"https:\/\/lasprimeras.com.do\/?p=89746"},"modified":"2024-10-03T23:57:49","modified_gmt":"2024-10-04T03:57:49","slug":"pld-ha-sido-garantia-de-que-rd-cuente-con-un-sistema-de-partidos-activo","status":"publish","type":"post","link":"https:\/\/lasprimeras.com.do\/index.php\/2024\/10\/03\/pld-ha-sido-garantia-de-que-rd-cuente-con-un-sistema-de-partidos-activo\/","title":{"rendered":"PLD ha sido garant\u00eda de que RD cuente con un sistema de partidos activo"},"content":{"rendered":"\n<p>Lo m\u00e1s importante para el Partido de la Liberaci\u00f3n Dominicana (PLD) en estos momentos es el X Congreso Ordinario Reinaldo Pared P\u00e9rez y la trascendencia de lo que se pueda lograr en la profundidad de las discusiones de las ideas.<\/p>\n\n\n\n<p>La explicaci\u00f3n fue ofrecida por Tommy Gal\u00e1n, secretario de Asuntos Electorales del PLD y miembro de la Comisi\u00f3n Organizadora del Congreso, en el programa de televisi\u00f3n Uno + Uno.<\/p>\n\n\n\n<p>Gal\u00e1n igualmente ponder\u00f3 la necesidad de establecer normativas y colocarse en un nivel m\u00e1s cercano a la sociedad, reinvent\u00e1ndose y detectando d\u00f3nde se ha fallado, tal y como se hizo en la evaluaci\u00f3n cr\u00edtica y autocr\u00edtica.<\/p>\n\n\n\n<p>\u201cPorque al final, digo lo siguiente, si no hay partido no existe candidato presidencial, senadores, diputados, alcaldes ni regidores\u201d, expuso el tambi\u00e9n miembro del Comit\u00e9 Pol\u00edtico del PLD.<\/p>\n\n\n\n<p>Tommy Gal\u00e1n apunt\u00f3 que el X Congreso del PLD se desarrolla de manera participativa, y actualmente se encuentra en la fase de votaci\u00f3n de los 15 ejes tem\u00e1ticos utilizando la modalidad virtual.<\/p>\n\n\n\n<p>El titular de Asuntos Electorales adelant\u00f3 que los miembros del Comit\u00e9 Central ser\u00e1n electos el 20 de octubre y los del Comit\u00e9 Pol\u00edtico, el presidente del Partido y el secretario general el 27: \u201cLos miembros de CC ser\u00e1n electos en la votaci\u00f3n que se realizar\u00e1 en cada una de las demarcaciones, ll\u00e1mese provincia, circunscripciones y municipios y votan los presidentes de comit\u00e9 de base y los miembros del Comit\u00e9 Central actual.<\/p>\n\n\n\n<p>Para la escogencia del Comit\u00e9 Pol\u00edtico, secretario general y presidente del Partido solamente votan los miembros del Comit\u00e9 Central que resulten electos\u201d, explic\u00f3.<\/p>\n\n\n\n<p>Al requerir su opini\u00f3n sobre las aspiraciones presidenciales en la organizaci\u00f3n, manifest\u00f3 que eso es una se\u00f1al de que el PLD es un partido vivo y tiene un capital humano que al final es el principal activo que posee cualquier organizaci\u00f3n pol\u00edtica, conformado por hombres y mujeres calificados.<\/p>\n\n\n\n<p>\u201cEl sistema de partidos en la Rep\u00fablica Dominicana lo ha garantizado el Partido de la Liberaci\u00f3n Dominicana\u201d, coment\u00f3.<\/p>\n","protected":false},"excerpt":{"rendered":"<p>Lo m\u00e1s importante para el Partido de la Liberaci\u00f3n Dominicana (PLD) en estos momentos es el X Congreso Ordinario Reinaldo Pared P\u00e9rez y la trascendencia de lo que se pueda&hellip;<\/p>\n","protected":false},"author":2,"featured_media":89747,"comment_status":"open","ping_status":"open","sticky":false,"template":"","format":"standard","meta":{"content-type":"","jetpack_post_was_ever_published":false,"_jetpack_newsletter_access":"","_jetpack_dont_email_post_to_subs":false,"_jetpack_newsletter_tier_id":0,"_jetpack_memberships_contains_paywalled_content":false,"_jetpack_memberships_contains_paid_content":false,"footnotes":""},"categories":[25],"tags":[269],"class_list":["post-89746","post","type-post","status-publish","format-standard","has-post-thumbnail","hentry","category-portada","tag-pld"],"jetpack_featured_media_url":"https:\/\/lasprimeras.com.do\/wp-content\/uploads\/2024\/10\/Tommy-Galan-1.jpg","jetpack-related-posts":[{"id":84063,"url":"https:\/\/lasprimeras.com.do\/index.php\/2024\/05\/30\/tommy-galan-el-pld-es-un-soporte-fundamental-del-sistema-de-partidos\/","url_meta":{"origin":89746,"position":0},"title":"Tommy Gal\u00e1n: &#8220;El PLD es un soporte fundamental del sistema de partidos&#8221;","author":"Nelson Feliz","date":"30 de mayo de 2024","format":false,"excerpt":"El gran reto del PLD es seguir avanzando pese a las adversidades, sostiene Tommy Gal\u00e1n del CP pelede\u00edsta. El Secretario de Asuntos Electorales del Partido de la Liberaci\u00f3n Dominicana (PLD), Tommy Gal\u00e1n, al recurrir a la expresi\u00f3n de que \u201cel \u00e9xito no es definitivo y la derrota no es fatal\u201d,\u2026","rel":"","context":"En \u00abPORTADA\u00bb","block_context":{"text":"PORTADA","link":"https:\/\/lasprimeras.com.do\/index.php\/category\/portada\/"},"img":{"alt_text":"Tommy Gal\u00e1n","src":"https:\/\/i0.wp.com\/lasprimeras.com.do\/wp-content\/uploads\/2024\/05\/Tommy-Galan.jpg?resize=350%2C200&ssl=1","width":350,"height":200,"srcset":"https:\/\/i0.wp.com\/lasprimeras.com.do\/wp-content\/uploads\/2024\/05\/Tommy-Galan.jpg?resize=350%2C200&ssl=1 1x, https:\/\/i0.wp.com\/lasprimeras.com.do\/wp-content\/uploads\/2024\/05\/Tommy-Galan.jpg?resize=525%2C300&ssl=1 1.5x"},"classes":[]},{"id":84066,"url":"https:\/\/lasprimeras.com.do\/index.php\/2024\/05\/30\/comision-del-congreso-del-pld-prepara-agenda-de-reunion-del-c-c\/","url_meta":{"origin":89746,"position":1},"title":"Comisi\u00f3n del Congreso del PLD prepara agenda de reuni\u00f3n del C.C.","author":"Nelson Feliz","date":"30 de mayo de 2024","format":false,"excerpt":"La comisi\u00f3n de X Congreso Ordinario del PLD realiza reuni\u00f3n de inicio de los trabajos. La Comisi\u00f3n Organizadora del D\u00e9cimo Congreso Ordinario del Partido de la Liberaci\u00f3n Dominicana (PLD) en formaci\u00f3n, sostuvo un primer encuentro este mi\u00e9rcoles afinando los detalles sobre las responsabilidades asignadas por el Comit\u00e9 Pol\u00edtico, en sinton\u00eda\u2026","rel":"","context":"En \u00abPORTADA\u00bb","block_context":{"text":"PORTADA","link":"https:\/\/lasprimeras.com.do\/index.php\/category\/portada\/"},"img":{"alt_text":"Comisi\u00f3n del Congreso del PLD","src":"https:\/\/i0.wp.com\/lasprimeras.com.do\/wp-content\/uploads\/2024\/05\/Comision-del-Congreso-del-PLD.jpeg?resize=350%2C200&ssl=1","width":350,"height":200,"srcset":"https:\/\/i0.wp.com\/lasprimeras.com.do\/wp-content\/uploads\/2024\/05\/Comision-del-Congreso-del-PLD.jpeg?resize=350%2C200&ssl=1 1x, https:\/\/i0.wp.com\/lasprimeras.com.do\/wp-content\/uploads\/2024\/05\/Comision-del-Congreso-del-PLD.jpeg?resize=525%2C300&ssl=1 1.5x"},"classes":[]},{"id":89514,"url":"https:\/\/lasprimeras.com.do\/index.php\/2024\/09\/26\/reuniones-preparatorias-de-la-plenaria-del-x-congreso-del-pld\/","url_meta":{"origin":89746,"position":2},"title":"Reuniones preparatorias de la Plenaria del X Congreso del PLD","author":"Nelson Feliz","date":"26 de septiembre de 2024","format":false,"excerpt":"Organismos del PLD en provincias, municipios y seccionales en el exterior reportan la celebraci\u00f3n de reuniones preparatorias de la Plenaria Tem\u00e1tica del X Congreso. El Partido de la Liberaci\u00f3n Dominicana (PLD) contin\u00faa desarrollando reuniones y encuentros instruyendo y orientando sobre la realizaci\u00f3n de la Plenaria sobre los quince ejes tem\u00e1ticos\u2026","rel":"","context":"En \u00abPORTADA\u00bb","block_context":{"text":"PORTADA","link":"https:\/\/lasprimeras.com.do\/index.php\/category\/portada\/"},"img":{"alt_text":"","src":"https:\/\/i0.wp.com\/lasprimeras.com.do\/wp-content\/uploads\/2024\/09\/3DN.jpg?resize=350%2C200&ssl=1","width":350,"height":200,"srcset":"https:\/\/i0.wp.com\/lasprimeras.com.do\/wp-content\/uploads\/2024\/09\/3DN.jpg?resize=350%2C200&ssl=1 1x, https:\/\/i0.wp.com\/lasprimeras.com.do\/wp-content\/uploads\/2024\/09\/3DN.jpg?resize=525%2C300&ssl=1 1.5x"},"classes":[]},{"id":84817,"url":"https:\/\/lasprimeras.com.do\/index.php\/2024\/06\/16\/pld-presentara-informes-sobre-reunion-del-x-congreso\/","url_meta":{"origin":89746,"position":3},"title":"PLD presentar\u00e1 informes sobre Reuni\u00f3n del X Congreso","author":"Nelson Feliz","date":"16 de junio de 2024","format":false,"excerpt":"El Partido de la Liberaci\u00f3n Dominicana (PLD) presentar\u00e1 los informes sobre los adelantos de los trabajos de su X Congreso Ordinario. Para informar sobre los adelantos en los preparativos del X Congreso Ordinario del Partido de la Liberaci\u00f3n Dominicana, su Comisi\u00f3n Organizadora realizar\u00e1 este lunes una rueda de prensa en\u2026","rel":"","context":"En \u00abPORTADA\u00bb","block_context":{"text":"PORTADA","link":"https:\/\/lasprimeras.com.do\/index.php\/category\/portada\/"},"img":{"alt_text":"Reuni\u00f3n de Comisi\u00f3n del X Congreso del PLD","src":"https:\/\/i0.wp.com\/lasprimeras.com.do\/wp-content\/uploads\/2024\/06\/Reunion-de-Comision-del-X-Congreso-del-PLD.jpg?resize=350%2C200&ssl=1","width":350,"height":200,"srcset":"https:\/\/i0.wp.com\/lasprimeras.com.do\/wp-content\/uploads\/2024\/06\/Reunion-de-Comision-del-X-Congreso-del-PLD.jpg?resize=350%2C200&ssl=1 1x, https:\/\/i0.wp.com\/lasprimeras.com.do\/wp-content\/uploads\/2024\/06\/Reunion-de-Comision-del-X-Congreso-del-PLD.jpg?resize=525%2C300&ssl=1 1.5x, https:\/\/i0.wp.com\/lasprimeras.com.do\/wp-content\/uploads\/2024\/06\/Reunion-de-Comision-del-X-Congreso-del-PLD.jpg?resize=700%2C400&ssl=1 2x"},"classes":[]},{"id":84512,"url":"https:\/\/lasprimeras.com.do\/index.php\/2024\/06\/08\/tommy-galan-dice-que-se-idearon-acusaciones-en-procura-de-la-destruccion-del-pld\/","url_meta":{"origin":89746,"position":4},"title":"Tommy Gal\u00e1n dice que se idearon acusaciones en procura de la destrucci\u00f3n del PLD","author":"Nelson Feliz","date":"8 de junio de 2024","format":false,"excerpt":"Las mismas elecciones demostraron que el PLD es un partido con una apreciada valoraci\u00f3n en la sociedad, apunta Tommy Gal\u00e1n miembro del C.P. El miembro del Comit\u00e9 Pol\u00edtico del Partido de la Liberaci\u00f3n Dominicana (PLD) y titular de la Secretar\u00eda de Asuntos Electorales, Tommy Gal\u00e1n, afirm\u00f3 que esa organizaci\u00f3n pol\u00edtica\u2026","rel":"","context":"En \u00abPORTADA\u00bb","block_context":{"text":"PORTADA","link":"https:\/\/lasprimeras.com.do\/index.php\/category\/portada\/"},"img":{"alt_text":"Tommy Gal\u00e1n","src":"https:\/\/i0.wp.com\/lasprimeras.com.do\/wp-content\/uploads\/2024\/06\/Tommy-Galan.jpg?resize=350%2C200&ssl=1","width":350,"height":200,"srcset":"https:\/\/i0.wp.com\/lasprimeras.com.do\/wp-content\/uploads\/2024\/06\/Tommy-Galan.jpg?resize=350%2C200&ssl=1 1x, https:\/\/i0.wp.com\/lasprimeras.com.do\/wp-content\/uploads\/2024\/06\/Tommy-Galan.jpg?resize=525%2C300&ssl=1 1.5x"},"classes":[]},{"id":105638,"url":"https:\/\/lasprimeras.com.do\/index.php\/2025\/08\/05\/johnny-pujols-destaca-rol-opositor-del-pld\/","url_meta":{"origin":89746,"position":5},"title":"Johnny Pujols destaca rol opositor del PLD","author":"Nelson Feliz","date":"5 de agosto de 2025","format":false,"excerpt":"El secretario general del Partido de la Liberaci\u00f3n Dominicana (PLD), Johnny Pujols, considera que esa organizaci\u00f3n pol\u00edtica es la \u00fanica del sistema de partidos del pa\u00eds que est\u00e1 haciendo oposici\u00f3n y que adem\u00e1s ha reportado importantes avances en la implementaci\u00f3n de una nueva l\u00ednea organizativa, vinculada a lo electoral. En\u2026","rel":"","context":"En \u00abPOLITICA\u00bb","block_context":{"text":"POLITICA","link":"https:\/\/lasprimeras.com.do\/index.php\/category\/politica\/"},"img":{"alt_text":"","src":"https:\/\/i0.wp.com\/lasprimeras.com.do\/wp-content\/uploads\/2025\/08\/Jhonny-Pujols.jpg?resize=350%2C200&ssl=1","width":350,"height":200,"srcset":"https:\/\/i0.wp.com\/lasprimeras.com.do\/wp-content\/uploads\/2025\/08\/Jhonny-Pujols.jpg?resize=350%2C200&ssl=1 1x, https:\/\/i0.wp.com\/lasprimeras.com.do\/wp-content\/uploads\/2025\/08\/Jhonny-Pujols.jpg?resize=525%2C300&ssl=1 1.5x, https:\/\/i0.wp.com\/lasprimeras.com.do\/wp-content\/uploads\/2025\/08\/Jhonny-Pujols.jpg?resize=700%2C400&ssl=1 2x"},"classes":[]}],"jetpack_sharing_enabled":true,"_links":{"self":[{"href":"https:\/\/lasprimeras.com.do\/index.php\/wp-json\/wp\/v2\/posts\/89746","targetHints":{"allow":["GET"]}}],"collection":[{"href":"https:\/\/lasprimeras.com.do\/index.php\/wp-json\/wp\/v2\/posts"}],"about":[{"href":"https:\/\/lasprimeras.com.do\/index.php\/wp-json\/wp\/v2\/types\/post"}],"author":[{"embeddable":true,"href":"https:\/\/lasprimeras.com.do\/index.php\/wp-json\/wp\/v2\/users\/2"}],"replies":[{"embeddable":true,"href":"https:\/\/lasprimeras.com.do\/index.php\/wp-json\/wp\/v2\/comments?post=89746"}],"version-history":[{"count":1,"href":"https:\/\/lasprimeras.com.do\/index.php\/wp-json\/wp\/v2\/posts\/89746\/revisions"}],"predecessor-version":[{"id":89748,"href":"https:\/\/lasprimeras.com.do\/index.php\/wp-json\/wp\/v2\/posts\/89746\/revisions\/89748"}],"wp:featuredmedia":[{"embeddable":true,"href":"https:\/\/lasprimeras.com.do\/index.php\/wp-json\/wp\/v2\/media\/89747"}],"wp:attachment":[{"href":"https:\/\/lasprimeras.com.do\/index.php\/wp-json\/wp\/v2\/media?parent=89746"}],"wp:term":[{"taxonomy":"category","embeddable":true,"href":"https:\/\/lasprimeras.com.do\/index.php\/wp-json\/wp\/v2\/categories?post=89746"},{"taxonomy":"post_tag","embeddable":true,"href":"https:\/\/lasprimeras.com.do\/index.php\/wp-json\/wp\/v2\/tags?post=89746"}],"curies":[{"name":"wp","href":"https:\/\/api.w.org\/{rel}","templated":true}]}}