{"id":89753,"date":"2024-10-02T00:15:00","date_gmt":"2024-10-02T04:15:00","guid":{"rendered":"https:\/\/lasprimeras.com.do\/?p=89753"},"modified":"2024-10-04T00:20:11","modified_gmt":"2024-10-04T04:20:11","slug":"domingo-contreras-renuncia-del-pld","status":"publish","type":"post","link":"https:\/\/lasprimeras.com.do\/index.php\/2024\/10\/02\/domingo-contreras-renuncia-del-pld\/","title":{"rendered":"Domingo Contreras renuncia del PLD"},"content":{"rendered":"\n<p>El dirigente pol\u00edtico Domingo Contreras anunci\u00f3 la tarde de este mi\u00e9rcoles su renuncia al Partido de la Liberaci\u00f3n Dominicana (PLD) por descontento con la organizaci\u00f3n, la cual entiende que tiene &#8220;una desconexi\u00f3n con sus bases y el electorado&#8221; desde que comenz\u00f3 su divisi\u00f3n interna en el 2019.<\/p>\n\n\n\n<p>Contreras fue candidato a alcalde del Distrito Nacional por ese partido en las elecciones municipales de este a\u00f1o, posici\u00f3n que no logr\u00f3. Era miembro del Comit\u00e9 Pol\u00edtico del PLD.<\/p>\n\n\n\n<p>El pol\u00edtico comunic\u00f3, en un video en sus redes sociales, que decidi\u00f3 emprender un nuevo camino pol\u00edtico que le permita hacer la oposici\u00f3n que la naci\u00f3n merece y por la cual ha luchado en los \u00faltimos a\u00f1os.<\/p>\n\n\n\n<p>&#8220;He decidido dar un nuevo paso, porque estoy convencido de que la Rep\u00fablica Dominicana necesita una oposici\u00f3n que trabaje con una agenda com\u00fan y un liderazgo renovado para enfrentar los desaf\u00edos actuales&#8221;, dijo.<\/p>\n\n\n\n<p>&#8220;Hoy cierro un ciclo de 40 a\u00f1os en el @PLDenlinea, un camino dedicado a contribuir con el desarrollo de nuestro pa\u00eds y apoyar a las comunidades m\u00e1s vulnerables&#8221;, agreg\u00f3.<\/p>\n\n\n\n<p>Etapa involutiva en el PLD<br>Contreras consider\u00f3 que el PLD ha entrado en una etapa involutiva desde hace a\u00f1os, pues de m\u00e1s de dos millones de votos que obtuvo en los comicios de 2016 cay\u00f3 a lograr un 38 % en las elecciones siguientes (2020) y luego perdi\u00f3 38 esca\u00f1os.<\/p>\n\n\n\n<p>&#8220;En lugar de fortalecerse tras el noveno congreso y la consulta, el partido continu\u00f3 debilit\u00e1ndose, resisti\u00e9ndose a construir un frente opositor s\u00f3lido, como resultado pas\u00f3 de m\u00e1s de dos millones de votos en el 2016 a apenas 400 mil votos en las \u00faltimas elecciones&#8221;, acot\u00f3<\/p>\n","protected":false},"excerpt":{"rendered":"<p>El dirigente pol\u00edtico Domingo Contreras anunci\u00f3 la tarde de este mi\u00e9rcoles su renuncia al Partido de la Liberaci\u00f3n Dominicana (PLD) por descontento con la organizaci\u00f3n, la cual entiende que tiene&hellip;<\/p>\n","protected":false},"author":9,"featured_media":89754,"comment_status":"open","ping_status":"open","sticky":false,"template":"","format":"standard","meta":{"content-type":"","jetpack_post_was_ever_published":false,"_jetpack_newsletter_access":"","_jetpack_dont_email_post_to_subs":false,"_jetpack_newsletter_tier_id":0,"_jetpack_memberships_contains_paywalled_content":false,"_jetpack_memberships_contains_paid_content":false,"footnotes":""},"categories":[35],"tags":[1807,15790,2912,269,2407,15791],"class_list":["post-89753","post","type-post","status-publish","format-standard","has-post-thumbnail","hentry","category-nacionales","tag-caso","tag-danilo","tag-domingo","tag-pld","tag-renuncia","tag-solo"],"jetpack_featured_media_url":"https:\/\/lasprimeras.com.do\/wp-content\/uploads\/2024\/10\/domingo.jpg","jetpack-related-posts":[{"id":54653,"url":"https:\/\/lasprimeras.com.do\/index.php\/2023\/07\/12\/roberto-salcedo-arremete-contra-domingo-contreras\/","url_meta":{"origin":89753,"position":0},"title":"Roberto Salcedo arremete contra Domingo Contreras","author":"Nelson Feliz","date":"12 de julio de 2023","format":false,"excerpt":"El exalcalde del Distrito Nacional, Roberto Salcedo, arremeti\u00f3 contra el precandidato a alcalde del Distrito Nacional por el Partido de la Liberaci\u00f3n Dominicana, y secretario general de la Alcald\u00eda del Distrito Nacional durante la mayor parte de la gesti\u00f3n de Salcedo, Domingo Contreras, y desminti\u00f3 que se haya negado a\u2026","rel":"","context":"En \u00abPORTADA\u00bb","block_context":{"text":"PORTADA","link":"https:\/\/lasprimeras.com.do\/index.php\/category\/portada\/"},"img":{"alt_text":"Roberto Salcedo","src":"https:\/\/i0.wp.com\/lasprimeras.com.do\/wp-content\/uploads\/2023\/07\/Roberto-Salcedo.jpg?resize=350%2C200&ssl=1","width":350,"height":200,"srcset":"https:\/\/i0.wp.com\/lasprimeras.com.do\/wp-content\/uploads\/2023\/07\/Roberto-Salcedo.jpg?resize=350%2C200&ssl=1 1x, https:\/\/i0.wp.com\/lasprimeras.com.do\/wp-content\/uploads\/2023\/07\/Roberto-Salcedo.jpg?resize=525%2C300&ssl=1 1.5x, https:\/\/i0.wp.com\/lasprimeras.com.do\/wp-content\/uploads\/2023\/07\/Roberto-Salcedo.jpg?resize=700%2C400&ssl=1 2x"},"classes":[]},{"id":54650,"url":"https:\/\/lasprimeras.com.do\/index.php\/2023\/07\/12\/domingo-contreras-responde-a-acusaciones-de-roberto-salcedo\/","url_meta":{"origin":89753,"position":1},"title":"Domingo Contreras responde a acusaciones de Roberto Salcedo","author":"Nelson Feliz","date":"12 de julio de 2023","format":false,"excerpt":"El precandidato a alcalde por el PLD afirma que nadie puede se\u00f1alarlo. El precandidato a alcalde por el Partido de la Liberaci\u00f3n Dominicana (PLD), Domingo Contreras, asegur\u00f3 este mi\u00e9rcoles que en la ciudad de Santo Domingo nadie puede se\u00f1alarlo. Al participar en un programa radial, el exsecretario del Ayuntamiento del\u2026","rel":"","context":"En \u00abPORTADA\u00bb","block_context":{"text":"PORTADA","link":"https:\/\/lasprimeras.com.do\/index.php\/category\/portada\/"},"img":{"alt_text":"DOMINGO CONTRERAS","src":"https:\/\/i0.wp.com\/lasprimeras.com.do\/wp-content\/uploads\/2023\/07\/DOMINGO-CONTRERAS.jpg?resize=350%2C200&ssl=1","width":350,"height":200,"srcset":"https:\/\/i0.wp.com\/lasprimeras.com.do\/wp-content\/uploads\/2023\/07\/DOMINGO-CONTRERAS.jpg?resize=350%2C200&ssl=1 1x, https:\/\/i0.wp.com\/lasprimeras.com.do\/wp-content\/uploads\/2023\/07\/DOMINGO-CONTRERAS.jpg?resize=525%2C300&ssl=1 1.5x, https:\/\/i0.wp.com\/lasprimeras.com.do\/wp-content\/uploads\/2023\/07\/DOMINGO-CONTRERAS.jpg?resize=700%2C400&ssl=1 2x"},"classes":[]},{"id":123695,"url":"https:\/\/lasprimeras.com.do\/index.php\/2026\/03\/04\/danilo-medina-juramenta-en-el-pld-dirigentes-renunciantes-del-pcr\/","url_meta":{"origin":89753,"position":2},"title":"Danilo Medina juramenta en el PLD dirigentes renunciantes del PCR","author":"Nelson Feliz","date":"4 de marzo de 2026","format":false,"excerpt":"Estructura nacional del Partido C\u00edvico Renovador se jurament\u00f3 en el PLD. El dirigente pol\u00edtico Nicol\u00e1s Concepci\u00f3n, hasta el pasado martes vicepresidente del Partido C\u00edvico Renovador (PCR), se jurament\u00f3 en el Partido de la Liberaci\u00f3n Dominicana, junto a su estructura de trabajo. El ingreso de Concepci\u00f3n a las filas del PLD\u2026","rel":"","context":"En \u00abPOLITICA\u00bb","block_context":{"text":"POLITICA","link":"https:\/\/lasprimeras.com.do\/index.php\/category\/politica\/"},"img":{"alt_text":"","src":"https:\/\/i0.wp.com\/lasprimeras.com.do\/wp-content\/uploads\/2026\/03\/WhatsApp-Image-2026-03-04-at-12.23.07-PM-1.jpeg?resize=350%2C200&ssl=1","width":350,"height":200,"srcset":"https:\/\/i0.wp.com\/lasprimeras.com.do\/wp-content\/uploads\/2026\/03\/WhatsApp-Image-2026-03-04-at-12.23.07-PM-1.jpeg?resize=350%2C200&ssl=1 1x, https:\/\/i0.wp.com\/lasprimeras.com.do\/wp-content\/uploads\/2026\/03\/WhatsApp-Image-2026-03-04-at-12.23.07-PM-1.jpeg?resize=525%2C300&ssl=1 1.5x, https:\/\/i0.wp.com\/lasprimeras.com.do\/wp-content\/uploads\/2026\/03\/WhatsApp-Image-2026-03-04-at-12.23.07-PM-1.jpeg?resize=700%2C400&ssl=1 2x, https:\/\/i0.wp.com\/lasprimeras.com.do\/wp-content\/uploads\/2026\/03\/WhatsApp-Image-2026-03-04-at-12.23.07-PM-1.jpeg?resize=1050%2C600&ssl=1 3x"},"classes":[]},{"id":52639,"url":"https:\/\/lasprimeras.com.do\/index.php\/2023\/06\/12\/domingo-contreras-pld-discutira-posible-frente-opositor-municipal\/","url_meta":{"origin":89753,"position":3},"title":"Domingo Contreras: PLD discutir\u00e1 posible frente opositor municipal","author":"prenxa100","date":"12 de junio de 2023","format":false,"excerpt":"El miembro del Comit\u00e9 Pol\u00edtico del Partido de la Liberaci\u00f3n Dominicana (PLD) Domingo Contreras asegur\u00f3 este lunes que la entidad opositora discutir\u00e1 una posible participaci\u00f3n en la conformaci\u00f3n de un frente opositor de cara a las elecciones del 2024, pero en el nivel municipal. Contreras manifest\u00f3 que el Comit\u00e9 Pol\u00edtico\u2026","rel":"","context":"En \u00abSin categor\u00eda\u00bb","block_context":{"text":"Sin categor\u00eda","link":"https:\/\/lasprimeras.com.do\/index.php\/category\/sin-categoria\/"},"img":{"alt_text":"","src":"https:\/\/i0.wp.com\/lasprimeras.com.do\/wp-content\/uploads\/2023\/06\/domingo-contreras-pld-discutira-posible-frente-opositor-municipal.jpg?resize=350%2C200&ssl=1","width":350,"height":200,"srcset":"https:\/\/i0.wp.com\/lasprimeras.com.do\/wp-content\/uploads\/2023\/06\/domingo-contreras-pld-discutira-posible-frente-opositor-municipal.jpg?resize=350%2C200&ssl=1 1x, https:\/\/i0.wp.com\/lasprimeras.com.do\/wp-content\/uploads\/2023\/06\/domingo-contreras-pld-discutira-posible-frente-opositor-municipal.jpg?resize=525%2C300&ssl=1 1.5x, https:\/\/i0.wp.com\/lasprimeras.com.do\/wp-content\/uploads\/2023\/06\/domingo-contreras-pld-discutira-posible-frente-opositor-municipal.jpg?resize=700%2C400&ssl=1 2x, https:\/\/i0.wp.com\/lasprimeras.com.do\/wp-content\/uploads\/2023\/06\/domingo-contreras-pld-discutira-posible-frente-opositor-municipal.jpg?resize=1050%2C600&ssl=1 3x"},"classes":[]},{"id":127979,"url":"https:\/\/lasprimeras.com.do\/index.php\/2026\/04\/18\/nicolas-concepcion-del-pcr-pasa-al-pld-junto-a-su-equipo\/","url_meta":{"origin":89753,"position":4},"title":"Nicol\u00e1s Concepci\u00f3n del PCR pasa al PLD junto a su equipo","author":"Nelson Feliz","date":"18 de abril de 2026","format":false,"excerpt":"Danilo Medina, presidente del PLD, encabeza este domingo masivo acto de juramentaci\u00f3n de nuevos miembros procedentes del Partido C\u00edvico Renovador (PCR) El expresidente Danilo Medina, Presidente del Partido de la Liberaci\u00f3n Dominicana (PLD), en compa\u00f1\u00eda de Johnny Pujols, Secretario General, y una representaci\u00f3n del Comit\u00e9 Pol\u00edtico encabezar\u00e1 este domingo un\u2026","rel":"","context":"En \u00abINTERNACIONALES\u00bb","block_context":{"text":"INTERNACIONALES","link":"https:\/\/lasprimeras.com.do\/index.php\/category\/sin-categoria\/internacionales\/"},"img":{"alt_text":"Nicol\u00e1s Concepci\u00f3n","src":"https:\/\/i0.wp.com\/lasprimeras.com.do\/wp-content\/uploads\/2026\/04\/Nicolas-Concepcion.jpg?resize=350%2C200&ssl=1","width":350,"height":200,"srcset":"https:\/\/i0.wp.com\/lasprimeras.com.do\/wp-content\/uploads\/2026\/04\/Nicolas-Concepcion.jpg?resize=350%2C200&ssl=1 1x, https:\/\/i0.wp.com\/lasprimeras.com.do\/wp-content\/uploads\/2026\/04\/Nicolas-Concepcion.jpg?resize=525%2C300&ssl=1 1.5x, https:\/\/i0.wp.com\/lasprimeras.com.do\/wp-content\/uploads\/2026\/04\/Nicolas-Concepcion.jpg?resize=700%2C400&ssl=1 2x"},"classes":[]},{"id":79249,"url":"https:\/\/lasprimeras.com.do\/index.php\/2024\/03\/25\/abel-designa-a-domingo-contreras-como-su-coordinador-de-campana-en-el-distrito-nacional\/","url_meta":{"origin":89753,"position":5},"title":"Abel designa a Domingo Contreras como su coordinador de campa\u00f1a en el Distrito Nacional","author":"BIMARY DE JES\u00daS Matos","date":"25 de marzo de 2024","format":false,"excerpt":"Santo Domingo.-El candidato presidencial del Partido de la Liberaci\u00f3n Dominicana (PLD), Abel Mart\u00ednez, design\u00f3 al l\u00edder de la capital, Domingo Contreras, coordinador de Campa\u00f1a en el Distrito Nacional. La designaci\u00f3n de Contreras, miembro del Comit\u00e9 Pol\u00edtico del PLD, qued\u00f3 establecida en una carta p\u00fablica, firmada por Andr\u00e9s Navarro, coordinador general\u2026","rel":"","context":"En \u00abSin categor\u00eda\u00bb","block_context":{"text":"Sin categor\u00eda","link":"https:\/\/lasprimeras.com.do\/index.php\/category\/sin-categoria\/"},"img":{"alt_text":"","src":"https:\/\/i0.wp.com\/lasprimeras.com.do\/wp-content\/uploads\/2024\/03\/1-millon-de-jovenes-votaran-en-las-elecciones-municipales-2-4.jpg?resize=350%2C200&ssl=1","width":350,"height":200,"srcset":"https:\/\/i0.wp.com\/lasprimeras.com.do\/wp-content\/uploads\/2024\/03\/1-millon-de-jovenes-votaran-en-las-elecciones-municipales-2-4.jpg?resize=350%2C200&ssl=1 1x, https:\/\/i0.wp.com\/lasprimeras.com.do\/wp-content\/uploads\/2024\/03\/1-millon-de-jovenes-votaran-en-las-elecciones-municipales-2-4.jpg?resize=525%2C300&ssl=1 1.5x, https:\/\/i0.wp.com\/lasprimeras.com.do\/wp-content\/uploads\/2024\/03\/1-millon-de-jovenes-votaran-en-las-elecciones-municipales-2-4.jpg?resize=700%2C400&ssl=1 2x"},"classes":[]}],"jetpack_sharing_enabled":true,"_links":{"self":[{"href":"https:\/\/lasprimeras.com.do\/index.php\/wp-json\/wp\/v2\/posts\/89753","targetHints":{"allow":["GET"]}}],"collection":[{"href":"https:\/\/lasprimeras.com.do\/index.php\/wp-json\/wp\/v2\/posts"}],"about":[{"href":"https:\/\/lasprimeras.com.do\/index.php\/wp-json\/wp\/v2\/types\/post"}],"author":[{"embeddable":true,"href":"https:\/\/lasprimeras.com.do\/index.php\/wp-json\/wp\/v2\/users\/9"}],"replies":[{"embeddable":true,"href":"https:\/\/lasprimeras.com.do\/index.php\/wp-json\/wp\/v2\/comments?post=89753"}],"version-history":[{"count":1,"href":"https:\/\/lasprimeras.com.do\/index.php\/wp-json\/wp\/v2\/posts\/89753\/revisions"}],"predecessor-version":[{"id":89755,"href":"https:\/\/lasprimeras.com.do\/index.php\/wp-json\/wp\/v2\/posts\/89753\/revisions\/89755"}],"wp:featuredmedia":[{"embeddable":true,"href":"https:\/\/lasprimeras.com.do\/index.php\/wp-json\/wp\/v2\/media\/89754"}],"wp:attachment":[{"href":"https:\/\/lasprimeras.com.do\/index.php\/wp-json\/wp\/v2\/media?parent=89753"}],"wp:term":[{"taxonomy":"category","embeddable":true,"href":"https:\/\/lasprimeras.com.do\/index.php\/wp-json\/wp\/v2\/categories?post=89753"},{"taxonomy":"post_tag","embeddable":true,"href":"https:\/\/lasprimeras.com.do\/index.php\/wp-json\/wp\/v2\/tags?post=89753"}],"curies":[{"name":"wp","href":"https:\/\/api.w.org\/{rel}","templated":true}]}}