{"id":89756,"date":"2024-10-04T11:54:11","date_gmt":"2024-10-04T15:54:11","guid":{"rendered":"https:\/\/lasprimeras.com.do\/?p=89756"},"modified":"2024-10-04T11:54:11","modified_gmt":"2024-10-04T15:54:11","slug":"tejada-estima-construccion-escuela-los-guandules-deberia-estar-en-30-por-ciento","status":"publish","type":"post","link":"https:\/\/lasprimeras.com.do\/index.php\/2024\/10\/04\/tejada-estima-construccion-escuela-los-guandules-deberia-estar-en-30-por-ciento\/","title":{"rendered":"Tejada estima construcci\u00f3n escuela Los Guandules deber\u00eda estar en 30 por ciento"},"content":{"rendered":"\n<p>El ex presidente del Colegio Dominicano de Ingenieros, Arquitectos y Agrimensores \u2013CODIA-, Teodoro Tejada reclam\u00f3 al ministerio de Educaci\u00f3n que ofrezca una explicaci\u00f3n al pa\u00eds del por qu\u00e9 se tard\u00f3 unos siete meses para llamar una licitaci\u00f3n para la construcci\u00f3n de una escuela en el sector de Los Guandules, en el Distrito Nacional; cuando el proyecto de la obra le fue presentado en el mes de marzo con todas las especificaciones t\u00e9cnicas de rigor.<\/p>\n\n\n\n<p>Tejada explic\u00f3 que de acuerdo a una fuente que le merece todo el cr\u00e9dito posible, el Departamento de Infraestructura Escolar del Minerd present\u00f3 en el mes de marzo el proyecto para una escuela de 22 aulas, y 700 alumnos, a un costo de RD$170 millones; con los estudios de suelo; dise\u00f1os arquitect\u00f3nico, estructural, sanitario, el\u00e9ctrico, \u00e1reas de uso com\u00fan, medio ambiental y otros.<\/p>\n\n\n\n<p>Agreg\u00f3 que cuando el proyecto de construcci\u00f3n de una obra entra en esta fase se env\u00eda al Ministerio de Econom\u00eda, Planificaci\u00f3n y Desarrollo para que asigne el Snip, que es aval para que la obra inicie de inmediato, porque est\u00e1 considerada en el presupuesto General de la naci\u00f3n para el a\u00f1o.<\/p>\n\n\n\n<p>El ex presidente del CODIA consider\u00f3 como \u201cuna decidia\u201d que sea ahora cuando el ministro de Educaci\u00f3n convoque a una licitaci\u00f3n para levantar esta obra, porque el List\u00edn Diario se hizo eco de las dificultades que tienen los ni\u00f1os de Los Guandules para recibir docencia.<\/p>\n\n\n\n<p>Ampli\u00f3 que el proyecto de construcci\u00f3n del centro docente est\u00e1 dise\u00f1ado sobre pilotes, porque ser\u00eda levantado en una zona cercana al R\u00edo Ozama,<\/p>\n\n\n\n<p>El ex sub secretario de Obras P\u00fablicas explic\u00f3 que esta obra debi\u00f3 iniciar su construcci\u00f3n a m\u00e1s tardar en el mes de junio, y avanzar en su construcci\u00f3n hasta un 30 por ciento a la fecha, si el Comit\u00e9 de Compras y Contrataciones del Minerd recibi\u00f3 el proyecto en el mes de marzo pasado.<\/p>\n\n\n\n<p>El List\u00edn Diario public\u00f3 este mi\u00e9rcoles pasado que decenas de estudiantes del barrio de Los Guandules no pudieron lograr un cupo en la Escuela B\u00e1sica San Rafael del sector, debido a que el mismo no cuenta con la capacidad suficiente para albergarlos.<\/p>\n\n\n\n<p>Las juntas de vecinos del sector explicaron que los ni\u00f1os se pudieron inscribir en otros planteles de los sectores m\u00e1s cercanos, que representan una larga distancia para esos menores.<\/p>\n","protected":false},"excerpt":{"rendered":"<p>El ex presidente del Colegio Dominicano de Ingenieros, Arquitectos y Agrimensores \u2013CODIA-, Teodoro Tejada reclam\u00f3 al ministerio de Educaci\u00f3n que ofrezca una explicaci\u00f3n al pa\u00eds del por qu\u00e9 se tard\u00f3&hellip;<\/p>\n","protected":false},"author":9,"featured_media":89757,"comment_status":"open","ping_status":"open","sticky":false,"template":"","format":"standard","meta":{"content-type":"","jetpack_post_was_ever_published":false,"_jetpack_newsletter_access":"","_jetpack_dont_email_post_to_subs":false,"_jetpack_newsletter_tier_id":0,"_jetpack_memberships_contains_paywalled_content":false,"_jetpack_memberships_contains_paid_content":false,"footnotes":""},"categories":[25],"tags":[364,15796,15794,15797,5990,15792],"class_list":["post-89756","post","type-post","status-publish","format-standard","has-post-thumbnail","hentry","category-portada","tag-dominicano","tag-electrico-2","tag-instruye","tag-marzo","tag-obra","tag-tejada"],"jetpack_featured_media_url":"https:\/\/lasprimeras.com.do\/wp-content\/uploads\/2024\/10\/WhatsApp-Image-2024-10-04-at-11.44.56-AM.jpeg","jetpack-related-posts":[{"id":86944,"url":"https:\/\/lasprimeras.com.do\/index.php\/2024\/08\/04\/tejada-advierte-se-debe-demoler-edificio-escolar-en-villa-vazquez\/","url_meta":{"origin":89756,"position":0},"title":"Tejada advierte se debe demoler edificio escolar en Villa V\u00e1zquez","author":"Nelson Feliz","date":"4 de agosto de 2024","format":false,"excerpt":"El expresidente del Colegio de Ingenieros, Arquitectos y Agrimensores \u2013Codia-, Ing. Teodoro Tejada advirti\u00f3 que el edificio escolar reconstruido por la Oficina de Cooperaci\u00f3n Internacional del MINERD (OCI) en la comunidad de Buen Hombre, Villa V\u00e1zquez hay que demolerlo, porque en su construcci\u00f3n no se cumplieron las normas de dise\u00f1o\u2026","rel":"","context":"En \u00abNACIONALES\u00bb","block_context":{"text":"NACIONALES","link":"https:\/\/lasprimeras.com.do\/index.php\/category\/nacionales\/"},"img":{"alt_text":"Teodoro Tejada","src":"https:\/\/i0.wp.com\/lasprimeras.com.do\/wp-content\/uploads\/2024\/08\/Teodoro-Tejada.jpg?resize=350%2C200&ssl=1","width":350,"height":200,"srcset":"https:\/\/i0.wp.com\/lasprimeras.com.do\/wp-content\/uploads\/2024\/08\/Teodoro-Tejada.jpg?resize=350%2C200&ssl=1 1x, https:\/\/i0.wp.com\/lasprimeras.com.do\/wp-content\/uploads\/2024\/08\/Teodoro-Tejada.jpg?resize=525%2C300&ssl=1 1.5x, https:\/\/i0.wp.com\/lasprimeras.com.do\/wp-content\/uploads\/2024\/08\/Teodoro-Tejada.jpg?resize=700%2C400&ssl=1 2x"},"classes":[]},{"id":55145,"url":"https:\/\/lasprimeras.com.do\/index.php\/2023\/07\/18\/tejada-reclama-instituciones-publicas-se-acojan-equilibrio-economico-dispuso-abinader\/","url_meta":{"origin":89756,"position":1},"title":"Tejada reclama instituciones p\u00fablicas se acojan equilibrio econ\u00f3mico dispuso Abinader","author":"Nelson Feliz","date":"18 de julio de 2023","format":false,"excerpt":"El expresidente del Colegio de Ingenieros, Arquitectos y Agrimensores \u2013CODIA-, Teodoro Tejada favoreci\u00f3 las declaraciones del actual presidente del CODIA, en cuanto a que la mayor\u00eda de las obras del estado est\u00e1n paralizadas, porque a\u00fan no se ha realizado el equilibrio econ\u00f3mico frente al alza que han sufrido los materiales\u2026","rel":"","context":"En \u00abECONOM\u00cdA\u00bb","block_context":{"text":"ECONOM\u00cdA","link":"https:\/\/lasprimeras.com.do\/index.php\/category\/economia\/"},"img":{"alt_text":"Teodoro Tejada","src":"https:\/\/i0.wp.com\/lasprimeras.com.do\/wp-content\/uploads\/2023\/07\/Teodoro-Tejada.jpg?resize=350%2C200&ssl=1","width":350,"height":200,"srcset":"https:\/\/i0.wp.com\/lasprimeras.com.do\/wp-content\/uploads\/2023\/07\/Teodoro-Tejada.jpg?resize=350%2C200&ssl=1 1x, https:\/\/i0.wp.com\/lasprimeras.com.do\/wp-content\/uploads\/2023\/07\/Teodoro-Tejada.jpg?resize=525%2C300&ssl=1 1.5x, https:\/\/i0.wp.com\/lasprimeras.com.do\/wp-content\/uploads\/2023\/07\/Teodoro-Tejada.jpg?resize=700%2C400&ssl=1 2x"},"classes":[]},{"id":100077,"url":"https:\/\/lasprimeras.com.do\/index.php\/2025\/06\/01\/teodoro-tejada-denuncia-cientos-de-escuelas-quedaran-abandonadas-por-falta-de-codigo-snip\/","url_meta":{"origin":89756,"position":2},"title":"Teodoro Tejada denuncia cientos de escuelas quedar\u00e1n abandonadas por falta de C\u00f3digo SNIP","author":"Nelson Feliz","date":"1 de junio de 2025","format":false,"excerpt":"El expresidente del Colegio Dominicano de Ingenieros, Arquitectos y Agrimensores (Codia), ingeniero contratista, Teodoro Tejada critic\u00f3 que el Ministerio de Econom\u00eda, Planificaci\u00f3n y Desarrollo -MEPYD- haya dejado fuera del presupuesto para este a\u00f1o 2025 m\u00e1s de 240 escuelas en distintos puntos del pa\u00eds, que ya tienen una ejecuci\u00f3n de m\u00e1s\u2026","rel":"","context":"En \u00abNACIONALES\u00bb","block_context":{"text":"NACIONALES","link":"https:\/\/lasprimeras.com.do\/index.php\/category\/nacionales\/"},"img":{"alt_text":"","src":"https:\/\/i0.wp.com\/lasprimeras.com.do\/wp-content\/uploads\/2025\/01\/Teodoro-Tejada.jpg?resize=350%2C200&ssl=1","width":350,"height":200,"srcset":"https:\/\/i0.wp.com\/lasprimeras.com.do\/wp-content\/uploads\/2025\/01\/Teodoro-Tejada.jpg?resize=350%2C200&ssl=1 1x, https:\/\/i0.wp.com\/lasprimeras.com.do\/wp-content\/uploads\/2025\/01\/Teodoro-Tejada.jpg?resize=525%2C300&ssl=1 1.5x, https:\/\/i0.wp.com\/lasprimeras.com.do\/wp-content\/uploads\/2025\/01\/Teodoro-Tejada.jpg?resize=700%2C400&ssl=1 2x"},"classes":[]},{"id":124098,"url":"https:\/\/lasprimeras.com.do\/index.php\/2026\/03\/08\/presidente-abinader-inaugura-escuela-primaria-en-los-guandules\/","url_meta":{"origin":89756,"position":3},"title":"Presidente Abinader inaugura escuela primaria en Los Guandules","author":"Nelson Feliz","date":"8 de marzo de 2026","format":false,"excerpt":"Luis Miguel De Camps reitera que \u201ccada escuela es una puerta que se abre hacia el conocimiento, a la dignidad y al futuro que comienza a construirse en el presente\u201d. Con gran entusiasmo y orgullo, decenas de estudiantes del sector Los Guandules recibieron al presidente Luis Abinader, quien, junto al\u2026","rel":"","context":"En \u00abNACIONALES\u00bb","block_context":{"text":"NACIONALES","link":"https:\/\/lasprimeras.com.do\/index.php\/category\/nacionales\/"},"img":{"alt_text":"","src":"https:\/\/i0.wp.com\/lasprimeras.com.do\/wp-content\/uploads\/2026\/03\/Luis-Abinader-1-1.jpg?resize=350%2C200&ssl=1","width":350,"height":200,"srcset":"https:\/\/i0.wp.com\/lasprimeras.com.do\/wp-content\/uploads\/2026\/03\/Luis-Abinader-1-1.jpg?resize=350%2C200&ssl=1 1x, https:\/\/i0.wp.com\/lasprimeras.com.do\/wp-content\/uploads\/2026\/03\/Luis-Abinader-1-1.jpg?resize=525%2C300&ssl=1 1.5x, https:\/\/i0.wp.com\/lasprimeras.com.do\/wp-content\/uploads\/2026\/03\/Luis-Abinader-1-1.jpg?resize=700%2C400&ssl=1 2x"},"classes":[]},{"id":122049,"url":"https:\/\/lasprimeras.com.do\/index.php\/2026\/02\/12\/tejada-asegura-linea-2c-del-metro-santo-domingo-es-una-obra-de-alta-calidad\/","url_meta":{"origin":89756,"position":4},"title":"Tejada asegura L\u00ednea 2C del Metro Santo Domingo es una obra de alta calidad","author":"Nelson Feliz","date":"12 de febrero de 2026","format":false,"excerpt":"El expresidente del Colegio de Ingenieros, Arquitectos y Agrimensores. Ing. Teodoro Tejada ofreci\u00f3 garant\u00edas de que la L\u00ednea 2C del Metro de Santo Domingo, que conecta la Estaci\u00f3n Mar\u00eda Mont\u00e9s del km 9 de la Autopista Duarte con Los Alcarrizos, es una obra de transporte masivo robusta estructuralmente y con\u2026","rel":"","context":"En \u00abNACIONALES\u00bb","block_context":{"text":"NACIONALES","link":"https:\/\/lasprimeras.com.do\/index.php\/category\/nacionales\/"},"img":{"alt_text":"Teodoro Tejada","src":"https:\/\/i0.wp.com\/lasprimeras.com.do\/wp-content\/uploads\/2025\/09\/Teodoro-Tejada.jpg?resize=350%2C200&ssl=1","width":350,"height":200,"srcset":"https:\/\/i0.wp.com\/lasprimeras.com.do\/wp-content\/uploads\/2025\/09\/Teodoro-Tejada.jpg?resize=350%2C200&ssl=1 1x, https:\/\/i0.wp.com\/lasprimeras.com.do\/wp-content\/uploads\/2025\/09\/Teodoro-Tejada.jpg?resize=525%2C300&ssl=1 1.5x, https:\/\/i0.wp.com\/lasprimeras.com.do\/wp-content\/uploads\/2025\/09\/Teodoro-Tejada.jpg?resize=700%2C400&ssl=1 2x"},"classes":[]},{"id":119157,"url":"https:\/\/lasprimeras.com.do\/index.php\/2026\/01\/07\/tejada-destaca-gobierno-presidente-abinader-ha-cumplido-con-la-promesa-de-viviendas\/","url_meta":{"origin":89756,"position":5},"title":"Tejada destaca gobierno presidente Abinader ha cumplido con la promesa de viviendas","author":"Nelson Feliz","date":"7 de enero de 2026","format":false,"excerpt":"Teodoro Tejada","rel":"","context":"En \u00abNACIONALES\u00bb","block_context":{"text":"NACIONALES","link":"https:\/\/lasprimeras.com.do\/index.php\/category\/nacionales\/"},"img":{"alt_text":"Teodoro Tejada","src":"https:\/\/i0.wp.com\/lasprimeras.com.do\/wp-content\/uploads\/2026\/01\/Teodoro-Tejada.jpg?resize=350%2C200&ssl=1","width":350,"height":200,"srcset":"https:\/\/i0.wp.com\/lasprimeras.com.do\/wp-content\/uploads\/2026\/01\/Teodoro-Tejada.jpg?resize=350%2C200&ssl=1 1x, https:\/\/i0.wp.com\/lasprimeras.com.do\/wp-content\/uploads\/2026\/01\/Teodoro-Tejada.jpg?resize=525%2C300&ssl=1 1.5x, https:\/\/i0.wp.com\/lasprimeras.com.do\/wp-content\/uploads\/2026\/01\/Teodoro-Tejada.jpg?resize=700%2C400&ssl=1 2x"},"classes":[]}],"jetpack_sharing_enabled":true,"_links":{"self":[{"href":"https:\/\/lasprimeras.com.do\/index.php\/wp-json\/wp\/v2\/posts\/89756","targetHints":{"allow":["GET"]}}],"collection":[{"href":"https:\/\/lasprimeras.com.do\/index.php\/wp-json\/wp\/v2\/posts"}],"about":[{"href":"https:\/\/lasprimeras.com.do\/index.php\/wp-json\/wp\/v2\/types\/post"}],"author":[{"embeddable":true,"href":"https:\/\/lasprimeras.com.do\/index.php\/wp-json\/wp\/v2\/users\/9"}],"replies":[{"embeddable":true,"href":"https:\/\/lasprimeras.com.do\/index.php\/wp-json\/wp\/v2\/comments?post=89756"}],"version-history":[{"count":1,"href":"https:\/\/lasprimeras.com.do\/index.php\/wp-json\/wp\/v2\/posts\/89756\/revisions"}],"predecessor-version":[{"id":89758,"href":"https:\/\/lasprimeras.com.do\/index.php\/wp-json\/wp\/v2\/posts\/89756\/revisions\/89758"}],"wp:featuredmedia":[{"embeddable":true,"href":"https:\/\/lasprimeras.com.do\/index.php\/wp-json\/wp\/v2\/media\/89757"}],"wp:attachment":[{"href":"https:\/\/lasprimeras.com.do\/index.php\/wp-json\/wp\/v2\/media?parent=89756"}],"wp:term":[{"taxonomy":"category","embeddable":true,"href":"https:\/\/lasprimeras.com.do\/index.php\/wp-json\/wp\/v2\/categories?post=89756"},{"taxonomy":"post_tag","embeddable":true,"href":"https:\/\/lasprimeras.com.do\/index.php\/wp-json\/wp\/v2\/tags?post=89756"}],"curies":[{"name":"wp","href":"https:\/\/api.w.org\/{rel}","templated":true}]}}