{"id":89829,"date":"2024-10-06T10:58:29","date_gmt":"2024-10-06T14:58:29","guid":{"rendered":"https:\/\/lasprimeras.com.do\/?p=89829"},"modified":"2024-10-06T10:58:30","modified_gmt":"2024-10-06T14:58:30","slug":"digeig-reconoce-al-inespre-por-cumplir-estandares-en-transparencia","status":"publish","type":"post","link":"https:\/\/lasprimeras.com.do\/index.php\/2024\/10\/06\/digeig-reconoce-al-inespre-por-cumplir-estandares-en-transparencia\/","title":{"rendered":"DIGEIG reconoce al Inespre por cumplir est\u00e1ndares en transparencia"},"content":{"rendered":"\n<p><strong>Se posicion\u00f3 entre las 24 instituciones que superaron el 99% del ranking en transparencia.<\/strong><\/p>\n\n\n\n<p>La Direcci\u00f3n General de \u00c9tica e Integridad Gubernamental (DIGEIG) otorg\u00f3 un reconocimiento al Instituto de Estabilizaci\u00f3n de Precios (Inespre) por haber cumplido los est\u00e1ndares en el ranking de transparencia y garantizar el derecho de libre acceso a la informaci\u00f3n, conforme a lo establecido en la Ley No. 200-04 de Libre Acceso a la Informaci\u00f3n P\u00fablica.<\/p>\n\n\n\n<p>Inespre se posicion\u00f3 entre las 24 instituciones que superaron el 99% del ranking en transparencia que se mide mensual y se promedia cada a\u00f1o.<\/p>\n\n\n\n<p>El reconocimiento fue entregado por la directora general de \u00c9tica e Integridad Gubernamental, Milagros Ortiz Bosch y fue recibido por el subdirector del Inespre, Obispo de los Santos, en representaci\u00f3n del director ejecutivo de la instituci\u00f3n, Iv\u00e1n Hern\u00e1ndez Guzm\u00e1n y por la coordinadora ejecutiva de la Comisi\u00f3n de Integridad Gubernamental y Cumplimiento Normativo y encargada de la Oficina de Libre Acceso a la Informaci\u00f3n, Pen\u00e9lope Columna.<\/p>\n\n\n\n<p>Obispo de los Santos, valor\u00f3 el reconocimiento y expres\u00f3 que el mismo impulsa a la instituci\u00f3n a continuar trabajando apegada a la transparencia y la \u00e9tica, en favor de la poblaci\u00f3n dominicana.<\/p>\n\n\n\n<p>Destac\u00f3 que la actual gesti\u00f3n del Inespre se ha mantenido obteniendo altas calificaciones en las evaluaciones realizadas por la Direcci\u00f3n de \u00c9tica e Integridad Gubernamental (Digeig), a trav\u00e9s de la Direcci\u00f3n de Transparencia y Gobierno Abierto.<\/p>\n\n\n\n<p>Dicha entrega fue realizada en el marco del desarrollo de la \u201cSemana del Derecho a Saber 2024: Un Derecho de Todos\u201d.<\/p>\n\n\n\n<p>La Comisi\u00f3n de Integridad Gubernamental y Cumplimiento Normativo del Inespre est\u00e1 integrada por:&nbsp; Fausto G\u00f3mez, coordinador general; Pen\u00e9lope Columna, coordinadora ejecutiva; as\u00ed como por Carolina Garc\u00eda, Maireni Carrasco, C\u00e9sar Benz\u00e1n, Hilcida Lachapel, Jenny Elisa G\u00f3mez como miembros.&nbsp;<\/p>\n\n\n\n<p>Mientras que Rosa S\u00e1nchez, Michelle Gonz\u00e1lez, Jennifer Guio, Giselle Tejeda y Alexandra Jim\u00e9nez figuran como suplentes.<\/p>\n","protected":false},"excerpt":{"rendered":"<p>Se posicion\u00f3 entre las 24 instituciones que superaron el 99% del ranking en transparencia. La Direcci\u00f3n General de \u00c9tica e Integridad Gubernamental (DIGEIG) otorg\u00f3 un reconocimiento al Instituto de Estabilizaci\u00f3n&hellip;<\/p>\n","protected":false},"author":2,"featured_media":89830,"comment_status":"open","ping_status":"open","sticky":false,"template":"","format":"standard","meta":{"content-type":"","jetpack_post_was_ever_published":false,"_jetpack_newsletter_access":"","_jetpack_dont_email_post_to_subs":false,"_jetpack_newsletter_tier_id":0,"_jetpack_memberships_contains_paywalled_content":false,"_jetpack_memberships_contains_paid_content":false,"footnotes":""},"categories":[39,25],"tags":[6288,3684,535,15834,898],"class_list":["post-89829","post","type-post","status-publish","format-standard","has-post-thumbnail","hentry","category-economia","category-portada","tag-digeig","tag-estandares","tag-inespre","tag-ranking","tag-transparencia"],"jetpack_featured_media_url":"https:\/\/lasprimeras.com.do\/wp-content\/uploads\/2024\/10\/DIGEIG.jpg","jetpack-related-posts":[{"id":79351,"url":"https:\/\/lasprimeras.com.do\/index.php\/2024\/03\/26\/digeig-reconoce-a-la-dncd-por-cumplir-ranking-de-transparencia\/","url_meta":{"origin":89829,"position":0},"title":"DIGEIG reconoce a la DNCD por cumplir ranking de transparencia","author":"BIMARY DE JES\u00daS Matos","date":"26 de marzo de 2024","format":false,"excerpt":"Martin Restituyo Santo Domingo.- La Direcci\u00f3n General de \u00c9tica e Integridad Gubernamental (Digeig), organismo que dirige la doctora Milagros Ortiz Bosch, reconoci\u00f3 a la Direcci\u00f3n Nacional de Control de Drogas (DNCD), por cumplir con los est\u00e1ndares en el ranking de transparencia y por garantizar el derecho del libre acceso a\u2026","rel":"","context":"En \u00abNACIONALES\u00bb","block_context":{"text":"NACIONALES","link":"https:\/\/lasprimeras.com.do\/index.php\/category\/nacionales\/"},"img":{"alt_text":"","src":"https:\/\/i0.wp.com\/lasprimeras.com.do\/wp-content\/uploads\/2024\/03\/IMG-20240326-WA0007.jpg?resize=350%2C200&ssl=1","width":350,"height":200,"srcset":"https:\/\/i0.wp.com\/lasprimeras.com.do\/wp-content\/uploads\/2024\/03\/IMG-20240326-WA0007.jpg?resize=350%2C200&ssl=1 1x, https:\/\/i0.wp.com\/lasprimeras.com.do\/wp-content\/uploads\/2024\/03\/IMG-20240326-WA0007.jpg?resize=525%2C300&ssl=1 1.5x, https:\/\/i0.wp.com\/lasprimeras.com.do\/wp-content\/uploads\/2024\/03\/IMG-20240326-WA0007.jpg?resize=700%2C400&ssl=1 2x, https:\/\/i0.wp.com\/lasprimeras.com.do\/wp-content\/uploads\/2024\/03\/IMG-20240326-WA0007.jpg?resize=1050%2C600&ssl=1 3x, https:\/\/i0.wp.com\/lasprimeras.com.do\/wp-content\/uploads\/2024\/03\/IMG-20240326-WA0007.jpg?resize=1400%2C800&ssl=1 4x"},"classes":[]},{"id":79268,"url":"https:\/\/lasprimeras.com.do\/index.php\/2024\/03\/25\/digeig-galardona-al-srsm-por-transparencia-y-garantizar-libre-acceso-a-la-informacion\/","url_meta":{"origin":89829,"position":1},"title":"DIGEIG galardona al SRSM por Transparencia y garantizar Libre Acceso a la Informaci\u00f3n","author":"BIMARY DE JES\u00daS Matos","date":"25 de marzo de 2024","format":false,"excerpt":"Martin Restituyo Distrito Nacional, RD.- El Servicio Regional de Salud Metropolitano (SRSM) fue galardonado \u201cpor haber cumplido con los Est\u00e1ndares en el Ranking de Transparencia y garantizar el Derecho de la Libertad de Acceso a la Informaci\u00f3n P\u00fablica\u201d, que otorga la Direcci\u00f3n General de \u00c9tica e Integridad Gubernamental (DIGEIG), que\u2026","rel":"","context":"En \u00abNACIONALES\u00bb","block_context":{"text":"NACIONALES","link":"https:\/\/lasprimeras.com.do\/index.php\/category\/nacionales\/"},"img":{"alt_text":"","src":"https:\/\/i0.wp.com\/lasprimeras.com.do\/wp-content\/uploads\/2024\/03\/IMG-20240325-WA0022.jpg?resize=350%2C200&ssl=1","width":350,"height":200,"srcset":"https:\/\/i0.wp.com\/lasprimeras.com.do\/wp-content\/uploads\/2024\/03\/IMG-20240325-WA0022.jpg?resize=350%2C200&ssl=1 1x, https:\/\/i0.wp.com\/lasprimeras.com.do\/wp-content\/uploads\/2024\/03\/IMG-20240325-WA0022.jpg?resize=525%2C300&ssl=1 1.5x, https:\/\/i0.wp.com\/lasprimeras.com.do\/wp-content\/uploads\/2024\/03\/IMG-20240325-WA0022.jpg?resize=700%2C400&ssl=1 2x, https:\/\/i0.wp.com\/lasprimeras.com.do\/wp-content\/uploads\/2024\/03\/IMG-20240325-WA0022.jpg?resize=1050%2C600&ssl=1 3x"},"classes":[]},{"id":67440,"url":"https:\/\/lasprimeras.com.do\/index.php\/2023\/11\/15\/inespre-obtiene-el-primer-lugar-en-satisfaccion-ciudadana-durante-premiacion-del-map\/","url_meta":{"origin":89829,"position":2},"title":"Inespre obtiene el primer lugar en \u201cSatisfacci\u00f3n Ciudadana\u201d durante premiaci\u00f3n del MAP\u00a0","author":"Nelson Feliz","date":"15 de noviembre de 2023","format":false,"excerpt":"La instituci\u00f3n tambi\u00e9n recibi\u00f3 un reconocimiento por compras verdes. El Instituto de Estabilizaci\u00f3n de Precios (Inespre) obtuvo el primer lugar en Satisfacci\u00f3n Ciudadana en el Sistema de Monitoreo de la Administraci\u00f3n P\u00fablica (SISMAP) Gesti\u00f3n P\u00fablica durante una premiaci\u00f3n organizada\u00a0 por el Ministerio de Administraci\u00f3n P\u00fablica (MAP). El Inespre fue premiado\u2026","rel":"","context":"En \u00abENTRETENIMIENTO\u00bb","block_context":{"text":"ENTRETENIMIENTO","link":"https:\/\/lasprimeras.com.do\/index.php\/category\/entretenimiento\/"},"img":{"alt_text":"premiacion","src":"https:\/\/i0.wp.com\/lasprimeras.com.do\/wp-content\/uploads\/2023\/11\/premiacion-1.jpg?resize=350%2C200&ssl=1","width":350,"height":200,"srcset":"https:\/\/i0.wp.com\/lasprimeras.com.do\/wp-content\/uploads\/2023\/11\/premiacion-1.jpg?resize=350%2C200&ssl=1 1x, https:\/\/i0.wp.com\/lasprimeras.com.do\/wp-content\/uploads\/2023\/11\/premiacion-1.jpg?resize=525%2C300&ssl=1 1.5x, https:\/\/i0.wp.com\/lasprimeras.com.do\/wp-content\/uploads\/2023\/11\/premiacion-1.jpg?resize=700%2C400&ssl=1 2x"},"classes":[]},{"id":61415,"url":"https:\/\/lasprimeras.com.do\/index.php\/2023\/09\/26\/inespre-recibe-certificacion-de-las-normas-iso-37001-de-antisoborno-e-iso-37301-de-gestion-de-cumplimiento\/","url_meta":{"origin":89829,"position":3},"title":"Inespre recibe certificaci\u00f3n de las normas ISO 37001 de Antisoborno e ISO 37301 de Gesti\u00f3n de Cumplimiento","author":"Nelson Feliz","date":"26 de septiembre de 2023","format":false,"excerpt":"El Instituto de Estabilizaci\u00f3n de Precios (Inespre) recibi\u00f3 la certificaci\u00f3n de las normas ISO 37001 de Sistema de Gesti\u00f3n Antisoborno y la ISO 37301 de Sistema de Gesti\u00f3n de Cumplimiento, por parte del Instituto Dominicano Para la Calidad (INDOCAL). La entrega de la certificaci\u00f3n fue realizada en un acto encabezado\u2026","rel":"","context":"En \u00abECONOM\u00cdA\u00bb","block_context":{"text":"ECONOM\u00cdA","link":"https:\/\/lasprimeras.com.do\/index.php\/category\/economia\/"},"img":{"alt_text":"Iv\u00e1n Hern\u00e1ndez Guzm\u00e1n","src":"https:\/\/i0.wp.com\/lasprimeras.com.do\/wp-content\/uploads\/2023\/09\/Ivan-Hernandez-Guzman-1-1.jpg?resize=350%2C200&ssl=1","width":350,"height":200,"srcset":"https:\/\/i0.wp.com\/lasprimeras.com.do\/wp-content\/uploads\/2023\/09\/Ivan-Hernandez-Guzman-1-1.jpg?resize=350%2C200&ssl=1 1x, https:\/\/i0.wp.com\/lasprimeras.com.do\/wp-content\/uploads\/2023\/09\/Ivan-Hernandez-Guzman-1-1.jpg?resize=525%2C300&ssl=1 1.5x, https:\/\/i0.wp.com\/lasprimeras.com.do\/wp-content\/uploads\/2023\/09\/Ivan-Hernandez-Guzman-1-1.jpg?resize=700%2C400&ssl=1 2x"},"classes":[]},{"id":112278,"url":"https:\/\/lasprimeras.com.do\/index.php\/2025\/10\/20\/intrant-lleva-14-meses-consecutivos-con-100-puntos-en-transparencia-digeig-bajo-la-gestion-de-milton-morrison\/","url_meta":{"origin":89829,"position":4},"title":"INTRANT lleva 14 meses consecutivos con 100 puntos en transparencia (DIGEIG) bajo la gesti\u00f3n de Milton Morrison","author":"Nelson Feliz","date":"20 de octubre de 2025","format":false,"excerpt":"El Instituto Nacional de Tr\u00e1nsito y Transporte Terrestre (INTRANT) alcanz\u00f3 un nuevo r\u00e9cord institucional al mantener, durante 14 meses consecutivos, la calificaci\u00f3n m\u00e1xima de 100 puntos en el monitoreo de portales de transparencia que realiza la Direcci\u00f3n General de \u00c9tica e Integridad Gubernamental (DIGEIG). Este resultado coloca al INTRANT entre\u2026","rel":"","context":"En \u00abECONOM\u00cdA\u00bb","block_context":{"text":"ECONOM\u00cdA","link":"https:\/\/lasprimeras.com.do\/index.php\/category\/economia\/"},"img":{"alt_text":"","src":"https:\/\/i0.wp.com\/lasprimeras.com.do\/wp-content\/uploads\/2025\/10\/Milton-Morrison-1.jpg?resize=350%2C200&ssl=1","width":350,"height":200,"srcset":"https:\/\/i0.wp.com\/lasprimeras.com.do\/wp-content\/uploads\/2025\/10\/Milton-Morrison-1.jpg?resize=350%2C200&ssl=1 1x, https:\/\/i0.wp.com\/lasprimeras.com.do\/wp-content\/uploads\/2025\/10\/Milton-Morrison-1.jpg?resize=525%2C300&ssl=1 1.5x, https:\/\/i0.wp.com\/lasprimeras.com.do\/wp-content\/uploads\/2025\/10\/Milton-Morrison-1.jpg?resize=700%2C400&ssl=1 2x"},"classes":[]},{"id":128833,"url":"https:\/\/lasprimeras.com.do\/index.php\/2026\/04\/27\/intrant-lleva-20-meses-continuos-sacando-maxima-puntuacion-en-transparencia-de-la-digeig\/","url_meta":{"origin":89829,"position":5},"title":"INTRANT lleva 20 meses continuos sacando m\u00e1xima puntuaci\u00f3n en transparencia de la DIGEIG","author":"Nelson Feliz","date":"27 de abril de 2026","format":false,"excerpt":"El Instituto Nacional de Tr\u00e1nsito y Transporte Terrestre (INTRANT) alcanz\u00f3 20 meses continuos con calificaci\u00f3n de 100 puntos en el monitoreo de portales de transparencia que realiza la Direcci\u00f3n General de \u00c9tica e Integridad Gubernamental, consolidando un desempe\u00f1o sostenido en el cumplimiento de los est\u00e1ndares de publicaci\u00f3n de informaciones oficiales.\u2026","rel":"","context":"En \u00abNACIONALES\u00bb","block_context":{"text":"NACIONALES","link":"https:\/\/lasprimeras.com.do\/index.php\/category\/nacionales\/"},"img":{"alt_text":"","src":"https:\/\/i0.wp.com\/lasprimeras.com.do\/wp-content\/uploads\/2026\/04\/IMG-20260427-WA0456.jpg?resize=350%2C200&ssl=1","width":350,"height":200,"srcset":"https:\/\/i0.wp.com\/lasprimeras.com.do\/wp-content\/uploads\/2026\/04\/IMG-20260427-WA0456.jpg?resize=350%2C200&ssl=1 1x, https:\/\/i0.wp.com\/lasprimeras.com.do\/wp-content\/uploads\/2026\/04\/IMG-20260427-WA0456.jpg?resize=525%2C300&ssl=1 1.5x, https:\/\/i0.wp.com\/lasprimeras.com.do\/wp-content\/uploads\/2026\/04\/IMG-20260427-WA0456.jpg?resize=700%2C400&ssl=1 2x"},"classes":[]}],"jetpack_sharing_enabled":true,"_links":{"self":[{"href":"https:\/\/lasprimeras.com.do\/index.php\/wp-json\/wp\/v2\/posts\/89829","targetHints":{"allow":["GET"]}}],"collection":[{"href":"https:\/\/lasprimeras.com.do\/index.php\/wp-json\/wp\/v2\/posts"}],"about":[{"href":"https:\/\/lasprimeras.com.do\/index.php\/wp-json\/wp\/v2\/types\/post"}],"author":[{"embeddable":true,"href":"https:\/\/lasprimeras.com.do\/index.php\/wp-json\/wp\/v2\/users\/2"}],"replies":[{"embeddable":true,"href":"https:\/\/lasprimeras.com.do\/index.php\/wp-json\/wp\/v2\/comments?post=89829"}],"version-history":[{"count":1,"href":"https:\/\/lasprimeras.com.do\/index.php\/wp-json\/wp\/v2\/posts\/89829\/revisions"}],"predecessor-version":[{"id":89831,"href":"https:\/\/lasprimeras.com.do\/index.php\/wp-json\/wp\/v2\/posts\/89829\/revisions\/89831"}],"wp:featuredmedia":[{"embeddable":true,"href":"https:\/\/lasprimeras.com.do\/index.php\/wp-json\/wp\/v2\/media\/89830"}],"wp:attachment":[{"href":"https:\/\/lasprimeras.com.do\/index.php\/wp-json\/wp\/v2\/media?parent=89829"}],"wp:term":[{"taxonomy":"category","embeddable":true,"href":"https:\/\/lasprimeras.com.do\/index.php\/wp-json\/wp\/v2\/categories?post=89829"},{"taxonomy":"post_tag","embeddable":true,"href":"https:\/\/lasprimeras.com.do\/index.php\/wp-json\/wp\/v2\/tags?post=89829"}],"curies":[{"name":"wp","href":"https:\/\/api.w.org\/{rel}","templated":true}]}}