{"id":89837,"date":"2024-10-06T11:30:52","date_gmt":"2024-10-06T15:30:52","guid":{"rendered":"https:\/\/lasprimeras.com.do\/?p=89837"},"modified":"2024-10-06T11:30:53","modified_gmt":"2024-10-06T15:30:53","slug":"digev-encabeza-jornada-de-siembra-de-arboles-en-el-mes-de-la-reforestacion","status":"publish","type":"post","link":"https:\/\/lasprimeras.com.do\/index.php\/2024\/10\/06\/digev-encabeza-jornada-de-siembra-de-arboles-en-el-mes-de-la-reforestacion\/","title":{"rendered":"DIGEV encabeza \u201cJornada de Siembra de \u00c1rboles\u201d en el Mes de la Reforestaci\u00f3n"},"content":{"rendered":"\n<p>La Direcci\u00f3n General de las Escuelas Vocacionales de las Fuerzas Armadas y de la Polic\u00eda Nacional (DIGEV), bajo la direcci\u00f3n del coronel Jos\u00e9 Ram\u00f3n Reyes Su\u00e1rez, FARD (DGP), encabez\u00f3 una Jornada de Siembra de \u00c1rboles en el Mes de la Reforestaci\u00f3n.<\/p>\n\n\n\n<p>La jornada de siembra de \u00e1rboles se realiz\u00f3 en la avenida Ecol\u00f3gica, Provincia Santo Domingo Este.<\/p>\n\n\n\n<p>Dicha siembra se enmarca en el Plan Nacional de Reforestaci\u00f3n y Restauraci\u00f3n 2023-2024, cuyo objetivo general es plantar 320,000 tareas, equivalentes a 20 millones de plantas, en todo el territorio nacional.<\/p>\n\n\n\n<p>La actividad cont\u00f3 con la participaci\u00f3n de destacadas autoridades, entre ellas la Gobernadora de la Provincia Santo Domingo, Lucrecia Santana Leyba, los representantes del Ministerio de Medio Ambiente, Wendy Montero y Bryan Herrera, en representaci\u00f3n del Ministro de Medio Ambiente, Armando Pa\u00edno Henr\u00edquez y el Dr. Rodolfo A. Valera Grull\u00f3n, Director General de la Direcci\u00f3n General de Embellecimiento de SDE.<\/p>\n","protected":false},"excerpt":{"rendered":"<p>La Direcci\u00f3n General de las Escuelas Vocacionales de las Fuerzas Armadas y de la Polic\u00eda Nacional (DIGEV), bajo la direcci\u00f3n del coronel Jos\u00e9 Ram\u00f3n Reyes Su\u00e1rez, FARD (DGP), encabez\u00f3 una&hellip;<\/p>\n","protected":false},"author":2,"featured_media":89838,"comment_status":"open","ping_status":"open","sticky":false,"template":"","format":"standard","meta":{"content-type":"","jetpack_post_was_ever_published":false,"_jetpack_newsletter_access":"","_jetpack_dont_email_post_to_subs":false,"_jetpack_newsletter_tier_id":0,"_jetpack_memberships_contains_paywalled_content":false,"_jetpack_memberships_contains_paid_content":false,"footnotes":""},"categories":[35],"tags":[15836,656,281,15837,3084],"class_list":["post-89837","post","type-post","status-publish","format-standard","has-post-thumbnail","hentry","category-nacionales","tag-arboles-2","tag-digev","tag-jornada","tag-mes-de-la-reforestacion","tag-siembra"],"jetpack_featured_media_url":"https:\/\/lasprimeras.com.do\/wp-content\/uploads\/2024\/10\/DIGEV-4.jpg","jetpack-related-posts":[{"id":54379,"url":"https:\/\/lasprimeras.com.do\/index.php\/2023\/07\/10\/medio-ambiente-fortalece-cuenca-del-rio-haina-con-la-siembra-de-caoba-y-cedro\/","url_meta":{"origin":89837,"position":0},"title":"Medio Ambiente fortalece cuenca del r\u00edo Haina con la siembra de caoba y cedro","author":"Nelson Feliz","date":"10 de julio de 2023","format":false,"excerpt":"El Plan Nacional de Reforestaci\u00f3n estuvo presente este fin de semana en Santo Domingo, La Vega, Peravia, Monse\u00f1or Nouel. La comunidad de Arenoso se sum\u00f3 ayer a los voluntarios del Ministerio de Defensa y las brigadas del Ministerio de Medio Ambiente y Recursos Naturales para plantar caoba criolla, caoba hondure\u00f1a\u2026","rel":"","context":"En \u00abNACIONALES\u00bb","block_context":{"text":"NACIONALES","link":"https:\/\/lasprimeras.com.do\/index.php\/category\/nacionales\/"},"img":{"alt_text":"","src":"https:\/\/i0.wp.com\/lasprimeras.com.do\/wp-content\/uploads\/2023\/07\/ambiente.jpg?resize=350%2C200&ssl=1","width":350,"height":200,"srcset":"https:\/\/i0.wp.com\/lasprimeras.com.do\/wp-content\/uploads\/2023\/07\/ambiente.jpg?resize=350%2C200&ssl=1 1x, https:\/\/i0.wp.com\/lasprimeras.com.do\/wp-content\/uploads\/2023\/07\/ambiente.jpg?resize=525%2C300&ssl=1 1.5x, https:\/\/i0.wp.com\/lasprimeras.com.do\/wp-content\/uploads\/2023\/07\/ambiente.jpg?resize=700%2C400&ssl=1 2x"},"classes":[]},{"id":52457,"url":"https:\/\/lasprimeras.com.do\/index.php\/2023\/06\/10\/mescyt-inicia-plan-nacional-de-reforestacion-en-villa-altagracia\/","url_meta":{"origin":89837,"position":1},"title":"Mescyt inicia Plan Nacional de Reforestaci\u00f3n en Villa Altagracia","author":"prenxa100","date":"10 de junio de 2023","format":false,"excerpt":"En la jornada participa, vicerrector\u00eda Extensi\u00f3n UASD y el Ministerio de Medio Ambiente. El Ministerio de Educaci\u00f3n Superior, Ciencia y Tecnolog\u00eda (MESCYT), en coordinaci\u00f3n con el Ministerio de Medio Ambiente y Recursos Naturales, inici\u00f3 un Plan Nacional Reforestaci\u00f3n con la siembra de 3 mil \u00e1rboles en la cuenca del r\u00edo\u2026","rel":"","context":"En \u00abNACIONALES\u00bb","block_context":{"text":"NACIONALES","link":"https:\/\/lasprimeras.com.do\/index.php\/category\/nacionales\/"},"img":{"alt_text":"","src":"","width":0,"height":0},"classes":[]},{"id":53288,"url":"https:\/\/lasprimeras.com.do\/index.php\/2023\/06\/25\/ministerio-de-trabajo-participa-en-plan-nacional-de-reforestacion\/","url_meta":{"origin":89837,"position":2},"title":"Ministerio de Trabajo participa en Plan Nacional de Reforestaci\u00f3n","author":"Nelson Feliz","date":"25 de junio de 2023","format":false,"excerpt":"M\u00e1s de 100 servidores de la instituci\u00f3n siembran unas 5,000 plantas de Pino Caribea, Maras y Ceibas en San Jos\u00e9 de Las Matas, en coordinaci\u00f3n con el Ministerio de Medio Ambiente. Con el objetivo de contribuir a mejorar la foresta y proteger las cuencas hidrogr\u00e1ficas, el Ministerio de Trabajo se\u2026","rel":"","context":"En \u00abNACIONALES\u00bb","block_context":{"text":"NACIONALES","link":"https:\/\/lasprimeras.com.do\/index.php\/category\/nacionales\/"},"img":{"alt_text":"M\u00e1s de 100 servidores de la instituci\u00f3n siembran unas 5,000 plantas de Pino Caribea, Maras y Ceibas en San Jos\u00e9 de Las Matas, en coordinaci\u00f3n con el Ministerio de Medio Ambiente","src":"https:\/\/i0.wp.com\/lasprimeras.com.do\/wp-content\/uploads\/2023\/06\/siembra.jpg?resize=350%2C200&ssl=1","width":350,"height":200,"srcset":"https:\/\/i0.wp.com\/lasprimeras.com.do\/wp-content\/uploads\/2023\/06\/siembra.jpg?resize=350%2C200&ssl=1 1x, https:\/\/i0.wp.com\/lasprimeras.com.do\/wp-content\/uploads\/2023\/06\/siembra.jpg?resize=525%2C300&ssl=1 1.5x, https:\/\/i0.wp.com\/lasprimeras.com.do\/wp-content\/uploads\/2023\/06\/siembra.jpg?resize=700%2C400&ssl=1 2x"},"classes":[]},{"id":90085,"url":"https:\/\/lasprimeras.com.do\/index.php\/2024\/10\/13\/instituciones-se-unen-para-reforestar-cordillera-septentrional\/","url_meta":{"origin":89837,"position":3},"title":"Instituciones se unen para reforestar cordillera Septentrional","author":"Nelson Feliz","date":"13 de octubre de 2024","format":false,"excerpt":"La Corporaci\u00f3n del Acueducto y Alcantarillado de Santiago (Coraasan), realiz\u00f3 junto a la Asociaci\u00f3n para el Desarrollo (Apedi), Fondo Agua Yaque del Norte y el Ministerio de Medio Ambiente, una jornada de forestaci\u00f3n en la comunidad Palo Alto, en el distrito municipal San Francisco de Jacagua, al norte de Santiago,\u2026","rel":"","context":"En \u00abNACIONALES\u00bb","block_context":{"text":"NACIONALES","link":"https:\/\/lasprimeras.com.do\/index.php\/category\/nacionales\/"},"img":{"alt_text":"reforestar cordillera Septentrional","src":"https:\/\/i0.wp.com\/lasprimeras.com.do\/wp-content\/uploads\/2024\/10\/reforestar-cordillera-Septentrional.jpg?resize=350%2C200&ssl=1","width":350,"height":200,"srcset":"https:\/\/i0.wp.com\/lasprimeras.com.do\/wp-content\/uploads\/2024\/10\/reforestar-cordillera-Septentrional.jpg?resize=350%2C200&ssl=1 1x, https:\/\/i0.wp.com\/lasprimeras.com.do\/wp-content\/uploads\/2024\/10\/reforestar-cordillera-Septentrional.jpg?resize=525%2C300&ssl=1 1.5x"},"classes":[]},{"id":116482,"url":"https:\/\/lasprimeras.com.do\/index.php\/2025\/12\/01\/dgjp-realiza-jornada-de-reforestacion-en-bonao\/","url_meta":{"origin":89837,"position":4},"title":"DGJP realiza jornada de reforestaci\u00f3n en Bonao","author":"Nelson Feliz","date":"1 de diciembre de 2025","format":false,"excerpt":"La Direcci\u00f3n General de Jubilaciones y Pensiones a Cargo del Estado (DGJP), en coordinaci\u00f3n con el Ministerio de Medio Ambiente y Recursos Naturales, desarrollaron una amplia jornada de reforestaci\u00f3n en el distrito municipal Villa Sonador, sector Colonial, provincia Monse\u00f1or Noel. En representaci\u00f3n del director general, Juan Rosa, el subdirector F\u00e9lix\u2026","rel":"","context":"En \u00abNACIONALES\u00bb","block_context":{"text":"NACIONALES","link":"https:\/\/lasprimeras.com.do\/index.php\/category\/nacionales\/"},"img":{"alt_text":"","src":"https:\/\/i0.wp.com\/lasprimeras.com.do\/wp-content\/uploads\/2025\/12\/DGJP-realiza-jornada-de-reforestacion-en-Bonao.jpg?resize=350%2C200&ssl=1","width":350,"height":200,"srcset":"https:\/\/i0.wp.com\/lasprimeras.com.do\/wp-content\/uploads\/2025\/12\/DGJP-realiza-jornada-de-reforestacion-en-Bonao.jpg?resize=350%2C200&ssl=1 1x, https:\/\/i0.wp.com\/lasprimeras.com.do\/wp-content\/uploads\/2025\/12\/DGJP-realiza-jornada-de-reforestacion-en-Bonao.jpg?resize=525%2C300&ssl=1 1.5x, https:\/\/i0.wp.com\/lasprimeras.com.do\/wp-content\/uploads\/2025\/12\/DGJP-realiza-jornada-de-reforestacion-en-Bonao.jpg?resize=700%2C400&ssl=1 2x"},"classes":[]},{"id":52052,"url":"https:\/\/lasprimeras.com.do\/index.php\/2023\/06\/06\/yoel-concepcion-realiza-jornada-de-siembra-de-arboles\/","url_meta":{"origin":89837,"position":5},"title":"Yoel Concepci\u00f3n, realiza jornada de siembra de \u00e1rboles.","author":"prenxa100","date":"6 de junio de 2023","format":false,"excerpt":"Con su proyecto legislativo busca disminuir la contaminaci\u00f3n del medio ambiente, a trav\u00e9s de la siembra de m\u00e1s de cien de \u00e1rboles de distintas especies como: caoba, cedro, caimito, mamey y varios \u00e1rboles frutales. La actividad cont\u00f3 con el apoyo de la prensa y miembros de la Fuerza del Pueblo.\u2026","rel":"","context":"En \u00abNACIONALES\u00bb","block_context":{"text":"NACIONALES","link":"https:\/\/lasprimeras.com.do\/index.php\/category\/nacionales\/"},"img":{"alt_text":"","src":"","width":0,"height":0},"classes":[]}],"jetpack_sharing_enabled":true,"_links":{"self":[{"href":"https:\/\/lasprimeras.com.do\/index.php\/wp-json\/wp\/v2\/posts\/89837","targetHints":{"allow":["GET"]}}],"collection":[{"href":"https:\/\/lasprimeras.com.do\/index.php\/wp-json\/wp\/v2\/posts"}],"about":[{"href":"https:\/\/lasprimeras.com.do\/index.php\/wp-json\/wp\/v2\/types\/post"}],"author":[{"embeddable":true,"href":"https:\/\/lasprimeras.com.do\/index.php\/wp-json\/wp\/v2\/users\/2"}],"replies":[{"embeddable":true,"href":"https:\/\/lasprimeras.com.do\/index.php\/wp-json\/wp\/v2\/comments?post=89837"}],"version-history":[{"count":1,"href":"https:\/\/lasprimeras.com.do\/index.php\/wp-json\/wp\/v2\/posts\/89837\/revisions"}],"predecessor-version":[{"id":89839,"href":"https:\/\/lasprimeras.com.do\/index.php\/wp-json\/wp\/v2\/posts\/89837\/revisions\/89839"}],"wp:featuredmedia":[{"embeddable":true,"href":"https:\/\/lasprimeras.com.do\/index.php\/wp-json\/wp\/v2\/media\/89838"}],"wp:attachment":[{"href":"https:\/\/lasprimeras.com.do\/index.php\/wp-json\/wp\/v2\/media?parent=89837"}],"wp:term":[{"taxonomy":"category","embeddable":true,"href":"https:\/\/lasprimeras.com.do\/index.php\/wp-json\/wp\/v2\/categories?post=89837"},{"taxonomy":"post_tag","embeddable":true,"href":"https:\/\/lasprimeras.com.do\/index.php\/wp-json\/wp\/v2\/tags?post=89837"}],"curies":[{"name":"wp","href":"https:\/\/api.w.org\/{rel}","templated":true}]}}