{"id":89840,"date":"2024-10-06T11:37:37","date_gmt":"2024-10-06T15:37:37","guid":{"rendered":"https:\/\/lasprimeras.com.do\/?p=89840"},"modified":"2024-10-06T11:37:38","modified_gmt":"2024-10-06T15:37:38","slug":"interior-y-policia-reafirma-orden-para-manifestacion-convocada-en-la-plaza-de-la-bandera","status":"publish","type":"post","link":"https:\/\/lasprimeras.com.do\/index.php\/2024\/10\/06\/interior-y-policia-reafirma-orden-para-manifestacion-convocada-en-la-plaza-de-la-bandera\/","title":{"rendered":"Interior y Polic\u00eda reafirma orden para manifestaci\u00f3n convocada en la Plaza de la Bandera"},"content":{"rendered":"\n<p>Ante la convocatoria realizada por el movimiento &#8220;Antigua Orden Dominicana&#8221; para llevar a cabo un plant\u00f3n permanente en la Plaza de la Bandera, un \u00e1rea de alta circulaci\u00f3n vehicular, el Ministerio de Interior y Polic\u00eda subraya que, si bien respeta el derecho a la protesta consagrado en la Constituci\u00f3n, es fundamental que estas actividades se desarrollen conforme a las normativas vigentes.<\/p>\n\n\n\n<p>A trav\u00e9s de un comunicado oficial, el Ministerio expres\u00f3 su &#8220;No Objeci\u00f3n&#8221; a la manifestaci\u00f3n, recordando que la misma debe respetar el tiempo m\u00e1ximo autorizado de dos horas para la realizaci\u00f3n de una caminata, con el fin de garantizar el derecho al libre tr\u00e1nsito de todos los ciudadanos.<\/p>\n\n\n\n<p>En lo que respecta a la permanencia en la Plaza de la Bandera, el Ministerio indic\u00f3 que no se ha establecido un l\u00edmite de tiempo para la expresi\u00f3n de ideas o la manifestaci\u00f3n pac\u00edfica, siempre y cuando se cumplan las disposiciones legales.<\/p>\n\n\n\n<p>El Ministerio de Interior y Polic\u00eda tambi\u00e9n asegur\u00f3 que, como parte de su compromiso con el orden y la seguridad, se garantizar\u00e1 la presencia de la fuerza p\u00fablica para acompa\u00f1ar la manifestaci\u00f3n, as\u00ed como cualquier otra que ejerza su leg\u00edtimo derecho a protestar, conforme a lo estipulado en la ley y la Constituci\u00f3n de la Rep\u00fablica Dominicana.<\/p>\n\n\n\n<p>A continuaci\u00f3n, se incluye el comunicado oficial del Ministerio en su totalidad:\u2003<\/p>\n\n\n\n<p><strong>Comunicado Oficial del Ministerio de Interior y Polic\u00eda<\/strong><\/p>\n\n\n\n<p>Ante la solicitud de No Objeci\u00f3n a la manifestaci\u00f3n por tiempo indefinido presentada por el grupo denominado &#8220;Antigua Orden Dominicana&#8221;, el Ministerio de Interior y Polic\u00eda considera pertinente aclarar los siguientes puntos:<\/p>\n\n\n\n<p>No objeci\u00f3n otorgada: Al mencionado grupo le fue concedido la no objeci\u00f3n para el uso de la v\u00eda p\u00fablica por un periodo de dos horas, para la realizaci\u00f3n de una caminata.<\/p>\n\n\n\n<p>Este tiempo es una pol\u00edtica est\u00e1ndar del Ministerio, aplicable a todas las solicitudes de No Objeci\u00f3n de protestas sobre la v\u00eda p\u00fablica de la actual gesti\u00f3n, con el objetivo de garantizar el derecho al libre tr\u00e1nsito de todos los ciudadanos.<\/p>\n\n\n\n<p>Protestas fuera de la v\u00eda p\u00fablica con presencia en espacios p\u00fablicos: Es importante se\u00f1alar que no existe en el acto de \u201cno objeci\u00f3n\u201d otorgada limitaci\u00f3n legal en cuanto al tiempo de uso del espacio p\u00fablico de la Plaza de la Bandera para manifestarse y expresar las ideas.<\/p>\n\n\n\n<p>El Ministerio de Interior no proh\u00edbe el derecho a la protesta de ning\u00fan ciudadano dominicano, conforme a los establecido en Constituci\u00f3n de la Rep\u00fablica.<\/p>\n\n\n\n<p>Finalmente, como lo establece el acto emitido este Ministerio garantizar\u00e1 el acompa\u00f1amiento de la fuerza p\u00fablica en la manifestaci\u00f3n de este o cualquier otro movimiento que ejerza su derecho leg\u00edtimo a la protesta, conforme a lo establecido por la ley y la Constituci\u00f3n dominicana.<\/p>\n\n\n\n<p>Ministerio de Interior y Polic\u00eda Fecha: 4 de octubre de 2024<\/p>\n","protected":false},"excerpt":{"rendered":"<p>Ante la convocatoria realizada por el movimiento &#8220;Antigua Orden Dominicana&#8221; para llevar a cabo un plant\u00f3n permanente en la Plaza de la Bandera, un \u00e1rea de alta circulaci\u00f3n vehicular, el&hellip;<\/p>\n","protected":false},"author":2,"featured_media":59769,"comment_status":"open","ping_status":"open","sticky":false,"template":"","format":"standard","meta":{"content-type":"","jetpack_post_was_ever_published":false,"_jetpack_newsletter_access":"","_jetpack_dont_email_post_to_subs":false,"_jetpack_newsletter_tier_id":0,"_jetpack_memberships_contains_paywalled_content":false,"_jetpack_memberships_contains_paid_content":false,"footnotes":""},"categories":[35,25],"tags":[15838,854,11100,444,3110,6445],"class_list":["post-89840","post","type-post","status-publish","format-standard","has-post-thumbnail","hentry","category-nacionales","category-portada","tag-convocada","tag-interior-y-policia","tag-manifestacion","tag-ministerio","tag-orden","tag-plaza-de-la-bandera"],"jetpack_featured_media_url":"https:\/\/lasprimeras.com.do\/wp-content\/uploads\/2023\/09\/Faride-Raful.jpg","jetpack-related-posts":[{"id":96458,"url":"https:\/\/lasprimeras.com.do\/index.php\/2025\/04\/01\/friusa-vivio-presencia-militar-sin-parangon-ante-jornada-de-manifestacion-por-caso-haitiano\/","url_meta":{"origin":89840,"position":0},"title":"Friusa vivi\u00f3 presencia militar sin parang\u00f3n ante jornada de manifestaci\u00f3n por caso haitiano","author":"Nelson Feliz","date":"1 de abril de 2025","format":false,"excerpt":"\u00c1ngelo V\u00e1squez ha convocado a una jornada el 24 de abril, esta vez frente al Palacio Nacional, mientras Santiago Mat\u00edas, alias Alofoke, tramita un permiso para entrar a Mata Mosquito, donde viven miles de haitianos. La marcha liderada el pasado domingo por la Antigua Orden Dominicana en el asentamiento de\u2026","rel":"","context":"En \u00abNACIONALES\u00bb","block_context":{"text":"NACIONALES","link":"https:\/\/lasprimeras.com.do\/index.php\/category\/nacionales\/"},"img":{"alt_text":"","src":"https:\/\/i0.wp.com\/lasprimeras.com.do\/wp-content\/uploads\/2025\/04\/militares.jpeg?resize=350%2C200&ssl=1","width":350,"height":200,"srcset":"https:\/\/i0.wp.com\/lasprimeras.com.do\/wp-content\/uploads\/2025\/04\/militares.jpeg?resize=350%2C200&ssl=1 1x, https:\/\/i0.wp.com\/lasprimeras.com.do\/wp-content\/uploads\/2025\/04\/militares.jpeg?resize=525%2C300&ssl=1 1.5x, https:\/\/i0.wp.com\/lasprimeras.com.do\/wp-content\/uploads\/2025\/04\/militares.jpeg?resize=700%2C400&ssl=1 2x"},"classes":[]},{"id":58078,"url":"https:\/\/lasprimeras.com.do\/index.php\/2023\/08\/19\/fp-anuncia-gran-manifestacion-en-plaza-de-la-bandera-el-23-de-septiembre\/","url_meta":{"origin":89840,"position":1},"title":"FP anuncia gran manifestaci\u00f3n en Plaza de la Bandera el 23 de septiembre","author":"Nelson Feliz","date":"19 de agosto de 2023","format":false,"excerpt":"FP presentar\u00e1 padr\u00f3n de afiliados de 2 millones ante la JCE El precandidato presidencial del partido Fuerza del Pueblo (FP), Leonel Fern\u00e1ndez, anunci\u00f3 que la entidad pol\u00edtica que dirige realizar\u00e1 una gran manifestaci\u00f3n de militantes y seguidores en la Plaza de la Bandera, frente a la sede de la Junta\u2026","rel":"","context":"En \u00abPORTADA\u00bb","block_context":{"text":"PORTADA","link":"https:\/\/lasprimeras.com.do\/index.php\/category\/portada\/"},"img":{"alt_text":"Leonel Fern\u00e1ndez","src":"https:\/\/i0.wp.com\/lasprimeras.com.do\/wp-content\/uploads\/2023\/08\/Leonel-Fernandez-7.jpg?resize=350%2C200&ssl=1","width":350,"height":200,"srcset":"https:\/\/i0.wp.com\/lasprimeras.com.do\/wp-content\/uploads\/2023\/08\/Leonel-Fernandez-7.jpg?resize=350%2C200&ssl=1 1x, https:\/\/i0.wp.com\/lasprimeras.com.do\/wp-content\/uploads\/2023\/08\/Leonel-Fernandez-7.jpg?resize=525%2C300&ssl=1 1.5x, https:\/\/i0.wp.com\/lasprimeras.com.do\/wp-content\/uploads\/2023\/08\/Leonel-Fernandez-7.jpg?resize=700%2C400&ssl=1 2x"},"classes":[]},{"id":81454,"url":"https:\/\/lasprimeras.com.do\/index.php\/2024\/04\/21\/con-gran-manifestacion-el-pueblo-rinde-tributo-a-franklin-almeyda\/","url_meta":{"origin":89840,"position":2},"title":"Con gran manifestaci\u00f3n, el pueblo rinde tributo a Franklin Almeyda","author":"Nelson Feliz","date":"21 de abril de 2024","format":false,"excerpt":"Desde la Universidad Aut\u00f3noma de Santo Domingo (UASD) hasta llegar a la Casa del Pueblo Johnny Ventura, en Gascue, miles de personas acompa\u00f1aron el cuerpo sin vida del doctor Franklin Almeyda Rancier, para darle el \u00faltimo adi\u00f3s. Durante este domingo, la sociedad dominicana y los familiares de Franklin Almeyda Rancier\u2026","rel":"","context":"En \u00abNACIONALES\u00bb","block_context":{"text":"NACIONALES","link":"https:\/\/lasprimeras.com.do\/index.php\/category\/nacionales\/"},"img":{"alt_text":"Franklin Almeyda","src":"https:\/\/i0.wp.com\/lasprimeras.com.do\/wp-content\/uploads\/2024\/04\/Franklin-Almeyda-1.jpg?resize=350%2C200&ssl=1","width":350,"height":200,"srcset":"https:\/\/i0.wp.com\/lasprimeras.com.do\/wp-content\/uploads\/2024\/04\/Franklin-Almeyda-1.jpg?resize=350%2C200&ssl=1 1x, https:\/\/i0.wp.com\/lasprimeras.com.do\/wp-content\/uploads\/2024\/04\/Franklin-Almeyda-1.jpg?resize=525%2C300&ssl=1 1.5x"},"classes":[]},{"id":101024,"url":"https:\/\/lasprimeras.com.do\/index.php\/2025\/06\/15\/las-protestas-contra-trump-llenan-calles-parques-y-plazas-en-todo-eeuu\/","url_meta":{"origin":89840,"position":3},"title":"Las protestas contra Trump llenan calles, parques y plazas en todo EEUU","author":"Nelson Feliz","date":"15 de junio de 2025","format":false,"excerpt":"POR MARC LEVY, CLAUDIA LAUER and JIM VERTUNO FILADELFIA (AP) \u2014 Grandes multitudes de manifestantes llenaron calles, parques y plazas el s\u00e1bado en diversas partes de Estados Unidos para manifestarse contra el presidente Donald Trump, marchando por los centros de las ciudades y pueblos peque\u00f1os, coreando mensajes antiautoritarios combinados con\u2026","rel":"","context":"En \u00abINTERNACIONALES\u00bb","block_context":{"text":"INTERNACIONALES","link":"https:\/\/lasprimeras.com.do\/index.php\/category\/sin-categoria\/internacionales\/"},"img":{"alt_text":"","src":"https:\/\/i0.wp.com\/lasprimeras.com.do\/wp-content\/uploads\/2025\/06\/protestas.jpg?resize=350%2C200&ssl=1","width":350,"height":200,"srcset":"https:\/\/i0.wp.com\/lasprimeras.com.do\/wp-content\/uploads\/2025\/06\/protestas.jpg?resize=350%2C200&ssl=1 1x, https:\/\/i0.wp.com\/lasprimeras.com.do\/wp-content\/uploads\/2025\/06\/protestas.jpg?resize=525%2C300&ssl=1 1.5x"},"classes":[]},{"id":111692,"url":"https:\/\/lasprimeras.com.do\/index.php\/2025\/10\/12\/faride-raful-garantiza-orden-y-paz-ante-llamado-a-paro-en-navarrete\/","url_meta":{"origin":89840,"position":4},"title":"Faride Raful garantiza orden y paz ante llamado a paro en Navarrete","author":"Nelson Feliz","date":"12 de octubre de 2025","format":false,"excerpt":"La ministra de Interior y Polic\u00eda, Faride Raful, garantiz\u00f3 este domingo el orden y la paz en el municipio de Navarrete, ante el llamado a paro por 48 horas convocado por organizaciones sociales para este lunes y martes. Raful ofreci\u00f3 sus declaraciones durante una visita al director regional Cibao Central\u2026","rel":"","context":"En \u00abMILITARES\u00bb","block_context":{"text":"MILITARES","link":"https:\/\/lasprimeras.com.do\/index.php\/category\/militares\/"},"img":{"alt_text":"Faride Raful","src":"https:\/\/i0.wp.com\/lasprimeras.com.do\/wp-content\/uploads\/2025\/01\/Faride-Raful.jpeg?resize=350%2C200&ssl=1","width":350,"height":200,"srcset":"https:\/\/i0.wp.com\/lasprimeras.com.do\/wp-content\/uploads\/2025\/01\/Faride-Raful.jpeg?resize=350%2C200&ssl=1 1x, https:\/\/i0.wp.com\/lasprimeras.com.do\/wp-content\/uploads\/2025\/01\/Faride-Raful.jpeg?resize=525%2C300&ssl=1 1.5x, https:\/\/i0.wp.com\/lasprimeras.com.do\/wp-content\/uploads\/2025\/01\/Faride-Raful.jpeg?resize=700%2C400&ssl=1 2x"},"classes":[]},{"id":96216,"url":"https:\/\/lasprimeras.com.do\/index.php\/2025\/03\/26\/mario-diaz-respalda-protesta-en-friusa\/","url_meta":{"origin":89840,"position":5},"title":"Mario D\u00edaz respalda protesta en Friusa","author":"Nelson Feliz","date":"26 de marzo de 2025","format":false,"excerpt":"Dice asistir\u00e1 a la misma; llama a que se realice sin violencia. El secretario general de la Federaci\u00f3n Nacional de Trabajadores del Transporte Social Cristianos (Fenattransc), Mario D\u00edaz, manifest\u00f3 su apoyo a la marcha convocada por la Antigua Orden Dominicana en el Hoyo de Friusa contra la inmigraci\u00f3n haitiana, a\u2026","rel":"","context":"En \u00abNACIONALES\u00bb","block_context":{"text":"NACIONALES","link":"https:\/\/lasprimeras.com.do\/index.php\/category\/nacionales\/"},"img":{"alt_text":"","src":"https:\/\/i0.wp.com\/lasprimeras.com.do\/wp-content\/uploads\/2025\/03\/Mario-Diaz.jpg?resize=350%2C200&ssl=1","width":350,"height":200,"srcset":"https:\/\/i0.wp.com\/lasprimeras.com.do\/wp-content\/uploads\/2025\/03\/Mario-Diaz.jpg?resize=350%2C200&ssl=1 1x, https:\/\/i0.wp.com\/lasprimeras.com.do\/wp-content\/uploads\/2025\/03\/Mario-Diaz.jpg?resize=525%2C300&ssl=1 1.5x, https:\/\/i0.wp.com\/lasprimeras.com.do\/wp-content\/uploads\/2025\/03\/Mario-Diaz.jpg?resize=700%2C400&ssl=1 2x"},"classes":[]}],"jetpack_sharing_enabled":true,"_links":{"self":[{"href":"https:\/\/lasprimeras.com.do\/index.php\/wp-json\/wp\/v2\/posts\/89840","targetHints":{"allow":["GET"]}}],"collection":[{"href":"https:\/\/lasprimeras.com.do\/index.php\/wp-json\/wp\/v2\/posts"}],"about":[{"href":"https:\/\/lasprimeras.com.do\/index.php\/wp-json\/wp\/v2\/types\/post"}],"author":[{"embeddable":true,"href":"https:\/\/lasprimeras.com.do\/index.php\/wp-json\/wp\/v2\/users\/2"}],"replies":[{"embeddable":true,"href":"https:\/\/lasprimeras.com.do\/index.php\/wp-json\/wp\/v2\/comments?post=89840"}],"version-history":[{"count":1,"href":"https:\/\/lasprimeras.com.do\/index.php\/wp-json\/wp\/v2\/posts\/89840\/revisions"}],"predecessor-version":[{"id":89841,"href":"https:\/\/lasprimeras.com.do\/index.php\/wp-json\/wp\/v2\/posts\/89840\/revisions\/89841"}],"wp:featuredmedia":[{"embeddable":true,"href":"https:\/\/lasprimeras.com.do\/index.php\/wp-json\/wp\/v2\/media\/59769"}],"wp:attachment":[{"href":"https:\/\/lasprimeras.com.do\/index.php\/wp-json\/wp\/v2\/media?parent=89840"}],"wp:term":[{"taxonomy":"category","embeddable":true,"href":"https:\/\/lasprimeras.com.do\/index.php\/wp-json\/wp\/v2\/categories?post=89840"},{"taxonomy":"post_tag","embeddable":true,"href":"https:\/\/lasprimeras.com.do\/index.php\/wp-json\/wp\/v2\/tags?post=89840"}],"curies":[{"name":"wp","href":"https:\/\/api.w.org\/{rel}","templated":true}]}}