{"id":89842,"date":"2024-10-06T11:59:51","date_gmt":"2024-10-06T15:59:51","guid":{"rendered":"https:\/\/lasprimeras.com.do\/?p=89842"},"modified":"2024-10-06T11:59:52","modified_gmt":"2024-10-06T15:59:52","slug":"unet-respalda-operativos-de-digesett-e-intrant-y-retencion-de-vehiculos-piratas","status":"publish","type":"post","link":"https:\/\/lasprimeras.com.do\/index.php\/2024\/10\/06\/unet-respalda-operativos-de-digesett-e-intrant-y-retencion-de-vehiculos-piratas\/","title":{"rendered":"UNET respalda operativos de DIGESETT e INTRANT y retenci\u00f3n de &#8220;veh\u00edculos piratas&#8221;"},"content":{"rendered":"\n<p>La Uni\u00f3n Nacional de Empresas del Transporte (UNET) respald\u00f3 los operativos puestos en marcha por la Direcci\u00f3n General de Seguridad de Tr\u00e1nsito y Transporte Terrestre (DIGESETT) y el Instituto Nacional de Transporte Terrestre (INTRANT), cuyos agentes e inspectores han retenidos decenas de &#8220;carros y guag\u00fcitas piratas&#8221; que han invadido rutas debidamente autorizadas registradas por los organismos correspondientes.<\/p>\n\n\n\n<p>El presidente de la UNET, Reynaldo P\u00e9rez S\u00e1nchez (Moreno), demand\u00f3 de los directores de la DIGESETT y del INTRANT general Francisco Osoria de la Cruz e ingeniero Milton Morrison, respectivamente, a no descontinuar dichos operativos.<\/p>\n\n\n\n<p>No nos sorprende que los gestores de las invasiones de rutas y auspiciadores de los des\u00f3rdenes en nuestros corredores y rutas est\u00e9n llamado a paros del transporte, pues como ellos son los principales responsables de las invasiones, se oponen a estos operativos y le pedimos al INTRANT y a la DIGESETT no detener estas acciones&#8221;, dijo Reynaldo P\u00e9rez S\u00e1nchez.<\/p>\n\n\n\n<p>Acompa\u00f1ado de decenas de dirigentes de empresas, sindicatos y rutas afiliados a la UNET, consider\u00f3 que esos operativos hay que seguirlos desarrollando, pues son muchos los lugares donde los invasores de rutas crean desasosiego e intranquilidad a los usuarios del transporte p\u00fablico.<\/p>\n\n\n\n<p>Reynaldo P\u00e9rez S\u00e1nchez (Moreno) cito los casos en sectores como Ciudad Juan Bosch, El Tamarindo y otras demarcaciones, donde se ha desatado un verdadero caos con las invasiones contra rutas leg\u00edtimas, donde las guag\u00fcitas piratas tienen en zozobra a los operadores afiliados a la UNET&#8221;, dijo P\u00e9rez S\u00e1nchez (Moreno).<\/p>\n\n\n\n<p>Adem\u00e1s de denunciar que en la mayor\u00eda de los casos las guag\u00fcitas piradas son conducidas por ciudadanos extranjeros cuyo estatus es irregular y carecen de licencia de conducir, son frecuentes los incidentes, lo que, de no intervenir las autoridades, podr\u00eda terminar en tragedias no deseadas.<\/p>\n\n\n\n<p>Reclaman corredores modernos. &#8211; Por otro lado, la Uni\u00f3n Nacional de Empresas del Transporte (UNET) llam\u00f3 al Gobierno a continuar con masificaci\u00f3n y modernizaci\u00f3n del sistema de transporte p\u00fablico de pasajeros, estableciendo y poniendo en marcha los corredores faltantes.<\/p>\n\n\n\n<p>Tenemos los casos de los corredores de la Autopista Las Am\u00e9ricas y la Carretera Mella, donde los estudios y levantamientos ya fueron hechos, los estudios de factibilidad realizados y solo esperamos que estos corredores sean puestos en marcha&#8221;, dijo el presidente de la UNET Reynaldo P\u00e9rez S\u00e1nchez.<\/p>\n","protected":false},"excerpt":{"rendered":"<p>La Uni\u00f3n Nacional de Empresas del Transporte (UNET) respald\u00f3 los operativos puestos en marcha por la Direcci\u00f3n General de Seguridad de Tr\u00e1nsito y Transporte Terrestre (DIGESETT) y el Instituto Nacional&hellip;<\/p>\n","protected":false},"author":2,"featured_media":89843,"comment_status":"open","ping_status":"open","sticky":false,"template":"","format":"standard","meta":{"content-type":"","jetpack_post_was_ever_published":false,"_jetpack_newsletter_access":"","_jetpack_dont_email_post_to_subs":false,"_jetpack_newsletter_tier_id":0,"_jetpack_memberships_contains_paywalled_content":false,"_jetpack_memberships_contains_paid_content":false,"footnotes":""},"categories":[35,25],"tags":[244,349,15840,2493,6208,7399,15839],"class_list":["post-89842","post","type-post","status-publish","format-standard","has-post-thumbnail","hentry","category-nacionales","category-portada","tag-digesett","tag-intrant","tag-invaden","tag-operativos","tag-retencion","tag-unet","tag-vehiculos-piratas"],"jetpack_featured_media_url":"https:\/\/lasprimeras.com.do\/wp-content\/uploads\/2024\/10\/Reynaldo-Perez-Sanchez-1.jpg","jetpack-related-posts":[{"id":106939,"url":"https:\/\/lasprimeras.com.do\/index.php\/2025\/08\/21\/digesett-e-intrant-retiran-cabezotes-furgones-y-colas-de-patanas-en-avenidas-y-autopistas-del-gsd\/","url_meta":{"origin":89842,"position":0},"title":"DIGESETT e INTRANT retiran cabezotes, furgones y colas de patanas en avenidas y autopistas del GSD","author":"Nelson Feliz","date":"21 de agosto de 2025","format":false,"excerpt":"La Direcci\u00f3n General de Seguridad de Tr\u00e1nsito y Transporte Terrestre (DIGESETT) junto al Instituto Nacional de Tr\u00e1nsito y Transporte Terrestre (INTRANT), desarrollaron un operativo de retiro de cabezotes, furgones y colas de patanas dejados estacionados de manera indebida en autopistas, avenidas y calles de alto flujo vehicular. La jornada la\u2026","rel":"","context":"En \u00abNACIONALES\u00bb","block_context":{"text":"NACIONALES","link":"https:\/\/lasprimeras.com.do\/index.php\/category\/nacionales\/"},"img":{"alt_text":"","src":"https:\/\/i0.wp.com\/lasprimeras.com.do\/wp-content\/uploads\/2025\/08\/operativo.jpg?resize=350%2C200&ssl=1","width":350,"height":200,"srcset":"https:\/\/i0.wp.com\/lasprimeras.com.do\/wp-content\/uploads\/2025\/08\/operativo.jpg?resize=350%2C200&ssl=1 1x, https:\/\/i0.wp.com\/lasprimeras.com.do\/wp-content\/uploads\/2025\/08\/operativo.jpg?resize=525%2C300&ssl=1 1.5x"},"classes":[]},{"id":128066,"url":"https:\/\/lasprimeras.com.do\/index.php\/2026\/04\/19\/digesett-e-intrant-realizan-operativos-de-vehiculos-pesados-por-circular-en-carril-izquierdo\/","url_meta":{"origin":89842,"position":1},"title":"DIGESETT e INTRANT realizan operativos de veh\u00edculos pesados por circular en carril izquierdo","author":"Nelson Feliz","date":"19 de abril de 2026","format":false,"excerpt":"Un total de 213 veh\u00edculos pesados fueron fiscalizados esta semana por incumplir dicha disposici\u00f3n La Direcci\u00f3n General de Seguridad de Tr\u00e1nsito y Transporte Terrestre (DIGESETT), en coordinaci\u00f3n con el Instituto Nacional de Tr\u00e1nsito y Transporte Terrestre (INTRANT), se mantiene realizando operativos de fiscalizaci\u00f3n dirigido a veh\u00edculos pesados y de carga\u2026","rel":"","context":"En \u00abNACIONALES\u00bb","block_context":{"text":"NACIONALES","link":"https:\/\/lasprimeras.com.do\/index.php\/category\/nacionales\/"},"img":{"alt_text":"","src":"https:\/\/i0.wp.com\/lasprimeras.com.do\/wp-content\/uploads\/2026\/04\/VPC2.jpg?resize=350%2C200&ssl=1","width":350,"height":200,"srcset":"https:\/\/i0.wp.com\/lasprimeras.com.do\/wp-content\/uploads\/2026\/04\/VPC2.jpg?resize=350%2C200&ssl=1 1x, https:\/\/i0.wp.com\/lasprimeras.com.do\/wp-content\/uploads\/2026\/04\/VPC2.jpg?resize=525%2C300&ssl=1 1.5x, https:\/\/i0.wp.com\/lasprimeras.com.do\/wp-content\/uploads\/2026\/04\/VPC2.jpg?resize=700%2C400&ssl=1 2x"},"classes":[]},{"id":101646,"url":"https:\/\/lasprimeras.com.do\/index.php\/2025\/06\/24\/digesett-e-intrant-inician-operativo-no-estacione-en-coordinacion-con-parqueate_rd-mopc-y-el-adn\/","url_meta":{"origin":89842,"position":2},"title":"DIGESETT e INTRANT inician operativo \u201cNo Estacione\u201d en coordinaci\u00f3n con Parqueate_RD, MOPC y el ADN","author":"Nelson Feliz","date":"24 de junio de 2025","format":false,"excerpt":"La Direcci\u00f3n General de Seguridad de Tr\u00e1nsito y Transporte Terrestre (DIGESETT), en coordinaci\u00f3n con el Instituto Nacional de Tr\u00e1nsito y Transporte Terrestre (INTRANT), el programa Parqueate_RD, el Ministerio de Obras P\u00fablicas y Comunicaciones (MOPC) y el Ayuntamiento del Distrito Nacional, dio inicio al operativo \u201cNo Estacione\u201d, como parte de las\u2026","rel":"","context":"En \u00abNACIONALES\u00bb","block_context":{"text":"NACIONALES","link":"https:\/\/lasprimeras.com.do\/index.php\/category\/nacionales\/"},"img":{"alt_text":"","src":"https:\/\/i0.wp.com\/lasprimeras.com.do\/wp-content\/uploads\/2025\/06\/op-1.jpg?resize=350%2C200&ssl=1","width":350,"height":200,"srcset":"https:\/\/i0.wp.com\/lasprimeras.com.do\/wp-content\/uploads\/2025\/06\/op-1.jpg?resize=350%2C200&ssl=1 1x, https:\/\/i0.wp.com\/lasprimeras.com.do\/wp-content\/uploads\/2025\/06\/op-1.jpg?resize=525%2C300&ssl=1 1.5x, https:\/\/i0.wp.com\/lasprimeras.com.do\/wp-content\/uploads\/2025\/06\/op-1.jpg?resize=700%2C400&ssl=1 2x"},"classes":[]},{"id":103111,"url":"https:\/\/lasprimeras.com.do\/index.php\/2025\/07\/11\/digesett-e-intrant-estrenan-carril-en-la-ortega-y-gasset-para-mejorar-la-movilidad\/","url_meta":{"origin":89842,"position":3},"title":"DIGESETT e INTRANT estrenan carril en la Ortega y Gasset para mejorar la movilidad","author":"Nelson Feliz","date":"11 de julio de 2025","format":false,"excerpt":"Tramo intervenido: Entre la avenida Gustavo Mej\u00eda Ricart y la calle Padre Fantino Falco. La Direcci\u00f3n General de Seguridad de Tr\u00e1nsito y Transporte Terrestre (DIGESETT), en coordinaci\u00f3n con el Instituto Nacional de Tr\u00e1nsito y Transporte Terrestre (INTRANT), estren\u00f3 un nuevo en el tramo comprendido entre la avenida Gustavo Mej\u00eda Ricart\u2026","rel":"","context":"En \u00abNACIONALES\u00bb","block_context":{"text":"NACIONALES","link":"https:\/\/lasprimeras.com.do\/index.php\/category\/nacionales\/"},"img":{"alt_text":"","src":"https:\/\/i0.wp.com\/lasprimeras.com.do\/wp-content\/uploads\/2025\/07\/carril.jpg?resize=350%2C200&ssl=1","width":350,"height":200,"srcset":"https:\/\/i0.wp.com\/lasprimeras.com.do\/wp-content\/uploads\/2025\/07\/carril.jpg?resize=350%2C200&ssl=1 1x, https:\/\/i0.wp.com\/lasprimeras.com.do\/wp-content\/uploads\/2025\/07\/carril.jpg?resize=525%2C300&ssl=1 1.5x, https:\/\/i0.wp.com\/lasprimeras.com.do\/wp-content\/uploads\/2025\/07\/carril.jpg?resize=700%2C400&ssl=1 2x"},"classes":[]},{"id":71534,"url":"https:\/\/lasprimeras.com.do\/index.php\/2023\/12\/20\/digesett-junto-intrant-fiscalizan-a-conductores-de-vehiculos-pesados-por-violacion-a-la-ley-63-17\/","url_meta":{"origin":89842,"position":4},"title":"DIGESETT junto INTRANT fiscalizan a conductores de veh\u00edculos pesados por violaci\u00f3n a la Ley 63-17","author":"Nelson Feliz","date":"20 de diciembre de 2023","format":false,"excerpt":"Por Mart\u00edn Restituyo La Direcci\u00f3n General de Seguridad de Tr\u00e1nsito y Transporte Terrestre (DIGESETT) junto al Instituto Nacional de Tr\u00e1nsito y Transporte Terrestre (INTRANT) toman acciones contundente contra conductores de veh\u00edculos pesados que transitan por lugares prohibidos y no tienen permiso de circulaci\u00f3n durante las festividades Navide\u00f1as. En estos operativos,\u2026","rel":"","context":"En \u00abNACIONALES\u00bb","block_context":{"text":"NACIONALES","link":"https:\/\/lasprimeras.com.do\/index.php\/category\/nacionales\/"},"img":{"alt_text":"Camiones","src":"https:\/\/i0.wp.com\/lasprimeras.com.do\/wp-content\/uploads\/2023\/12\/Camiones-1.jpg?resize=350%2C200&ssl=1","width":350,"height":200,"srcset":"https:\/\/i0.wp.com\/lasprimeras.com.do\/wp-content\/uploads\/2023\/12\/Camiones-1.jpg?resize=350%2C200&ssl=1 1x, https:\/\/i0.wp.com\/lasprimeras.com.do\/wp-content\/uploads\/2023\/12\/Camiones-1.jpg?resize=525%2C300&ssl=1 1.5x, https:\/\/i0.wp.com\/lasprimeras.com.do\/wp-content\/uploads\/2023\/12\/Camiones-1.jpg?resize=700%2C400&ssl=1 2x"},"classes":[]},{"id":79785,"url":"https:\/\/lasprimeras.com.do\/index.php\/2024\/03\/31\/digesett-retiene-cientos-de-vehiculos-por-infracciones-durante-operativos-de-semana-santa\/","url_meta":{"origin":89842,"position":5},"title":"Digesett retiene cientos de veh\u00edculos por infracciones durante operativos de Semana Santa","author":"Nelson Feliz","date":"31 de marzo de 2024","format":false,"excerpt":"Las autoridades de la Digesett llevaron a cabo un amplio operativo de fiscalizaci\u00f3n durante los d\u00edas jueves, y s\u00e1bado viernes santo, resultando con la retenci\u00f3n de miles de veh\u00edculos y la inspecci\u00f3n de conductores por diversas infracciones a la ley de tr\u00e1nsito, en especial a los motociclistas. Seg\u00fan detalla el\u2026","rel":"","context":"En \u00abNACIONALES\u00bb","block_context":{"text":"NACIONALES","link":"https:\/\/lasprimeras.com.do\/index.php\/category\/nacionales\/"},"img":{"alt_text":"Digesett","src":"https:\/\/i0.wp.com\/lasprimeras.com.do\/wp-content\/uploads\/2024\/03\/Digesett-1.jpg?resize=350%2C200&ssl=1","width":350,"height":200},"classes":[]}],"jetpack_sharing_enabled":true,"_links":{"self":[{"href":"https:\/\/lasprimeras.com.do\/index.php\/wp-json\/wp\/v2\/posts\/89842","targetHints":{"allow":["GET"]}}],"collection":[{"href":"https:\/\/lasprimeras.com.do\/index.php\/wp-json\/wp\/v2\/posts"}],"about":[{"href":"https:\/\/lasprimeras.com.do\/index.php\/wp-json\/wp\/v2\/types\/post"}],"author":[{"embeddable":true,"href":"https:\/\/lasprimeras.com.do\/index.php\/wp-json\/wp\/v2\/users\/2"}],"replies":[{"embeddable":true,"href":"https:\/\/lasprimeras.com.do\/index.php\/wp-json\/wp\/v2\/comments?post=89842"}],"version-history":[{"count":1,"href":"https:\/\/lasprimeras.com.do\/index.php\/wp-json\/wp\/v2\/posts\/89842\/revisions"}],"predecessor-version":[{"id":89844,"href":"https:\/\/lasprimeras.com.do\/index.php\/wp-json\/wp\/v2\/posts\/89842\/revisions\/89844"}],"wp:featuredmedia":[{"embeddable":true,"href":"https:\/\/lasprimeras.com.do\/index.php\/wp-json\/wp\/v2\/media\/89843"}],"wp:attachment":[{"href":"https:\/\/lasprimeras.com.do\/index.php\/wp-json\/wp\/v2\/media?parent=89842"}],"wp:term":[{"taxonomy":"category","embeddable":true,"href":"https:\/\/lasprimeras.com.do\/index.php\/wp-json\/wp\/v2\/categories?post=89842"},{"taxonomy":"post_tag","embeddable":true,"href":"https:\/\/lasprimeras.com.do\/index.php\/wp-json\/wp\/v2\/tags?post=89842"}],"curies":[{"name":"wp","href":"https:\/\/api.w.org\/{rel}","templated":true}]}}