{"id":89848,"date":"2024-10-06T12:35:06","date_gmt":"2024-10-06T16:35:06","guid":{"rendered":"https:\/\/lasprimeras.com.do\/?p=89848"},"modified":"2024-10-06T12:35:07","modified_gmt":"2024-10-06T16:35:07","slug":"caasd-conectara-al-sistema-de-agua-potable-a-mas-de-500-familias-del-cafe-de-herrera","status":"publish","type":"post","link":"https:\/\/lasprimeras.com.do\/index.php\/2024\/10\/06\/caasd-conectara-al-sistema-de-agua-potable-a-mas-de-500-familias-del-cafe-de-herrera\/","title":{"rendered":"CAASD conectar\u00e1 al sistema de agua potable a m\u00e1s de 500 familias del Caf\u00e9 de Herrera"},"content":{"rendered":"\n<p><strong>Los trabajos se har\u00e1n desde la intersecci\u00f3n prolongaci\u00f3n 27 de febrero e Isabel Aguiar<\/strong><\/p>\n\n\n\n<p>La Corporaci\u00f3n del Acueducto y Alcantarillado de Santo Domingo (CAASD) inform\u00f3 que abastecer\u00e1 de agua potable a unas 500 familias del Caf\u00e9 de Herrera, con la conexi\u00f3n de una tuber\u00eda de 8 pulgadas como parte de los trabajos de remoci\u00f3n de redes en la intersecci\u00f3n de las avenidas 27 de febrero e Isabel Aguiar que realiza en conjunto con el Ministerio de Obras P\u00fablicas.<\/p>\n\n\n\n<p>El Director de Operaciones de la CAASD, ingeniero Luis Salcedo, dijo que aprovechar\u00e1n la reubicaci\u00f3n de las dos tuber\u00edas de 60 y 48 pulgadas en la intercesi\u00f3n conocida como \u201cPintura\u201d, para empalmar las tuber\u00edas que llevara el preciado l\u00edquido hacia el Caf\u00e9 de Herrera perteneciente al municipio Santo Domingo Oeste.<\/p>\n\n\n\n<p>Detall\u00f3 que los trabajos conllevar\u00e1n la colocaci\u00f3n de 475 metros de tuber\u00edas de 8 pulgadas, empalmes en las calles Hortaliza, La Esperanza y la prolongaci\u00f3n 27 de febrero, frente a Colinas del Oeste y al supermercado Bravo beneficiando de manera directa a m\u00e1s de 500 familias.<\/p>\n\n\n\n<p>Estas acciones forman parte del plan de ampliaci\u00f3n y cambio de redes de agua potable para abastecer del preciado l\u00edquido a mayor cantidad de personas que ejecuta la instituci\u00f3n que dirige el ingeniero Felipe Suberv\u00ed, en las diferentes comarcas del Gran Santo Domingo.<\/p>\n\n\n\n<p>Desde el pasado mi\u00e9rcoles 3 de octubre el Ministerio de Obras P\u00fablicas y la CAASD trabajan ininterrumpidamente en la remoci\u00f3n y reubicaci\u00f3n de dos grandes tuber\u00edas que abastecen de agua potable a diferentes sectores que colidan entre las avenidas prolongaci\u00f3n 27 de febrero e Isabel Aguiar, donde se levanta un viaducto que mejorar\u00e1 la circulaci\u00f3n vehicular.<\/p>\n\n\n\n<p>Como parte de estas intervenciones el servicio de agua potable por las ca\u00f1er\u00edas fue suspendido temporalmente hasta que se concluya. En tanto, la CAASD dispuso la distribuci\u00f3n de agua a trav\u00e9s de 150 camiones cisterna a los sectores afectados.<\/p>\n\n\n\n<p>Se prev\u00e9 que en alrededor de 10 d\u00edas o menos, ambas entidades hayan concluido con la obra en ese tramo.<\/p>\n","protected":false},"excerpt":{"rendered":"<p>Los trabajos se har\u00e1n desde la intersecci\u00f3n prolongaci\u00f3n 27 de febrero e Isabel Aguiar La Corporaci\u00f3n del Acueducto y Alcantarillado de Santo Domingo (CAASD) inform\u00f3 que abastecer\u00e1 de agua potable&hellip;<\/p>\n","protected":false},"author":2,"featured_media":89849,"comment_status":"open","ping_status":"open","sticky":false,"template":"","format":"standard","meta":{"content-type":"","jetpack_post_was_ever_published":false,"_jetpack_newsletter_access":"","_jetpack_dont_email_post_to_subs":false,"_jetpack_newsletter_tier_id":0,"_jetpack_memberships_contains_paywalled_content":false,"_jetpack_memberships_contains_paid_content":false,"footnotes":""},"categories":[35,25],"tags":[15844,696,697,15845,15843,532],"class_list":["post-89848","post","type-post","status-publish","format-standard","has-post-thumbnail","hentry","category-nacionales","category-portada","tag-500-familias","tag-agua-potable","tag-caasd","tag-cafe-de-herrera","tag-conectara","tag-sistema"],"jetpack_featured_media_url":"https:\/\/lasprimeras.com.do\/wp-content\/uploads\/2024\/10\/caasd-1.jpg","jetpack-related-posts":[{"id":89657,"url":"https:\/\/lasprimeras.com.do\/index.php\/2024\/10\/01\/anuncian-remocion-y-reubicacion-tuberias-interseccion-27-de-febrero-con-isabel-aguiar-que-limitara-servicio-de-agua-potable\/","url_meta":{"origin":89848,"position":0},"title":"Anuncian remoci\u00f3n y reubicaci\u00f3n tuber\u00edas intersecci\u00f3n 27 de Febrero con Isabel Aguiar que limitar\u00e1 servicio de agua potable","author":"Paola Castillo","date":"1 de octubre de 2024","format":false,"excerpt":"Santo Domingo. \u2013 La Corporaci\u00f3n del Acueducto y Alcantarillado de Santo Domingo (CAASD) realizar\u00e1 trabajos t\u00e9cnicos en la intersecci\u00f3n de las avenidas 27 de febrero (prolongaci\u00f3n) e Isabel Aguiar, municipio Santo Domingo Oeste que limitar\u00e1 el servicio de agua potable en algunos sectores de la referida demarcaci\u00f3n. Estas ejecutorias forman\u2026","rel":"","context":"En \u00abPORTADA\u00bb","block_context":{"text":"PORTADA","link":"https:\/\/lasprimeras.com.do\/index.php\/category\/portada\/"},"img":{"alt_text":"","src":"https:\/\/i0.wp.com\/lasprimeras.com.do\/wp-content\/uploads\/2024\/10\/Caasd1.jpeg?resize=350%2C200&ssl=1","width":350,"height":200,"srcset":"https:\/\/i0.wp.com\/lasprimeras.com.do\/wp-content\/uploads\/2024\/10\/Caasd1.jpeg?resize=350%2C200&ssl=1 1x, https:\/\/i0.wp.com\/lasprimeras.com.do\/wp-content\/uploads\/2024\/10\/Caasd1.jpeg?resize=525%2C300&ssl=1 1.5x, https:\/\/i0.wp.com\/lasprimeras.com.do\/wp-content\/uploads\/2024\/10\/Caasd1.jpeg?resize=700%2C400&ssl=1 2x, https:\/\/i0.wp.com\/lasprimeras.com.do\/wp-content\/uploads\/2024\/10\/Caasd1.jpeg?resize=1050%2C600&ssl=1 3x"},"classes":[]},{"id":89981,"url":"https:\/\/lasprimeras.com.do\/index.php\/2024\/10\/10\/caasd-optimiza-suministro-de-agua-en-sectores-de-sdo-luego-de-trabajos-en-pintura\/","url_meta":{"origin":89848,"position":1},"title":"CAASD optimiza suministro de agua en sectores de SDO luego de trabajos en \u201cPintura\u201d","author":"Nelson Feliz","date":"10 de octubre de 2024","format":false,"excerpt":"La entidad concluy\u00f3 los trabajos de recolocaci\u00f3n de dos tuber\u00edas intervenidas por el paso a desnivel que construye el ministerio de Obras P\u00fablicas en esa zona. La Corporaci\u00f3n del Acueducto y Alcantarillado de Santo Domingo (CAASD) inform\u00f3 que concluy\u00f3 los trabajos de interconexi\u00f3n de dos tuber\u00edas de agua potable de\u2026","rel":"","context":"En \u00abNACIONALES\u00bb","block_context":{"text":"NACIONALES","link":"https:\/\/lasprimeras.com.do\/index.php\/category\/nacionales\/"},"img":{"alt_text":"caasd","src":"https:\/\/i0.wp.com\/lasprimeras.com.do\/wp-content\/uploads\/2024\/10\/caasd-1.jpg?resize=350%2C200&ssl=1","width":350,"height":200,"srcset":"https:\/\/i0.wp.com\/lasprimeras.com.do\/wp-content\/uploads\/2024\/10\/caasd-1.jpg?resize=350%2C200&ssl=1 1x, https:\/\/i0.wp.com\/lasprimeras.com.do\/wp-content\/uploads\/2024\/10\/caasd-1.jpg?resize=525%2C300&ssl=1 1.5x, https:\/\/i0.wp.com\/lasprimeras.com.do\/wp-content\/uploads\/2024\/10\/caasd-1.jpg?resize=700%2C400&ssl=1 2x"},"classes":[]},{"id":119318,"url":"https:\/\/lasprimeras.com.do\/index.php\/2026\/01\/10\/caasd-realizara-este-sabado-trabajos-de-mantenimiento-en-el-acueducto-la-isabela\/","url_meta":{"origin":89848,"position":2},"title":"CAASD realizar\u00e1 este s\u00e1bado trabajos de mantenimiento en el acueducto La Isabela","author":"Nelson Feliz","date":"10 de enero de 2026","format":false,"excerpt":"El servicio de agua potable se ver\u00e1 limitado de manera temporal en algunos sectores durante la ejecuci\u00f3n de los trabajos La Corporaci\u00f3n del Acueducto y Alcantarillado de Santo Domingo (CAASD) inform\u00f3 que a partir de ma\u00f1ana s\u00e1bado 10 de enero de 2026 el acueducto Isabela estar\u00e1 fuera de servicio debido\u2026","rel":"","context":"En \u00abNACIONALES\u00bb","block_context":{"text":"NACIONALES","link":"https:\/\/lasprimeras.com.do\/index.php\/category\/nacionales\/"},"img":{"alt_text":"","src":"https:\/\/i0.wp.com\/lasprimeras.com.do\/wp-content\/uploads\/2025\/04\/CAASD-2.jpg?resize=350%2C200&ssl=1","width":350,"height":200,"srcset":"https:\/\/i0.wp.com\/lasprimeras.com.do\/wp-content\/uploads\/2025\/04\/CAASD-2.jpg?resize=350%2C200&ssl=1 1x, https:\/\/i0.wp.com\/lasprimeras.com.do\/wp-content\/uploads\/2025\/04\/CAASD-2.jpg?resize=525%2C300&ssl=1 1.5x, https:\/\/i0.wp.com\/lasprimeras.com.do\/wp-content\/uploads\/2025\/04\/CAASD-2.jpg?resize=700%2C400&ssl=1 2x"},"classes":[]},{"id":123398,"url":"https:\/\/lasprimeras.com.do\/index.php\/2026\/02\/28\/caasd-trabaja-en-solucion-de-tres-importantes-averias-en-el-gsd\/","url_meta":{"origin":89848,"position":3},"title":"CAASD trabaja en soluci\u00f3n de tres importantes aver\u00edas en el GSD","author":"Nelson Feliz","date":"28 de febrero de 2026","format":false,"excerpt":"El director general de la Corporaci\u00f3n del Acueducto y Alcantarillado de Santo Domingo (CAASD), ingeniero Felipe -Fellito- Suberv\u00ed, design\u00f3 un equipo de t\u00e9cnicos para que le den acompa\u00f1amiento a la empresa que solucionar\u00e1 una aver\u00eda en la Prolongaci\u00f3n de la Avenida 27 de Febrero en Santo Domingo Oeste, mientras otro\u2026","rel":"","context":"En \u00abNACIONALES\u00bb","block_context":{"text":"NACIONALES","link":"https:\/\/lasprimeras.com.do\/index.php\/category\/nacionales\/"},"img":{"alt_text":"","src":"https:\/\/i0.wp.com\/lasprimeras.com.do\/wp-content\/uploads\/2026\/02\/caasd-1.jpg?resize=350%2C200&ssl=1","width":350,"height":200,"srcset":"https:\/\/i0.wp.com\/lasprimeras.com.do\/wp-content\/uploads\/2026\/02\/caasd-1.jpg?resize=350%2C200&ssl=1 1x, https:\/\/i0.wp.com\/lasprimeras.com.do\/wp-content\/uploads\/2026\/02\/caasd-1.jpg?resize=525%2C300&ssl=1 1.5x, https:\/\/i0.wp.com\/lasprimeras.com.do\/wp-content\/uploads\/2026\/02\/caasd-1.jpg?resize=700%2C400&ssl=1 2x"},"classes":[]},{"id":108426,"url":"https:\/\/lasprimeras.com.do\/index.php\/2025\/09\/07\/caasd-repara-averia-en-tuberia-de-agua-potable-en-avenida-maximo-gomez-con-nicolas-de-ovando\/","url_meta":{"origin":89848,"position":4},"title":"CAASD repara aver\u00eda en tuber\u00eda de agua potable en avenida M\u00e1ximo G\u00f3mez con Nicol\u00e1s de Ovando","author":"Nelson Feliz","date":"7 de septiembre de 2025","format":false,"excerpt":"La Corporaci\u00f3n del Acueducto y Alcantarillado de Santo Domingo (CAASD) inform\u00f3 que fue solucionada una aver\u00eda en una tuber\u00eda de 16 pulgadas de la red de agua potable, ubicada en la intersecci\u00f3n de las avenidas M\u00e1ximo G\u00f3mez y Nicol\u00e1s de Ovando, en el Distrito Nacional. En un comunicado, la entidad\u2026","rel":"","context":"En \u00abNACIONALES\u00bb","block_context":{"text":"NACIONALES","link":"https:\/\/lasprimeras.com.do\/index.php\/category\/nacionales\/"},"img":{"alt_text":"","src":"https:\/\/i0.wp.com\/lasprimeras.com.do\/wp-content\/uploads\/2025\/09\/CAASD-1-1.jpg?resize=350%2C200&ssl=1","width":350,"height":200,"srcset":"https:\/\/i0.wp.com\/lasprimeras.com.do\/wp-content\/uploads\/2025\/09\/CAASD-1-1.jpg?resize=350%2C200&ssl=1 1x, https:\/\/i0.wp.com\/lasprimeras.com.do\/wp-content\/uploads\/2025\/09\/CAASD-1-1.jpg?resize=525%2C300&ssl=1 1.5x, https:\/\/i0.wp.com\/lasprimeras.com.do\/wp-content\/uploads\/2025\/09\/CAASD-1-1.jpg?resize=700%2C400&ssl=1 2x"},"classes":[]},{"id":120489,"url":"https:\/\/lasprimeras.com.do\/index.php\/2026\/01\/24\/caasd-anuncia-trabajos-de-empalme-de-tuberias-y-drenado-de-linea-en-la-avenida-gregorio-luperon\/","url_meta":{"origin":89848,"position":5},"title":"CAASD anuncia trabajos de empalme de tuber\u00edas y drenado de l\u00ednea en la avenida Gregorio Luper\u00f3n","author":"Nelson Feliz","date":"24 de enero de 2026","format":false,"excerpt":"Sectores afectados recibir\u00e1n asistencia continua a trav\u00e9s de flotilla de 40 camiones cisternas La Corporaci\u00f3n del Acueducto y Alcantarillado de Santo Domingo (CAASD), inform\u00f3 que durante este fin de semana se ejecutar\u00e1n trabajos de interconexi\u00f3n de tuber\u00edas de 16 y 36 pulgadas, las cuales fueron previamente reubicadas por interferir con\u2026","rel":"","context":"En \u00abNACIONALES\u00bb","block_context":{"text":"NACIONALES","link":"https:\/\/lasprimeras.com.do\/index.php\/category\/nacionales\/"},"img":{"alt_text":"","src":"https:\/\/i0.wp.com\/lasprimeras.com.do\/wp-content\/uploads\/2025\/10\/El-director-de-la-CAASD.jpg?resize=350%2C200&ssl=1","width":350,"height":200,"srcset":"https:\/\/i0.wp.com\/lasprimeras.com.do\/wp-content\/uploads\/2025\/10\/El-director-de-la-CAASD.jpg?resize=350%2C200&ssl=1 1x, https:\/\/i0.wp.com\/lasprimeras.com.do\/wp-content\/uploads\/2025\/10\/El-director-de-la-CAASD.jpg?resize=525%2C300&ssl=1 1.5x, https:\/\/i0.wp.com\/lasprimeras.com.do\/wp-content\/uploads\/2025\/10\/El-director-de-la-CAASD.jpg?resize=700%2C400&ssl=1 2x"},"classes":[]}],"jetpack_sharing_enabled":true,"_links":{"self":[{"href":"https:\/\/lasprimeras.com.do\/index.php\/wp-json\/wp\/v2\/posts\/89848","targetHints":{"allow":["GET"]}}],"collection":[{"href":"https:\/\/lasprimeras.com.do\/index.php\/wp-json\/wp\/v2\/posts"}],"about":[{"href":"https:\/\/lasprimeras.com.do\/index.php\/wp-json\/wp\/v2\/types\/post"}],"author":[{"embeddable":true,"href":"https:\/\/lasprimeras.com.do\/index.php\/wp-json\/wp\/v2\/users\/2"}],"replies":[{"embeddable":true,"href":"https:\/\/lasprimeras.com.do\/index.php\/wp-json\/wp\/v2\/comments?post=89848"}],"version-history":[{"count":1,"href":"https:\/\/lasprimeras.com.do\/index.php\/wp-json\/wp\/v2\/posts\/89848\/revisions"}],"predecessor-version":[{"id":89850,"href":"https:\/\/lasprimeras.com.do\/index.php\/wp-json\/wp\/v2\/posts\/89848\/revisions\/89850"}],"wp:featuredmedia":[{"embeddable":true,"href":"https:\/\/lasprimeras.com.do\/index.php\/wp-json\/wp\/v2\/media\/89849"}],"wp:attachment":[{"href":"https:\/\/lasprimeras.com.do\/index.php\/wp-json\/wp\/v2\/media?parent=89848"}],"wp:term":[{"taxonomy":"category","embeddable":true,"href":"https:\/\/lasprimeras.com.do\/index.php\/wp-json\/wp\/v2\/categories?post=89848"},{"taxonomy":"post_tag","embeddable":true,"href":"https:\/\/lasprimeras.com.do\/index.php\/wp-json\/wp\/v2\/tags?post=89848"}],"curies":[{"name":"wp","href":"https:\/\/api.w.org\/{rel}","templated":true}]}}