{"id":89851,"date":"2024-10-06T13:09:56","date_gmt":"2024-10-06T17:09:56","guid":{"rendered":"https:\/\/lasprimeras.com.do\/?p=89851"},"modified":"2024-10-06T13:09:58","modified_gmt":"2024-10-06T17:09:58","slug":"ana-mercy-otanez-hay-gente-que-opina-desde-sus-propias-limitaciones","status":"publish","type":"post","link":"https:\/\/lasprimeras.com.do\/index.php\/2024\/10\/06\/ana-mercy-otanez-hay-gente-que-opina-desde-sus-propias-limitaciones\/","title":{"rendered":"Ana Mercy Ot\u00e1\u00f1ez:\u201d hay gente que opina desde sus propias limitaciones\u201d"},"content":{"rendered":"\n<p>La periodista Ana Mercy Ot\u00e1\u00f1ez, advirti\u00f3 que los ciudadanos opinan sobre temas virales tomando en cuenta que la poblaci\u00f3n tiene la oportunidad de hacer periodismo a trav\u00e9s de las redes sociales.<\/p>\n\n\n\n<p>\u201cY si t\u00fa hablas desde tu propia limitaci\u00f3n del alma, lo que yo est\u00e9 hablando mal de otra persona, est\u00e1 diciendo lo que yo llevo dentro, no lo que esa persona est\u00e1 viendo en la situaci\u00f3n que le pasa a otro\u201d, explic\u00f3.<\/p>\n\n\n\n<p>A Ot\u00e1\u00f1ez le preocupa que lo viral, lo morboso, llega m\u00e1s que una noticia positiva de un logro, \u201cy aun as\u00ed hay quienes obtienen un logro y llegan personas que lo que quieren es denigrar o enfocarse en lo malo y no en el aporte que est\u00e1 haciendo a la sociedad\u201d.<\/p>\n\n\n\n<p>La periodista se\u00f1al\u00f3 que todo l\u00edder de opini\u00f3n, debe emitir su pensamiento desde el respeto, la objetividad, la veracidad de los hechos, la consulta de fuentes y partiendo de una informaci\u00f3n confiable.<\/p>\n\n\n\n<p>\u201cCuando las personas opinan de esas situaciones, opinan desde la profundidad de su alma, y lo que dicen habla m\u00e1s de ellos, que de la situaci\u00f3n que se est\u00e1 presentando\u201d, dijo Ana Mercy Ot\u00e1\u00f1ez.<\/p>\n\n\n\n<p>Calific\u00f3 las opiniones de situaciones virales como desahogos, pues quienes las emiten, lo hacen una manera denigrante, fea, con palabras horribles, y muchas veces a nombre de empresas.<\/p>\n","protected":false},"excerpt":{"rendered":"<p>La periodista Ana Mercy Ot\u00e1\u00f1ez, advirti\u00f3 que los ciudadanos opinan sobre temas virales tomando en cuenta que la poblaci\u00f3n tiene la oportunidad de hacer periodismo a trav\u00e9s de las redes&hellip;<\/p>\n","protected":false},"author":2,"featured_media":89852,"comment_status":"open","ping_status":"open","sticky":false,"template":"","format":"standard","meta":{"content-type":"","jetpack_post_was_ever_published":false,"_jetpack_newsletter_access":"","_jetpack_dont_email_post_to_subs":false,"_jetpack_newsletter_tier_id":0,"_jetpack_memberships_contains_paywalled_content":false,"_jetpack_memberships_contains_paid_content":false,"footnotes":""},"categories":[35],"tags":[15848,4321,15847,15846,1934],"class_list":["post-89851","post","type-post","status-publish","format-standard","has-post-thumbnail","hentry","category-nacionales","tag-ana-mercy-otanez","tag-limitaciones","tag-opina","tag-propias","tag-redes-sociales"],"jetpack_featured_media_url":"https:\/\/lasprimeras.com.do\/wp-content\/uploads\/2024\/10\/Ana-Mercy-Otanez.jpg","jetpack-related-posts":[{"id":62488,"url":"https:\/\/lasprimeras.com.do\/index.php\/2023\/10\/05\/caesco-destaca-impacto-del-periodismo-economico-y-la-economia-solidaria\/","url_meta":{"origin":89851,"position":0},"title":"CAESCO destaca impacto del periodismo econ\u00f3mico y la econom\u00eda solidaria","author":"Nelson Feliz","date":"5 de octubre de 2023","format":false,"excerpt":"El Centro de An\u00e1lisis y Estudio de la Comunicaci\u00f3n en Rep\u00fablica Dominicana (CAESCO), reuni\u00f3 a destacados expertos en el campo del periodismo econ\u00f3mico y la econom\u00eda para analizar su importancia, su influencia en el desarrollo socioecon\u00f3mico, as\u00ed como el rol que juegan los medios en la divulgaci\u00f3n. Miguel Ot\u00e1\u00f1ez, presidente\u2026","rel":"","context":"En \u00abECONOM\u00cdA\u00bb","block_context":{"text":"ECONOM\u00cdA","link":"https:\/\/lasprimeras.com.do\/index.php\/category\/economia\/"},"img":{"alt_text":"CAESCO","src":"https:\/\/i0.wp.com\/lasprimeras.com.do\/wp-content\/uploads\/2023\/10\/Escenario-CAESCO.jpg?resize=350%2C200&ssl=1","width":350,"height":200,"srcset":"https:\/\/i0.wp.com\/lasprimeras.com.do\/wp-content\/uploads\/2023\/10\/Escenario-CAESCO.jpg?resize=350%2C200&ssl=1 1x, https:\/\/i0.wp.com\/lasprimeras.com.do\/wp-content\/uploads\/2023\/10\/Escenario-CAESCO.jpg?resize=525%2C300&ssl=1 1.5x, https:\/\/i0.wp.com\/lasprimeras.com.do\/wp-content\/uploads\/2023\/10\/Escenario-CAESCO.jpg?resize=700%2C400&ssl=1 2x"},"classes":[]},{"id":124442,"url":"https:\/\/lasprimeras.com.do\/index.php\/2026\/03\/12\/fp-hogares-dominicanos-pasan-en-promedio-192-dias-al-ano-sin-agua-potable\/","url_meta":{"origin":89851,"position":1},"title":"FP: Hogares dominicanos pasan en promedio 192 d\u00edas al a\u00f1o sin agua potable","author":"Nelson Feliz","date":"12 de marzo de 2026","format":false,"excerpt":"_Secretar\u00eda de Agua Potable y Saneamiento denuncia crisis estructural del servicio y cuestiona discurso oficial presentado por el Gobierno._ El titular de la Secretar\u00eda de Agua Potable y Saneamiento del partido Fuerza del Pueblo (FP), Hamlet Ot\u00e1\u00f1ez, afirm\u00f3 que en la Rep\u00fablica Dominicana millones de familias viven una grave crisis\u2026","rel":"","context":"En \u00abPOLITICA\u00bb","block_context":{"text":"POLITICA","link":"https:\/\/lasprimeras.com.do\/index.php\/category\/politica\/"},"img":{"alt_text":"","src":"https:\/\/i0.wp.com\/lasprimeras.com.do\/wp-content\/uploads\/2026\/03\/IMG-20260312-WA0425.jpg?resize=350%2C200&ssl=1","width":350,"height":200,"srcset":"https:\/\/i0.wp.com\/lasprimeras.com.do\/wp-content\/uploads\/2026\/03\/IMG-20260312-WA0425.jpg?resize=350%2C200&ssl=1 1x, https:\/\/i0.wp.com\/lasprimeras.com.do\/wp-content\/uploads\/2026\/03\/IMG-20260312-WA0425.jpg?resize=525%2C300&ssl=1 1.5x, https:\/\/i0.wp.com\/lasprimeras.com.do\/wp-content\/uploads\/2026\/03\/IMG-20260312-WA0425.jpg?resize=700%2C400&ssl=1 2x, https:\/\/i0.wp.com\/lasprimeras.com.do\/wp-content\/uploads\/2026\/03\/IMG-20260312-WA0425.jpg?resize=1050%2C600&ssl=1 3x"},"classes":[]},{"id":53472,"url":"https:\/\/lasprimeras.com.do\/index.php\/2023\/06\/26\/diputada-dulce-rojas-asegura-la-reeleccion-de-abinader-esta-en-picada\/","url_meta":{"origin":89851,"position":2},"title":"Diputada Dulce Rojas asegura la reelecci\u00f3n de Abinader est\u00e1 en picada","author":"Nelson Feliz","date":"26 de junio de 2023","format":false,"excerpt":"La diputada Dulce Rojas asegur\u00f3 que la Fuerza del Pueblo ganar\u00e1 las pr\u00f3ximas elecciones presidenciales, congresuales y municipales, eso se evidencia en las calles, supermercados, plazas, salones y barrios; mientras el presidente Luis Abinader baja en las encuestas, el ex presidente Leonel Fern\u00e1ndez sube. Explic\u00f3 que, la propia encuesta Gallup\u2026","rel":"","context":"En \u00abPORTADA\u00bb","block_context":{"text":"PORTADA","link":"https:\/\/lasprimeras.com.do\/index.php\/category\/portada\/"},"img":{"alt_text":"Dulce Rojas","src":"https:\/\/i0.wp.com\/lasprimeras.com.do\/wp-content\/uploads\/2023\/06\/Dulce-Rojas.jpg?resize=350%2C200&ssl=1","width":350,"height":200,"srcset":"https:\/\/i0.wp.com\/lasprimeras.com.do\/wp-content\/uploads\/2023\/06\/Dulce-Rojas.jpg?resize=350%2C200&ssl=1 1x, https:\/\/i0.wp.com\/lasprimeras.com.do\/wp-content\/uploads\/2023\/06\/Dulce-Rojas.jpg?resize=525%2C300&ssl=1 1.5x, https:\/\/i0.wp.com\/lasprimeras.com.do\/wp-content\/uploads\/2023\/06\/Dulce-Rojas.jpg?resize=700%2C400&ssl=1 2x"},"classes":[]},{"id":68754,"url":"https:\/\/lasprimeras.com.do\/index.php\/2023\/11\/27\/caesco-capacitara-a-periodistas-y-comunicadores-en-economia-y-microfinanzas\/","url_meta":{"origin":89851,"position":3},"title":"CAESCO capacitar\u00e1 a periodistas y comunicadores en econom\u00eda y microfinanzas","author":"Nelson Feliz","date":"27 de noviembre de 2023","format":false,"excerpt":"El Centro de An\u00e1lisis y Estudio de la Comunicaci\u00f3n en Rep\u00fablica Dominicana (CAESCO) anunci\u00f3 que impartir\u00e1 una Masterclass de econom\u00eda y microfinanzas para periodistas y comunicadores el pr\u00f3ximo s\u00e1bado 09 de diciembre del 2023.\u00a0 La informaci\u00f3n la dio a conocer el presidente de CAESCO, Miguel Ot\u00e1\u00f1ez, quien explic\u00f3 que el\u2026","rel":"","context":"En \u00abECONOM\u00cdA\u00bb","block_context":{"text":"ECONOM\u00cdA","link":"https:\/\/lasprimeras.com.do\/index.php\/category\/economia\/"},"img":{"alt_text":"Miguel Ota\u00f1ez","src":"https:\/\/i0.wp.com\/lasprimeras.com.do\/wp-content\/uploads\/2023\/11\/Miguel-Otanez.jpg?resize=350%2C200&ssl=1","width":350,"height":200,"srcset":"https:\/\/i0.wp.com\/lasprimeras.com.do\/wp-content\/uploads\/2023\/11\/Miguel-Otanez.jpg?resize=350%2C200&ssl=1 1x, https:\/\/i0.wp.com\/lasprimeras.com.do\/wp-content\/uploads\/2023\/11\/Miguel-Otanez.jpg?resize=525%2C300&ssl=1 1.5x, https:\/\/i0.wp.com\/lasprimeras.com.do\/wp-content\/uploads\/2023\/11\/Miguel-Otanez.jpg?resize=700%2C400&ssl=1 2x"},"classes":[]},{"id":55701,"url":"https:\/\/lasprimeras.com.do\/index.php\/2023\/07\/24\/mirna-pimentel-es-reelecta-presidenta-de-la-adcs-para-el-periodo-2023-2025\/","url_meta":{"origin":89851,"position":4},"title":"Mirna Pimentel es reelecta presidenta de la ADCS para el per\u00edodo 2023-2025","author":"Nelson Feliz","date":"24 de julio de 2023","format":false,"excerpt":"La Comisi\u00f3n Electoral saluda la muestra de civismo de sus miembros durante el proceso electoral contribuyendo de esta manera al fortalecimiento institucional. La Comisi\u00f3n Electoral de la Asociaci\u00f3n Dominicana de Cronistas Sociales \u2013 ADCS - conjuntamente con el abogado notario p\u00fablico, doctor Neftal\u00ed Hern\u00e1ndez proclam\u00f3 a la plancha No. 1,\u2026","rel":"","context":"En \u00abENTRETENIMIENTO\u00bb","block_context":{"text":"ENTRETENIMIENTO","link":"https:\/\/lasprimeras.com.do\/index.php\/category\/entretenimiento\/"},"img":{"alt_text":"Mirna Pimentel","src":"https:\/\/i0.wp.com\/lasprimeras.com.do\/wp-content\/uploads\/2023\/07\/Mirna-Pimentel.jpg?resize=350%2C200&ssl=1","width":350,"height":200,"srcset":"https:\/\/i0.wp.com\/lasprimeras.com.do\/wp-content\/uploads\/2023\/07\/Mirna-Pimentel.jpg?resize=350%2C200&ssl=1 1x, https:\/\/i0.wp.com\/lasprimeras.com.do\/wp-content\/uploads\/2023\/07\/Mirna-Pimentel.jpg?resize=525%2C300&ssl=1 1.5x, https:\/\/i0.wp.com\/lasprimeras.com.do\/wp-content\/uploads\/2023\/07\/Mirna-Pimentel.jpg?resize=700%2C400&ssl=1 2x"},"classes":[]},{"id":123425,"url":"https:\/\/lasprimeras.com.do\/index.php\/2026\/03\/01\/en-su-primera-graduacion-idcca-inviste-12-nuevos-periodistas\/","url_meta":{"origin":89851,"position":5},"title":"En su primera graduaci\u00f3n IDCCA inviste 12 nuevos periodistas","author":"Nelson Feliz","date":"1 de marzo de 2026","format":false,"excerpt":"El Instituto Dominicano de Ciencias de la Comunicaci\u00f3n Adrianista (IDCCA), gradu\u00f3 este s\u00e1bado 28 de febrero, 12 nuevos t\u00e9cnicos profesionales de la comunicaci\u00f3n, que servir\u00e1n con valores y objetividad informativa al pleno de la sociedad dominicana. Esta es la primera graduaci\u00f3n se realiza el IDCCA, siempre cumpliendo con el legado\u2026","rel":"","context":"En \u00abNACIONALES\u00bb","block_context":{"text":"NACIONALES","link":"https:\/\/lasprimeras.com.do\/index.php\/category\/nacionales\/"},"img":{"alt_text":"","src":"https:\/\/i0.wp.com\/lasprimeras.com.do\/wp-content\/uploads\/2026\/03\/Portada.jpg?resize=350%2C200&ssl=1","width":350,"height":200,"srcset":"https:\/\/i0.wp.com\/lasprimeras.com.do\/wp-content\/uploads\/2026\/03\/Portada.jpg?resize=350%2C200&ssl=1 1x, https:\/\/i0.wp.com\/lasprimeras.com.do\/wp-content\/uploads\/2026\/03\/Portada.jpg?resize=525%2C300&ssl=1 1.5x, https:\/\/i0.wp.com\/lasprimeras.com.do\/wp-content\/uploads\/2026\/03\/Portada.jpg?resize=700%2C400&ssl=1 2x"},"classes":[]}],"jetpack_sharing_enabled":true,"_links":{"self":[{"href":"https:\/\/lasprimeras.com.do\/index.php\/wp-json\/wp\/v2\/posts\/89851","targetHints":{"allow":["GET"]}}],"collection":[{"href":"https:\/\/lasprimeras.com.do\/index.php\/wp-json\/wp\/v2\/posts"}],"about":[{"href":"https:\/\/lasprimeras.com.do\/index.php\/wp-json\/wp\/v2\/types\/post"}],"author":[{"embeddable":true,"href":"https:\/\/lasprimeras.com.do\/index.php\/wp-json\/wp\/v2\/users\/2"}],"replies":[{"embeddable":true,"href":"https:\/\/lasprimeras.com.do\/index.php\/wp-json\/wp\/v2\/comments?post=89851"}],"version-history":[{"count":1,"href":"https:\/\/lasprimeras.com.do\/index.php\/wp-json\/wp\/v2\/posts\/89851\/revisions"}],"predecessor-version":[{"id":89853,"href":"https:\/\/lasprimeras.com.do\/index.php\/wp-json\/wp\/v2\/posts\/89851\/revisions\/89853"}],"wp:featuredmedia":[{"embeddable":true,"href":"https:\/\/lasprimeras.com.do\/index.php\/wp-json\/wp\/v2\/media\/89852"}],"wp:attachment":[{"href":"https:\/\/lasprimeras.com.do\/index.php\/wp-json\/wp\/v2\/media?parent=89851"}],"wp:term":[{"taxonomy":"category","embeddable":true,"href":"https:\/\/lasprimeras.com.do\/index.php\/wp-json\/wp\/v2\/categories?post=89851"},{"taxonomy":"post_tag","embeddable":true,"href":"https:\/\/lasprimeras.com.do\/index.php\/wp-json\/wp\/v2\/tags?post=89851"}],"curies":[{"name":"wp","href":"https:\/\/api.w.org\/{rel}","templated":true}]}}